{"id":13052,"date":"2016-03-01T14:27:08","date_gmt":"2016-03-01T14:27:08","guid":{"rendered":"https:\/\/educacao.niteroi.rj.gov.br\/?p=13052"},"modified":"2021-05-18T16:20:21","modified_gmt":"2021-05-18T19:20:21","slug":"prestacoes-de-conta-creches-comunitarias-a-seplag","status":"publish","type":"post","link":"https:\/\/www.educacao.niteroi.rj.gov.br\/?p=13052","title":{"rendered":"Presta\u00e7\u00f5es de Conta &#8211; Creches Comunit\u00e1rias \u00e0 Seplag"},"content":{"rendered":"<p><a href=\"https:\/\/educacao.niteroi.rj.gov.br\/wp-content\/uploads\/2016\/03\/Gabarito-Presta\u00e7\u00e3o-de-Contas-Creches-Comunit\u00e1rias-a-Seplag-C.C.-Nossa-Senhora-Aparecida-2015.doc\">Gabarito Presta&ccedil;&atilde;o de Contas Creches Comunit&aacute;rias a Seplag-C.C. Nossa Senhora Aparecida-2015<\/a><\/p>\n","protected":false},"excerpt":{"rendered":"<p>Gabarito Presta&ccedil;&atilde;o de Contas Creches Comunit&aacute;rias a Seplag-C.C. Nossa Senhora Aparecida-2015<\/p>\n","protected":false},"author":7,"featured_media":0,"comment_status":"open","ping_status":"open","sticky":false,"template":"","format":"standard","meta":{"_et_pb_use_builder":"","_et_pb_old_content":"","_et_gb_content_width":"","footnotes":""},"categories":[15,34],"tags":[],"class_list":["post-13052","post","type-post","status-publish","format-standard","hentry","category-15","category-folhas-de-pagamento-e-termos"],"_links":{"self":[{"href":"https:\/\/www.educacao.niteroi.rj.gov.br\/index.php?rest_route=\/wp\/v2\/posts\/13052","targetHints":{"allow":["GET"]}}],"collection":[{"href":"https:\/\/www.educacao.niteroi.rj.gov.br\/index.php?rest_route=\/wp\/v2\/posts"}],"about":[{"href":"https:\/\/www.educacao.niteroi.rj.gov.br\/index.php?rest_route=\/wp\/v2\/types\/post"}],"author":[{"embeddable":true,"href":"https:\/\/www.educacao.niteroi.rj.gov.br\/index.php?rest_route=\/wp\/v2\/users\/7"}],"replies":[{"embeddable":true,"href":"https:\/\/www.educacao.niteroi.rj.gov.br\/index.php?rest_route=%2Fwp%2Fv2%2Fcomments&post=13052"}],"version-history":[{"count":1,"href":"https:\/\/www.educacao.niteroi.rj.gov.br\/index.php?rest_route=\/wp\/v2\/posts\/13052\/revisions"}],"predecessor-version":[{"id":32947,"href":"https:\/\/www.educacao.niteroi.rj.gov.br\/index.php?rest_route=\/wp\/v2\/posts\/13052\/revisions\/32947"}],"wp:attachment":[{"href":"https:\/\/www.educacao.niteroi.rj.gov.br\/index.php?rest_route=%2Fwp%2Fv2%2Fmedia&parent=13052"}],"wp:term":[{"taxonomy":"category","embeddable":true,"href":"https:\/\/www.educacao.niteroi.rj.gov.br\/index.php?rest_route=%2Fwp%2Fv2%2Fcategories&post=13052"},{"taxonomy":"post_tag","embeddable":true,"href":"https:\/\/www.educacao.niteroi.rj.gov.br\/index.php?rest_route=%2Fwp%2Fv2%2Ftags&post=13052"}],"curies":[{"name":"wp","href":"https:\/\/api.w.org\/{rel}","templated":true}]}}