{"id":17307,"date":"2017-03-09T17:04:22","date_gmt":"2017-03-09T17:04:22","guid":{"rendered":"https:\/\/educacao.niteroi.rj.gov.br\/?p=17307"},"modified":"2017-03-09T17:04:22","modified_gmt":"2017-03-09T17:04:22","slug":"comemoracao-ao-dia-do-poeta-em-niteroi-ja-tem-programacao-confirmada","status":"publish","type":"post","link":"https:\/\/www.educacao.niteroi.rj.gov.br\/?p=17307","title":{"rendered":"Comemora\u00e7\u00e3o ao Dia do Poeta em Niter\u00f3i j\u00e1 tem programa\u00e7\u00e3o confirmada"},"content":{"rendered":"<p>No pr&oacute;ximo dia 29, ser&aacute; comemorado no munic&iacute;pio de Niter&oacute;i o Dia do Poeta. A Secretaria Municipal de Educa&ccedil;&atilde;o e a Funda&ccedil;&atilde;o Municipal de Educa&ccedil;&atilde;o, em parceria com a Secretaria Municipal de Cultura e a Funda&ccedil;&atilde;o de Arte de Niter&oacute;i estar&atilde;o realizando a campanha &quot;Poesia em toda parte&quot;, elaborada pela Coordena&ccedil;&atilde;o de Promo&ccedil;&atilde;o da Leitura, com a colabora&ccedil;&atilde;o da Coordena&ccedil;&atilde;o de &nbsp;Bibliotecas Populares.&nbsp;<br \/>\nO Dia do Poeta &eacute; comemorado em Niter&oacute;i no dia 29 de mar&ccedil;o, institu&iacute;do pela Lei n&deg; 3143, de 27 de maio de 2015. A lei homenageia Lu&iacute;s Ant&ocirc;nio Pimentel, poeta, professor, jornalista e memorialista, que cantou e contou a cidade de Niter&oacute;i em verso e prosa, retratando a cidade sob v&aacute;rios &acirc;ngulos, atrav&eacute;s da constru&ccedil;&atilde;o po&eacute;tica de seus haikai ou atrav&eacute;s do trabalho incans&aacute;vel e respons&aacute;vel de registro da mem&oacute;ria local da cidade.<br \/>\nA campanha &quot;Poesia em toda parte&quot; ressalta tamb&eacute;m a chegada do outono, que revela o sabor que brota da morte, que precede e sucede a vida. O projeto tem, como uma de suas estrat&eacute;gias, a divulga&ccedil;&atilde;o e comemora&ccedil;&atilde;o do Dia do Poeta. Real&ccedil;ando recome&ccedil;os, &nbsp;traduz o olhar particular, um jeito &uacute;nico de ver a vida, de perceber o mundo e o outro na poesia presente no cotidiano.<br \/>\nA Coordena&ccedil;&atilde;o de Promo&ccedil;&atilde;o da Leitura, no contexto escolar, desenvolve e participa de forma efetiva de a&ccedil;&otilde;es pedag&oacute;gicas de incentivo &agrave; leitura e &agrave; escrita.&nbsp;<br \/>\nA coordenadora de Promo&ccedil;&atilde;o da Leitura, Liliane Balonecker Daluz, enfatiza a import&acirc;ncia desse tipo de iniciativa:<br \/>\n&nbsp;&quot;Concebemos a leitura a partir de seu potencial transformador. Acredito piamente, por experi&ecirc;ncia pr&oacute;pria, que a leitura &eacute; capaz de transformar vidas. N&atilde;o &eacute; poss&iacute;vel ser o mesmo antes e depois da experi&ecirc;ncia com a leitura de uma obra liter&aacute;ria de qualidade. Al&eacute;m de garantir que os alunos saibam decodificar as letras, &eacute; preciso que seja garantida a oportunidade de desvendamento dos mist&eacute;rios da leitura das entrelinhas, do que est&aacute; impl&iacute;cito, pois toda hist&oacute;ria tem as suas m&uacute;ltiplas vers&otilde;es e subvers&otilde;es. A leitura &eacute; capaz de ampliar a forma&ccedil;&atilde;o cultural dos alunos e, al&eacute;m disso, fazer com que sejam leitores e escritores das p&aacute;ginas de suas pr&oacute;prias hist&oacute;rias. Nosso projeto foi pensado a fim de mobilizar as Unidades de Educa&ccedil;&atilde;o para a viv&ecirc;ncia po&eacute;tica e consequente fomento da leitura e forma&ccedil;&atilde;o do leitor.&quot;<br \/>\nDentre a programa&ccedil;&atilde;o divulgada, constam os seguintes eventos: o Caf&eacute; Liter&aacute;rio, que vai acontecer no dia 14\/03 (ter&ccedil;a-feira), no Audit&oacute;rio Darcy Ribeiro, situado na Rua S&atilde;o Pedro, 108, Centro de Niter&oacute;i, no hor&aacute;rio das 9h &agrave;s 11h e um Sarau de Poesia no Campo de S&atilde;o Bento, no dia 18\/03 (s&aacute;bado), nos arredores da Biblioteca Popular Municipal An&iacute;sio Teixeira na Rua Lopes Trov&atilde;o, s\/n &#8211; Campo de S&atilde;o Bento, Icara&iacute;, das 10h &agrave;s 12h. Os eventos ter&atilde;o um momento de microfone aberto, em que o p&uacute;blico poder&aacute; participar declamando poemas ou compartilhando outras formas de viv&ecirc;ncia po&eacute;tica.<br \/>\nAl&eacute;m disso, haver&aacute; ainda o Coruj&atilde;o da Poesia que ser&aacute; realizado na quinta-feira, 30\/03, no Reserva Cultural (Avenida Visconde do rio Branco, 880, S&atilde;o Domingos, Niter&oacute;i), a partir das 20h 30min. Todos os eventos s&atilde;o gratuitos e abertos ao p&uacute;blico.&nbsp;<\/p>\n<p>Texto: Maria Paula Mac&aacute;rio<\/p>\n<p>&nbsp;<\/p>\n<p><img decoding=\"async\" alt=\"Nenhum texto alternativo autom\u00e1tico dispon\u00edvel.\" src=\"https:\/\/scontent.fsdu1-1.fna.fbcdn.net\/v\/t1.0-9\/17098239_1679376352356547_2329213765047558953_n.jpg?oh=fd41ab9f62a08cbe08b6a32d6406c451&amp;oe=59738E94\" \/><\/p>\n","protected":false},"excerpt":{"rendered":"<p>No pr&oacute;ximo dia 29, ser&aacute; comemorado no munic&iacute;pio de Niter&oacute;i o Dia do Poeta. A Secretaria Municipal de Educa&ccedil;&atilde;o e a Funda&ccedil;&atilde;o Municipal de Educa&ccedil;&atilde;o, em parceria com a Secretaria Municipal de Cultura e a Funda&ccedil;&atilde;o de Arte de Niter&oacute;i estar&atilde;o realizando a campanha &quot;Poesia em toda parte&quot;, elaborada pela Coordena&ccedil;&atilde;o de Promo&ccedil;&atilde;o da Leitura, [&hellip;]<\/p>\n","protected":false},"author":7,"featured_media":0,"comment_status":"open","ping_status":"open","sticky":false,"template":"","format":"standard","meta":{"_et_pb_use_builder":"","_et_pb_old_content":"","_et_gb_content_width":"","footnotes":""},"categories":[18,4,6,10],"tags":[],"class_list":["post-17307","post","type-post","status-publish","format-standard","hentry","category-18","category-destaque","category-noticias","category-ultimas-noticias"],"_links":{"self":[{"href":"https:\/\/www.educacao.niteroi.rj.gov.br\/index.php?rest_route=\/wp\/v2\/posts\/17307","targetHints":{"allow":["GET"]}}],"collection":[{"href":"https:\/\/www.educacao.niteroi.rj.gov.br\/index.php?rest_route=\/wp\/v2\/posts"}],"about":[{"href":"https:\/\/www.educacao.niteroi.rj.gov.br\/index.php?rest_route=\/wp\/v2\/types\/post"}],"author":[{"embeddable":true,"href":"https:\/\/www.educacao.niteroi.rj.gov.br\/index.php?rest_route=\/wp\/v2\/users\/7"}],"replies":[{"embeddable":true,"href":"https:\/\/www.educacao.niteroi.rj.gov.br\/index.php?rest_route=%2Fwp%2Fv2%2Fcomments&post=17307"}],"version-history":[{"count":0,"href":"https:\/\/www.educacao.niteroi.rj.gov.br\/index.php?rest_route=\/wp\/v2\/posts\/17307\/revisions"}],"wp:attachment":[{"href":"https:\/\/www.educacao.niteroi.rj.gov.br\/index.php?rest_route=%2Fwp%2Fv2%2Fmedia&parent=17307"}],"wp:term":[{"taxonomy":"category","embeddable":true,"href":"https:\/\/www.educacao.niteroi.rj.gov.br\/index.php?rest_route=%2Fwp%2Fv2%2Fcategories&post=17307"},{"taxonomy":"post_tag","embeddable":true,"href":"https:\/\/www.educacao.niteroi.rj.gov.br\/index.php?rest_route=%2Fwp%2Fv2%2Ftags&post=17307"}],"curies":[{"name":"wp","href":"https:\/\/api.w.org\/{rel}","templated":true}]}}