{"id":17309,"date":"2017-03-09T22:12:48","date_gmt":"2017-03-09T22:12:48","guid":{"rendered":"https:\/\/educacao.niteroi.rj.gov.br\/?p=17309"},"modified":"2017-03-09T22:12:48","modified_gmt":"2017-03-09T22:12:48","slug":"forum-reune-diretores-da-educacao-infantil","status":"publish","type":"post","link":"https:\/\/www.educacao.niteroi.rj.gov.br\/?p=17309","title":{"rendered":"F\u00f3rum re\u00fane Diretores da Educa\u00e7\u00e3o Infantil"},"content":{"rendered":"<p style=\"text-align: justify;\">A Funda&ccedil;&atilde;o Municipal de Educa&ccedil;&atilde;o (FME) promoveu nesta quinta-feira (9) o F&oacute;rum de Diretores da Educa&ccedil;&atilde;o Infantil da Rede Municipal de Niter&oacute;i. O encontro teve como objetivo discutir quest&otilde;es pedag&oacute;gicas e aconteceu no Audit&oacute;rio Darcy Ribeiro, no espa&ccedil;o Oswaldo Salles.<\/p>\n<p style=\"text-align: justify;\">Estiveram presentes a Secret&aacute;ria Municipal de Educa&ccedil;&atilde;o, Ci&ecirc;ncia e Tecnologia, Fl&aacute;via Monteiro; o Presidente da Funda&ccedil;&atilde;o Municipal de Educa&ccedil;&atilde;o, Bruno Ribeiro; a Subsecret&aacute;ria de Educa&ccedil;&atilde;o, Patr&iacute;cia Gomes; o Subsecret&aacute;rio de Projetos Especiais, professor Jos&eacute; Henrique Antunes.<\/p>\n<p style=\"text-align: justify;\">O grupo &quot;As Cigarras&quot; fez uma apresenta&ccedil;&atilde;o cultural, mostrando uma parte do seu repert&oacute;rio &quot;Costurando Cantos e Contos&quot;, que abrange m&uacute;sica e poesia. As integrantes dessa equipe s&atilde;o Liliane Balonecker, Rejane Tinoco e Camilla Bacelar, que fazem parte da Coordena&ccedil;&atilde;o de Promo&ccedil;&atilde;o a Leitura da FME. Eles fazem um trabalho pelas unidades municipais e j&aacute; se apresentaram em algumas escolas da rede.<\/p>\n<p style=\"text-align: justify;\">&quot;O objetivo dos f&oacute;runs da Educa&ccedil;&atilde;o Infantil &eacute; estabelecer uma proximidade maior com os diretores buscando resolver rela&ccedil;&otilde;es relacionadas aos cotidianos das unidades. O encontro de hoje teve como foco debater quest&otilde;es que envolvam a organiza&ccedil;&atilde;o das nossas escolas em termos pedag&oacute;gicos&quot;, declarou a secret&aacute;ria Fl&aacute;via Monteiro.<\/p>\n<p style=\"text-align: justify;\">&quot;Vivemos um momento importante de expans&atilde;o na rede quero destacar o empenho e a seriedade dos nossos profissionais para com o projeto que temos desenvolvido,&nbsp; estamos cada vez dialogando mais e trabalhando juntos&quot;, afirmou o presidente da FME Bruno Ribeiro.<\/p>\n<p style=\"text-align: justify;\">Durante o f&oacute;rum tamb&eacute;m foram apresentadas propostas de trabalho para o ano letivo de 2017 da Diretoria de Educa&ccedil;&atilde;o Infantil; Assessoria Especial de Articula&ccedil;&atilde;o Pedag&oacute;gica (AEAP); Assessoria de Avalia&ccedil;&atilde;o Institucional; N&uacute;cleo de Assessoria T&eacute;cnica (NAT); N&uacute;cleo de A&ccedil;&otilde;es Integradas (NAI); Assessoria de M&iacute;dias e Novas Tecnologias; Superintend&ecirc;ncia de Gest&atilde;o Escolar.<\/p>\n<p style=\"text-align: justify;\">&nbsp;<\/p>\n<p style=\"text-align: justify;\">&nbsp;<\/p>\n<p style=\"text-align: justify;\">Texto: D&eacute;bora Viana<\/p>\n<p style=\"text-align: justify;\">Fotos: Tatyana Meirelles<\/p>\n<p style=\"text-align: justify;\"><a href=\"https:\/\/educacao.niteroi.rj.gov.br\/wp-content\/uploads\/2017\/03\/WhatsApp-Image-2017-03-09-at-19.07.55.jpeg\"><img loading=\"lazy\" decoding=\"async\" alt=\"WhatsApp Image 2017-03-09 at 19.07.55\" class=\"aligncenter size-large wp-image-17313\" height=\"682\" src=\"https:\/\/educacao.niteroi.rj.gov.br\/wp-content\/uploads\/2017\/03\/WhatsApp-Image-2017-03-09-at-19.07.55-1024x682.jpeg\" width=\"1024\" \/><\/a> <a href=\"https:\/\/educacao.niteroi.rj.gov.br\/wp-content\/uploads\/2017\/03\/WhatsApp-Image-2017-03-09-at-19.08.03.jpeg\"><img loading=\"lazy\" decoding=\"async\" alt=\"WhatsApp Image 2017-03-09 at 19.08.03\" class=\"aligncenter size-large wp-image-17312\" height=\"630\" src=\"https:\/\/educacao.niteroi.rj.gov.br\/wp-content\/uploads\/2017\/03\/WhatsApp-Image-2017-03-09-at-19.08.03-1024x630.jpeg\" width=\"1024\" \/><\/a> <a href=\"https:\/\/educacao.niteroi.rj.gov.br\/wp-content\/uploads\/2017\/03\/WhatsApp-Image-2017-03-09-at-19.08.14.jpeg\"><img loading=\"lazy\" decoding=\"async\" alt=\"WhatsApp Image 2017-03-09 at 19.08.14\" class=\"aligncenter size-large wp-image-17311\" height=\"630\" src=\"https:\/\/educacao.niteroi.rj.gov.br\/wp-content\/uploads\/2017\/03\/WhatsApp-Image-2017-03-09-at-19.08.14-1024x630.jpeg\" width=\"1024\" \/><\/a> <a href=\"https:\/\/educacao.niteroi.rj.gov.br\/wp-content\/uploads\/2017\/03\/WhatsApp-Image-2017-03-09-at-19.08.31.jpeg\"><img loading=\"lazy\" decoding=\"async\" alt=\"WhatsApp Image 2017-03-09 at 19.08.31\" class=\"aligncenter size-large wp-image-17310\" height=\"682\" src=\"https:\/\/educacao.niteroi.rj.gov.br\/wp-content\/uploads\/2017\/03\/WhatsApp-Image-2017-03-09-at-19.08.31-1024x682.jpeg\" width=\"1024\" \/><\/a><a href=\"https:\/\/educacao.niteroi.rj.gov.br\/wp-content\/uploads\/2017\/03\/WhatsApp-Image-2017-03-09-at-19.10.39.jpeg\"><img loading=\"lazy\" decoding=\"async\" alt=\"WhatsApp Image 2017-03-09 at 19.10.39\" class=\"aligncenter size-large wp-image-17314\" height=\"682\" src=\"https:\/\/educacao.niteroi.rj.gov.br\/wp-content\/uploads\/2017\/03\/WhatsApp-Image-2017-03-09-at-19.10.39-1024x682.jpeg\" width=\"1024\" \/><\/a> <a href=\"https:\/\/educacao.niteroi.rj.gov.br\/wp-content\/uploads\/2017\/03\/WhatsApp-Image-2017-03-09-at-19.09.22.jpeg\"><img loading=\"lazy\" decoding=\"async\" alt=\"WhatsApp Image 2017-03-09 at 19.09.22\" class=\"aligncenter size-large wp-image-17315\" height=\"1015\" src=\"https:\/\/educacao.niteroi.rj.gov.br\/wp-content\/uploads\/2017\/03\/WhatsApp-Image-2017-03-09-at-19.09.22-1024x1015.jpeg\" width=\"1024\" \/><\/a><\/p>\n","protected":false},"excerpt":{"rendered":"<p>A Funda&ccedil;&atilde;o Municipal de Educa&ccedil;&atilde;o (FME) promoveu nesta quinta-feira (9) o F&oacute;rum de Diretores da Educa&ccedil;&atilde;o Infantil da Rede Municipal de Niter&oacute;i. O encontro teve como objetivo discutir quest&otilde;es pedag&oacute;gicas e aconteceu no Audit&oacute;rio Darcy Ribeiro, no espa&ccedil;o Oswaldo Salles. Estiveram presentes a Secret&aacute;ria Municipal de Educa&ccedil;&atilde;o, Ci&ecirc;ncia e Tecnologia, Fl&aacute;via Monteiro; o Presidente da [&hellip;]<\/p>\n","protected":false},"author":7,"featured_media":0,"comment_status":"open","ping_status":"open","sticky":false,"template":"","format":"standard","meta":{"_et_pb_use_builder":"","_et_pb_old_content":"","_et_gb_content_width":"","footnotes":""},"categories":[18,4,6,10],"tags":[],"class_list":["post-17309","post","type-post","status-publish","format-standard","hentry","category-18","category-destaque","category-noticias","category-ultimas-noticias"],"_links":{"self":[{"href":"https:\/\/www.educacao.niteroi.rj.gov.br\/index.php?rest_route=\/wp\/v2\/posts\/17309","targetHints":{"allow":["GET"]}}],"collection":[{"href":"https:\/\/www.educacao.niteroi.rj.gov.br\/index.php?rest_route=\/wp\/v2\/posts"}],"about":[{"href":"https:\/\/www.educacao.niteroi.rj.gov.br\/index.php?rest_route=\/wp\/v2\/types\/post"}],"author":[{"embeddable":true,"href":"https:\/\/www.educacao.niteroi.rj.gov.br\/index.php?rest_route=\/wp\/v2\/users\/7"}],"replies":[{"embeddable":true,"href":"https:\/\/www.educacao.niteroi.rj.gov.br\/index.php?rest_route=%2Fwp%2Fv2%2Fcomments&post=17309"}],"version-history":[{"count":0,"href":"https:\/\/www.educacao.niteroi.rj.gov.br\/index.php?rest_route=\/wp\/v2\/posts\/17309\/revisions"}],"wp:attachment":[{"href":"https:\/\/www.educacao.niteroi.rj.gov.br\/index.php?rest_route=%2Fwp%2Fv2%2Fmedia&parent=17309"}],"wp:term":[{"taxonomy":"category","embeddable":true,"href":"https:\/\/www.educacao.niteroi.rj.gov.br\/index.php?rest_route=%2Fwp%2Fv2%2Fcategories&post=17309"},{"taxonomy":"post_tag","embeddable":true,"href":"https:\/\/www.educacao.niteroi.rj.gov.br\/index.php?rest_route=%2Fwp%2Fv2%2Ftags&post=17309"}],"curies":[{"name":"wp","href":"https:\/\/api.w.org\/{rel}","templated":true}]}}