{"id":17317,"date":"2017-03-09T22:15:49","date_gmt":"2017-03-09T22:15:49","guid":{"rendered":"https:\/\/educacao.niteroi.rj.gov.br\/?p=17317"},"modified":"2017-03-09T22:15:49","modified_gmt":"2017-03-09T22:15:49","slug":"encontro-reune-professores-de-articulacao-de-3o-e-4o-ciclos","status":"publish","type":"post","link":"https:\/\/www.educacao.niteroi.rj.gov.br\/?p=17317","title":{"rendered":"Encontro re\u00fane Professores de Articula\u00e7\u00e3o de 3\u00ba e 4\u00ba ciclos"},"content":{"rendered":"<p style=\"text-align: justify;\">O primeiro encontro dos Professores de Articula&ccedil;&atilde;o 3&ordm; e 4&ordm; ciclos que atuam em classes de acelera&ccedil;&atilde;o foi realizado nesta quarta-feira (8) no Espa&ccedil;o de Forma&ccedil;&atilde;o Digital. O evento foi promovido pela Coordena&ccedil;&atilde;o de Acelera&ccedil;&atilde;o da Aprendizagem, atrav&eacute;s da &nbsp;Superintend&ecirc;ncia de Ensino da Funda&ccedil;&atilde;o Municipal de Educa&ccedil;&atilde;o (FME).<\/p>\n<p style=\"text-align: justify;\">O Projeto de Acelera&ccedil;&atilde;o da Aprendizagem tem como objetivo a corre&ccedil;&atilde;o de fluxo escolar no Ensino Fundamental tendo como objetivo corrigir a distor&ccedil;&atilde;o idade\/ciclo, oferecendo ao aluno a oportunidade de continuar seus estudos.<\/p>\n<p style=\"text-align: justify;\">Os professores articuladores tamb&eacute;m foram orientados quanto &agrave; maneira de atuar em sala de aula, a detectar a &aacute;rea de distor&ccedil;&atilde;o do aluno, aos projetos de trabalho de cada disciplina e como atender &agrave;s demandas de maneira eficiente em parceria com o pedagogo de cada unidade e com a Coordena&ccedil;&atilde;o de Acelera&ccedil;&atilde;o.<\/p>\n<p style=\"text-align: justify;\">Tamb&eacute;m foram tratados outros assuntos como a organiza&ccedil;&atilde;o das classes de acelera&ccedil;&atilde;o &nbsp;a organiza&ccedil;&atilde;o pedag&oacute;gica, metodologia al&eacute;m de outras diretrizes.<\/p>\n<p style=\"text-align: justify;\">&nbsp;<\/p>\n<p style=\"text-align: justify;\">&nbsp;<\/p>\n<p>Texto: D&eacute;bora Viana<\/p>\n<p>Fotos: Tatyana Meirelles<\/p>\n<p>&nbsp;<\/p>\n<p><a href=\"https:\/\/educacao.niteroi.rj.gov.br\/wp-content\/uploads\/2017\/03\/WhatsApp-Image-2017-03-08-at-18.24.24.jpeg\"><img loading=\"lazy\" decoding=\"async\" alt=\"WhatsApp Image 2017-03-08 at 18.24.24\" class=\"aligncenter size-large wp-image-17318\" height=\"698\" src=\"https:\/\/educacao.niteroi.rj.gov.br\/wp-content\/uploads\/2017\/03\/WhatsApp-Image-2017-03-08-at-18.24.24-1024x698.jpeg\" width=\"1024\" \/><\/a> <a href=\"https:\/\/educacao.niteroi.rj.gov.br\/wp-content\/uploads\/2017\/03\/WhatsApp-Image-2017-03-08-at-18.24.23.jpeg\"><img loading=\"lazy\" decoding=\"async\" alt=\"WhatsApp Image 2017-03-08 at 18.24.23\" class=\"aligncenter size-large wp-image-17319\" height=\"718\" src=\"https:\/\/educacao.niteroi.rj.gov.br\/wp-content\/uploads\/2017\/03\/WhatsApp-Image-2017-03-08-at-18.24.23-1024x718.jpeg\" width=\"1024\" \/><\/a> <a href=\"https:\/\/educacao.niteroi.rj.gov.br\/wp-content\/uploads\/2017\/03\/WhatsApp-Image-2017-03-08-at-18.24.22.jpeg\"><img loading=\"lazy\" decoding=\"async\" alt=\"WhatsApp Image 2017-03-08 at 18.24.22\" class=\"aligncenter size-large wp-image-17320\" height=\"724\" src=\"https:\/\/educacao.niteroi.rj.gov.br\/wp-content\/uploads\/2017\/03\/WhatsApp-Image-2017-03-08-at-18.24.22-1024x724.jpeg\" width=\"1024\" \/><\/a> <a href=\"https:\/\/educacao.niteroi.rj.gov.br\/wp-content\/uploads\/2017\/03\/WhatsApp-Image-2017-03-08-at-18.24.19.jpeg\"><img loading=\"lazy\" decoding=\"async\" alt=\"WhatsApp Image 2017-03-08 at 18.24.19\" class=\"aligncenter size-large wp-image-17321\" height=\"675\" src=\"https:\/\/educacao.niteroi.rj.gov.br\/wp-content\/uploads\/2017\/03\/WhatsApp-Image-2017-03-08-at-18.24.19-1024x675.jpeg\" width=\"1024\" \/><\/a><\/p>\n","protected":false},"excerpt":{"rendered":"<p>O primeiro encontro dos Professores de Articula&ccedil;&atilde;o 3&ordm; e 4&ordm; ciclos que atuam em classes de acelera&ccedil;&atilde;o foi realizado nesta quarta-feira (8) no Espa&ccedil;o de Forma&ccedil;&atilde;o Digital. O evento foi promovido pela Coordena&ccedil;&atilde;o de Acelera&ccedil;&atilde;o da Aprendizagem, atrav&eacute;s da &nbsp;Superintend&ecirc;ncia de Ensino da Funda&ccedil;&atilde;o Municipal de Educa&ccedil;&atilde;o (FME). O Projeto de Acelera&ccedil;&atilde;o da Aprendizagem tem [&hellip;]<\/p>\n","protected":false},"author":7,"featured_media":0,"comment_status":"open","ping_status":"open","sticky":false,"template":"","format":"standard","meta":{"_et_pb_use_builder":"","_et_pb_old_content":"","_et_gb_content_width":"","footnotes":""},"categories":[18,4,6,10],"tags":[],"class_list":["post-17317","post","type-post","status-publish","format-standard","hentry","category-18","category-destaque","category-noticias","category-ultimas-noticias"],"_links":{"self":[{"href":"https:\/\/www.educacao.niteroi.rj.gov.br\/index.php?rest_route=\/wp\/v2\/posts\/17317","targetHints":{"allow":["GET"]}}],"collection":[{"href":"https:\/\/www.educacao.niteroi.rj.gov.br\/index.php?rest_route=\/wp\/v2\/posts"}],"about":[{"href":"https:\/\/www.educacao.niteroi.rj.gov.br\/index.php?rest_route=\/wp\/v2\/types\/post"}],"author":[{"embeddable":true,"href":"https:\/\/www.educacao.niteroi.rj.gov.br\/index.php?rest_route=\/wp\/v2\/users\/7"}],"replies":[{"embeddable":true,"href":"https:\/\/www.educacao.niteroi.rj.gov.br\/index.php?rest_route=%2Fwp%2Fv2%2Fcomments&post=17317"}],"version-history":[{"count":0,"href":"https:\/\/www.educacao.niteroi.rj.gov.br\/index.php?rest_route=\/wp\/v2\/posts\/17317\/revisions"}],"wp:attachment":[{"href":"https:\/\/www.educacao.niteroi.rj.gov.br\/index.php?rest_route=%2Fwp%2Fv2%2Fmedia&parent=17317"}],"wp:term":[{"taxonomy":"category","embeddable":true,"href":"https:\/\/www.educacao.niteroi.rj.gov.br\/index.php?rest_route=%2Fwp%2Fv2%2Fcategories&post=17317"},{"taxonomy":"post_tag","embeddable":true,"href":"https:\/\/www.educacao.niteroi.rj.gov.br\/index.php?rest_route=%2Fwp%2Fv2%2Ftags&post=17317"}],"curies":[{"name":"wp","href":"https:\/\/api.w.org\/{rel}","templated":true}]}}