{"id":17323,"date":"2017-03-10T12:43:02","date_gmt":"2017-03-10T12:43:02","guid":{"rendered":"https:\/\/educacao.niteroi.rj.gov.br\/?p=17323"},"modified":"2017-03-10T12:43:02","modified_gmt":"2017-03-10T12:43:02","slug":"rede-municipal-presente-nas-comemoracoes-no-mes-da-mulher","status":"publish","type":"post","link":"https:\/\/www.educacao.niteroi.rj.gov.br\/?p=17323","title":{"rendered":"Rede municipal presente nas comemora\u00e7\u00f5es no m\u00eas da mulher"},"content":{"rendered":"<p>O munic&iacute;pio de Niter&oacute;i lan&ccedil;ou neste m&ecirc;s de mar&ccedil;o a campanha &quot;Mulher: Nenhum Direito a Menos&quot;, com o objetivo de ampliar a&nbsp; busca de igualdade entre homens e mulheres e a defesa dos direitos da mulher. A campanha, que &eacute; encabe&ccedil;ada pela primeira-dama do munic&iacute;pio, Fernanda Sixel, conta com uma programa&ccedil;&atilde;o especial para todo este m&ecirc;s de mar&ccedil;o, onde se comemora o Dia Internacional da Mulher.<\/p>\n<p>Os eventos tiveram in&iacute;cio no &uacute;ltimo dia 8, atrav&eacute;s de um Caf&eacute; da manh&atilde; com o prefeito da cidade, Rodrigo Neves no Teatro Popular Oscar Niemeyer, onde cerca de 40 mulheres da administra&ccedil;&atilde;o municipal foram homenageadas.<\/p>\n<p>Um dos destaques da programa&ccedil;&atilde;o ser&aacute; a a&ccedil;&atilde;o educativa &quot;Isso tamb&eacute;m &eacute; viol&ecirc;ncia&quot;, elaborada pela Diretoria de Programas Especiais da Funda&ccedil;&atilde;o Municipal de Educa&ccedil;&atilde;o, que tem como objetivo aprofundar a discuss&atilde;o sobre as formas de viol&ecirc;ncia que a mulher enfrenta. Realizada em forma de performance, pretende chamar a aten&ccedil;&atilde;o de homens e mulheres sobre as situa&ccedil;&otilde;es de agress&atilde;o que ainda s&atilde;o vistas com naturalidade. Esta a&ccedil;&atilde;o vai acontecer no dia 15\/03,&nbsp;das 16h &agrave;s 19h, na Pra&ccedil;a Ararib&oacute;ia, no Centro de Niter&oacute;i.<\/p>\n<p>Al&eacute;m disso, neste s&aacute;bado, o N&uacute;cleo de A&ccedil;&otilde;es Integradas da FME vai promover a &quot;1&ordm; Trilha do Batom&quot;, no Morro das Andorinhas, com concentra&ccedil;&atilde;o &agrave;s 8h, em frente a Par&oacute;quia S&atilde;o Sebasti&atilde;o de Itaipu.<\/p>\n<p>No dia 30 de mar&ccedil;o, &agrave;s 19h tamb&eacute;m vai acontecer um debate e lan&ccedil;amento do projeto &quot;Lei Maria da Penhas nas escolas&quot;, com a palestrante Marcia Pombo na Escola Municipal Altivo C&eacute;sar.<\/p>\n<p>Ainda de acordo com o cronograma, se destacam: a caminhada &ldquo;Mulher. Nenhum Direito a Menos&rdquo;, que ser&aacute; realizada no &nbsp;dia &nbsp;16, no centro da &nbsp; cidade; o II Encontr&atilde;o da Juventude, com o tema &ldquo;Agora &eacute; que s&atilde;o elas&rdquo;, no Horto &nbsp;do &nbsp;Fonseca, dia &nbsp;19; A&ccedil;&atilde;o Cidad&atilde; no Col&eacute;gio Estadual Guilherme Briggs, &nbsp;dia &nbsp;25; entrega &nbsp;do &nbsp;pr&ecirc;mio Etienne Romeu, &nbsp;dia &nbsp;27, na C&acirc;mara dos Vereadores; abertura da exposi&ccedil;&atilde;o &ldquo;Mulheres Brasileiras&rdquo;, conjunto de fotografias e informa&ccedil;&otilde;es sobre 12 mulheres destaques na cultura brasileira, &nbsp;dia &nbsp;28, na Sala Carlos Couto e inaugura&ccedil;&atilde;o da Sala de Amamenta&ccedil;&atilde;o da Policl&iacute;nica Carlos Ant&ocirc;nio da Silva, no &nbsp;dia &nbsp;31.<\/p>\n<p>Texto: Maria Paula Mac&aacute;rio&nbsp;<\/p>\n<p>&nbsp;<\/p>\n<p><img decoding=\"async\" alt=\"mulher\" src=\"http:\/\/niteroi.rj.gov.br\/images\/stories\/2017\/03-mar\/mulher.jpg\" \/><\/p>\n<p>&nbsp;<\/p>\n<p>&nbsp;<\/p>\n","protected":false},"excerpt":{"rendered":"<p>O munic&iacute;pio de Niter&oacute;i lan&ccedil;ou neste m&ecirc;s de mar&ccedil;o a campanha &quot;Mulher: Nenhum Direito a Menos&quot;, com o objetivo de ampliar a&nbsp; busca de igualdade entre homens e mulheres e a defesa dos direitos da mulher. A campanha, que &eacute; encabe&ccedil;ada pela primeira-dama do munic&iacute;pio, Fernanda Sixel, conta com uma programa&ccedil;&atilde;o especial para todo este [&hellip;]<\/p>\n","protected":false},"author":7,"featured_media":0,"comment_status":"open","ping_status":"open","sticky":false,"template":"","format":"standard","meta":{"_et_pb_use_builder":"","_et_pb_old_content":"","_et_gb_content_width":"","footnotes":""},"categories":[18,4,6,10],"tags":[],"class_list":["post-17323","post","type-post","status-publish","format-standard","hentry","category-18","category-destaque","category-noticias","category-ultimas-noticias"],"_links":{"self":[{"href":"https:\/\/www.educacao.niteroi.rj.gov.br\/index.php?rest_route=\/wp\/v2\/posts\/17323","targetHints":{"allow":["GET"]}}],"collection":[{"href":"https:\/\/www.educacao.niteroi.rj.gov.br\/index.php?rest_route=\/wp\/v2\/posts"}],"about":[{"href":"https:\/\/www.educacao.niteroi.rj.gov.br\/index.php?rest_route=\/wp\/v2\/types\/post"}],"author":[{"embeddable":true,"href":"https:\/\/www.educacao.niteroi.rj.gov.br\/index.php?rest_route=\/wp\/v2\/users\/7"}],"replies":[{"embeddable":true,"href":"https:\/\/www.educacao.niteroi.rj.gov.br\/index.php?rest_route=%2Fwp%2Fv2%2Fcomments&post=17323"}],"version-history":[{"count":0,"href":"https:\/\/www.educacao.niteroi.rj.gov.br\/index.php?rest_route=\/wp\/v2\/posts\/17323\/revisions"}],"wp:attachment":[{"href":"https:\/\/www.educacao.niteroi.rj.gov.br\/index.php?rest_route=%2Fwp%2Fv2%2Fmedia&parent=17323"}],"wp:term":[{"taxonomy":"category","embeddable":true,"href":"https:\/\/www.educacao.niteroi.rj.gov.br\/index.php?rest_route=%2Fwp%2Fv2%2Fcategories&post=17323"},{"taxonomy":"post_tag","embeddable":true,"href":"https:\/\/www.educacao.niteroi.rj.gov.br\/index.php?rest_route=%2Fwp%2Fv2%2Ftags&post=17323"}],"curies":[{"name":"wp","href":"https:\/\/api.w.org\/{rel}","templated":true}]}}