{"id":17350,"date":"2017-03-20T19:17:41","date_gmt":"2017-03-20T19:17:41","guid":{"rendered":"https:\/\/educacao.niteroi.rj.gov.br\/?p=17350"},"modified":"2017-03-20T19:17:41","modified_gmt":"2017-03-20T19:17:41","slug":"semectfme-promovem-acao-de-violencia-contra-as-mulheres","status":"publish","type":"post","link":"https:\/\/www.educacao.niteroi.rj.gov.br\/?p=17350","title":{"rendered":"SEMECT\/FME promovem a\u00e7\u00e3o em combate \u00e0 viol\u00eancia contra as mulheres"},"content":{"rendered":"<p style=\"text-align: justify;\">Considerando que todos os espa&ccedil;os educam, a Secretaria Municipal de Educa&ccedil;&atilde;o, Ci&ecirc;ncia e Tecnologia (SEMECT) e a Funda&ccedil;&atilde;o Municipal de Educa&ccedil;&atilde;o (FME) atrav&eacute;s da Diretoria de Programas Especiais promoveram nesta quarta-feira (15), na Pra&ccedil;a Ararib&oacute;ia, a campanha &quot;Isso tamb&eacute;m &eacute; viol&ecirc;ncia&quot; para conscientiza&ccedil;&atilde;o da popula&ccedil;&atilde;o sobre as situa&ccedil;&otilde;es de agress&atilde;o contra as mulheres que ainda s&atilde;o vistas com naturalidade.<\/p>\n<p style=\"text-align: justify;\">Houve a intera&ccedil;&atilde;o com cidad&atilde;os que passavam pelo local, essa a&ccedil;&atilde;o educativa teve &nbsp;como objetivo alertar que a viol&ecirc;ncia contra a mulher n&atilde;o se resume somente&nbsp; a agress&atilde;o f&iacute;sica, mas tamb&eacute;m a agress&otilde;es verbais, psicol&oacute;gicas, morais e patrimoniais.<\/p>\n<p style=\"text-align: justify;\">&quot;&Eacute; mais uma a&ccedil;&atilde;o da Prefeitura de Niter&oacute;i no m&ecirc;s em que estamos&nbsp; homenageando a mulher com debates, oficinas e com v&aacute;rias atividades de forma a prevenir a viol&ecirc;ncia contra a mulher&quot;, afirmou o subsecret&aacute;rio de Programas Especiais Professor Jos&eacute; Henrique Antunes.<\/p>\n<p style=\"text-align: justify;\">Durante a performance foram exibidos cartazes que exibiam perguntas como &quot;voc&ecirc; j&aacute; foi induzida a se afastar de amigos por ci&uacute;mes?&quot; ou &quot;voc&ecirc; j&aacute; teve o bra&ccedil;o apertado ou foi sacudida durante alguma discuss&atilde;o?&quot;. Foram 20 volunt&aacute;rias que ajudaram segurando as placas e cada uma possu&iacute;a atr&aacute;s uma letra que quando viravam formava a frase: &quot;Isso tamb&eacute;m &eacute; viol&ecirc;ncia&quot;.<\/p>\n<p style=\"text-align: justify;\">&nbsp;<\/p>\n<p style=\"text-align: justify;\">Texto e fotos: D&eacute;bora Viana<\/p>\n<p style=\"text-align: justify;\">&nbsp;<\/p>\n<p style=\"text-align: justify;\"><a href=\"https:\/\/educacao.niteroi.rj.gov.br\/wp-content\/uploads\/2017\/03\/IMG_9510.jpg\"><img loading=\"lazy\" decoding=\"async\" alt=\"IMG_9510\" class=\"aligncenter size-large wp-image-17351\" height=\"683\" src=\"https:\/\/educacao.niteroi.rj.gov.br\/wp-content\/uploads\/2017\/03\/IMG_9510-1024x683.jpg\" width=\"1024\" \/><\/a> <a href=\"https:\/\/educacao.niteroi.rj.gov.br\/wp-content\/uploads\/2017\/03\/IMG_9516.jpg\"><img loading=\"lazy\" decoding=\"async\" alt=\"IMG_9516\" class=\"aligncenter size-large wp-image-17352\" height=\"683\" src=\"https:\/\/educacao.niteroi.rj.gov.br\/wp-content\/uploads\/2017\/03\/IMG_9516-1024x683.jpg\" width=\"1024\" \/><\/a> <a href=\"https:\/\/educacao.niteroi.rj.gov.br\/wp-content\/uploads\/2017\/03\/IMG_9520.jpg\"><img loading=\"lazy\" decoding=\"async\" alt=\"IMG_9520\" class=\"aligncenter size-large wp-image-17353\" height=\"683\" src=\"https:\/\/educacao.niteroi.rj.gov.br\/wp-content\/uploads\/2017\/03\/IMG_9520-1024x683.jpg\" width=\"1024\" \/><\/a> <a href=\"https:\/\/educacao.niteroi.rj.gov.br\/wp-content\/uploads\/2017\/03\/IMG_9524.jpg\"><img loading=\"lazy\" decoding=\"async\" alt=\"IMG_9524\" class=\"aligncenter size-large wp-image-17354\" height=\"683\" src=\"https:\/\/educacao.niteroi.rj.gov.br\/wp-content\/uploads\/2017\/03\/IMG_9524-1024x683.jpg\" width=\"1024\" \/><\/a> <a href=\"https:\/\/educacao.niteroi.rj.gov.br\/wp-content\/uploads\/2017\/03\/IMG_9526.jpg\"><img loading=\"lazy\" decoding=\"async\" alt=\"IMG_9526\" class=\"aligncenter size-large wp-image-17355\" height=\"683\" src=\"https:\/\/educacao.niteroi.rj.gov.br\/wp-content\/uploads\/2017\/03\/IMG_9526-1024x683.jpg\" width=\"1024\" \/><\/a><\/p>\n","protected":false},"excerpt":{"rendered":"<p>Considerando que todos os espa&ccedil;os educam, a Secretaria Municipal de Educa&ccedil;&atilde;o, Ci&ecirc;ncia e Tecnologia (SEMECT) e a Funda&ccedil;&atilde;o Municipal de Educa&ccedil;&atilde;o (FME) atrav&eacute;s da Diretoria de Programas Especiais promoveram nesta quarta-feira (15), na Pra&ccedil;a Ararib&oacute;ia, a campanha &quot;Isso tamb&eacute;m &eacute; viol&ecirc;ncia&quot; para conscientiza&ccedil;&atilde;o da popula&ccedil;&atilde;o sobre as situa&ccedil;&otilde;es de agress&atilde;o contra as mulheres que ainda [&hellip;]<\/p>\n","protected":false},"author":7,"featured_media":0,"comment_status":"open","ping_status":"open","sticky":false,"template":"","format":"standard","meta":{"_et_pb_use_builder":"","_et_pb_old_content":"","_et_gb_content_width":"","footnotes":""},"categories":[18,4,6,10],"tags":[],"class_list":["post-17350","post","type-post","status-publish","format-standard","hentry","category-18","category-destaque","category-noticias","category-ultimas-noticias"],"_links":{"self":[{"href":"https:\/\/www.educacao.niteroi.rj.gov.br\/index.php?rest_route=\/wp\/v2\/posts\/17350","targetHints":{"allow":["GET"]}}],"collection":[{"href":"https:\/\/www.educacao.niteroi.rj.gov.br\/index.php?rest_route=\/wp\/v2\/posts"}],"about":[{"href":"https:\/\/www.educacao.niteroi.rj.gov.br\/index.php?rest_route=\/wp\/v2\/types\/post"}],"author":[{"embeddable":true,"href":"https:\/\/www.educacao.niteroi.rj.gov.br\/index.php?rest_route=\/wp\/v2\/users\/7"}],"replies":[{"embeddable":true,"href":"https:\/\/www.educacao.niteroi.rj.gov.br\/index.php?rest_route=%2Fwp%2Fv2%2Fcomments&post=17350"}],"version-history":[{"count":0,"href":"https:\/\/www.educacao.niteroi.rj.gov.br\/index.php?rest_route=\/wp\/v2\/posts\/17350\/revisions"}],"wp:attachment":[{"href":"https:\/\/www.educacao.niteroi.rj.gov.br\/index.php?rest_route=%2Fwp%2Fv2%2Fmedia&parent=17350"}],"wp:term":[{"taxonomy":"category","embeddable":true,"href":"https:\/\/www.educacao.niteroi.rj.gov.br\/index.php?rest_route=%2Fwp%2Fv2%2Fcategories&post=17350"},{"taxonomy":"post_tag","embeddable":true,"href":"https:\/\/www.educacao.niteroi.rj.gov.br\/index.php?rest_route=%2Fwp%2Fv2%2Ftags&post=17350"}],"curies":[{"name":"wp","href":"https:\/\/api.w.org\/{rel}","templated":true}]}}