{"id":17572,"date":"2017-04-19T20:50:06","date_gmt":"2017-04-19T20:50:06","guid":{"rendered":"https:\/\/educacao.niteroi.rj.gov.br\/?p=17572"},"modified":"2017-04-19T20:50:06","modified_gmt":"2017-04-19T20:50:06","slug":"fme-realiza-formacao-para-professores-de-apoio-de-educacao-especializada","status":"publish","type":"post","link":"https:\/\/www.educacao.niteroi.rj.gov.br\/?p=17572","title":{"rendered":"FME realiza Forma\u00e7\u00e3o para Professores de Apoio de Educa\u00e7\u00e3o Especializada"},"content":{"rendered":"<p>Professores de Apoio aprovados no concurso de 2016 participaram nesta quarta-feira (12), no Audit&oacute;rio Professor Amaury Pereira Muniz, na sede da Funda&ccedil;&atilde;o Municipal de Educa&ccedil;&atilde;o, de um encontro de Forma&ccedil;&atilde;o promovido pela Assessoria de Educa&ccedil;&atilde;o Especial, da FME, sobre o Autismo.<\/p>\n<p>Foram abordados diversos assuntos com o objetivo de orientar os professores sobre a import&acirc;ncia do planejamento educacional individualizado, da media&ccedil;&atilde;o pedag&oacute;gica e do papel do professor de apoio.<\/p>\n<p>De acordo com o Assessora de Educa&ccedil;&atilde;o Especial, Carolina Timb&oacute;, o professor de apoio precisa estar atento &agrave;s necessidades dos aluno de modo que contribua para a inclus&atilde;o dos alunos especiais nas escolas do munic&iacute;pio<\/p>\n<p>&quot;O papel do professor de apoio &eacute; mediar a aprendizagem e desenvolver pr&aacute;ticas em sala de aula que ajudem o aluno a partir das suas necessidades&quot;, afirmou.<\/p>\n<p>Esse primeiro encontro reuniu professores de Apoio dos polos 5,6 e 7 da rede municipal de Niter&oacute;i.<\/p>\n<p>&nbsp;<\/p>\n<p>Texto: Larissa Lisboa.<\/p>\n<p>Fotos: Tatyana Meirelles<\/p>\n<p><a href=\"https:\/\/educacao.niteroi.rj.gov.br\/wp-content\/uploads\/2017\/04\/WhatsApp-Image-2017-04-19-at-17.24.08-1.jpeg\"><img loading=\"lazy\" decoding=\"async\" alt=\"WhatsApp Image 2017-04-19 at 17.24.08 (1)\" class=\"aligncenter size-large wp-image-17573\" height=\"450\" src=\"https:\/\/educacao.niteroi.rj.gov.br\/wp-content\/uploads\/2017\/04\/WhatsApp-Image-2017-04-19-at-17.24.08-1-1024x450.jpeg\" width=\"1024\" \/><\/a> <a href=\"https:\/\/educacao.niteroi.rj.gov.br\/wp-content\/uploads\/2017\/04\/WhatsApp-Image-2017-04-19-at-17.24.08.jpeg\"><img loading=\"lazy\" decoding=\"async\" alt=\"WhatsApp Image 2017-04-19 at 17.24.08\" class=\"aligncenter size-large wp-image-17574\" height=\"429\" src=\"https:\/\/educacao.niteroi.rj.gov.br\/wp-content\/uploads\/2017\/04\/WhatsApp-Image-2017-04-19-at-17.24.08-1024x429.jpeg\" width=\"1024\" \/><\/a> <a href=\"https:\/\/educacao.niteroi.rj.gov.br\/wp-content\/uploads\/2017\/04\/WhatsApp-Image-2017-04-19-at-17.31.36-1.jpeg\"><img loading=\"lazy\" decoding=\"async\" alt=\"WhatsApp Image 2017-04-19 at 17.31.36 (1)\" class=\"aligncenter size-large wp-image-17575\" height=\"529\" src=\"https:\/\/educacao.niteroi.rj.gov.br\/wp-content\/uploads\/2017\/04\/WhatsApp-Image-2017-04-19-at-17.31.36-1-1024x529.jpeg\" width=\"1024\" \/><\/a> <a href=\"https:\/\/educacao.niteroi.rj.gov.br\/wp-content\/uploads\/2017\/04\/WhatsApp-Image-2017-04-19-at-17.31.36.jpeg\"><img loading=\"lazy\" decoding=\"async\" alt=\"WhatsApp Image 2017-04-19 at 17.31.36\" class=\"aligncenter size-large wp-image-17576\" height=\"682\" src=\"https:\/\/educacao.niteroi.rj.gov.br\/wp-content\/uploads\/2017\/04\/WhatsApp-Image-2017-04-19-at-17.31.36-1024x682.jpeg\" width=\"1024\" \/><\/a><\/p>\n","protected":false},"excerpt":{"rendered":"<p>Professores de Apoio aprovados no concurso de 2016 participaram nesta quarta-feira (12), no Audit&oacute;rio Professor Amaury Pereira Muniz, na sede da Funda&ccedil;&atilde;o Municipal de Educa&ccedil;&atilde;o, de um encontro de Forma&ccedil;&atilde;o promovido pela Assessoria de Educa&ccedil;&atilde;o Especial, da FME, sobre o Autismo. Foram abordados diversos assuntos com o objetivo de orientar os professores sobre a import&acirc;ncia [&hellip;]<\/p>\n","protected":false},"author":7,"featured_media":0,"comment_status":"open","ping_status":"open","sticky":false,"template":"","format":"standard","meta":{"_et_pb_use_builder":"","_et_pb_old_content":"","_et_gb_content_width":"","footnotes":""},"categories":[18,4,6,10],"tags":[],"class_list":["post-17572","post","type-post","status-publish","format-standard","hentry","category-18","category-destaque","category-noticias","category-ultimas-noticias"],"_links":{"self":[{"href":"https:\/\/www.educacao.niteroi.rj.gov.br\/index.php?rest_route=\/wp\/v2\/posts\/17572","targetHints":{"allow":["GET"]}}],"collection":[{"href":"https:\/\/www.educacao.niteroi.rj.gov.br\/index.php?rest_route=\/wp\/v2\/posts"}],"about":[{"href":"https:\/\/www.educacao.niteroi.rj.gov.br\/index.php?rest_route=\/wp\/v2\/types\/post"}],"author":[{"embeddable":true,"href":"https:\/\/www.educacao.niteroi.rj.gov.br\/index.php?rest_route=\/wp\/v2\/users\/7"}],"replies":[{"embeddable":true,"href":"https:\/\/www.educacao.niteroi.rj.gov.br\/index.php?rest_route=%2Fwp%2Fv2%2Fcomments&post=17572"}],"version-history":[{"count":0,"href":"https:\/\/www.educacao.niteroi.rj.gov.br\/index.php?rest_route=\/wp\/v2\/posts\/17572\/revisions"}],"wp:attachment":[{"href":"https:\/\/www.educacao.niteroi.rj.gov.br\/index.php?rest_route=%2Fwp%2Fv2%2Fmedia&parent=17572"}],"wp:term":[{"taxonomy":"category","embeddable":true,"href":"https:\/\/www.educacao.niteroi.rj.gov.br\/index.php?rest_route=%2Fwp%2Fv2%2Fcategories&post=17572"},{"taxonomy":"post_tag","embeddable":true,"href":"https:\/\/www.educacao.niteroi.rj.gov.br\/index.php?rest_route=%2Fwp%2Fv2%2Ftags&post=17572"}],"curies":[{"name":"wp","href":"https:\/\/api.w.org\/{rel}","templated":true}]}}