{"id":17596,"date":"2017-04-24T15:13:38","date_gmt":"2017-04-24T15:13:38","guid":{"rendered":"https:\/\/educacao.niteroi.rj.gov.br\/?p=17596"},"modified":"2017-04-24T15:13:38","modified_gmt":"2017-04-24T15:13:38","slug":"curso-de-mediacao-pedagogica-nos-grupos-de-alfabetizacao","status":"publish","type":"post","link":"https:\/\/www.educacao.niteroi.rj.gov.br\/?p=17596","title":{"rendered":"Curso de Media\u00e7\u00e3o Pedag\u00f3gica nos Grupos de Alfabetiza\u00e7\u00e3o"},"content":{"rendered":"<p style=\"text-align: justify;\">Foi realizado nesta segunda-feira (24), no Audit&oacute;rio Professor Amaury Pereira Muniz, na Funda&ccedil;&atilde;o Municipal de Educa&ccedil;&atilde;o (FME), a segunda etapa do curso de Media&ccedil;&atilde;o Pedag&oacute;gica nos Grupos de Alfabetiza&ccedil;&atilde;o das escolas de 1&ordm; e 2&ordm; ciclo do munic&iacute;pio de Niter&oacute;i.<\/p>\n<p style=\"text-align: justify;\">Coordenado pelas pedagogas Andreia Diniz e Ana Carla Fran&ccedil;a, o curso &eacute; voltado para os Professores e Pedagogos aprovados no &uacute;ltimo concurso, tem como objetivo a media&ccedil;&atilde;o entre o profissional e os alunos no aux&iacute;lio do processo de aquisi&ccedil;&atilde;o da leitura e escrita.<\/p>\n<p style=\"text-align: justify;\">Neste segundo encontro o tema debatido foi a discuss&atilde;o do desenvolvimento do trabalho pedag&oacute;gico no ciclo de alfabetiza&ccedil;&atilde;o, onde a pedagoga e professora Anne Rocha destacou a import&acirc;ncia do papel do pedagogo no acompanhamento dos grupos, al&eacute;m das poss&iacute;veis contribui&ccedil;&otilde;es que possam ser feitas por ele no planejamento desse trabalho. &ldquo;A participa&ccedil;&atilde;o do profissional &eacute; importante no planejamento do trabalho pedag&oacute;gico e nos permite melhorar o desempenho dos nossos alunos&rdquo;, declarou.<\/p>\n<p style=\"text-align: justify;\">O curso de Media&ccedil;&atilde;o Pedag&oacute;gica nos Grupos de Alfabetiza&ccedil;&atilde;o ter&aacute; 40 horas de forma&ccedil;&atilde;o, organizado em 10 encontros quinzenais. A abertura aconteceu na semana passada no Audit&oacute;rio do Caminho Oscar Niemeyer e a conclus&atilde;o est&aacute; prevista para o dia 20 de setembro quando os inscritos receber&atilde;o o certificado de participa&ccedil;&atilde;o.<\/p>\n<p style=\"text-align: justify;\">Os pr&oacute;ximos encontros ir&atilde;o acontecer nas seguintes datas:<\/p>\n<p style=\"text-align: justify;\">10\/05 &ndash; <b>Poesia em toda Parte: O texto po&eacute;tico e a alfabetiza&ccedil;&atilde;o<\/b><\/p>\n<p style=\"text-align: justify;\">07\/06 &ndash; <b>O di&aacute;logo entre a aprendizagem e ensino<\/b><\/p>\n<p style=\"text-align: justify;\">19\/06 &ndash; <b>A forma&ccedil;&atilde;o do aluno leitor<\/b><\/p>\n<p style=\"text-align: justify;\">05\/07 &ndash; <b>Contribui&ccedil;&otilde;es das Neuroci&ecirc;ncias para a pr&aacute;tica pedag&oacute;gica: conceitos, mitos e fatos<\/b><\/p>\n<p style=\"text-align: justify;\">07\/08 &ndash; <b>Pensando o processamento da leitura e da escrita em outra perspectiva: a Fonoaudiologia Educacional e sua interface com a educa&ccedil;&atilde;o<\/b><\/p>\n<p style=\"text-align: justify;\">23\/08 &ndash; <b>Por que e para que avaliar a leitura e a escrita?<\/b><\/p>\n<p style=\"text-align: justify;\">04\/09 &ndash; <b>Considera&ccedil;&otilde;es sobre concep&ccedil;&otilde;es de ensino e aprendizagem da matem&aacute;tica no contexto da doc&ecirc;ncia polivalente dos anos iniciais<\/b><\/p>\n<p style=\"text-align: justify;\">20\/09 &ndash; <b>Trocas de Experi&ecirc;ncias<\/b><\/p>\n<p style=\"text-align: justify;\"><b>&nbsp;<\/b><\/p>\n<p style=\"text-align: justify;\">Texto e fotos: Larissa Lisboa.<\/p>\n<p><a href=\"https:\/\/educacao.niteroi.rj.gov.br\/wp-content\/uploads\/2017\/04\/IMG_2358.jpg\"><img loading=\"lazy\" decoding=\"async\" alt=\"IMG_2358\" class=\"aligncenter size-large wp-image-17605\" height=\"683\" src=\"https:\/\/educacao.niteroi.rj.gov.br\/wp-content\/uploads\/2017\/04\/IMG_2358-1024x683.jpg\" width=\"1024\" \/><\/a><a href=\"https:\/\/educacao.niteroi.rj.gov.br\/wp-content\/uploads\/2017\/04\/IMG_2374.jpg\"><img loading=\"lazy\" decoding=\"async\" alt=\"IMG_2374\" class=\"aligncenter size-large wp-image-17608\" height=\"683\" src=\"https:\/\/educacao.niteroi.rj.gov.br\/wp-content\/uploads\/2017\/04\/IMG_2374-1024x683.jpg\" width=\"1024\" \/><\/a><a href=\"https:\/\/educacao.niteroi.rj.gov.br\/wp-content\/uploads\/2017\/04\/IMG_2371.jpg\"><img loading=\"lazy\" decoding=\"async\" alt=\"IMG_2371\" class=\"aligncenter size-large wp-image-17607\" height=\"683\" src=\"https:\/\/educacao.niteroi.rj.gov.br\/wp-content\/uploads\/2017\/04\/IMG_2371-1024x683.jpg\" width=\"1024\" \/><\/a><a href=\"https:\/\/educacao.niteroi.rj.gov.br\/wp-content\/uploads\/2017\/04\/IMG_2373.jpg\"><img loading=\"lazy\" decoding=\"async\" alt=\"IMG_2373\" class=\"aligncenter size-large wp-image-17606\" height=\"683\" src=\"https:\/\/educacao.niteroi.rj.gov.br\/wp-content\/uploads\/2017\/04\/IMG_2373-1024x683.jpg\" width=\"1024\" \/><\/a><\/p>\n","protected":false},"excerpt":{"rendered":"<p>Foi realizado nesta segunda-feira (24), no Audit&oacute;rio Professor Amaury Pereira Muniz, na Funda&ccedil;&atilde;o Municipal de Educa&ccedil;&atilde;o (FME), a segunda etapa do curso de Media&ccedil;&atilde;o Pedag&oacute;gica nos Grupos de Alfabetiza&ccedil;&atilde;o das escolas de 1&ordm; e 2&ordm; ciclo do munic&iacute;pio de Niter&oacute;i. Coordenado pelas pedagogas Andreia Diniz e Ana Carla Fran&ccedil;a, o curso &eacute; voltado para os [&hellip;]<\/p>\n","protected":false},"author":7,"featured_media":0,"comment_status":"open","ping_status":"open","sticky":false,"template":"","format":"standard","meta":{"_et_pb_use_builder":"","_et_pb_old_content":"","_et_gb_content_width":"","footnotes":""},"categories":[18,4,6,10],"tags":[],"class_list":["post-17596","post","type-post","status-publish","format-standard","hentry","category-18","category-destaque","category-noticias","category-ultimas-noticias"],"_links":{"self":[{"href":"https:\/\/www.educacao.niteroi.rj.gov.br\/index.php?rest_route=\/wp\/v2\/posts\/17596","targetHints":{"allow":["GET"]}}],"collection":[{"href":"https:\/\/www.educacao.niteroi.rj.gov.br\/index.php?rest_route=\/wp\/v2\/posts"}],"about":[{"href":"https:\/\/www.educacao.niteroi.rj.gov.br\/index.php?rest_route=\/wp\/v2\/types\/post"}],"author":[{"embeddable":true,"href":"https:\/\/www.educacao.niteroi.rj.gov.br\/index.php?rest_route=\/wp\/v2\/users\/7"}],"replies":[{"embeddable":true,"href":"https:\/\/www.educacao.niteroi.rj.gov.br\/index.php?rest_route=%2Fwp%2Fv2%2Fcomments&post=17596"}],"version-history":[{"count":0,"href":"https:\/\/www.educacao.niteroi.rj.gov.br\/index.php?rest_route=\/wp\/v2\/posts\/17596\/revisions"}],"wp:attachment":[{"href":"https:\/\/www.educacao.niteroi.rj.gov.br\/index.php?rest_route=%2Fwp%2Fv2%2Fmedia&parent=17596"}],"wp:term":[{"taxonomy":"category","embeddable":true,"href":"https:\/\/www.educacao.niteroi.rj.gov.br\/index.php?rest_route=%2Fwp%2Fv2%2Fcategories&post=17596"},{"taxonomy":"post_tag","embeddable":true,"href":"https:\/\/www.educacao.niteroi.rj.gov.br\/index.php?rest_route=%2Fwp%2Fv2%2Ftags&post=17596"}],"curies":[{"name":"wp","href":"https:\/\/api.w.org\/{rel}","templated":true}]}}