{"id":17656,"date":"2017-04-26T17:32:00","date_gmt":"2017-04-26T17:32:00","guid":{"rendered":"https:\/\/educacao.niteroi.rj.gov.br\/?p=17656"},"modified":"2017-04-26T17:32:00","modified_gmt":"2017-04-26T17:32:00","slug":"formacao-reune-professores-do-projeto-alfabetizacao","status":"publish","type":"post","link":"https:\/\/www.educacao.niteroi.rj.gov.br\/?p=17656","title":{"rendered":"Forma\u00e7\u00e3o re\u00fane professores do Projeto Alfabetiz(A\u00e7\u00e3o)"},"content":{"rendered":"<p style=\"text-align: justify;\">A Superintend&ecirc;ncia de Desenvolvimento de Ensino atrav&eacute;s da Diretoria de 1&ordm; e 2&ordm; ciclos realizou nesta quarta-feira (26), na Universidade Salgado de Oliveira, campus Niter&oacute;i, mais um encontro do Projeto Alfabetiz(A&ccedil;&atilde;o) para professores de 1&ordm; ciclo.<\/p>\n<p style=\"text-align: justify;\">O programa foi elaborado pelas professoras Gl&oacute;ria Anselmo, Anne Rocha, Jacqueline Martins e Fernanda Frambach, e contou com a participa&ccedil;&atilde;o da Diretora do projeto Elana Costa. O encontro desta quarta teve como objetivo dialogar sobre o curr&iacute;culo e concep&ccedil;&otilde;es de alfabetiza&ccedil;&atilde;o para a inf&acirc;ncia.<\/p>\n<p style=\"text-align: justify;\">Os professores, dentre outras atividades, assistiram a um v&iacute;deo que promoveu um debate sobre curr&iacute;culo e avalia&ccedil;&atilde;o, onde se discutiu temas relacionados &agrave; escola e &agrave; proposta pedag&oacute;gica de ensino. &quot;Os nossos desafios devem ser seguidos a partir das experi&ecirc;ncias ocorridas com os nossos alunos&quot;, destacou a professora Gl&oacute;ria Anselmo.<\/p>\n<p style=\"text-align: justify;\">Finalizando o encontro, os professores fizeram a leitura do texto &quot;Avaliar os processos de aquisi&ccedil;&atilde;o da escrita: desafios para a professora pesquisadora.&quot; e logo ap&oacute;s participaram de um debate a partir de um caso real.<\/p>\n<p style=\"text-align: justify;\">&nbsp;<\/p>\n<p style=\"text-align: justify;\">Texto: &Eacute;rika Ferreira<\/p>\n<p style=\"text-align: justify;\">Fotos: Alan Jorge Dornelas<\/p>\n<p><a href=\"https:\/\/educacao.niteroi.rj.gov.br\/wp-content\/uploads\/2017\/04\/IMG_2726.jpg\"><img loading=\"lazy\" decoding=\"async\" alt=\"IMG_2726\" class=\"aligncenter size-large wp-image-17657\" height=\"683\" src=\"https:\/\/educacao.niteroi.rj.gov.br\/wp-content\/uploads\/2017\/04\/IMG_2726-1024x683.jpg\" width=\"1024\" \/><\/a> <a href=\"https:\/\/educacao.niteroi.rj.gov.br\/wp-content\/uploads\/2017\/04\/IMG_2733.jpg\"><img loading=\"lazy\" decoding=\"async\" alt=\"IMG_2733\" class=\"aligncenter size-large wp-image-17658\" height=\"476\" src=\"https:\/\/educacao.niteroi.rj.gov.br\/wp-content\/uploads\/2017\/04\/IMG_2733-1024x476.jpg\" width=\"1024\" \/><\/a> <a href=\"https:\/\/educacao.niteroi.rj.gov.br\/wp-content\/uploads\/2017\/04\/IMG_2734.jpg\"><img loading=\"lazy\" decoding=\"async\" alt=\"IMG_2734\" class=\"aligncenter size-large wp-image-17659\" height=\"683\" src=\"https:\/\/educacao.niteroi.rj.gov.br\/wp-content\/uploads\/2017\/04\/IMG_2734-1024x683.jpg\" width=\"1024\" \/><\/a> <a href=\"https:\/\/educacao.niteroi.rj.gov.br\/wp-content\/uploads\/2017\/04\/IMG_2751.jpg\"><img loading=\"lazy\" decoding=\"async\" alt=\"IMG_2751\" class=\"aligncenter size-large wp-image-17660\" height=\"548\" src=\"https:\/\/educacao.niteroi.rj.gov.br\/wp-content\/uploads\/2017\/04\/IMG_2751-1024x548.jpg\" width=\"1024\" \/><\/a><\/p>\n<p>&nbsp;<\/p>\n<p>&nbsp;<\/p>\n","protected":false},"excerpt":{"rendered":"<p>A Superintend&ecirc;ncia de Desenvolvimento de Ensino atrav&eacute;s da Diretoria de 1&ordm; e 2&ordm; ciclos realizou nesta quarta-feira (26), na Universidade Salgado de Oliveira, campus Niter&oacute;i, mais um encontro do Projeto Alfabetiz(A&ccedil;&atilde;o) para professores de 1&ordm; ciclo. O programa foi elaborado pelas professoras Gl&oacute;ria Anselmo, Anne Rocha, Jacqueline Martins e Fernanda Frambach, e contou com a [&hellip;]<\/p>\n","protected":false},"author":7,"featured_media":0,"comment_status":"open","ping_status":"open","sticky":false,"template":"","format":"standard","meta":{"_et_pb_use_builder":"","_et_pb_old_content":"","_et_gb_content_width":"","footnotes":""},"categories":[18,4,6,10],"tags":[],"class_list":["post-17656","post","type-post","status-publish","format-standard","hentry","category-18","category-destaque","category-noticias","category-ultimas-noticias"],"_links":{"self":[{"href":"https:\/\/www.educacao.niteroi.rj.gov.br\/index.php?rest_route=\/wp\/v2\/posts\/17656","targetHints":{"allow":["GET"]}}],"collection":[{"href":"https:\/\/www.educacao.niteroi.rj.gov.br\/index.php?rest_route=\/wp\/v2\/posts"}],"about":[{"href":"https:\/\/www.educacao.niteroi.rj.gov.br\/index.php?rest_route=\/wp\/v2\/types\/post"}],"author":[{"embeddable":true,"href":"https:\/\/www.educacao.niteroi.rj.gov.br\/index.php?rest_route=\/wp\/v2\/users\/7"}],"replies":[{"embeddable":true,"href":"https:\/\/www.educacao.niteroi.rj.gov.br\/index.php?rest_route=%2Fwp%2Fv2%2Fcomments&post=17656"}],"version-history":[{"count":0,"href":"https:\/\/www.educacao.niteroi.rj.gov.br\/index.php?rest_route=\/wp\/v2\/posts\/17656\/revisions"}],"wp:attachment":[{"href":"https:\/\/www.educacao.niteroi.rj.gov.br\/index.php?rest_route=%2Fwp%2Fv2%2Fmedia&parent=17656"}],"wp:term":[{"taxonomy":"category","embeddable":true,"href":"https:\/\/www.educacao.niteroi.rj.gov.br\/index.php?rest_route=%2Fwp%2Fv2%2Fcategories&post=17656"},{"taxonomy":"post_tag","embeddable":true,"href":"https:\/\/www.educacao.niteroi.rj.gov.br\/index.php?rest_route=%2Fwp%2Fv2%2Ftags&post=17656"}],"curies":[{"name":"wp","href":"https:\/\/api.w.org\/{rel}","templated":true}]}}