{"id":17678,"date":"2017-05-03T19:48:33","date_gmt":"2017-05-03T19:48:33","guid":{"rendered":"https:\/\/educacao.niteroi.rj.gov.br\/?p=17678"},"modified":"2017-05-03T19:48:33","modified_gmt":"2017-05-03T19:48:33","slug":"fme-promove-formacao-para-mediadores-do-mais-educacao","status":"publish","type":"post","link":"https:\/\/www.educacao.niteroi.rj.gov.br\/?p=17678","title":{"rendered":"FME promove forma\u00e7\u00e3o para mediadores do Mais Educa\u00e7\u00e3o"},"content":{"rendered":"<p>A Funda&ccedil;&atilde;o Municipal de Educa&ccedil;&atilde;o (FME) realizou nesta quarta-feira (3), na Universidade Salgado de Oliveira, campus Niter&oacute;i, o evento sobre Alfabetiza&ccedil;&atilde;o Matem&aacute;tica nos anos iniciais e que integra a forma&ccedil;&atilde;o do Projeto de refor&ccedil;o escolar e para mediadores que atuam no Mais Educa&ccedil;&atilde;o.<\/p>\n<p>O encontro foi mediado pela coordenadora do programa, Solange Tubino e contou com a participa&ccedil;&atilde;o da Professora Cristiane Cust&oacute;dio. O objetivo foi dialogar sobre novas formas de educar e desconstruir a preocupa&ccedil;&atilde;o dos mediadores com a disciplina de Matem&aacute;tica para os alunos de 1&ordm; e 2&ordm; ciclo da Rede Municipal.<\/p>\n<p>O Mais Educa&ccedil;&atilde;o &eacute; um programa do Governo Federal voltado para crian&ccedil;as e adolescentes e tem o objetivo de viabilizar o projeto de uma educa&ccedil;&atilde;o em tempo integral, ampliando o tempo de perman&ecirc;ncia dos alunos nas escolas.<\/p>\n<p>A responsabilidade dos mediadores no projeto &eacute; fazer o acompanhamento das defici&ecirc;ncias das crian&ccedil;as nas aulas e tamb&eacute;m elaborar atividades que colaborem no crescimento intelectual dos estudantes.<\/p>\n<p>Texto e Fotos: Alan Jorge Dornelas<\/p>\n<p><a href=\"https:\/\/educacao.niteroi.rj.gov.br\/wp-content\/uploads\/2017\/05\/20170503_091438.jpg\"><img loading=\"lazy\" decoding=\"async\" alt=\"20170503_091438\" class=\"aligncenter size-large wp-image-17690\" height=\"576\" src=\"https:\/\/educacao.niteroi.rj.gov.br\/wp-content\/uploads\/2017\/05\/20170503_091438-1024x576.jpg\" width=\"1024\" \/><\/a> <a href=\"https:\/\/educacao.niteroi.rj.gov.br\/wp-content\/uploads\/2017\/05\/20170503_092300.jpg\"><img loading=\"lazy\" decoding=\"async\" alt=\"20170503_092300\" class=\"aligncenter size-large wp-image-17691\" height=\"576\" src=\"https:\/\/educacao.niteroi.rj.gov.br\/wp-content\/uploads\/2017\/05\/20170503_092300-1024x576.jpg\" width=\"1024\" \/><\/a><\/p>\n<p>&nbsp;<\/p>\n","protected":false},"excerpt":{"rendered":"<p>A Funda&ccedil;&atilde;o Municipal de Educa&ccedil;&atilde;o (FME) realizou nesta quarta-feira (3), na Universidade Salgado de Oliveira, campus Niter&oacute;i, o evento sobre Alfabetiza&ccedil;&atilde;o Matem&aacute;tica nos anos iniciais e que integra a forma&ccedil;&atilde;o do Projeto de refor&ccedil;o escolar e para mediadores que atuam no Mais Educa&ccedil;&atilde;o. O encontro foi mediado pela coordenadora do programa, Solange Tubino e contou [&hellip;]<\/p>\n","protected":false},"author":7,"featured_media":0,"comment_status":"open","ping_status":"open","sticky":false,"template":"","format":"standard","meta":{"_et_pb_use_builder":"","_et_pb_old_content":"","_et_gb_content_width":"","footnotes":""},"categories":[18,4,6,10],"tags":[],"class_list":["post-17678","post","type-post","status-publish","format-standard","hentry","category-18","category-destaque","category-noticias","category-ultimas-noticias"],"_links":{"self":[{"href":"https:\/\/www.educacao.niteroi.rj.gov.br\/index.php?rest_route=\/wp\/v2\/posts\/17678","targetHints":{"allow":["GET"]}}],"collection":[{"href":"https:\/\/www.educacao.niteroi.rj.gov.br\/index.php?rest_route=\/wp\/v2\/posts"}],"about":[{"href":"https:\/\/www.educacao.niteroi.rj.gov.br\/index.php?rest_route=\/wp\/v2\/types\/post"}],"author":[{"embeddable":true,"href":"https:\/\/www.educacao.niteroi.rj.gov.br\/index.php?rest_route=\/wp\/v2\/users\/7"}],"replies":[{"embeddable":true,"href":"https:\/\/www.educacao.niteroi.rj.gov.br\/index.php?rest_route=%2Fwp%2Fv2%2Fcomments&post=17678"}],"version-history":[{"count":0,"href":"https:\/\/www.educacao.niteroi.rj.gov.br\/index.php?rest_route=\/wp\/v2\/posts\/17678\/revisions"}],"wp:attachment":[{"href":"https:\/\/www.educacao.niteroi.rj.gov.br\/index.php?rest_route=%2Fwp%2Fv2%2Fmedia&parent=17678"}],"wp:term":[{"taxonomy":"category","embeddable":true,"href":"https:\/\/www.educacao.niteroi.rj.gov.br\/index.php?rest_route=%2Fwp%2Fv2%2Fcategories&post=17678"},{"taxonomy":"post_tag","embeddable":true,"href":"https:\/\/www.educacao.niteroi.rj.gov.br\/index.php?rest_route=%2Fwp%2Fv2%2Ftags&post=17678"}],"curies":[{"name":"wp","href":"https:\/\/api.w.org\/{rel}","templated":true}]}}