{"id":17682,"date":"2017-05-03T19:51:03","date_gmt":"2017-05-03T19:51:03","guid":{"rendered":"https:\/\/educacao.niteroi.rj.gov.br\/?p=17682"},"modified":"2017-05-03T19:51:03","modified_gmt":"2017-05-03T19:51:03","slug":"projeto-alfabetizacao-reune-professores-de-1o-ano","status":"publish","type":"post","link":"https:\/\/www.educacao.niteroi.rj.gov.br\/?p=17682","title":{"rendered":"Projeto Alfabetiz(A\u00e7\u00e3o) re\u00fane professores de 1\u00ba ano."},"content":{"rendered":"<p>A Superintend&ecirc;ncia de Desenvolvimento de Ensino da Secretaria Municipal de Educa&ccedil;&atilde;o e a Funda&ccedil;&atilde;o Municipal de Educa&ccedil;&atilde;o, atrav&eacute;s da Diretoria de 1&ordm; e 2&ordm; ciclos realizaram na manh&atilde; desta quarta-feira (30), na Universidade Salgado de Oliveira (Universo), mais uma forma&ccedil;&atilde;o de professores de alfabetiza&ccedil;&atilde;o.<\/p>\n<p>O quarto encontro do Projeto Alfabetiz(A&ccedil;&atilde;o) reuniu professores do 1&ordm; ano da rede para trabalhar a tem&aacute;tica: &quot;N&iacute;veis de escrita e produ&ccedil;&atilde;o textual: uma proposta de (des)constru&ccedil;&atilde;o&quot;.<\/p>\n<p>As<a name=\"_GoBack\"><\/a> professoras Fernanda Frambach e Jacqueline Martins desenvolveram uma atividade onde os professores foram convidados a refletir sobre a escrita, atrav&eacute;s da do livro: &quot;A hist&oacute;ria do le&atilde;o que n&atilde;o sabia escrever&quot;, de Martin Baltscheit.<\/p>\n<p>Diversos assuntos foram abordados, entre eles os diferentes modos de pensar a escrita no processo de ensino-aprendizagem, pr&aacute;ticas sociais da leitura e da escrita. Encerrando a programa&ccedil;&atilde;o, os professores desenvolveram propostas de trabalho com atividades para produ&ccedil;&atilde;o escrita.<\/p>\n<p>Texto: Maria Paula Mac&aacute;rio<\/p>\n<p>Fotos: Alan Jorge Dornelas<\/p>\n<p><a href=\"https:\/\/educacao.niteroi.rj.gov.br\/wp-content\/uploads\/2017\/05\/20170503_084752.jpg\"><img loading=\"lazy\" decoding=\"async\" alt=\"20170503_084752\" class=\"aligncenter size-large wp-image-17683\" height=\"576\" src=\"https:\/\/educacao.niteroi.rj.gov.br\/wp-content\/uploads\/2017\/05\/20170503_084752-1024x576.jpg\" width=\"1024\" \/><\/a> <a href=\"https:\/\/educacao.niteroi.rj.gov.br\/wp-content\/uploads\/2017\/05\/20170503_085036.jpg\"><img loading=\"lazy\" decoding=\"async\" alt=\"20170503_085036\" class=\"aligncenter size-large wp-image-17684\" height=\"576\" src=\"https:\/\/educacao.niteroi.rj.gov.br\/wp-content\/uploads\/2017\/05\/20170503_085036-1024x576.jpg\" width=\"1024\" \/><\/a><\/p>\n","protected":false},"excerpt":{"rendered":"<p>A Superintend&ecirc;ncia de Desenvolvimento de Ensino da Secretaria Municipal de Educa&ccedil;&atilde;o e a Funda&ccedil;&atilde;o Municipal de Educa&ccedil;&atilde;o, atrav&eacute;s da Diretoria de 1&ordm; e 2&ordm; ciclos realizaram na manh&atilde; desta quarta-feira (30), na Universidade Salgado de Oliveira (Universo), mais uma forma&ccedil;&atilde;o de professores de alfabetiza&ccedil;&atilde;o. O quarto encontro do Projeto Alfabetiz(A&ccedil;&atilde;o) reuniu professores do 1&ordm; ano [&hellip;]<\/p>\n","protected":false},"author":7,"featured_media":0,"comment_status":"open","ping_status":"open","sticky":false,"template":"","format":"standard","meta":{"_et_pb_use_builder":"","_et_pb_old_content":"","_et_gb_content_width":"","footnotes":""},"categories":[18,4,6,10],"tags":[],"class_list":["post-17682","post","type-post","status-publish","format-standard","hentry","category-18","category-destaque","category-noticias","category-ultimas-noticias"],"_links":{"self":[{"href":"https:\/\/www.educacao.niteroi.rj.gov.br\/index.php?rest_route=\/wp\/v2\/posts\/17682","targetHints":{"allow":["GET"]}}],"collection":[{"href":"https:\/\/www.educacao.niteroi.rj.gov.br\/index.php?rest_route=\/wp\/v2\/posts"}],"about":[{"href":"https:\/\/www.educacao.niteroi.rj.gov.br\/index.php?rest_route=\/wp\/v2\/types\/post"}],"author":[{"embeddable":true,"href":"https:\/\/www.educacao.niteroi.rj.gov.br\/index.php?rest_route=\/wp\/v2\/users\/7"}],"replies":[{"embeddable":true,"href":"https:\/\/www.educacao.niteroi.rj.gov.br\/index.php?rest_route=%2Fwp%2Fv2%2Fcomments&post=17682"}],"version-history":[{"count":0,"href":"https:\/\/www.educacao.niteroi.rj.gov.br\/index.php?rest_route=\/wp\/v2\/posts\/17682\/revisions"}],"wp:attachment":[{"href":"https:\/\/www.educacao.niteroi.rj.gov.br\/index.php?rest_route=%2Fwp%2Fv2%2Fmedia&parent=17682"}],"wp:term":[{"taxonomy":"category","embeddable":true,"href":"https:\/\/www.educacao.niteroi.rj.gov.br\/index.php?rest_route=%2Fwp%2Fv2%2Fcategories&post=17682"},{"taxonomy":"post_tag","embeddable":true,"href":"https:\/\/www.educacao.niteroi.rj.gov.br\/index.php?rest_route=%2Fwp%2Fv2%2Ftags&post=17682"}],"curies":[{"name":"wp","href":"https:\/\/api.w.org\/{rel}","templated":true}]}}