{"id":17686,"date":"2017-05-03T19:54:05","date_gmt":"2017-05-03T19:54:05","guid":{"rendered":"https:\/\/educacao.niteroi.rj.gov.br\/?p=17686"},"modified":"2017-05-03T19:54:05","modified_gmt":"2017-05-03T19:54:05","slug":"formacao-reune-professores-de-educacao-fisica","status":"publish","type":"post","link":"https:\/\/www.educacao.niteroi.rj.gov.br\/?p=17686","title":{"rendered":"Forma\u00e7\u00e3o re\u00fane professores de Educa\u00e7\u00e3o Fisica"},"content":{"rendered":"<p>A Secretaria Municipal de Educa&ccedil;&atilde;o de Niter&oacute;i e a Funda&ccedil;&atilde;o Municipal, atrav&eacute;s da &nbsp;Diretoria de 3&ordm; e 4&ordm; ciclos realizaram na manh&atilde; desta quarta-feira (3) no campus da Universidade Salgado de Oliveira (UNIVERSO) uma forma&ccedil;&atilde;o para os professores de Educa&ccedil;&atilde;o F&iacute;sica da rede.<\/p>\n<p>Durante o encontro, que contou com a presen&ccedil;a dos alunos do curso de Educa&ccedil;&atilde;o F&iacute;sica da UNIVERSO, &nbsp;todos puderam assistir a uma palestra proferida pelo Professor da Universidade Federal do Rio de Janeiro (UFRJ), Jos&eacute; Maria Pereira da Silva, sobre Corrida de Orienta&ccedil;&atilde;o.<\/p>\n<p>A forma&ccedil;&atilde;o teve como objetivo proporcionar o entendimento te&oacute;rico da modalidade e permitir aos professores que trabalhem com as demais disciplinas. Na &nbsp;modalidade, praticada ao ar livre, os participantes devem passar por pontos de controle com a utiliza&ccedil;&atilde;o de um mapa e uma b&uacute;ssola.<\/p>\n<p>&quot;A ideia &eacute; aproveitar essa primeira oportunidade para uma primeira apresenta&ccedil;&atilde;o do esporte orienta&ccedil;&atilde;o, como ele &eacute; executado e quais s&atilde;o as suas regras. No pr&oacute;ximo encontro veremos como ele funciona na pr&aacute;tica. &rdquo;, explicou o Professor Jos&eacute; Maria Pereira da Silva.<\/p>\n<p>A Coordenadora Pedag&oacute;gica de Educa&ccedil;&atilde;o F&iacute;sica, professora L&uacute;cia Voss ressaltou&nbsp; a import&acirc;ncia da iniciativa nas escolas: &quot;A Corrida de Orienta&ccedil;&atilde;o &eacute; um esporte que possibilitar aos professores das demais disciplinas criadas outras a partir da tem&aacute;tica da corrida&rdquo;, destacou.<\/p>\n<p>Al&eacute;m da presen&ccedil;a de toda diretoria de 3&ordm; e 4&ordm; ciclos, o evento contou tamb&eacute;m com a participa&ccedil;&atilde;o da Coordenadora de Matem&aacute;tica da Rede, Nisse Castro de Oliveira e da Coordenadora de Hist&oacute;ria e Geografia, Rosane Feu.<\/p>\n<p>O mesmo grupo que participou do encontro desta manh&atilde; deve se encontrar novamente no pr&oacute;ximo s&aacute;bado (6) para realizar a parte pr&aacute;tica da modalidade. Todos os presentes receber&atilde;o certificado de conclus&atilde;o.<\/p>\n<p>Texto: Maria Paula Mac&aacute;rio e Alan Jorge Dornelas<\/p>\n<p>Fotos: Alan Jorge Dornelas<\/p>\n<p><a href=\"https:\/\/educacao.niteroi.rj.gov.br\/wp-content\/uploads\/2017\/05\/6DAB2659-EFE4-4C3C-A054-F821085D492B-1.jpg\"><img loading=\"lazy\" decoding=\"async\" alt=\"6DAB2659-EFE4-4C3C-A054-F821085D492B\" class=\"aligncenter size-large wp-image-17687\" height=\"768\" src=\"https:\/\/educacao.niteroi.rj.gov.br\/wp-content\/uploads\/2017\/05\/6DAB2659-EFE4-4C3C-A054-F821085D492B-1-1024x768.jpg\" width=\"1024\" \/><\/a> <a href=\"https:\/\/educacao.niteroi.rj.gov.br\/wp-content\/uploads\/2017\/05\/20170503_101924-1.jpg\"><img loading=\"lazy\" decoding=\"async\" alt=\"20170503_101924\" class=\"aligncenter size-large wp-image-17688\" height=\"576\" src=\"https:\/\/educacao.niteroi.rj.gov.br\/wp-content\/uploads\/2017\/05\/20170503_101924-1-1024x576.jpg\" width=\"1024\" \/><\/a><\/p>\n","protected":false},"excerpt":{"rendered":"<p>A Secretaria Municipal de Educa&ccedil;&atilde;o de Niter&oacute;i e a Funda&ccedil;&atilde;o Municipal, atrav&eacute;s da &nbsp;Diretoria de 3&ordm; e 4&ordm; ciclos realizaram na manh&atilde; desta quarta-feira (3) no campus da Universidade Salgado de Oliveira (UNIVERSO) uma forma&ccedil;&atilde;o para os professores de Educa&ccedil;&atilde;o F&iacute;sica da rede. Durante o encontro, que contou com a presen&ccedil;a dos alunos do curso [&hellip;]<\/p>\n","protected":false},"author":7,"featured_media":0,"comment_status":"open","ping_status":"open","sticky":false,"template":"","format":"standard","meta":{"_et_pb_use_builder":"","_et_pb_old_content":"","_et_gb_content_width":"","footnotes":""},"categories":[18,4,6,10],"tags":[],"class_list":["post-17686","post","type-post","status-publish","format-standard","hentry","category-18","category-destaque","category-noticias","category-ultimas-noticias"],"_links":{"self":[{"href":"https:\/\/www.educacao.niteroi.rj.gov.br\/index.php?rest_route=\/wp\/v2\/posts\/17686","targetHints":{"allow":["GET"]}}],"collection":[{"href":"https:\/\/www.educacao.niteroi.rj.gov.br\/index.php?rest_route=\/wp\/v2\/posts"}],"about":[{"href":"https:\/\/www.educacao.niteroi.rj.gov.br\/index.php?rest_route=\/wp\/v2\/types\/post"}],"author":[{"embeddable":true,"href":"https:\/\/www.educacao.niteroi.rj.gov.br\/index.php?rest_route=\/wp\/v2\/users\/7"}],"replies":[{"embeddable":true,"href":"https:\/\/www.educacao.niteroi.rj.gov.br\/index.php?rest_route=%2Fwp%2Fv2%2Fcomments&post=17686"}],"version-history":[{"count":0,"href":"https:\/\/www.educacao.niteroi.rj.gov.br\/index.php?rest_route=\/wp\/v2\/posts\/17686\/revisions"}],"wp:attachment":[{"href":"https:\/\/www.educacao.niteroi.rj.gov.br\/index.php?rest_route=%2Fwp%2Fv2%2Fmedia&parent=17686"}],"wp:term":[{"taxonomy":"category","embeddable":true,"href":"https:\/\/www.educacao.niteroi.rj.gov.br\/index.php?rest_route=%2Fwp%2Fv2%2Fcategories&post=17686"},{"taxonomy":"post_tag","embeddable":true,"href":"https:\/\/www.educacao.niteroi.rj.gov.br\/index.php?rest_route=%2Fwp%2Fv2%2Ftags&post=17686"}],"curies":[{"name":"wp","href":"https:\/\/api.w.org\/{rel}","templated":true}]}}