{"id":17693,"date":"2017-04-26T13:22:43","date_gmt":"2017-04-26T13:22:43","guid":{"rendered":"https:\/\/educacao.niteroi.rj.gov.br\/?p=17693"},"modified":"2017-04-26T13:22:43","modified_gmt":"2017-04-26T13:22:43","slug":"formacao-reune-professores-articuladores-de-aceleracao-das-aprendizagens-2","status":"publish","type":"post","link":"https:\/\/www.educacao.niteroi.rj.gov.br\/?p=17693","title":{"rendered":"Forma\u00e7\u00e3o re\u00fane Professores Articuladores de Acelera\u00e7\u00e3o das Aprendizagens"},"content":{"rendered":"<p>A Secretaria Municipal de Educa&ccedil;&atilde;o e a Funda&ccedil;&atilde;o Municipal de Educa&ccedil;&atilde;o promoveram nesta quarta-feira(26), no Audit&oacute;rio Darcy Ribeiro, Espa&ccedil;o Oswaldo Salles, o terceiro encontro de Forma&ccedil;&atilde;o com Professores Articuladores de Acelera&ccedil;&atilde;o das Aprendizagens.<\/p>\n<p>A forma&ccedil;&atilde;o foi direcionada &agrave; Educa&ccedil;&atilde;o Infantil das escolas de 1&ordm; e 2&ordm; ciclo munic&iacute;pio &nbsp;de Niter&oacute;i e abordou a import&acirc;ncia do ambiente matematizador na constru&ccedil;&atilde;o do conhecimento.<\/p>\n<p>A palestra foi ministrada pela Coordenadora de Matem&aacute;tica do 3&ordm; e 4&ordm; ciclo de ensino, Nice Oliveira, que ressaltou a necessidade da elabora&ccedil;&atilde;o de a&ccedil;&otilde;es para a constru&ccedil;&atilde;o, formaliza&ccedil;&atilde;o e fechamento do conte&uacute;do matem&aacute;tico nas escolas. &ldquo;Atrav&eacute;s dessa iniciativa ser&aacute; poss&iacute;vel fazer com que as nossas crian&ccedil;as avancem na aprendizagem e aprofundem o conhecimento com o aux&iacute;lio do professor&quot;, afirmou.<\/p>\n<p>&nbsp;<\/p>\n<p>Texto e fotos: Larissa Lisboa.<\/p>\n<p>&nbsp;<\/p>\n<p><a href=\"https:\/\/educacao.niteroi.rj.gov.br\/wp-content\/uploads\/2017\/05\/MG_2705.jpg\"><img loading=\"lazy\" decoding=\"async\" alt=\"_MG_2705\" class=\"aligncenter size-large wp-image-17694\" height=\"683\" src=\"https:\/\/educacao.niteroi.rj.gov.br\/wp-content\/uploads\/2017\/05\/MG_2705-1024x683.jpg\" width=\"1024\" \/><\/a> <a href=\"https:\/\/educacao.niteroi.rj.gov.br\/wp-content\/uploads\/2017\/05\/MG_2708.jpg\"><img loading=\"lazy\" decoding=\"async\" alt=\"_MG_2708\" class=\"aligncenter size-large wp-image-17695\" height=\"683\" src=\"https:\/\/educacao.niteroi.rj.gov.br\/wp-content\/uploads\/2017\/05\/MG_2708-1024x683.jpg\" width=\"1024\" \/><\/a> <a href=\"https:\/\/educacao.niteroi.rj.gov.br\/wp-content\/uploads\/2017\/05\/IMG_2702.jpg\"><img loading=\"lazy\" decoding=\"async\" alt=\"IMG_2702\" class=\"aligncenter size-large wp-image-17696\" height=\"683\" src=\"https:\/\/educacao.niteroi.rj.gov.br\/wp-content\/uploads\/2017\/05\/IMG_2702-1024x683.jpg\" width=\"1024\" \/><\/a><\/p>\n","protected":false},"excerpt":{"rendered":"<p>A Secretaria Municipal de Educa&ccedil;&atilde;o e a Funda&ccedil;&atilde;o Municipal de Educa&ccedil;&atilde;o promoveram nesta quarta-feira(26), no Audit&oacute;rio Darcy Ribeiro, Espa&ccedil;o Oswaldo Salles, o terceiro encontro de Forma&ccedil;&atilde;o com Professores Articuladores de Acelera&ccedil;&atilde;o das Aprendizagens. A forma&ccedil;&atilde;o foi direcionada &agrave; Educa&ccedil;&atilde;o Infantil das escolas de 1&ordm; e 2&ordm; ciclo munic&iacute;pio &nbsp;de Niter&oacute;i e abordou a import&acirc;ncia do [&hellip;]<\/p>\n","protected":false},"author":7,"featured_media":0,"comment_status":"open","ping_status":"open","sticky":false,"template":"","format":"standard","meta":{"_et_pb_use_builder":"","_et_pb_old_content":"","_et_gb_content_width":"","footnotes":""},"categories":[18,4,6,10],"tags":[],"class_list":["post-17693","post","type-post","status-publish","format-standard","hentry","category-18","category-destaque","category-noticias","category-ultimas-noticias"],"_links":{"self":[{"href":"https:\/\/www.educacao.niteroi.rj.gov.br\/index.php?rest_route=\/wp\/v2\/posts\/17693","targetHints":{"allow":["GET"]}}],"collection":[{"href":"https:\/\/www.educacao.niteroi.rj.gov.br\/index.php?rest_route=\/wp\/v2\/posts"}],"about":[{"href":"https:\/\/www.educacao.niteroi.rj.gov.br\/index.php?rest_route=\/wp\/v2\/types\/post"}],"author":[{"embeddable":true,"href":"https:\/\/www.educacao.niteroi.rj.gov.br\/index.php?rest_route=\/wp\/v2\/users\/7"}],"replies":[{"embeddable":true,"href":"https:\/\/www.educacao.niteroi.rj.gov.br\/index.php?rest_route=%2Fwp%2Fv2%2Fcomments&post=17693"}],"version-history":[{"count":0,"href":"https:\/\/www.educacao.niteroi.rj.gov.br\/index.php?rest_route=\/wp\/v2\/posts\/17693\/revisions"}],"wp:attachment":[{"href":"https:\/\/www.educacao.niteroi.rj.gov.br\/index.php?rest_route=%2Fwp%2Fv2%2Fmedia&parent=17693"}],"wp:term":[{"taxonomy":"category","embeddable":true,"href":"https:\/\/www.educacao.niteroi.rj.gov.br\/index.php?rest_route=%2Fwp%2Fv2%2Fcategories&post=17693"},{"taxonomy":"post_tag","embeddable":true,"href":"https:\/\/www.educacao.niteroi.rj.gov.br\/index.php?rest_route=%2Fwp%2Fv2%2Ftags&post=17693"}],"curies":[{"name":"wp","href":"https:\/\/api.w.org\/{rel}","templated":true}]}}