{"id":17724,"date":"2017-05-08T20:42:15","date_gmt":"2017-05-08T20:42:15","guid":{"rendered":"https:\/\/educacao.niteroi.rj.gov.br\/?p=17724"},"modified":"2017-05-08T20:42:15","modified_gmt":"2017-05-08T20:42:15","slug":"educacao-infantil-realiza-encontro-com-diretores-de-umeis-com-bercarios","status":"publish","type":"post","link":"https:\/\/www.educacao.niteroi.rj.gov.br\/?p=17724","title":{"rendered":"Educa\u00e7\u00e3o Infantil realiza encontro com diretores de UMEIs com Ber\u00e7\u00e1rios"},"content":{"rendered":"<p>&nbsp;<\/p>\n<p style=\"text-align: justify;\">A Diretoria de Educa&ccedil;&atilde;o Infantil realizou nesta segunda-feira (8), no Espa&ccedil;o Oswaldo Salles, um encontro com diretores de 12 Unidades Municipais de Educa&ccedil;&atilde;o Infantil (UMEI) al&eacute;m de duas Creches Comunit&aacute;rias que possuem Ber&ccedil;&aacute;rios.<\/p>\n<p style=\"text-align: justify;\">O objetivo do encontro foi abrir um espa&ccedil;o de debate com os gestores, ouvir sugest&otilde;es de melhorias para o funcionamento dos ber&ccedil;&aacute;rios, al&eacute;m de discutir as diretrizes e as bases da Educa&ccedil;&atilde;o Infantil.<\/p>\n<p style=\"text-align: justify;\">A secret&aacute;ria da Educa&ccedil;&atilde;o, Fl&aacute;via Monteiro, elogiou a iniciativa. &ldquo;A rede municipal aumentou significativamente na atual gest&atilde;o. Precisamos ouvir as escolas para poder caminhar e avan&ccedil;ar no ensino e no cuidado di&aacute;rio com as crian&ccedil;as&rdquo;.<\/p>\n<p style=\"text-align: justify;\">Durante a reuni&atilde;o, dirigida pela diretora da Educa&ccedil;&atilde;o Infantil, Eliza Pandino, foram abordados diversos assuntos pedag&oacute;gicos e administrativos, a rotina das escolas, o trabalho di&aacute;rio do Pedagogo com as crian&ccedil;as e o funcionamento das Unidades no cotidiano escolar.<\/p>\n<p style=\"text-align: justify;\">Para o presidente da Funda&ccedil;&atilde;o Municipal de Educa&ccedil;&atilde;o de Niter&oacute;i, Bruno Ribeiro, destacou as melhorias feitas nos ber&ccedil;&aacute;rios nas escolas, tendo em vista que os alunos passam mais tempo nas UMEIs do que em casa. &ldquo;Acho important&iacute;ssimo ter como proposta a adequa&ccedil;&atilde;o do espa&ccedil;o f&iacute;sico escolar, para que este esteja preparado para receber as crian&ccedil;as&rdquo;.<\/p>\n<p style=\"text-align: justify;\">&nbsp;<\/p>\n<p style=\"text-align: justify;\">Texto: &Eacute;rika Ferreira e Larissa Lisboa.<\/p>\n<p style=\"text-align: justify;\">Fotos: Larissa Lisboa.<\/p>\n<p>&nbsp;<\/p>\n<p><a href=\"https:\/\/educacao.niteroi.rj.gov.br\/wp-content\/uploads\/2017\/05\/MG_3541.jpg\"><img loading=\"lazy\" decoding=\"async\" alt=\"_MG_3541\" class=\"aligncenter size-large wp-image-17725\" height=\"457\" src=\"https:\/\/educacao.niteroi.rj.gov.br\/wp-content\/uploads\/2017\/05\/MG_3541-1024x457.jpg\" width=\"1024\" \/><\/a> <a href=\"https:\/\/educacao.niteroi.rj.gov.br\/wp-content\/uploads\/2017\/05\/IMG_3482.jpg\"><img loading=\"lazy\" decoding=\"async\" alt=\"IMG_3482\" class=\"aligncenter size-large wp-image-17726\" height=\"857\" src=\"https:\/\/educacao.niteroi.rj.gov.br\/wp-content\/uploads\/2017\/05\/IMG_3482-1024x857.jpg\" width=\"1024\" \/><\/a><a href=\"https:\/\/educacao.niteroi.rj.gov.br\/wp-content\/uploads\/2017\/05\/MG_3498.jpg\"><img loading=\"lazy\" decoding=\"async\" alt=\"_MG_3498\" class=\"aligncenter size-large wp-image-17727\" height=\"553\" src=\"https:\/\/educacao.niteroi.rj.gov.br\/wp-content\/uploads\/2017\/05\/MG_3498-1024x553.jpg\" width=\"1024\" \/><\/a> <a href=\"https:\/\/educacao.niteroi.rj.gov.br\/wp-content\/uploads\/2017\/05\/MG_3544.jpg\"><img loading=\"lazy\" decoding=\"async\" alt=\"_MG_3544\" class=\"aligncenter size-large wp-image-17728\" height=\"571\" src=\"https:\/\/educacao.niteroi.rj.gov.br\/wp-content\/uploads\/2017\/05\/MG_3544-1024x571.jpg\" width=\"1024\" \/><\/a> <a href=\"https:\/\/educacao.niteroi.rj.gov.br\/wp-content\/uploads\/2017\/05\/MG_3549.jpg\"><img loading=\"lazy\" decoding=\"async\" alt=\"_MG_3549\" class=\"aligncenter size-large wp-image-17729\" height=\"683\" src=\"https:\/\/educacao.niteroi.rj.gov.br\/wp-content\/uploads\/2017\/05\/MG_3549-1024x683.jpg\" width=\"1024\" \/><\/a><\/p>\n","protected":false},"excerpt":{"rendered":"<p>&nbsp; A Diretoria de Educa&ccedil;&atilde;o Infantil realizou nesta segunda-feira (8), no Espa&ccedil;o Oswaldo Salles, um encontro com diretores de 12 Unidades Municipais de Educa&ccedil;&atilde;o Infantil (UMEI) al&eacute;m de duas Creches Comunit&aacute;rias que possuem Ber&ccedil;&aacute;rios. O objetivo do encontro foi abrir um espa&ccedil;o de debate com os gestores, ouvir sugest&otilde;es de melhorias para o funcionamento dos [&hellip;]<\/p>\n","protected":false},"author":7,"featured_media":0,"comment_status":"open","ping_status":"open","sticky":false,"template":"","format":"standard","meta":{"_et_pb_use_builder":"","_et_pb_old_content":"","_et_gb_content_width":"","footnotes":""},"categories":[18,4,6,10],"tags":[],"class_list":["post-17724","post","type-post","status-publish","format-standard","hentry","category-18","category-destaque","category-noticias","category-ultimas-noticias"],"_links":{"self":[{"href":"https:\/\/www.educacao.niteroi.rj.gov.br\/index.php?rest_route=\/wp\/v2\/posts\/17724","targetHints":{"allow":["GET"]}}],"collection":[{"href":"https:\/\/www.educacao.niteroi.rj.gov.br\/index.php?rest_route=\/wp\/v2\/posts"}],"about":[{"href":"https:\/\/www.educacao.niteroi.rj.gov.br\/index.php?rest_route=\/wp\/v2\/types\/post"}],"author":[{"embeddable":true,"href":"https:\/\/www.educacao.niteroi.rj.gov.br\/index.php?rest_route=\/wp\/v2\/users\/7"}],"replies":[{"embeddable":true,"href":"https:\/\/www.educacao.niteroi.rj.gov.br\/index.php?rest_route=%2Fwp%2Fv2%2Fcomments&post=17724"}],"version-history":[{"count":0,"href":"https:\/\/www.educacao.niteroi.rj.gov.br\/index.php?rest_route=\/wp\/v2\/posts\/17724\/revisions"}],"wp:attachment":[{"href":"https:\/\/www.educacao.niteroi.rj.gov.br\/index.php?rest_route=%2Fwp%2Fv2%2Fmedia&parent=17724"}],"wp:term":[{"taxonomy":"category","embeddable":true,"href":"https:\/\/www.educacao.niteroi.rj.gov.br\/index.php?rest_route=%2Fwp%2Fv2%2Fcategories&post=17724"},{"taxonomy":"post_tag","embeddable":true,"href":"https:\/\/www.educacao.niteroi.rj.gov.br\/index.php?rest_route=%2Fwp%2Fv2%2Ftags&post=17724"}],"curies":[{"name":"wp","href":"https:\/\/api.w.org\/{rel}","templated":true}]}}