{"id":17750,"date":"2017-05-04T00:00:13","date_gmt":"2017-05-04T00:00:13","guid":{"rendered":"https:\/\/educacao.niteroi.rj.gov.br\/?p=17750"},"modified":"2017-05-04T00:00:13","modified_gmt":"2017-05-04T00:00:13","slug":"fme-realiza-o-segundo-minicurso-de-musicalizacao-na-educacao-infantil","status":"publish","type":"post","link":"https:\/\/www.educacao.niteroi.rj.gov.br\/?p=17750","title":{"rendered":"FME realiza o segundo Minicurso de Musicaliza\u00e7\u00e3o na Educa\u00e7\u00e3o Infantil"},"content":{"rendered":"<p>A Diretoria de Educa&ccedil;&atilde;o Infantil da Secretaria de Educa&ccedil;&atilde;o de Niter&oacute;i realizou nesta quinta-feira (4), no Audit&oacute;rio Darcy Ribeiro, no Espa&ccedil;o Oswaldo Salles, o primeiro encontro do curso de Musicaliza&ccedil;&atilde;o na Educa&ccedil;&atilde;o Infantil, em segunda edi&ccedil;&atilde;o, destinado aos professores das Unidades Municipais de Educa&ccedil;&atilde;o e Creches Comunit&aacute;rias conveniadas com o Programa Crian&ccedil;a na Creche (ProCC).<\/p>\n<p>De acordo com a diretora de Educa&ccedil;&atilde;o Infantil, Eliza Pandino, o objetivo do curso &eacute; abordar a import&acirc;ncia da m&uacute;sica na primeira inf&acirc;ncia e de que maneira ela pode ser trabalhada no cotidiano da escola.<\/p>\n<p>Esse primeiro encontro contou com a presen&ccedil;a da fonoaudi&oacute;loga da SEMECT\/FME e Doutora em Neuroci&ecirc;ncias pela Universidade Federal Fluminense (UFF), Lucienne Souza, que ressaltou a import&acirc;ncia da percep&ccedil;&atilde;o sonora no desenvolvimento do aluno.<\/p>\n<p>&ldquo;O c&eacute;rebro detecta a linguagem sonora e decodifica a informa&ccedil;&atilde;o, auxiliando a aprendizagem e o desenvolvimento do processo cognitivo da crian&ccedil;a&rdquo;, explicou Lucienne.<\/p>\n<p>Os pr&oacute;ximos encontros est&atilde;o previstos&nbsp; &nbsp;para as seguintes datas:<\/p>\n<p>19\/05 &#8211; <strong>Sons de todo lugar &ndash; A diversidade do Universo Sonoro Musical<\/strong><\/p>\n<p>25\/05 &#8211; <strong>O corpo em a&ccedil;&atilde;o &ndash; Integra&ccedil;&atilde;o Som e Movimento<\/strong><\/p>\n<p>01\/06 &#8211;<strong> Sons Ancestrais<\/strong><\/p>\n<p>&nbsp;<\/p>\n<p>Texto: &Eacute;rika Ferreira e Larissa Lisboa.<\/p>\n<p>Fotos: Larissa Lisboa.<\/p>\n<p><a href=\"https:\/\/educacao.niteroi.rj.gov.br\/wp-content\/uploads\/2017\/05\/IMG_3249.jpg\"><img loading=\"lazy\" decoding=\"async\" alt=\"IMG_3249\" class=\"aligncenter size-large wp-image-17751\" height=\"683\" src=\"https:\/\/educacao.niteroi.rj.gov.br\/wp-content\/uploads\/2017\/05\/IMG_3249-1024x683.jpg\" width=\"1024\" \/><\/a> <a href=\"https:\/\/educacao.niteroi.rj.gov.br\/wp-content\/uploads\/2017\/05\/IMG_3252.jpg\"><img loading=\"lazy\" decoding=\"async\" alt=\"IMG_3252\" class=\"aligncenter size-large wp-image-17752\" height=\"683\" src=\"https:\/\/educacao.niteroi.rj.gov.br\/wp-content\/uploads\/2017\/05\/IMG_3252-1024x683.jpg\" width=\"1024\" \/><\/a> <a href=\"https:\/\/educacao.niteroi.rj.gov.br\/wp-content\/uploads\/2017\/05\/IMG_3259.jpg\"><img loading=\"lazy\" decoding=\"async\" alt=\"IMG_3259\" class=\"aligncenter size-large wp-image-17753\" height=\"683\" src=\"https:\/\/educacao.niteroi.rj.gov.br\/wp-content\/uploads\/2017\/05\/IMG_3259-1024x683.jpg\" width=\"1024\" \/><\/a> <a href=\"https:\/\/educacao.niteroi.rj.gov.br\/wp-content\/uploads\/2017\/05\/IMG_3290.jpg\"><img loading=\"lazy\" decoding=\"async\" alt=\"IMG_3290\" class=\"aligncenter size-large wp-image-17754\" height=\"683\" src=\"https:\/\/educacao.niteroi.rj.gov.br\/wp-content\/uploads\/2017\/05\/IMG_3290-1024x683.jpg\" width=\"1024\" \/><\/a><\/p>\n<p>&nbsp;<\/p>\n","protected":false},"excerpt":{"rendered":"<p>A Diretoria de Educa&ccedil;&atilde;o Infantil da Secretaria de Educa&ccedil;&atilde;o de Niter&oacute;i realizou nesta quinta-feira (4), no Audit&oacute;rio Darcy Ribeiro, no Espa&ccedil;o Oswaldo Salles, o primeiro encontro do curso de Musicaliza&ccedil;&atilde;o na Educa&ccedil;&atilde;o Infantil, em segunda edi&ccedil;&atilde;o, destinado aos professores das Unidades Municipais de Educa&ccedil;&atilde;o e Creches Comunit&aacute;rias conveniadas com o Programa Crian&ccedil;a na Creche (ProCC). [&hellip;]<\/p>\n","protected":false},"author":7,"featured_media":0,"comment_status":"open","ping_status":"open","sticky":false,"template":"","format":"standard","meta":{"_et_pb_use_builder":"","_et_pb_old_content":"","_et_gb_content_width":"","footnotes":""},"categories":[18,6,10],"tags":[],"class_list":["post-17750","post","type-post","status-publish","format-standard","hentry","category-18","category-noticias","category-ultimas-noticias"],"_links":{"self":[{"href":"https:\/\/www.educacao.niteroi.rj.gov.br\/index.php?rest_route=\/wp\/v2\/posts\/17750","targetHints":{"allow":["GET"]}}],"collection":[{"href":"https:\/\/www.educacao.niteroi.rj.gov.br\/index.php?rest_route=\/wp\/v2\/posts"}],"about":[{"href":"https:\/\/www.educacao.niteroi.rj.gov.br\/index.php?rest_route=\/wp\/v2\/types\/post"}],"author":[{"embeddable":true,"href":"https:\/\/www.educacao.niteroi.rj.gov.br\/index.php?rest_route=\/wp\/v2\/users\/7"}],"replies":[{"embeddable":true,"href":"https:\/\/www.educacao.niteroi.rj.gov.br\/index.php?rest_route=%2Fwp%2Fv2%2Fcomments&post=17750"}],"version-history":[{"count":0,"href":"https:\/\/www.educacao.niteroi.rj.gov.br\/index.php?rest_route=\/wp\/v2\/posts\/17750\/revisions"}],"wp:attachment":[{"href":"https:\/\/www.educacao.niteroi.rj.gov.br\/index.php?rest_route=%2Fwp%2Fv2%2Fmedia&parent=17750"}],"wp:term":[{"taxonomy":"category","embeddable":true,"href":"https:\/\/www.educacao.niteroi.rj.gov.br\/index.php?rest_route=%2Fwp%2Fv2%2Fcategories&post=17750"},{"taxonomy":"post_tag","embeddable":true,"href":"https:\/\/www.educacao.niteroi.rj.gov.br\/index.php?rest_route=%2Fwp%2Fv2%2Ftags&post=17750"}],"curies":[{"name":"wp","href":"https:\/\/api.w.org\/{rel}","templated":true}]}}