{"id":18071,"date":"2017-05-10T19:13:21","date_gmt":"2017-05-10T19:13:21","guid":{"rendered":"https:\/\/educacao.niteroi.rj.gov.br\/?p=18071"},"modified":"2017-05-10T19:13:21","modified_gmt":"2017-05-10T19:13:21","slug":"professores-e-pedagogos-participam-de-curso-de-mediacao-pedagogica","status":"publish","type":"post","link":"https:\/\/www.educacao.niteroi.rj.gov.br\/?p=18071","title":{"rendered":"Professores e pedagogos participam de curso de media\u00e7\u00e3o pedag\u00f3gica"},"content":{"rendered":"<p>Professores e pedagogos de 1&ordm; e 2&ordm; ciclo se reuniram na manh&atilde; desta quarta-feira (10) no Audit&oacute;rio Professor Amaury Pereira Muniz, na Funda&ccedil;&atilde;o Municipal de Educa&ccedil;&atilde;o (FME) para mais uma etapa do curso de Media&ccedil;&atilde;o Pedag&oacute;gica nos Grupos de Alfabetiza&ccedil;&atilde;o.<\/p>\n<p>O encontro contou com a apresenta&ccedil;&atilde;o do grupo &quot;As Cigarras&quot;, composto por Liliane Balonecker, Rejane Tinoco e Camilla Bacelar que fazem parte da Coordena&ccedil;&atilde;o de Promo&ccedil;&atilde;o da Leitura.<\/p>\n<p>Na forma&ccedil;&atilde;o, que aconteceu em formato de sarau, com roda de leitura e din&acirc;micas, a campanha: &quot;Poesia em toda Parte: O texto po&eacute;tico e a alfabetiza&ccedil;&atilde;o&quot;, trouxe uma reflex&atilde;o para se pensar numa escola que precisa trabalhar caminhos atrav&eacute;s de conhecimento e afeto.<\/p>\n<p>O curso de Media&ccedil;&atilde;o Pedag&oacute;gica nos Grupos de Alfabetiza&ccedil;&atilde;o tem 40 horas de forma&ccedil;&atilde;o, organizado em 10 encontros quinzenais e tem como objetivo a media&ccedil;&atilde;o entre o profissional e os alunos no aux&iacute;lio do processo de aquisi&ccedil;&atilde;o da leitura e escrita.<\/p>\n<p>O pr&oacute;ximo encontro deve acontecer no dia 07\/06 com o tema:&nbsp;&quot;O di&aacute;logo entre a aprendizagem e ensino&quot;.&nbsp;<\/p>\n<p>Texto e fotos: Maria Paula Mac&aacute;rio<\/p>\n<p><a href=\"https:\/\/educacao.niteroi.rj.gov.br\/wp-content\/uploads\/2017\/05\/WhatsApp-Image-2017-05-10-at-12.11.36.jpeg\"><img loading=\"lazy\" decoding=\"async\" alt=\"WhatsApp Image 2017-05-10 at 12.11.36\" class=\"aligncenter size-large wp-image-18072\" height=\"768\" src=\"https:\/\/educacao.niteroi.rj.gov.br\/wp-content\/uploads\/2017\/05\/WhatsApp-Image-2017-05-10-at-12.11.36-1024x768.jpeg\" width=\"1024\" \/><\/a> <a href=\"https:\/\/educacao.niteroi.rj.gov.br\/wp-content\/uploads\/2017\/05\/WhatsApp-Image-2017-05-10-at-12.11.39-1.jpeg\"><img loading=\"lazy\" decoding=\"async\" alt=\"WhatsApp Image 2017-05-10 at 12.11.39 (1)\" class=\"aligncenter size-large wp-image-18073\" height=\"768\" src=\"https:\/\/educacao.niteroi.rj.gov.br\/wp-content\/uploads\/2017\/05\/WhatsApp-Image-2017-05-10-at-12.11.39-1-1024x768.jpeg\" width=\"1024\" \/><\/a> <a href=\"https:\/\/educacao.niteroi.rj.gov.br\/wp-content\/uploads\/2017\/05\/WhatsApp-Image-2017-05-10-at-12.11.46.jpeg\"><img loading=\"lazy\" decoding=\"async\" alt=\"WhatsApp Image 2017-05-10 at 12.11.46\" class=\"aligncenter size-large wp-image-18074\" height=\"768\" src=\"https:\/\/educacao.niteroi.rj.gov.br\/wp-content\/uploads\/2017\/05\/WhatsApp-Image-2017-05-10-at-12.11.46-1024x768.jpeg\" width=\"1024\" \/><\/a><\/p>\n","protected":false},"excerpt":{"rendered":"<p>Professores e pedagogos de 1&ordm; e 2&ordm; ciclo se reuniram na manh&atilde; desta quarta-feira (10) no Audit&oacute;rio Professor Amaury Pereira Muniz, na Funda&ccedil;&atilde;o Municipal de Educa&ccedil;&atilde;o (FME) para mais uma etapa do curso de Media&ccedil;&atilde;o Pedag&oacute;gica nos Grupos de Alfabetiza&ccedil;&atilde;o. O encontro contou com a apresenta&ccedil;&atilde;o do grupo &quot;As Cigarras&quot;, composto por Liliane Balonecker, Rejane [&hellip;]<\/p>\n","protected":false},"author":7,"featured_media":0,"comment_status":"open","ping_status":"open","sticky":false,"template":"","format":"standard","meta":{"_et_pb_use_builder":"","_et_pb_old_content":"","_et_gb_content_width":"","footnotes":""},"categories":[18,4,6,10],"tags":[],"class_list":["post-18071","post","type-post","status-publish","format-standard","hentry","category-18","category-destaque","category-noticias","category-ultimas-noticias"],"_links":{"self":[{"href":"https:\/\/www.educacao.niteroi.rj.gov.br\/index.php?rest_route=\/wp\/v2\/posts\/18071","targetHints":{"allow":["GET"]}}],"collection":[{"href":"https:\/\/www.educacao.niteroi.rj.gov.br\/index.php?rest_route=\/wp\/v2\/posts"}],"about":[{"href":"https:\/\/www.educacao.niteroi.rj.gov.br\/index.php?rest_route=\/wp\/v2\/types\/post"}],"author":[{"embeddable":true,"href":"https:\/\/www.educacao.niteroi.rj.gov.br\/index.php?rest_route=\/wp\/v2\/users\/7"}],"replies":[{"embeddable":true,"href":"https:\/\/www.educacao.niteroi.rj.gov.br\/index.php?rest_route=%2Fwp%2Fv2%2Fcomments&post=18071"}],"version-history":[{"count":0,"href":"https:\/\/www.educacao.niteroi.rj.gov.br\/index.php?rest_route=\/wp\/v2\/posts\/18071\/revisions"}],"wp:attachment":[{"href":"https:\/\/www.educacao.niteroi.rj.gov.br\/index.php?rest_route=%2Fwp%2Fv2%2Fmedia&parent=18071"}],"wp:term":[{"taxonomy":"category","embeddable":true,"href":"https:\/\/www.educacao.niteroi.rj.gov.br\/index.php?rest_route=%2Fwp%2Fv2%2Fcategories&post=18071"},{"taxonomy":"post_tag","embeddable":true,"href":"https:\/\/www.educacao.niteroi.rj.gov.br\/index.php?rest_route=%2Fwp%2Fv2%2Ftags&post=18071"}],"curies":[{"name":"wp","href":"https:\/\/api.w.org\/{rel}","templated":true}]}}