{"id":18076,"date":"2017-05-10T19:17:58","date_gmt":"2017-05-10T19:17:58","guid":{"rendered":"https:\/\/educacao.niteroi.rj.gov.br\/?p=18076"},"modified":"2017-05-10T19:17:58","modified_gmt":"2017-05-10T19:17:58","slug":"professores-de-educacao-fisica-participam-de-formacao-sobre-ensino-inclusivo","status":"publish","type":"post","link":"https:\/\/www.educacao.niteroi.rj.gov.br\/?p=18076","title":{"rendered":"Professores de Educa\u00e7\u00e3o F\u00edsica participam de forma\u00e7\u00e3o sobre Ensino Inclusivo"},"content":{"rendered":"<p>A Secretaria municipal de Educa&ccedil;&atilde;o e a Funda&ccedil;&atilde;o Municipal de Educa&ccedil;&atilde;o, atrav&eacute;s da&nbsp; Diretoria de 3&ordm; e 4&ordm; Ciclos realizaram nesta quarta-feira (10), na Universidade Salgado de Oliveira (UNIVERSO), uma forma&ccedil;&atilde;o com os profissionais de educa&ccedil;&atilde;o f&iacute;sica da rede , voltada para o ensino inclusivo.<\/p>\n<p>O encontro, que teve a coordena&ccedil;&atilde;o da professora L&uacute;cia Voss, foi ministrado pela Doutora em neuroci&ecirc;ncias da Universidade Federal Fluminense (UFF), Lucienne Souza, teve como objetivo dialogar sobre as adapta&ccedil;&otilde;es a serem realizadas para garantir a forma&ccedil;&atilde;o e aprendizagem dos alunos que possuem necessidades especiais.<\/p>\n<p>&ldquo;O profissional de Educa&ccedil;&atilde;o F&iacute;sica &eacute; algu&eacute;m que deve contribuir para o desenvolvimento das crian&ccedil;as com necessidades especiais: O prazer e alegria de brincar vem da crian&ccedil;a, independente de qualquer limita&ccedil;&atilde;o&quot;, destacou.<\/p>\n<p>O pr&oacute;ximo encontro, previsto para o m&ecirc;s de junho, abordar&aacute; os d&eacute;ficits intelectuais e sensoriais, al&eacute;m de apresentar algumas atividades j&aacute; realizadas com essas crian&ccedil;as.<\/p>\n<p>&nbsp;<\/p>\n<p>Texto: Alan Jorge Dornelas.<\/p>\n<p>Fotos: Larissa Lisboa.<a href=\"https:\/\/educacao.niteroi.rj.gov.br\/wp-content\/uploads\/2017\/05\/MG_3736.jpg\"><img loading=\"lazy\" decoding=\"async\" alt=\"_MG_3736\" class=\"aligncenter size-large wp-image-18077\" height=\"683\" src=\"https:\/\/educacao.niteroi.rj.gov.br\/wp-content\/uploads\/2017\/05\/MG_3736-1024x683.jpg\" width=\"1024\" \/><\/a> <a href=\"https:\/\/educacao.niteroi.rj.gov.br\/wp-content\/uploads\/2017\/05\/MG_3746.jpg\"><img loading=\"lazy\" decoding=\"async\" alt=\"_MG_3746\" class=\"aligncenter size-large wp-image-18078\" height=\"683\" src=\"https:\/\/educacao.niteroi.rj.gov.br\/wp-content\/uploads\/2017\/05\/MG_3746-1024x683.jpg\" width=\"1024\" \/><\/a> <a href=\"https:\/\/educacao.niteroi.rj.gov.br\/wp-content\/uploads\/2017\/05\/MG_3760.jpg\"><img loading=\"lazy\" decoding=\"async\" alt=\"_MG_3760\" class=\"aligncenter size-large wp-image-18079\" height=\"683\" src=\"https:\/\/educacao.niteroi.rj.gov.br\/wp-content\/uploads\/2017\/05\/MG_3760-1024x683.jpg\" width=\"1024\" \/><\/a> <a href=\"https:\/\/educacao.niteroi.rj.gov.br\/wp-content\/uploads\/2017\/05\/MG_3771.jpg\"><img loading=\"lazy\" decoding=\"async\" alt=\"_MG_3771\" class=\"aligncenter size-large wp-image-18080\" height=\"683\" src=\"https:\/\/educacao.niteroi.rj.gov.br\/wp-content\/uploads\/2017\/05\/MG_3771-1024x683.jpg\" width=\"1024\" \/><\/a> <a href=\"https:\/\/educacao.niteroi.rj.gov.br\/wp-content\/uploads\/2017\/05\/MG_3773.jpg\"><img loading=\"lazy\" decoding=\"async\" alt=\"_MG_3773\" class=\"aligncenter size-large wp-image-18081\" height=\"683\" src=\"https:\/\/educacao.niteroi.rj.gov.br\/wp-content\/uploads\/2017\/05\/MG_3773-1024x683.jpg\" width=\"1024\" \/><\/a><\/p>\n","protected":false},"excerpt":{"rendered":"<p>A Secretaria municipal de Educa&ccedil;&atilde;o e a Funda&ccedil;&atilde;o Municipal de Educa&ccedil;&atilde;o, atrav&eacute;s da&nbsp; Diretoria de 3&ordm; e 4&ordm; Ciclos realizaram nesta quarta-feira (10), na Universidade Salgado de Oliveira (UNIVERSO), uma forma&ccedil;&atilde;o com os profissionais de educa&ccedil;&atilde;o f&iacute;sica da rede , voltada para o ensino inclusivo. O encontro, que teve a coordena&ccedil;&atilde;o da professora L&uacute;cia Voss, [&hellip;]<\/p>\n","protected":false},"author":7,"featured_media":0,"comment_status":"open","ping_status":"open","sticky":false,"template":"","format":"standard","meta":{"_et_pb_use_builder":"","_et_pb_old_content":"","_et_gb_content_width":"","footnotes":""},"categories":[18,4,6,10],"tags":[],"class_list":["post-18076","post","type-post","status-publish","format-standard","hentry","category-18","category-destaque","category-noticias","category-ultimas-noticias"],"_links":{"self":[{"href":"https:\/\/www.educacao.niteroi.rj.gov.br\/index.php?rest_route=\/wp\/v2\/posts\/18076","targetHints":{"allow":["GET"]}}],"collection":[{"href":"https:\/\/www.educacao.niteroi.rj.gov.br\/index.php?rest_route=\/wp\/v2\/posts"}],"about":[{"href":"https:\/\/www.educacao.niteroi.rj.gov.br\/index.php?rest_route=\/wp\/v2\/types\/post"}],"author":[{"embeddable":true,"href":"https:\/\/www.educacao.niteroi.rj.gov.br\/index.php?rest_route=\/wp\/v2\/users\/7"}],"replies":[{"embeddable":true,"href":"https:\/\/www.educacao.niteroi.rj.gov.br\/index.php?rest_route=%2Fwp%2Fv2%2Fcomments&post=18076"}],"version-history":[{"count":0,"href":"https:\/\/www.educacao.niteroi.rj.gov.br\/index.php?rest_route=\/wp\/v2\/posts\/18076\/revisions"}],"wp:attachment":[{"href":"https:\/\/www.educacao.niteroi.rj.gov.br\/index.php?rest_route=%2Fwp%2Fv2%2Fmedia&parent=18076"}],"wp:term":[{"taxonomy":"category","embeddable":true,"href":"https:\/\/www.educacao.niteroi.rj.gov.br\/index.php?rest_route=%2Fwp%2Fv2%2Fcategories&post=18076"},{"taxonomy":"post_tag","embeddable":true,"href":"https:\/\/www.educacao.niteroi.rj.gov.br\/index.php?rest_route=%2Fwp%2Fv2%2Ftags&post=18076"}],"curies":[{"name":"wp","href":"https:\/\/api.w.org\/{rel}","templated":true}]}}