{"id":18109,"date":"2017-05-10T16:13:39","date_gmt":"2017-05-10T16:13:39","guid":{"rendered":"https:\/\/educacao.niteroi.rj.gov.br\/?p=18109"},"modified":"2017-05-10T16:13:39","modified_gmt":"2017-05-10T16:13:39","slug":"projeto-alfabetiz-acao-encerra-formacoes-do-primeiro-grupo-de-professores","status":"publish","type":"post","link":"https:\/\/www.educacao.niteroi.rj.gov.br\/?p=18109","title":{"rendered":"Projeto Alfabetiz (A\u00e7\u00e3o) encerra forma\u00e7\u00f5es do primeiro grupo de professores"},"content":{"rendered":"<p>A Superintend&ecirc;ncia de Desenvolvimento de Ensino por meio Secretaria Municipal de Educa&ccedil;&atilde;o, Ci&ecirc;ncia e Tecnologia (SEMECT) e a Funda&ccedil;&atilde;o Municipal de Educa&ccedil;&atilde;o (FME) realizou nesta quarta-feira (10), na Universidade Salgado de Oliveira (Universo), o &uacute;ltimo encontro do primeiro grupo de forma&ccedil;&otilde;es dos professores alfabetizadores da Rede.<\/p>\n<p>O Projeto Alfabetiz (A&ccedil;&atilde;o), promovido pela Diretoria de 1&ordm; e 2&ordm; ciclos, apresentou como tem&aacute;tica neste dia:&nbsp; Produ&ccedil;&atilde;o textual e g&ecirc;neros discursivos: entre as possibilidades e as media&ccedil;&otilde;es&quot;. As professoras Fernanda Frambach e Jacqueline Martins, dentre outras propostas, propuseram uma atividade para os professores refletirem sobre a produ&ccedil;&atilde;o e interpreta&ccedil;&atilde;o textual atrav&eacute;s do livro: &quot;Minhas f&eacute;rias, pula uma linha, par&aacute;grafo&quot;, de Christiane Gribel.<\/p>\n<p>Durante o encontro foram debatidos diversos assuntos, entre eles a escrita na escola, a diferen&ccedil;a entre os g&ecirc;neros discursivos e textuais, os aspectos coesivos e as quest&otilde;es estruturais da l&iacute;ngua.<\/p>\n<p>Encerrando a programa&ccedil;&atilde;o do dia, todos os professores foram convidados a fazer uma avalia&ccedil;&atilde;o geral do curso.<\/p>\n<p>As forma&ccedil;&otilde;es do Projeto recome&ccedil;am em 24\/05\/2017. Neste segundo grupo a Diretoria de 1&ordm; e 2&ordm; ciclos estar&aacute; com os professores dos polos 5, 6 e 7, dando continuidade as forma&ccedil;&otilde;es em servi&ccedil;o.<\/p>\n<p>&nbsp;<\/p>\n<p>Texto: Larissa Lisboa.<\/p>\n<p>Fotos: Alan Jorge Dornelas.<\/p>\n<p><a href=\"https:\/\/educacao.niteroi.rj.gov.br\/wp-content\/uploads\/2017\/05\/MG_3689.jpg\"><img loading=\"lazy\" decoding=\"async\" alt=\"_MG_3689\" class=\"aligncenter size-large wp-image-18110\" height=\"683\" src=\"https:\/\/educacao.niteroi.rj.gov.br\/wp-content\/uploads\/2017\/05\/MG_3689-1024x683.jpg\" width=\"1024\" \/><\/a><a href=\"https:\/\/educacao.niteroi.rj.gov.br\/wp-content\/uploads\/2017\/05\/MG_3706.jpg\"><img loading=\"lazy\" decoding=\"async\" alt=\"_MG_3706\" class=\"aligncenter size-large wp-image-18112\" height=\"683\" src=\"https:\/\/educacao.niteroi.rj.gov.br\/wp-content\/uploads\/2017\/05\/MG_3706-1024x683.jpg\" width=\"1024\" \/><\/a> <a href=\"https:\/\/educacao.niteroi.rj.gov.br\/wp-content\/uploads\/2017\/05\/MG_3709.jpg\"><img loading=\"lazy\" decoding=\"async\" alt=\"_MG_3709\" class=\"aligncenter size-large wp-image-18113\" height=\"683\" src=\"https:\/\/educacao.niteroi.rj.gov.br\/wp-content\/uploads\/2017\/05\/MG_3709-1024x683.jpg\" width=\"1024\" \/><\/a><\/p>\n","protected":false},"excerpt":{"rendered":"<p>A Superintend&ecirc;ncia de Desenvolvimento de Ensino por meio Secretaria Municipal de Educa&ccedil;&atilde;o, Ci&ecirc;ncia e Tecnologia (SEMECT) e a Funda&ccedil;&atilde;o Municipal de Educa&ccedil;&atilde;o (FME) realizou nesta quarta-feira (10), na Universidade Salgado de Oliveira (Universo), o &uacute;ltimo encontro do primeiro grupo de forma&ccedil;&otilde;es dos professores alfabetizadores da Rede. O Projeto Alfabetiz (A&ccedil;&atilde;o), promovido pela Diretoria de 1&ordm; [&hellip;]<\/p>\n","protected":false},"author":7,"featured_media":0,"comment_status":"open","ping_status":"open","sticky":false,"template":"","format":"standard","meta":{"_et_pb_use_builder":"","_et_pb_old_content":"","_et_gb_content_width":"","footnotes":""},"categories":[18,4,6,10],"tags":[],"class_list":["post-18109","post","type-post","status-publish","format-standard","hentry","category-18","category-destaque","category-noticias","category-ultimas-noticias"],"_links":{"self":[{"href":"https:\/\/www.educacao.niteroi.rj.gov.br\/index.php?rest_route=\/wp\/v2\/posts\/18109","targetHints":{"allow":["GET"]}}],"collection":[{"href":"https:\/\/www.educacao.niteroi.rj.gov.br\/index.php?rest_route=\/wp\/v2\/posts"}],"about":[{"href":"https:\/\/www.educacao.niteroi.rj.gov.br\/index.php?rest_route=\/wp\/v2\/types\/post"}],"author":[{"embeddable":true,"href":"https:\/\/www.educacao.niteroi.rj.gov.br\/index.php?rest_route=\/wp\/v2\/users\/7"}],"replies":[{"embeddable":true,"href":"https:\/\/www.educacao.niteroi.rj.gov.br\/index.php?rest_route=%2Fwp%2Fv2%2Fcomments&post=18109"}],"version-history":[{"count":0,"href":"https:\/\/www.educacao.niteroi.rj.gov.br\/index.php?rest_route=\/wp\/v2\/posts\/18109\/revisions"}],"wp:attachment":[{"href":"https:\/\/www.educacao.niteroi.rj.gov.br\/index.php?rest_route=%2Fwp%2Fv2%2Fmedia&parent=18109"}],"wp:term":[{"taxonomy":"category","embeddable":true,"href":"https:\/\/www.educacao.niteroi.rj.gov.br\/index.php?rest_route=%2Fwp%2Fv2%2Fcategories&post=18109"},{"taxonomy":"post_tag","embeddable":true,"href":"https:\/\/www.educacao.niteroi.rj.gov.br\/index.php?rest_route=%2Fwp%2Fv2%2Ftags&post=18109"}],"curies":[{"name":"wp","href":"https:\/\/api.w.org\/{rel}","templated":true}]}}