{"id":18117,"date":"2017-05-12T19:42:33","date_gmt":"2017-05-12T19:42:33","guid":{"rendered":"https:\/\/educacao.niteroi.rj.gov.br\/?p=18117"},"modified":"2017-05-12T19:42:33","modified_gmt":"2017-05-12T19:42:33","slug":"forum-reune-pedagogos-das-creches-comunitarias","status":"publish","type":"post","link":"https:\/\/www.educacao.niteroi.rj.gov.br\/?p=18117","title":{"rendered":"F\u00f3rum re\u00fane pedagogos das creches comunit\u00e1rias"},"content":{"rendered":"<p style=\"text-align: justify;\">Pedagogos das 20 creches comunit&aacute;rias conveniadas com a prefeitura de Niter&oacute;i participaram nesta sexta-feira(12), no Audit&oacute;rio Darcy Ribeiro, no Espa&ccedil;o Oswaldo Salles, de mais um&nbsp;f&oacute;rum promovido pelo Programa Crian&ccedil;a na Creche (ProCC).<\/p>\n<p style=\"text-align: justify;\">A reuni&atilde;o promovida pela Funda&ccedil;&atilde;o Municipal de Educa&ccedil;&atilde;o (FME) e a Secretaria Municipal de Educa&ccedil;&atilde;o (SEMEC)&nbsp; abordou o tema a pr&aacute;xis do profissional no cotidiano da Educa&ccedil;&atilde;o Infantil e teve como objetivo pensar e discutir quest&otilde;es relacionadas ao papel do profissional dentro das institui&ccedil;&otilde;es.<\/p>\n<p style=\"text-align: justify;\">A coordenadora do ProCC, Eliza Pandino, que mediou o encontro junto com a Pedagoga Fernanda Macieira Bortone, destacou a import&acirc;ncia do trabalho do pedag&oacute;gico na Educa&ccedil;&atilde;o Infantil no processo de forma&ccedil;&atilde;o da crian&ccedil;a na primeira inf&acirc;ncia (de 0 a 5 anos).<\/p>\n<p style=\"text-align: justify;\">&quot;O pedagogo &eacute; a voz da crian&ccedil;a dentro da institui&ccedil;&atilde;o. &Eacute; atrav&eacute;s dele que podemos saber como a crian&ccedil;a est&aacute; sendo inserida no contexto escolar, o que ela demanda e como &eacute; a sua evolu&ccedil;&atilde;o dentro deste ambiente&quot;, destacou Eliza.<\/p>\n<p style=\"text-align: justify;\">&nbsp;<\/p>\n<p style=\"text-align: justify;\">Texto e Fotos: Larissa Lisboa.<\/p>\n<p style=\"text-align: justify;\">&nbsp;<\/p>\n<p style=\"text-align: justify;\"><a href=\"https:\/\/educacao.niteroi.rj.gov.br\/wp-content\/uploads\/2017\/05\/IMG_1770.jpg\"><img loading=\"lazy\" decoding=\"async\" alt=\"IMG_1770\" class=\"aligncenter size-large wp-image-18121\" height=\"768\" src=\"https:\/\/educacao.niteroi.rj.gov.br\/wp-content\/uploads\/2017\/05\/IMG_1770-1024x768.jpg\" width=\"1024\" \/><\/a> <a href=\"https:\/\/educacao.niteroi.rj.gov.br\/wp-content\/uploads\/2017\/05\/IMG_1784.jpg\"><img loading=\"lazy\" decoding=\"async\" alt=\"IMG_1784\" class=\"aligncenter size-large wp-image-18122\" height=\"768\" src=\"https:\/\/educacao.niteroi.rj.gov.br\/wp-content\/uploads\/2017\/05\/IMG_1784-1024x768.jpg\" width=\"1024\" \/><\/a> <a href=\"https:\/\/educacao.niteroi.rj.gov.br\/wp-content\/uploads\/2017\/05\/IMG_1817.jpg\"><img loading=\"lazy\" decoding=\"async\" alt=\"IMG_1817\" class=\"aligncenter size-large wp-image-18123\" height=\"768\" src=\"https:\/\/educacao.niteroi.rj.gov.br\/wp-content\/uploads\/2017\/05\/IMG_1817-1024x768.jpg\" width=\"1024\" \/><\/a> <a href=\"https:\/\/educacao.niteroi.rj.gov.br\/wp-content\/uploads\/2017\/05\/IMG_1876.jpg\"><img loading=\"lazy\" decoding=\"async\" alt=\"IMG_1876\" class=\"aligncenter size-large wp-image-18124\" height=\"768\" src=\"https:\/\/educacao.niteroi.rj.gov.br\/wp-content\/uploads\/2017\/05\/IMG_1876-1024x768.jpg\" width=\"1024\" \/><\/a><\/p>\n<p>&nbsp;<\/p>\n","protected":false},"excerpt":{"rendered":"<p>Pedagogos das 20 creches comunit&aacute;rias conveniadas com a prefeitura de Niter&oacute;i participaram nesta sexta-feira(12), no Audit&oacute;rio Darcy Ribeiro, no Espa&ccedil;o Oswaldo Salles, de mais um&nbsp;f&oacute;rum promovido pelo Programa Crian&ccedil;a na Creche (ProCC). A reuni&atilde;o promovida pela Funda&ccedil;&atilde;o Municipal de Educa&ccedil;&atilde;o (FME) e a Secretaria Municipal de Educa&ccedil;&atilde;o (SEMEC)&nbsp; abordou o tema a pr&aacute;xis do profissional [&hellip;]<\/p>\n","protected":false},"author":7,"featured_media":0,"comment_status":"open","ping_status":"open","sticky":false,"template":"","format":"standard","meta":{"_et_pb_use_builder":"","_et_pb_old_content":"","_et_gb_content_width":"","footnotes":""},"categories":[18,4,6,10],"tags":[],"class_list":["post-18117","post","type-post","status-publish","format-standard","hentry","category-18","category-destaque","category-noticias","category-ultimas-noticias"],"_links":{"self":[{"href":"https:\/\/www.educacao.niteroi.rj.gov.br\/index.php?rest_route=\/wp\/v2\/posts\/18117","targetHints":{"allow":["GET"]}}],"collection":[{"href":"https:\/\/www.educacao.niteroi.rj.gov.br\/index.php?rest_route=\/wp\/v2\/posts"}],"about":[{"href":"https:\/\/www.educacao.niteroi.rj.gov.br\/index.php?rest_route=\/wp\/v2\/types\/post"}],"author":[{"embeddable":true,"href":"https:\/\/www.educacao.niteroi.rj.gov.br\/index.php?rest_route=\/wp\/v2\/users\/7"}],"replies":[{"embeddable":true,"href":"https:\/\/www.educacao.niteroi.rj.gov.br\/index.php?rest_route=%2Fwp%2Fv2%2Fcomments&post=18117"}],"version-history":[{"count":0,"href":"https:\/\/www.educacao.niteroi.rj.gov.br\/index.php?rest_route=\/wp\/v2\/posts\/18117\/revisions"}],"wp:attachment":[{"href":"https:\/\/www.educacao.niteroi.rj.gov.br\/index.php?rest_route=%2Fwp%2Fv2%2Fmedia&parent=18117"}],"wp:term":[{"taxonomy":"category","embeddable":true,"href":"https:\/\/www.educacao.niteroi.rj.gov.br\/index.php?rest_route=%2Fwp%2Fv2%2Fcategories&post=18117"},{"taxonomy":"post_tag","embeddable":true,"href":"https:\/\/www.educacao.niteroi.rj.gov.br\/index.php?rest_route=%2Fwp%2Fv2%2Ftags&post=18117"}],"curies":[{"name":"wp","href":"https:\/\/api.w.org\/{rel}","templated":true}]}}