{"id":18176,"date":"2017-05-17T13:36:01","date_gmt":"2017-05-17T13:36:01","guid":{"rendered":"https:\/\/educacao.niteroi.rj.gov.br\/?p=18176"},"modified":"2017-05-17T13:36:01","modified_gmt":"2017-05-17T13:36:01","slug":"convite-comemoracao-dos-quatro-anos-de-reinauguracao-do-memorial-roberto-silveira","status":"publish","type":"post","link":"https:\/\/www.educacao.niteroi.rj.gov.br\/?p=18176","title":{"rendered":"CONVITE: COMEMORA\u00c7\u00c3O DOS QUATRO ANOS DE REINAUGURA\u00c7\u00c3O DO MEMORIAL ROBERTO SILVEIRA"},"content":{"rendered":"<p><a href=\"https:\/\/educacao.niteroi.rj.gov.br\/wp-content\/uploads\/2017\/05\/Convite-final-aniversrio-do-Memorial.png\"><img loading=\"lazy\" decoding=\"async\" alt=\"Convite final aniversrio do Memorial\" class=\"aligncenter size-full wp-image-18177\" height=\"653\" src=\"https:\/\/educacao.niteroi.rj.gov.br\/wp-content\/uploads\/2017\/05\/Convite-final-aniversrio-do-Memorial.png\" width=\"653\" \/><\/a><\/p>\n","protected":false},"excerpt":{"rendered":"","protected":false},"author":7,"featured_media":0,"comment_status":"open","ping_status":"open","sticky":false,"template":"","format":"standard","meta":{"_et_pb_use_builder":"","_et_pb_old_content":"","_et_gb_content_width":"","footnotes":""},"categories":[18,4,6,10],"tags":[],"class_list":["post-18176","post","type-post","status-publish","format-standard","hentry","category-18","category-destaque","category-noticias","category-ultimas-noticias"],"_links":{"self":[{"href":"https:\/\/www.educacao.niteroi.rj.gov.br\/index.php?rest_route=\/wp\/v2\/posts\/18176","targetHints":{"allow":["GET"]}}],"collection":[{"href":"https:\/\/www.educacao.niteroi.rj.gov.br\/index.php?rest_route=\/wp\/v2\/posts"}],"about":[{"href":"https:\/\/www.educacao.niteroi.rj.gov.br\/index.php?rest_route=\/wp\/v2\/types\/post"}],"author":[{"embeddable":true,"href":"https:\/\/www.educacao.niteroi.rj.gov.br\/index.php?rest_route=\/wp\/v2\/users\/7"}],"replies":[{"embeddable":true,"href":"https:\/\/www.educacao.niteroi.rj.gov.br\/index.php?rest_route=%2Fwp%2Fv2%2Fcomments&post=18176"}],"version-history":[{"count":0,"href":"https:\/\/www.educacao.niteroi.rj.gov.br\/index.php?rest_route=\/wp\/v2\/posts\/18176\/revisions"}],"wp:attachment":[{"href":"https:\/\/www.educacao.niteroi.rj.gov.br\/index.php?rest_route=%2Fwp%2Fv2%2Fmedia&parent=18176"}],"wp:term":[{"taxonomy":"category","embeddable":true,"href":"https:\/\/www.educacao.niteroi.rj.gov.br\/index.php?rest_route=%2Fwp%2Fv2%2Fcategories&post=18176"},{"taxonomy":"post_tag","embeddable":true,"href":"https:\/\/www.educacao.niteroi.rj.gov.br\/index.php?rest_route=%2Fwp%2Fv2%2Ftags&post=18176"}],"curies":[{"name":"wp","href":"https:\/\/api.w.org\/{rel}","templated":true}]}}