{"id":18234,"date":"2017-05-19T16:12:21","date_gmt":"2017-05-19T16:12:21","guid":{"rendered":"https:\/\/educacao.niteroi.rj.gov.br\/?p=18234"},"modified":"2017-05-19T16:12:21","modified_gmt":"2017-05-19T16:12:21","slug":"professores-participam-do-minicurso-de-musicalizacao-na-educacao-infantil","status":"publish","type":"post","link":"https:\/\/www.educacao.niteroi.rj.gov.br\/?p=18234","title":{"rendered":"Professores participam do Minicurso de Musicaliza\u00e7\u00e3o na Educa\u00e7\u00e3o Infantil"},"content":{"rendered":"<p>Foi realizado nesta sexta-feira (19), no Audit&oacute;rio Darcy Ribeiro, no Espa&ccedil;o Oswaldo Salles, o segundo encontro do curso de Musicaliza&ccedil;&atilde;o na Educa&ccedil;&atilde;o Infantil, destinado aos professores das Unidades Municipais de Educa&ccedil;&atilde;o e Creches Comunit&aacute;rias conveniadas com o Programa Crian&ccedil;a na Creche (ProCC).<\/p>\n<p>De acordo com a diretora de Educa&ccedil;&atilde;o Infantil da FME, Eliza Pandino, o objetivo do curso &eacute; destacar a import&acirc;ncia do trabalho de musicaliza&ccedil;&atilde;o na primeira inf&acirc;ncia e pontuar m&eacute;todos para exercer a m&uacute;sica no cotidiano escolar.<\/p>\n<p>Esse segundo encontro contou com a presen&ccedil;a da Professora de Pedagogia do Departamento de Educa&ccedil;&atilde;o da UFF de Angra dos Reis (IEAR\/UFF), Silmara L&iacute;dia Marton, que abordou o tema &ldquo;Paisagem Sonora&rdquo;, explicando a diversidade do universo sonoro musical.<\/p>\n<p>&ldquo;O papel do educador musical &eacute; realizar exerc&iacute;cios que despertem a percep&ccedil;&atilde;o e a identifica&ccedil;&atilde;o dos sons presentes em um ambiente, ajudando no processo educativo de escuta da crian&ccedil;a&rdquo;, destacou.<\/p>\n<p>Os pr&oacute;ximos encontros est&atilde;o previstos para as seguintes datas:<\/p>\n<p><strong>25\/05<\/strong> &ndash; O Corpo em A&ccedil;&atilde;o &ndash; Integra&ccedil;&atilde;o Som e Movimento<\/p>\n<p><strong>01\/06<\/strong> &ndash; Sons Ancestrais<\/p>\n<p>&nbsp;<\/p>\n<p>Texto: Larissa Lisboa<\/p>\n<p>Fotos: Bianca Cavaliere<\/p>\n<p>&nbsp;<\/p>\n<p><a href=\"https:\/\/educacao.niteroi.rj.gov.br\/wp-content\/uploads\/2017\/05\/IMG_4376.jpg\"><img loading=\"lazy\" decoding=\"async\" alt=\"IMG_4376\" class=\"aligncenter size-large wp-image-18235\" height=\"1024\" src=\"https:\/\/educacao.niteroi.rj.gov.br\/wp-content\/uploads\/2017\/05\/IMG_4376-1012x1024.jpg\" width=\"1012\" \/><\/a> <a href=\"https:\/\/educacao.niteroi.rj.gov.br\/wp-content\/uploads\/2017\/05\/IMG_4380.jpg\"><img loading=\"lazy\" decoding=\"async\" alt=\"IMG_4380\" class=\"aligncenter size-large wp-image-18236\" height=\"683\" src=\"https:\/\/educacao.niteroi.rj.gov.br\/wp-content\/uploads\/2017\/05\/IMG_4380-1024x683.jpg\" width=\"1024\" \/><\/a> <a href=\"https:\/\/educacao.niteroi.rj.gov.br\/wp-content\/uploads\/2017\/05\/IMG_4382.jpg\"><img loading=\"lazy\" decoding=\"async\" alt=\"IMG_4382\" class=\"aligncenter size-large wp-image-18237\" height=\"683\" src=\"https:\/\/educacao.niteroi.rj.gov.br\/wp-content\/uploads\/2017\/05\/IMG_4382-1024x683.jpg\" width=\"1024\" \/><\/a> <a href=\"https:\/\/educacao.niteroi.rj.gov.br\/wp-content\/uploads\/2017\/05\/IMG_4385.jpg\"><img loading=\"lazy\" decoding=\"async\" alt=\"IMG_4385\" class=\"aligncenter size-large wp-image-18238\" height=\"683\" src=\"https:\/\/educacao.niteroi.rj.gov.br\/wp-content\/uploads\/2017\/05\/IMG_4385-1024x683.jpg\" width=\"1024\" \/><\/a><\/p>\n","protected":false},"excerpt":{"rendered":"<p>Foi realizado nesta sexta-feira (19), no Audit&oacute;rio Darcy Ribeiro, no Espa&ccedil;o Oswaldo Salles, o segundo encontro do curso de Musicaliza&ccedil;&atilde;o na Educa&ccedil;&atilde;o Infantil, destinado aos professores das Unidades Municipais de Educa&ccedil;&atilde;o e Creches Comunit&aacute;rias conveniadas com o Programa Crian&ccedil;a na Creche (ProCC). De acordo com a diretora de Educa&ccedil;&atilde;o Infantil da FME, Eliza Pandino, o [&hellip;]<\/p>\n","protected":false},"author":7,"featured_media":0,"comment_status":"open","ping_status":"open","sticky":false,"template":"","format":"standard","meta":{"_et_pb_use_builder":"","_et_pb_old_content":"","_et_gb_content_width":"","footnotes":""},"categories":[18,4,6,10],"tags":[],"class_list":["post-18234","post","type-post","status-publish","format-standard","hentry","category-18","category-destaque","category-noticias","category-ultimas-noticias"],"_links":{"self":[{"href":"https:\/\/www.educacao.niteroi.rj.gov.br\/index.php?rest_route=\/wp\/v2\/posts\/18234","targetHints":{"allow":["GET"]}}],"collection":[{"href":"https:\/\/www.educacao.niteroi.rj.gov.br\/index.php?rest_route=\/wp\/v2\/posts"}],"about":[{"href":"https:\/\/www.educacao.niteroi.rj.gov.br\/index.php?rest_route=\/wp\/v2\/types\/post"}],"author":[{"embeddable":true,"href":"https:\/\/www.educacao.niteroi.rj.gov.br\/index.php?rest_route=\/wp\/v2\/users\/7"}],"replies":[{"embeddable":true,"href":"https:\/\/www.educacao.niteroi.rj.gov.br\/index.php?rest_route=%2Fwp%2Fv2%2Fcomments&post=18234"}],"version-history":[{"count":0,"href":"https:\/\/www.educacao.niteroi.rj.gov.br\/index.php?rest_route=\/wp\/v2\/posts\/18234\/revisions"}],"wp:attachment":[{"href":"https:\/\/www.educacao.niteroi.rj.gov.br\/index.php?rest_route=%2Fwp%2Fv2%2Fmedia&parent=18234"}],"wp:term":[{"taxonomy":"category","embeddable":true,"href":"https:\/\/www.educacao.niteroi.rj.gov.br\/index.php?rest_route=%2Fwp%2Fv2%2Fcategories&post=18234"},{"taxonomy":"post_tag","embeddable":true,"href":"https:\/\/www.educacao.niteroi.rj.gov.br\/index.php?rest_route=%2Fwp%2Fv2%2Ftags&post=18234"}],"curies":[{"name":"wp","href":"https:\/\/api.w.org\/{rel}","templated":true}]}}