{"id":18325,"date":"2017-05-22T21:08:41","date_gmt":"2017-05-22T21:08:41","guid":{"rendered":"https:\/\/educacao.niteroi.rj.gov.br\/?p=18325"},"modified":"2017-05-22T21:08:41","modified_gmt":"2017-05-22T21:08:41","slug":"nass-promove-encontro-de-relacao-humanas-saudaveis","status":"publish","type":"post","link":"https:\/\/www.educacao.niteroi.rj.gov.br\/?p=18325","title":{"rendered":"NASS promove encontro de Rela\u00e7\u00e3o Humanas Saud\u00e1veis"},"content":{"rendered":"<p style=\"text-align: justify;\">O N&uacute;cleo de Aten&ccedil;&atilde;o ao Servidor (NASS) realizou nesta segunda-feira (22), na FME o segundo encontro de intera&ccedil;&otilde;es sociais do Projeto de Rela&ccedil;&atilde;o Humanas Saud&aacute;veis.<\/p>\n<p style=\"text-align: justify;\">O encontro teve por objetivo desenvolver habilidades de relacionamento interpessoal com o foco no crescimento profissional e pessoal e a import&acirc;ncia das rela&ccedil;&otilde;es interpessoais.<\/p>\n<p style=\"text-align: justify;\">O projeto&nbsp; aborda diversas dimens&otilde;es da experi&ecirc;ncia humana, relacionadas &agrave; sa&uacute;de e ao bem- estar dos profissionais da Educa&ccedil;&atilde;o, &nbsp;como a afetividade e o manejo das emo&ccedil;&otilde;es e as posturas e atitudes assumidas frente ao outro.<\/p>\n<p style=\"text-align: justify;\">As atividades s&atilde;o voltadas para aos servidores ativos e aposentados Educa&ccedil;&atilde;o e acontecem no Espa&ccedil;o NASS na FME, conforme calend&aacute;rio divulgado pelo NASS.<\/p>\n<p style=\"text-align: justify;\">Texto e Fotos: &Eacute;rika Ferreira<\/p>\n<p style=\"text-align: justify;\"><a href=\"https:\/\/educacao.niteroi.rj.gov.br\/wp-content\/uploads\/2017\/05\/d11-28.jpg\"><img loading=\"lazy\" decoding=\"async\" alt=\"\" class=\"aligncenter size-large wp-image-18326\" height=\"401\" src=\"https:\/\/educacao.niteroi.rj.gov.br\/wp-content\/uploads\/2017\/05\/d11-28-1024x401.jpg\" width=\"1024\" \/><\/a> <a href=\"https:\/\/educacao.niteroi.rj.gov.br\/wp-content\/uploads\/2017\/05\/d11-29.jpg\"><img loading=\"lazy\" decoding=\"async\" alt=\"\" class=\"aligncenter size-large wp-image-18327\" height=\"750\" src=\"https:\/\/educacao.niteroi.rj.gov.br\/wp-content\/uploads\/2017\/05\/d11-29-1024x750.jpg\" width=\"1024\" \/><\/a><\/p>\n","protected":false},"excerpt":{"rendered":"<p>O N&uacute;cleo de Aten&ccedil;&atilde;o ao Servidor (NASS) realizou nesta segunda-feira (22), na FME o segundo encontro de intera&ccedil;&otilde;es sociais do Projeto de Rela&ccedil;&atilde;o Humanas Saud&aacute;veis. O encontro teve por objetivo desenvolver habilidades de relacionamento interpessoal com o foco no crescimento profissional e pessoal e a import&acirc;ncia das rela&ccedil;&otilde;es interpessoais. O projeto&nbsp; aborda diversas dimens&otilde;es da [&hellip;]<\/p>\n","protected":false},"author":7,"featured_media":0,"comment_status":"open","ping_status":"open","sticky":false,"template":"","format":"standard","meta":{"_et_pb_use_builder":"","_et_pb_old_content":"","_et_gb_content_width":"","footnotes":""},"categories":[18,4,6,10],"tags":[],"class_list":["post-18325","post","type-post","status-publish","format-standard","hentry","category-18","category-destaque","category-noticias","category-ultimas-noticias"],"_links":{"self":[{"href":"https:\/\/www.educacao.niteroi.rj.gov.br\/index.php?rest_route=\/wp\/v2\/posts\/18325","targetHints":{"allow":["GET"]}}],"collection":[{"href":"https:\/\/www.educacao.niteroi.rj.gov.br\/index.php?rest_route=\/wp\/v2\/posts"}],"about":[{"href":"https:\/\/www.educacao.niteroi.rj.gov.br\/index.php?rest_route=\/wp\/v2\/types\/post"}],"author":[{"embeddable":true,"href":"https:\/\/www.educacao.niteroi.rj.gov.br\/index.php?rest_route=\/wp\/v2\/users\/7"}],"replies":[{"embeddable":true,"href":"https:\/\/www.educacao.niteroi.rj.gov.br\/index.php?rest_route=%2Fwp%2Fv2%2Fcomments&post=18325"}],"version-history":[{"count":0,"href":"https:\/\/www.educacao.niteroi.rj.gov.br\/index.php?rest_route=\/wp\/v2\/posts\/18325\/revisions"}],"wp:attachment":[{"href":"https:\/\/www.educacao.niteroi.rj.gov.br\/index.php?rest_route=%2Fwp%2Fv2%2Fmedia&parent=18325"}],"wp:term":[{"taxonomy":"category","embeddable":true,"href":"https:\/\/www.educacao.niteroi.rj.gov.br\/index.php?rest_route=%2Fwp%2Fv2%2Fcategories&post=18325"},{"taxonomy":"post_tag","embeddable":true,"href":"https:\/\/www.educacao.niteroi.rj.gov.br\/index.php?rest_route=%2Fwp%2Fv2%2Ftags&post=18325"}],"curies":[{"name":"wp","href":"https:\/\/api.w.org\/{rel}","templated":true}]}}