{"id":18690,"date":"2017-06-07T21:21:28","date_gmt":"2017-06-07T21:21:28","guid":{"rendered":"https:\/\/educacao.niteroi.rj.gov.br\/?p=18690"},"modified":"2017-06-07T21:21:28","modified_gmt":"2017-06-07T21:21:28","slug":"4o-encontro-do-curso-de-mediacao-pedagogica-reune-professores-e-pedagogos","status":"publish","type":"post","link":"https:\/\/www.educacao.niteroi.rj.gov.br\/?p=18690","title":{"rendered":"4\u00ba encontro do curso de Media\u00e7\u00e3o Pedag\u00f3gica re\u00fane professores e pedagogos"},"content":{"rendered":"<p>A Funda&ccedil;&atilde;o Municipal de Educa&ccedil;&atilde;o (FME) realizou nesta quarta-feira, 7, no Audit&oacute;rio Professor Amaury Pereira Muniz, o 4&ordm; encontro do curso de Media&ccedil;&atilde;o Pedag&oacute;gica nos Grupos de Alfabetiza&ccedil;&atilde;o, destinado aos professores e pedagogos das escolas de 1&ordm; e 2&ordm; ciclo do munic&iacute;pio de Niter&oacute;i, aprovados no &uacute;ltimo concurso. O<\/p>\n<p>Coordenado pelas pedagogas da Assessoria Especial de Articula&ccedil;&atilde;o Pedag&oacute;gica (AEAP), Andreia Diniz e Ana Carla Fran&ccedil;a, o curso tem por finalidade mediar a rela&ccedil;&atilde;o entre o profissional e os alunos, auxiliando-os no desenvolvimento de aprendizagem da escrita e leitura.<\/p>\n<p>Neste 4&ordm; encontro o tema debatido foi &ldquo;O di&aacute;logo entre a aprendizagem e o ensino&rdquo;, onde a pedagoga Andreia Diniz destacou a import&acirc;ncia da fun&ccedil;&atilde;o do educador no acompanhamento do desenvolvimento dos alunos no processo de alfabetiza&ccedil;&atilde;o. &ldquo;O pedagogo tem o papel de identificar os problemas que os estudantes possuem tanto na leitura quanto na escrita, para que assim ele possa realizar atividades que os auxiliem na evolu&ccedil;&atilde;o desta pr&aacute;tica&rdquo;, declarou.<\/p>\n<p>A forma&ccedil;&atilde;o do curso de Media&ccedil;&atilde;o Pedag&oacute;gica nos Grupos de Alfabetiza&ccedil;&atilde;o ter&aacute; a dura&ccedil;&atilde;o de 40 horas, organizados em 10 encontros quinzenais. Os inscritos receber&atilde;o o certificado de participa&ccedil;&atilde;o na conclus&atilde;o do curso, que est&aacute; prevista para o dia 20 de setembro.<\/p>\n<p>Os pr&oacute;ximos encontros ir&atilde;o acontecer nas seguintes datas:<\/p>\n<p>19\/06 &ndash;&nbsp;<strong>A forma&ccedil;&atilde;o do aluno leitor<\/strong><\/p>\n<p>05\/07 &ndash;&nbsp;<strong>Contribui&ccedil;&otilde;es das Neuroci&ecirc;ncias para a pr&aacute;tica pedag&oacute;gica: conceitos, mitos e fatos<\/strong><\/p>\n<p>07\/08 &ndash;&nbsp;<strong>Pensando o processamento da leitura e da escrita em outra perspectiva: a Fonoaudiologia Educacional e sua interface com a educa&ccedil;&atilde;o<\/strong><\/p>\n<p>23\/08 &ndash;&nbsp;<strong>Por que e para que avaliar a leitura e a escrita?<\/strong><\/p>\n<p>04\/09 &ndash;&nbsp;<strong>Considera&ccedil;&otilde;es sobre concep&ccedil;&otilde;es de ensino e aprendizagem da matem&aacute;tica no contexto da doc&ecirc;ncia polivalente dos anos iniciais<\/strong><\/p>\n<p>20\/09 &ndash;&nbsp;<strong>Trocas de Experi&ecirc;ncias<\/strong><\/p>\n<p><strong>Texto e fotos: Larissa Lisboa.<\/strong><\/p>\n<p><a href=\"https:\/\/educacao.niteroi.rj.gov.br\/wp-content\/uploads\/2017\/06\/IMG_6010.jpg\"><img loading=\"lazy\" decoding=\"async\" alt=\"\" class=\"aligncenter size-large wp-image-18691\" height=\"683\" src=\"https:\/\/educacao.niteroi.rj.gov.br\/wp-content\/uploads\/2017\/06\/IMG_6010-1024x683.jpg\" width=\"1024\" \/><\/a> <a href=\"https:\/\/educacao.niteroi.rj.gov.br\/wp-content\/uploads\/2017\/06\/IMG_6014.jpg\"><img loading=\"lazy\" decoding=\"async\" alt=\"\" class=\"aligncenter size-large wp-image-18692\" height=\"683\" src=\"https:\/\/educacao.niteroi.rj.gov.br\/wp-content\/uploads\/2017\/06\/IMG_6014-1024x683.jpg\" width=\"1024\" \/><\/a> <a href=\"https:\/\/educacao.niteroi.rj.gov.br\/wp-content\/uploads\/2017\/06\/IMG_6049.jpg\"><img loading=\"lazy\" decoding=\"async\" alt=\"\" class=\"aligncenter size-large wp-image-18693\" height=\"683\" src=\"https:\/\/educacao.niteroi.rj.gov.br\/wp-content\/uploads\/2017\/06\/IMG_6049-1024x683.jpg\" width=\"1024\" \/><\/a> <a href=\"https:\/\/educacao.niteroi.rj.gov.br\/wp-content\/uploads\/2017\/06\/IMG_6058.jpg\"><img loading=\"lazy\" decoding=\"async\" alt=\"\" class=\"aligncenter size-large wp-image-18694\" height=\"683\" src=\"https:\/\/educacao.niteroi.rj.gov.br\/wp-content\/uploads\/2017\/06\/IMG_6058-1024x683.jpg\" width=\"1024\" \/><\/a> <a href=\"https:\/\/educacao.niteroi.rj.gov.br\/wp-content\/uploads\/2017\/06\/IMG_6059.jpg\"><img loading=\"lazy\" decoding=\"async\" alt=\"\" class=\"aligncenter size-large wp-image-18695\" height=\"683\" src=\"https:\/\/educacao.niteroi.rj.gov.br\/wp-content\/uploads\/2017\/06\/IMG_6059-1024x683.jpg\" width=\"1024\" \/><\/a><\/p>\n","protected":false},"excerpt":{"rendered":"<p>A Funda&ccedil;&atilde;o Municipal de Educa&ccedil;&atilde;o (FME) realizou nesta quarta-feira, 7, no Audit&oacute;rio Professor Amaury Pereira Muniz, o 4&ordm; encontro do curso de Media&ccedil;&atilde;o Pedag&oacute;gica nos Grupos de Alfabetiza&ccedil;&atilde;o, destinado aos professores e pedagogos das escolas de 1&ordm; e 2&ordm; ciclo do munic&iacute;pio de Niter&oacute;i, aprovados no &uacute;ltimo concurso. O Coordenado pelas pedagogas da Assessoria Especial [&hellip;]<\/p>\n","protected":false},"author":7,"featured_media":0,"comment_status":"open","ping_status":"open","sticky":false,"template":"","format":"standard","meta":{"_et_pb_use_builder":"","_et_pb_old_content":"","_et_gb_content_width":"","footnotes":""},"categories":[18,4,6,10],"tags":[],"class_list":["post-18690","post","type-post","status-publish","format-standard","hentry","category-18","category-destaque","category-noticias","category-ultimas-noticias"],"_links":{"self":[{"href":"https:\/\/www.educacao.niteroi.rj.gov.br\/index.php?rest_route=\/wp\/v2\/posts\/18690","targetHints":{"allow":["GET"]}}],"collection":[{"href":"https:\/\/www.educacao.niteroi.rj.gov.br\/index.php?rest_route=\/wp\/v2\/posts"}],"about":[{"href":"https:\/\/www.educacao.niteroi.rj.gov.br\/index.php?rest_route=\/wp\/v2\/types\/post"}],"author":[{"embeddable":true,"href":"https:\/\/www.educacao.niteroi.rj.gov.br\/index.php?rest_route=\/wp\/v2\/users\/7"}],"replies":[{"embeddable":true,"href":"https:\/\/www.educacao.niteroi.rj.gov.br\/index.php?rest_route=%2Fwp%2Fv2%2Fcomments&post=18690"}],"version-history":[{"count":0,"href":"https:\/\/www.educacao.niteroi.rj.gov.br\/index.php?rest_route=\/wp\/v2\/posts\/18690\/revisions"}],"wp:attachment":[{"href":"https:\/\/www.educacao.niteroi.rj.gov.br\/index.php?rest_route=%2Fwp%2Fv2%2Fmedia&parent=18690"}],"wp:term":[{"taxonomy":"category","embeddable":true,"href":"https:\/\/www.educacao.niteroi.rj.gov.br\/index.php?rest_route=%2Fwp%2Fv2%2Fcategories&post=18690"},{"taxonomy":"post_tag","embeddable":true,"href":"https:\/\/www.educacao.niteroi.rj.gov.br\/index.php?rest_route=%2Fwp%2Fv2%2Ftags&post=18690"}],"curies":[{"name":"wp","href":"https:\/\/api.w.org\/{rel}","templated":true}]}}