{"id":18770,"date":"2017-06-13T19:11:06","date_gmt":"2017-06-13T19:11:06","guid":{"rendered":"https:\/\/educacao.niteroi.rj.gov.br\/?p=18770"},"modified":"2017-06-13T19:11:06","modified_gmt":"2017-06-13T19:11:06","slug":"inscricoes-para-o-seminario-infancias-artes-e-imaginacao","status":"publish","type":"post","link":"https:\/\/www.educacao.niteroi.rj.gov.br\/?p=18770","title":{"rendered":"Inscri\u00e7\u00f5es para o Semin\u00e1rio Inf\u00e2ncias, Artes e Imagina\u00e7\u00e3o"},"content":{"rendered":"<p>O &ldquo;Semin&aacute;rio: Inf&acirc;ncias, Artes e Imagina&ccedil;&atilde;o&rdquo; tem como objetivo principal provocar reflex&otilde;es sobre a constru&ccedil;&atilde;o do Curr&iacute;culo na Educa&ccedil;&atilde;o Infantil, ressaltando que as viv&ecirc;ncias infantis no cotidiano da escola, quando entrecortadas pelas m&uacute;ltiplas linguagens, podem produzir experi&ecirc;ncias que contemplem os sujeitos na sua inteireza, tanto os adultos como as crian&ccedil;as.<\/p>\n<p>Pretende-se ainda neste encontro contemplar, valorizar, incentivar, debater e divulgar os trabalhos desenvolvidos nas Unidades Municipais de Educa&ccedil;&atilde;o Infantil (UMEI), Escolas de Ensino Fundamental com grupos de Educa&ccedil;&atilde;o Infantil e Creches Comunit&aacute;rias vinculadas ao Programa Crian&ccedil;a na Creche no compartilhamento de suas pr&aacute;ticas e saberes tecidos no dia a dia destas institui&ccedil;&otilde;es.<\/p>\n<p>Link para visualizar o edital:&nbsp;<a href=\"https:\/\/educacao.niteroi.rj.gov.br\/wp-content\/uploads\/2017\/06\/Edital-educ.Infantil12-06-2017.pdf\">https:\/\/educacao.niteroi.rj.gov.br\/wp-content\/uploads\/2017\/06\/Edital-educ.Infantil12-06-2017.pdf<\/a>\u200b<\/p>\n<p>Se inscreva no site:&nbsp;<a href=\"https:\/\/goo.gl\/forms\/JJvh2G5PoSudE4rK2\">https:\/\/goo.gl\/forms\/JJvh2G5PoSudE4rK2<\/a><\/p>\n<p>O semin&aacute;rio acontecer&aacute; nos dias 27, 28 e 29 de setembro do ano de 2017.<\/p>\n<p><a href=\"https:\/\/educacao.niteroi.rj.gov.br\/wp-content\/uploads\/2017\/06\/logo-do-semin\u00e1rio-2017.jpg\"><img loading=\"lazy\" decoding=\"async\" alt=\"\" class=\"aligncenter size-full wp-image-18771\" height=\"770\" src=\"https:\/\/educacao.niteroi.rj.gov.br\/wp-content\/uploads\/2017\/06\/logo-do-semin\u00e1rio-2017.jpg\" width=\"578\" \/><\/a><\/p>\n","protected":false},"excerpt":{"rendered":"<p>O &ldquo;Semin&aacute;rio: Inf&acirc;ncias, Artes e Imagina&ccedil;&atilde;o&rdquo; tem como objetivo principal provocar reflex&otilde;es sobre a constru&ccedil;&atilde;o do Curr&iacute;culo na Educa&ccedil;&atilde;o Infantil, ressaltando que as viv&ecirc;ncias infantis no cotidiano da escola, quando entrecortadas pelas m&uacute;ltiplas linguagens, podem produzir experi&ecirc;ncias que contemplem os sujeitos na sua inteireza, tanto os adultos como as crian&ccedil;as. Pretende-se ainda neste encontro contemplar, [&hellip;]<\/p>\n","protected":false},"author":7,"featured_media":0,"comment_status":"open","ping_status":"open","sticky":false,"template":"","format":"standard","meta":{"_et_pb_use_builder":"","_et_pb_old_content":"","_et_gb_content_width":"","footnotes":""},"categories":[18,4,6,10],"tags":[],"class_list":["post-18770","post","type-post","status-publish","format-standard","hentry","category-18","category-destaque","category-noticias","category-ultimas-noticias"],"_links":{"self":[{"href":"https:\/\/www.educacao.niteroi.rj.gov.br\/index.php?rest_route=\/wp\/v2\/posts\/18770","targetHints":{"allow":["GET"]}}],"collection":[{"href":"https:\/\/www.educacao.niteroi.rj.gov.br\/index.php?rest_route=\/wp\/v2\/posts"}],"about":[{"href":"https:\/\/www.educacao.niteroi.rj.gov.br\/index.php?rest_route=\/wp\/v2\/types\/post"}],"author":[{"embeddable":true,"href":"https:\/\/www.educacao.niteroi.rj.gov.br\/index.php?rest_route=\/wp\/v2\/users\/7"}],"replies":[{"embeddable":true,"href":"https:\/\/www.educacao.niteroi.rj.gov.br\/index.php?rest_route=%2Fwp%2Fv2%2Fcomments&post=18770"}],"version-history":[{"count":0,"href":"https:\/\/www.educacao.niteroi.rj.gov.br\/index.php?rest_route=\/wp\/v2\/posts\/18770\/revisions"}],"wp:attachment":[{"href":"https:\/\/www.educacao.niteroi.rj.gov.br\/index.php?rest_route=%2Fwp%2Fv2%2Fmedia&parent=18770"}],"wp:term":[{"taxonomy":"category","embeddable":true,"href":"https:\/\/www.educacao.niteroi.rj.gov.br\/index.php?rest_route=%2Fwp%2Fv2%2Fcategories&post=18770"},{"taxonomy":"post_tag","embeddable":true,"href":"https:\/\/www.educacao.niteroi.rj.gov.br\/index.php?rest_route=%2Fwp%2Fv2%2Ftags&post=18770"}],"curies":[{"name":"wp","href":"https:\/\/api.w.org\/{rel}","templated":true}]}}