{"id":18866,"date":"2017-06-19T16:54:08","date_gmt":"2017-06-19T16:54:08","guid":{"rendered":"https:\/\/educacao.niteroi.rj.gov.br\/?p=18866"},"modified":"2017-06-19T16:54:08","modified_gmt":"2017-06-19T16:54:08","slug":"curso-de-mediacao-pedagogica-reune-pedagogos-e-professores-de-alfabetizacao","status":"publish","type":"post","link":"https:\/\/www.educacao.niteroi.rj.gov.br\/?p=18866","title":{"rendered":"Curso de Media\u00e7\u00e3o Pedag\u00f3gica re\u00fane Pedagogos e Professores de Alfabetiza\u00e7\u00e3o"},"content":{"rendered":"<p>Professores e pedagogos das escolas de 1&ordm; e 2&ordm; ciclo do munic&iacute;pio de Niter&oacute;i participaram nesta segunda-feira, 19, no Audit&oacute;rio Professor Amaury Pereira Muniz, na sede da FME, do 5&ordm; encontro do curso de Media&ccedil;&atilde;o Pedag&oacute;gica nos Grupos de Alfabetiza&ccedil;&atilde;o.<\/p>\n<p>Coordenado pelas pedagogas da Assessoria Especial de Articula&ccedil;&atilde;o Pedag&oacute;gica (AEAP), Andreia Diniz e Ana Carla Fran&ccedil;a, o curso tem como objetivo estabelecer uma parceria entre o pedagogo e os alunos tendo como objetivo o desenvolvimento da escrita e leitura.<\/p>\n<p>Neste 5&ordm; encontro, a palestra mediada pela professora formadora Fernanda Frambach, teve como tem&aacute;tica &ldquo;A forma&ccedil;&atilde;o do aluno leitor: espa&ccedil;os e pr&aacute;ticas de interlocu&ccedil;&atilde;o com o livro e a leitura na escola&rdquo;, que ressaltou a import&acirc;ncia do uso de livros na alfabetiza&ccedil;&atilde;o. &ldquo;&Eacute; importante que os pedagogos trabalhem a leitura como did&aacute;tica, auxiliando os alunos no processo de aprendizagem da interpreta&ccedil;&atilde;o e da escrita&rdquo;, destacou.<\/p>\n<p>O encontro prop&ocirc;s tamb&eacute;m uma discuss&atilde;o dial&oacute;gica entre os profissionais presentes com o foco nas concep&ccedil;&otilde;es de linguagem e leitura, nas pr&aacute;ticas pedag&oacute;gicas e a forma&ccedil;&atilde;o do sujeito leitor na import&acirc;ncia da circula&ccedil;&atilde;o de livros na escola.<\/p>\n<p>&nbsp;<\/p>\n<p>Texto e fotos: Larissa Lisboa<a href=\"https:\/\/educacao.niteroi.rj.gov.br\/wp-content\/uploads\/2017\/06\/IMG_6659c-1.jpg\"><img loading=\"lazy\" decoding=\"async\" alt=\"\" class=\"aligncenter size-large wp-image-18868\" height=\"775\" src=\"https:\/\/educacao.niteroi.rj.gov.br\/wp-content\/uploads\/2017\/06\/IMG_6659c-1-1024x775.jpg\" width=\"1024\" \/><\/a> <a href=\"https:\/\/educacao.niteroi.rj.gov.br\/wp-content\/uploads\/2017\/06\/IMG_6663-Copy.jpg\"><img loading=\"lazy\" decoding=\"async\" alt=\"\" class=\"aligncenter size-large wp-image-18869\" height=\"683\" src=\"https:\/\/educacao.niteroi.rj.gov.br\/wp-content\/uploads\/2017\/06\/IMG_6663-Copy-1024x683.jpg\" width=\"1024\" \/><\/a> <a href=\"https:\/\/educacao.niteroi.rj.gov.br\/wp-content\/uploads\/2017\/06\/IMG_6657-Copy.jpg\"><img loading=\"lazy\" decoding=\"async\" alt=\"\" class=\"aligncenter size-large wp-image-18870\" height=\"683\" src=\"https:\/\/educacao.niteroi.rj.gov.br\/wp-content\/uploads\/2017\/06\/IMG_6657-Copy-1024x683.jpg\" width=\"1024\" \/><\/a> <a href=\"https:\/\/educacao.niteroi.rj.gov.br\/wp-content\/uploads\/2017\/06\/IMG_6655-Copy.jpg\"><img loading=\"lazy\" decoding=\"async\" alt=\"\" class=\"aligncenter size-large wp-image-18871\" height=\"683\" src=\"https:\/\/educacao.niteroi.rj.gov.br\/wp-content\/uploads\/2017\/06\/IMG_6655-Copy-1024x683.jpg\" width=\"1024\" \/><\/a><\/p>\n","protected":false},"excerpt":{"rendered":"<p>Professores e pedagogos das escolas de 1&ordm; e 2&ordm; ciclo do munic&iacute;pio de Niter&oacute;i participaram nesta segunda-feira, 19, no Audit&oacute;rio Professor Amaury Pereira Muniz, na sede da FME, do 5&ordm; encontro do curso de Media&ccedil;&atilde;o Pedag&oacute;gica nos Grupos de Alfabetiza&ccedil;&atilde;o. Coordenado pelas pedagogas da Assessoria Especial de Articula&ccedil;&atilde;o Pedag&oacute;gica (AEAP), Andreia Diniz e Ana Carla [&hellip;]<\/p>\n","protected":false},"author":7,"featured_media":0,"comment_status":"open","ping_status":"open","sticky":false,"template":"","format":"standard","meta":{"_et_pb_use_builder":"","_et_pb_old_content":"","_et_gb_content_width":"","footnotes":""},"categories":[18,4,6,10],"tags":[],"class_list":["post-18866","post","type-post","status-publish","format-standard","hentry","category-18","category-destaque","category-noticias","category-ultimas-noticias"],"_links":{"self":[{"href":"https:\/\/www.educacao.niteroi.rj.gov.br\/index.php?rest_route=\/wp\/v2\/posts\/18866","targetHints":{"allow":["GET"]}}],"collection":[{"href":"https:\/\/www.educacao.niteroi.rj.gov.br\/index.php?rest_route=\/wp\/v2\/posts"}],"about":[{"href":"https:\/\/www.educacao.niteroi.rj.gov.br\/index.php?rest_route=\/wp\/v2\/types\/post"}],"author":[{"embeddable":true,"href":"https:\/\/www.educacao.niteroi.rj.gov.br\/index.php?rest_route=\/wp\/v2\/users\/7"}],"replies":[{"embeddable":true,"href":"https:\/\/www.educacao.niteroi.rj.gov.br\/index.php?rest_route=%2Fwp%2Fv2%2Fcomments&post=18866"}],"version-history":[{"count":0,"href":"https:\/\/www.educacao.niteroi.rj.gov.br\/index.php?rest_route=\/wp\/v2\/posts\/18866\/revisions"}],"wp:attachment":[{"href":"https:\/\/www.educacao.niteroi.rj.gov.br\/index.php?rest_route=%2Fwp%2Fv2%2Fmedia&parent=18866"}],"wp:term":[{"taxonomy":"category","embeddable":true,"href":"https:\/\/www.educacao.niteroi.rj.gov.br\/index.php?rest_route=%2Fwp%2Fv2%2Fcategories&post=18866"},{"taxonomy":"post_tag","embeddable":true,"href":"https:\/\/www.educacao.niteroi.rj.gov.br\/index.php?rest_route=%2Fwp%2Fv2%2Ftags&post=18866"}],"curies":[{"name":"wp","href":"https:\/\/api.w.org\/{rel}","templated":true}]}}