{"id":18874,"date":"2017-06-14T17:00:54","date_gmt":"2017-06-14T17:00:54","guid":{"rendered":"https:\/\/educacao.niteroi.rj.gov.br\/?p=18874"},"modified":"2017-06-14T17:00:54","modified_gmt":"2017-06-14T17:00:54","slug":"fme-promove-curso-de-formacao-em-praticas-narrativas","status":"publish","type":"post","link":"https:\/\/www.educacao.niteroi.rj.gov.br\/?p=18874","title":{"rendered":"FME promove curso de forma\u00e7\u00e3o em Pr\u00e1ticas Narrativas"},"content":{"rendered":"<p>Professores que atuam nas bibliotecas da rede Municipal de Educa&ccedil;&atilde;o de Niter&oacute;i participaram, nesta quarta-feira (14), do curso &ldquo;Ler e contar, contar e ler: As pr&aacute;ticas Narrativas Leitoras&rdquo;, no audit&oacute;rio Darcy Ribeiro, Espa&ccedil;o Oswaldo Salles.<\/p>\n<p>Dirigido pela Coordena&ccedil;&atilde;o de Promo&ccedil;&atilde;o da Leitura, a palestra foi mediada pelo escritor e contador de hist&oacute;rias, Francisco Greg&oacute;rio Filho, e teve como objetivo gerar um espa&ccedil;o de constru&ccedil;&atilde;o de conhecimentos compartilhados com o foco na narrativa e forma&ccedil;&atilde;o do leitor.<\/p>\n<p>O curso teve dura&ccedil;&atilde;o de tr&ecirc;s horas e foram emitidos certificados para os participantes presentes no encontro.<\/p>\n<p>Texto e fotos: &Eacute;rika Ferreira<a href=\"https:\/\/educacao.niteroi.rj.gov.br\/wp-content\/uploads\/2017\/06\/IMG_6626-Copy.jpg\"><img loading=\"lazy\" decoding=\"async\" alt=\"\" class=\"aligncenter size-large wp-image-18926\" height=\"1008\" src=\"https:\/\/educacao.niteroi.rj.gov.br\/wp-content\/uploads\/2017\/06\/IMG_6626-Copy-1024x1008.jpg\" width=\"1024\" \/><\/a><a href=\"https:\/\/educacao.niteroi.rj.gov.br\/wp-content\/uploads\/2017\/06\/IMG_6633-Copy.jpg\"><img loading=\"lazy\" decoding=\"async\" alt=\"\" class=\"aligncenter size-large wp-image-18927\" height=\"1020\" src=\"https:\/\/educacao.niteroi.rj.gov.br\/wp-content\/uploads\/2017\/06\/IMG_6633-Copy-1024x1020.jpg\" width=\"1024\" \/><\/a><a href=\"https:\/\/educacao.niteroi.rj.gov.br\/wp-content\/uploads\/2017\/06\/IMG_6620-Copy.jpg\"><img loading=\"lazy\" decoding=\"async\" alt=\"\" class=\"aligncenter size-large wp-image-18925\" height=\"930\" src=\"https:\/\/educacao.niteroi.rj.gov.br\/wp-content\/uploads\/2017\/06\/IMG_6620-Copy-1024x930.jpg\" width=\"1024\" \/><\/a><a href=\"https:\/\/educacao.niteroi.rj.gov.br\/wp-content\/uploads\/2017\/06\/IMG_6614-Copy.jpg\"><img loading=\"lazy\" decoding=\"async\" alt=\"\" class=\"aligncenter size-large wp-image-18924\" height=\"601\" src=\"https:\/\/educacao.niteroi.rj.gov.br\/wp-content\/uploads\/2017\/06\/IMG_6614-Copy-1024x601.jpg\" width=\"1024\" \/><\/a><a href=\"https:\/\/educacao.niteroi.rj.gov.br\/wp-content\/uploads\/2017\/06\/IMG_6605-Copy.jpg\"><img loading=\"lazy\" decoding=\"async\" alt=\"\" class=\"aligncenter size-large wp-image-18923\" height=\"659\" src=\"https:\/\/educacao.niteroi.rj.gov.br\/wp-content\/uploads\/2017\/06\/IMG_6605-Copy-1024x659.jpg\" width=\"1024\" \/><\/a><\/p>\n","protected":false},"excerpt":{"rendered":"<p>Professores que atuam nas bibliotecas da rede Municipal de Educa&ccedil;&atilde;o de Niter&oacute;i participaram, nesta quarta-feira (14), do curso &ldquo;Ler e contar, contar e ler: As pr&aacute;ticas Narrativas Leitoras&rdquo;, no audit&oacute;rio Darcy Ribeiro, Espa&ccedil;o Oswaldo Salles. Dirigido pela Coordena&ccedil;&atilde;o de Promo&ccedil;&atilde;o da Leitura, a palestra foi mediada pelo escritor e contador de hist&oacute;rias, Francisco Greg&oacute;rio Filho, [&hellip;]<\/p>\n","protected":false},"author":7,"featured_media":0,"comment_status":"open","ping_status":"open","sticky":false,"template":"","format":"standard","meta":{"_et_pb_use_builder":"","_et_pb_old_content":"","_et_gb_content_width":"","footnotes":""},"categories":[18,4,6,10],"tags":[],"class_list":["post-18874","post","type-post","status-publish","format-standard","hentry","category-18","category-destaque","category-noticias","category-ultimas-noticias"],"_links":{"self":[{"href":"https:\/\/www.educacao.niteroi.rj.gov.br\/index.php?rest_route=\/wp\/v2\/posts\/18874","targetHints":{"allow":["GET"]}}],"collection":[{"href":"https:\/\/www.educacao.niteroi.rj.gov.br\/index.php?rest_route=\/wp\/v2\/posts"}],"about":[{"href":"https:\/\/www.educacao.niteroi.rj.gov.br\/index.php?rest_route=\/wp\/v2\/types\/post"}],"author":[{"embeddable":true,"href":"https:\/\/www.educacao.niteroi.rj.gov.br\/index.php?rest_route=\/wp\/v2\/users\/7"}],"replies":[{"embeddable":true,"href":"https:\/\/www.educacao.niteroi.rj.gov.br\/index.php?rest_route=%2Fwp%2Fv2%2Fcomments&post=18874"}],"version-history":[{"count":0,"href":"https:\/\/www.educacao.niteroi.rj.gov.br\/index.php?rest_route=\/wp\/v2\/posts\/18874\/revisions"}],"wp:attachment":[{"href":"https:\/\/www.educacao.niteroi.rj.gov.br\/index.php?rest_route=%2Fwp%2Fv2%2Fmedia&parent=18874"}],"wp:term":[{"taxonomy":"category","embeddable":true,"href":"https:\/\/www.educacao.niteroi.rj.gov.br\/index.php?rest_route=%2Fwp%2Fv2%2Fcategories&post=18874"},{"taxonomy":"post_tag","embeddable":true,"href":"https:\/\/www.educacao.niteroi.rj.gov.br\/index.php?rest_route=%2Fwp%2Fv2%2Ftags&post=18874"}],"curies":[{"name":"wp","href":"https:\/\/api.w.org\/{rel}","templated":true}]}}