{"id":18930,"date":"2017-06-23T16:02:23","date_gmt":"2017-06-23T16:02:23","guid":{"rendered":"https:\/\/educacao.niteroi.rj.gov.br\/?p=18930"},"modified":"2017-06-23T16:02:23","modified_gmt":"2017-06-23T16:02:23","slug":"projeto-da-fetranspor-leva-criancas-da-rede-publica-a-espacos-culturais","status":"publish","type":"post","link":"https:\/\/www.educacao.niteroi.rj.gov.br\/?p=18930","title":{"rendered":"Projeto da Fetranspor leva crian\u00e7as da rede p\u00fablica a espa\u00e7os culturais"},"content":{"rendered":"<p>A Federa&ccedil;&atilde;o de Empresas de &Ocirc;nibus do Estado do Rio de Janeiro(Fetranspor), atrav&eacute;s do&nbsp;projeto &ldquo;Transportando Educa&ccedil;&atilde;o e Cultura&quot;, leva alunos das Redes Municipais da Regi&atilde;o Metropolitana em visitas guiadas a espa&ccedil;os culturais da cidade do Rio de Janeiro.<\/p>\n<p>As escolas de Niter&oacute;i que participaram&nbsp;do projeto, com alunos e professores, foram&nbsp;a E.M. Paulo Freire que no dia 16\/ 05 visitou o MAR &#8211; Museu de Arte do Rio e a&nbsp;E. M. Honorina de Carvalho que visitou no dia 21\/06 o Museu Hist&oacute;rico Nacional.<a href=\"https:\/\/educacao.niteroi.rj.gov.br\/wp-content\/uploads\/2017\/06\/EM-HONORINA-DE-CARVALHO-Copy.jpeg\"><img loading=\"lazy\" decoding=\"async\" alt=\"\" class=\"aligncenter size-large wp-image-18931\" height=\"671\" src=\"https:\/\/educacao.niteroi.rj.gov.br\/wp-content\/uploads\/2017\/06\/EM-HONORINA-DE-CARVALHO-Copy-1024x671.jpeg\" width=\"1024\" \/><\/a><a href=\"https:\/\/educacao.niteroi.rj.gov.br\/wp-content\/uploads\/2017\/06\/EM-HONORINA-DE-CARVALHO2-Copy.jpg\"><img loading=\"lazy\" decoding=\"async\" alt=\"\" class=\"aligncenter size-large wp-image-18932\" height=\"606\" src=\"https:\/\/educacao.niteroi.rj.gov.br\/wp-content\/uploads\/2017\/06\/EM-HONORINA-DE-CARVALHO2-Copy.jpg\" width=\"656\" \/><\/a><a href=\"https:\/\/educacao.niteroi.rj.gov.br\/wp-content\/uploads\/2017\/06\/EM-HONORINA-DE-CARVALHO4-Copy.jpg\"><img loading=\"lazy\" decoding=\"async\" alt=\"\" class=\"aligncenter size-large wp-image-18933\" height=\"672\" src=\"https:\/\/educacao.niteroi.rj.gov.br\/wp-content\/uploads\/2017\/06\/EM-HONORINA-DE-CARVALHO4-Copy.jpg\" width=\"896\" \/><\/a><a href=\"https:\/\/educacao.niteroi.rj.gov.br\/wp-content\/uploads\/2017\/06\/EM-PAULO-FREIRE3-Copy.jpg\"><img loading=\"lazy\" decoding=\"async\" alt=\"\" class=\"aligncenter size-large wp-image-18934\" height=\"623\" src=\"https:\/\/educacao.niteroi.rj.gov.br\/wp-content\/uploads\/2017\/06\/EM-PAULO-FREIRE3-Copy.jpg\" width=\"713\" \/><\/a><a href=\"https:\/\/educacao.niteroi.rj.gov.br\/wp-content\/uploads\/2017\/06\/EM-PAULO-FREIRE6-Copy.jpg\"><img loading=\"lazy\" decoding=\"async\" alt=\"\" class=\"aligncenter size-large wp-image-18935\" height=\"623\" src=\"https:\/\/educacao.niteroi.rj.gov.br\/wp-content\/uploads\/2017\/06\/EM-PAULO-FREIRE6-Copy.jpg\" width=\"831\" \/><\/a><a href=\"https:\/\/educacao.niteroi.rj.gov.br\/wp-content\/uploads\/2017\/06\/EM-PAULO-FREIRE7-Copy.jpg\"><img loading=\"lazy\" decoding=\"async\" alt=\"\" class=\"aligncenter size-large wp-image-18936\" height=\"539\" src=\"https:\/\/educacao.niteroi.rj.gov.br\/wp-content\/uploads\/2017\/06\/EM-PAULO-FREIRE7-Copy.jpg\" width=\"811\" \/><\/a><a href=\"https:\/\/educacao.niteroi.rj.gov.br\/wp-content\/uploads\/2017\/06\/EM-PAULO-FREIRE8-Copy.jpg\"><img loading=\"lazy\" decoding=\"async\" alt=\"\" class=\"aligncenter size-large wp-image-18937\" height=\"623\" src=\"https:\/\/educacao.niteroi.rj.gov.br\/wp-content\/uploads\/2017\/06\/EM-PAULO-FREIRE8-Copy.jpg\" width=\"638\" \/><\/a><\/p>\n","protected":false},"excerpt":{"rendered":"<p>A Federa&ccedil;&atilde;o de Empresas de &Ocirc;nibus do Estado do Rio de Janeiro(Fetranspor), atrav&eacute;s do&nbsp;projeto &ldquo;Transportando Educa&ccedil;&atilde;o e Cultura&quot;, leva alunos das Redes Municipais da Regi&atilde;o Metropolitana em visitas guiadas a espa&ccedil;os culturais da cidade do Rio de Janeiro. As escolas de Niter&oacute;i que participaram&nbsp;do projeto, com alunos e professores, foram&nbsp;a E.M. Paulo Freire que no [&hellip;]<\/p>\n","protected":false},"author":7,"featured_media":0,"comment_status":"open","ping_status":"open","sticky":false,"template":"","format":"standard","meta":{"_et_pb_use_builder":"","_et_pb_old_content":"","_et_gb_content_width":"","footnotes":""},"categories":[18,4,6,10],"tags":[],"class_list":["post-18930","post","type-post","status-publish","format-standard","hentry","category-18","category-destaque","category-noticias","category-ultimas-noticias"],"_links":{"self":[{"href":"https:\/\/www.educacao.niteroi.rj.gov.br\/index.php?rest_route=\/wp\/v2\/posts\/18930","targetHints":{"allow":["GET"]}}],"collection":[{"href":"https:\/\/www.educacao.niteroi.rj.gov.br\/index.php?rest_route=\/wp\/v2\/posts"}],"about":[{"href":"https:\/\/www.educacao.niteroi.rj.gov.br\/index.php?rest_route=\/wp\/v2\/types\/post"}],"author":[{"embeddable":true,"href":"https:\/\/www.educacao.niteroi.rj.gov.br\/index.php?rest_route=\/wp\/v2\/users\/7"}],"replies":[{"embeddable":true,"href":"https:\/\/www.educacao.niteroi.rj.gov.br\/index.php?rest_route=%2Fwp%2Fv2%2Fcomments&post=18930"}],"version-history":[{"count":0,"href":"https:\/\/www.educacao.niteroi.rj.gov.br\/index.php?rest_route=\/wp\/v2\/posts\/18930\/revisions"}],"wp:attachment":[{"href":"https:\/\/www.educacao.niteroi.rj.gov.br\/index.php?rest_route=%2Fwp%2Fv2%2Fmedia&parent=18930"}],"wp:term":[{"taxonomy":"category","embeddable":true,"href":"https:\/\/www.educacao.niteroi.rj.gov.br\/index.php?rest_route=%2Fwp%2Fv2%2Fcategories&post=18930"},{"taxonomy":"post_tag","embeddable":true,"href":"https:\/\/www.educacao.niteroi.rj.gov.br\/index.php?rest_route=%2Fwp%2Fv2%2Ftags&post=18930"}],"curies":[{"name":"wp","href":"https:\/\/api.w.org\/{rel}","templated":true}]}}