{"id":18984,"date":"2017-06-28T18:26:06","date_gmt":"2017-06-28T18:26:06","guid":{"rendered":"https:\/\/educacao.niteroi.rj.gov.br\/?p=18984"},"modified":"2017-06-28T18:26:06","modified_gmt":"2017-06-28T18:26:06","slug":"formacao-continuada-trilhando-caminhos-pedagogicos-no-cotidiano-escolar","status":"publish","type":"post","link":"https:\/\/www.educacao.niteroi.rj.gov.br\/?p=18984","title":{"rendered":"Forma\u00e7\u00e3o Continuada &#8220;Trilhando Caminhos Pedag\u00f3gicos no Cotidiano Escolar&#8221;"},"content":{"rendered":"<p>Os Professores de Geografia, Hist&oacute;ria e Educa&ccedil;&atilde;o F&iacute;sica da Rede Municipal participaram da Forma&ccedil;&atilde;o Continuada &quot;Trilhando Caminhos Pedag&oacute;gicos no Cotidiano Escolar&quot; no Museu de Arquiologia de Itaipu(MAI).<\/p>\n<p>O encontro foi promovido pelas coordena&ccedil;&otilde;es de Educa&ccedil;&atilde;o F&iacute;sica e Geografia da Diretoria de 3&ordm; e 4&ordm;&nbsp;ciclos, e realizada em conjunto com a equipe do MAI e do Parque Estadual da Serra da Tiririca, teve como objetivo&nbsp;proporcionar&nbsp;experi&ecirc;ncias que pudessem ser multiplicadas junto aos alunos da Rede, atrav&eacute;s de um trabalho interdisciplinar de conviv&ecirc;ncia&nbsp;dos espa&ccedil;os da cidade.<\/p>\n<p>&nbsp;<\/p>\n<p><a href=\"https:\/\/educacao.niteroi.rj.gov.br\/wp-content\/uploads\/2017\/06\/WhatsApp-Image-2017-06-30-at-12.45.05.jpeg\"><img loading=\"lazy\" decoding=\"async\" alt=\"\" class=\"aligncenter size-large wp-image-18986\" height=\"576\" src=\"https:\/\/educacao.niteroi.rj.gov.br\/wp-content\/uploads\/2017\/06\/WhatsApp-Image-2017-06-30-at-12.45.05-1024x576.jpeg\" width=\"1024\" \/><\/a><a href=\"https:\/\/educacao.niteroi.rj.gov.br\/wp-content\/uploads\/2017\/06\/WhatsApp-Image-2017-06-30-at-12.45.04-1.jpeg\"><img loading=\"lazy\" decoding=\"async\" alt=\"\" class=\"aligncenter size-large wp-image-18987\" height=\"576\" src=\"https:\/\/educacao.niteroi.rj.gov.br\/wp-content\/uploads\/2017\/06\/WhatsApp-Image-2017-06-30-at-12.45.04-1-1024x576.jpeg\" width=\"1024\" \/><\/a><a href=\"https:\/\/educacao.niteroi.rj.gov.br\/wp-content\/uploads\/2017\/06\/WhatsApp-Image-2017-06-30-at-12.45.04.jpeg\"><img loading=\"lazy\" decoding=\"async\" alt=\"\" class=\"aligncenter size-large wp-image-18988\" height=\"576\" src=\"https:\/\/educacao.niteroi.rj.gov.br\/wp-content\/uploads\/2017\/06\/WhatsApp-Image-2017-06-30-at-12.45.04-1024x576.jpeg\" width=\"1024\" \/><\/a><a href=\"https:\/\/educacao.niteroi.rj.gov.br\/wp-content\/uploads\/2017\/06\/WhatsApp-Image-2017-06-30-at-12.45.03.jpeg\"><img loading=\"lazy\" decoding=\"async\" alt=\"\" class=\"aligncenter size-large wp-image-18990\" height=\"768\" src=\"https:\/\/educacao.niteroi.rj.gov.br\/wp-content\/uploads\/2017\/06\/WhatsApp-Image-2017-06-30-at-12.45.03-1024x768.jpeg\" width=\"1024\" \/><\/a><a href=\"https:\/\/educacao.niteroi.rj.gov.br\/wp-content\/uploads\/2017\/06\/WhatsApp-Image-2017-06-30-at-12.45.03-1.jpeg\"><img loading=\"lazy\" decoding=\"async\" alt=\"\" class=\"aligncenter size-large wp-image-18989\" height=\"768\" src=\"https:\/\/educacao.niteroi.rj.gov.br\/wp-content\/uploads\/2017\/06\/WhatsApp-Image-2017-06-30-at-12.45.03-1-1024x768.jpeg\" width=\"1024\" \/><\/a><a href=\"https:\/\/educacao.niteroi.rj.gov.br\/wp-content\/uploads\/2017\/06\/WhatsApp-Image-2017-06-30-at-12.45.02.jpeg\"><img loading=\"lazy\" decoding=\"async\" alt=\"\" class=\"aligncenter size-large wp-image-18991\" height=\"768\" src=\"https:\/\/educacao.niteroi.rj.gov.br\/wp-content\/uploads\/2017\/06\/WhatsApp-Image-2017-06-30-at-12.45.02-1024x768.jpeg\" width=\"1024\" \/><\/a><\/p>\n","protected":false},"excerpt":{"rendered":"<p>Os Professores de Geografia, Hist&oacute;ria e Educa&ccedil;&atilde;o F&iacute;sica da Rede Municipal participaram da Forma&ccedil;&atilde;o Continuada &quot;Trilhando Caminhos Pedag&oacute;gicos no Cotidiano Escolar&quot; no Museu de Arquiologia de Itaipu(MAI). O encontro foi promovido pelas coordena&ccedil;&otilde;es de Educa&ccedil;&atilde;o F&iacute;sica e Geografia da Diretoria de 3&ordm; e 4&ordm;&nbsp;ciclos, e realizada em conjunto com a equipe do MAI e do [&hellip;]<\/p>\n","protected":false},"author":7,"featured_media":0,"comment_status":"open","ping_status":"open","sticky":false,"template":"","format":"standard","meta":{"_et_pb_use_builder":"","_et_pb_old_content":"","_et_gb_content_width":"","footnotes":""},"categories":[18,4,6,10],"tags":[],"class_list":["post-18984","post","type-post","status-publish","format-standard","hentry","category-18","category-destaque","category-noticias","category-ultimas-noticias"],"_links":{"self":[{"href":"https:\/\/www.educacao.niteroi.rj.gov.br\/index.php?rest_route=\/wp\/v2\/posts\/18984","targetHints":{"allow":["GET"]}}],"collection":[{"href":"https:\/\/www.educacao.niteroi.rj.gov.br\/index.php?rest_route=\/wp\/v2\/posts"}],"about":[{"href":"https:\/\/www.educacao.niteroi.rj.gov.br\/index.php?rest_route=\/wp\/v2\/types\/post"}],"author":[{"embeddable":true,"href":"https:\/\/www.educacao.niteroi.rj.gov.br\/index.php?rest_route=\/wp\/v2\/users\/7"}],"replies":[{"embeddable":true,"href":"https:\/\/www.educacao.niteroi.rj.gov.br\/index.php?rest_route=%2Fwp%2Fv2%2Fcomments&post=18984"}],"version-history":[{"count":0,"href":"https:\/\/www.educacao.niteroi.rj.gov.br\/index.php?rest_route=\/wp\/v2\/posts\/18984\/revisions"}],"wp:attachment":[{"href":"https:\/\/www.educacao.niteroi.rj.gov.br\/index.php?rest_route=%2Fwp%2Fv2%2Fmedia&parent=18984"}],"wp:term":[{"taxonomy":"category","embeddable":true,"href":"https:\/\/www.educacao.niteroi.rj.gov.br\/index.php?rest_route=%2Fwp%2Fv2%2Fcategories&post=18984"},{"taxonomy":"post_tag","embeddable":true,"href":"https:\/\/www.educacao.niteroi.rj.gov.br\/index.php?rest_route=%2Fwp%2Fv2%2Ftags&post=18984"}],"curies":[{"name":"wp","href":"https:\/\/api.w.org\/{rel}","templated":true}]}}