{"id":19026,"date":"2017-07-03T16:38:50","date_gmt":"2017-07-03T16:38:50","guid":{"rendered":"https:\/\/educacao.niteroi.rj.gov.br\/?p=19026"},"modified":"2017-07-03T16:38:50","modified_gmt":"2017-07-03T16:38:50","slug":"fme-realiza-2o-encontro-do-curso-a-praxis-do-pedagogo-na-educacao-infantil","status":"publish","type":"post","link":"https:\/\/www.educacao.niteroi.rj.gov.br\/?p=19026","title":{"rendered":"FME realiza 2\u00ba encontro do curso \u201cA Pr\u00e1xis do Pedagogo na Educa\u00e7\u00e3o Infantil\u201d"},"content":{"rendered":"<p style=\"text-align: justify;\">Foi realizado nesta quinta-feira (29), no audit&oacute;rio Darcy Ribeiro, Espa&ccedil;o Oswaldo Salles, o 2&ordm; encontro do curso &ldquo;A Pr&aacute;xis do Pedagogo na Educa&ccedil;&atilde;o Infantil&rdquo; destinado aos professores e pedagogos que atuam nas Unidades Escolares (UEs), UMEIs e creches comunit&aacute;rias do munic&iacute;pio de Niter&oacute;i.<\/p>\n<p style=\"text-align: justify;\">Promovido pela Assessoria Especial de Articula&ccedil;&atilde;o Pedag&oacute;gica (AEAP) e a Diretoria de Educa&ccedil;&atilde;o Infantil, o curso &eacute; dirigido coordenadora AEAP, Sandra Sousa, e pelas diretoras da Educa&ccedil;&atilde;o Infantil, Elisa Pandino, Fernanda Bortone e Rosana Ribeiro.<\/p>\n<p style=\"text-align: justify;\">O encontro contou com a presen&ccedil;a da professora adjunta da Universidade Estadual do Rio de Janeiro (UERJ\/S&atilde;o Gon&ccedil;alo), Helo&iacute;sa Carreiro, que abordou o tema&ldquo; A inf&acirc;ncia e curr&iacute;culo&rdquo;.<\/p>\n<p style=\"text-align: justify;\">Os presentes participaram de um debate (sobre a legisla&ccedil;&atilde;o da Educa&ccedil;&atilde;o infantil e tamb&eacute;m sobre o documento presente no Conselho Nacional de Educa&ccedil;&atilde;o que se refere &agrave; Base Nacional Comum Curricular.<\/p>\n<p style=\"text-align: justify;\">O 3&ordm; encontro est&aacute; previsto para acontecer no dia 13 de julho e ter&aacute; como tema &quot;Quest&otilde;es Contempor&acirc;neas na Educa&ccedil;&atilde;o Infantil: Medicaliza&ccedil;&atilde;o da Vida Escolar&quot;.<\/p>\n<p style=\"text-align: justify;\">&nbsp;<\/p>\n<p style=\"text-align: justify;\">Texto e fotos: &Eacute;rika Ferreira<\/p>\n<p style=\"text-align: justify;\">&nbsp;<\/p>\n<p style=\"text-align: justify;\"><a href=\"https:\/\/educacao.niteroi.rj.gov.br\/wp-content\/uploads\/2017\/07\/WhatsApp-Image-2017-06-29-at-10.23.10.jpeg\"><img loading=\"lazy\" decoding=\"async\" alt=\"\" class=\"aligncenter size-full wp-image-19027\" height=\"942\" src=\"https:\/\/educacao.niteroi.rj.gov.br\/wp-content\/uploads\/2017\/07\/WhatsApp-Image-2017-06-29-at-10.23.10.jpeg\" width=\"774\" \/><\/a> <a href=\"https:\/\/educacao.niteroi.rj.gov.br\/wp-content\/uploads\/2017\/07\/WhatsApp-Image-2017-06-29-at-10.23.11-1.jpeg\"><img loading=\"lazy\" decoding=\"async\" alt=\"\" class=\"aligncenter size-large wp-image-19028\" height=\"768\" src=\"https:\/\/educacao.niteroi.rj.gov.br\/wp-content\/uploads\/2017\/07\/WhatsApp-Image-2017-06-29-at-10.23.11-1-1024x768.jpeg\" width=\"1024\" \/><\/a> <a href=\"https:\/\/educacao.niteroi.rj.gov.br\/wp-content\/uploads\/2017\/07\/WhatsApp-Image-2017-06-29-at-10.23.13-2.jpeg\"><img loading=\"lazy\" decoding=\"async\" alt=\"\" class=\"aligncenter size-large wp-image-19029\" height=\"768\" src=\"https:\/\/educacao.niteroi.rj.gov.br\/wp-content\/uploads\/2017\/07\/WhatsApp-Image-2017-06-29-at-10.23.13-2-1024x768.jpeg\" width=\"1024\" \/><\/a> <a href=\"https:\/\/educacao.niteroi.rj.gov.br\/wp-content\/uploads\/2017\/07\/WhatsApp-Image-2017-06-29-at-10.23.15-2.jpeg\"><img loading=\"lazy\" decoding=\"async\" alt=\"\" class=\"aligncenter size-large wp-image-19030\" height=\"1024\" src=\"https:\/\/educacao.niteroi.rj.gov.br\/wp-content\/uploads\/2017\/07\/WhatsApp-Image-2017-06-29-at-10.23.15-2-768x1024.jpeg\" width=\"768\" \/><\/a><\/p>\n","protected":false},"excerpt":{"rendered":"<p>Foi realizado nesta quinta-feira (29), no audit&oacute;rio Darcy Ribeiro, Espa&ccedil;o Oswaldo Salles, o 2&ordm; encontro do curso &ldquo;A Pr&aacute;xis do Pedagogo na Educa&ccedil;&atilde;o Infantil&rdquo; destinado aos professores e pedagogos que atuam nas Unidades Escolares (UEs), UMEIs e creches comunit&aacute;rias do munic&iacute;pio de Niter&oacute;i. Promovido pela Assessoria Especial de Articula&ccedil;&atilde;o Pedag&oacute;gica (AEAP) e a Diretoria de [&hellip;]<\/p>\n","protected":false},"author":7,"featured_media":0,"comment_status":"open","ping_status":"open","sticky":false,"template":"","format":"standard","meta":{"_et_pb_use_builder":"","_et_pb_old_content":"","_et_gb_content_width":"","footnotes":""},"categories":[18,4,6,10],"tags":[],"class_list":["post-19026","post","type-post","status-publish","format-standard","hentry","category-18","category-destaque","category-noticias","category-ultimas-noticias"],"_links":{"self":[{"href":"https:\/\/www.educacao.niteroi.rj.gov.br\/index.php?rest_route=\/wp\/v2\/posts\/19026","targetHints":{"allow":["GET"]}}],"collection":[{"href":"https:\/\/www.educacao.niteroi.rj.gov.br\/index.php?rest_route=\/wp\/v2\/posts"}],"about":[{"href":"https:\/\/www.educacao.niteroi.rj.gov.br\/index.php?rest_route=\/wp\/v2\/types\/post"}],"author":[{"embeddable":true,"href":"https:\/\/www.educacao.niteroi.rj.gov.br\/index.php?rest_route=\/wp\/v2\/users\/7"}],"replies":[{"embeddable":true,"href":"https:\/\/www.educacao.niteroi.rj.gov.br\/index.php?rest_route=%2Fwp%2Fv2%2Fcomments&post=19026"}],"version-history":[{"count":0,"href":"https:\/\/www.educacao.niteroi.rj.gov.br\/index.php?rest_route=\/wp\/v2\/posts\/19026\/revisions"}],"wp:attachment":[{"href":"https:\/\/www.educacao.niteroi.rj.gov.br\/index.php?rest_route=%2Fwp%2Fv2%2Fmedia&parent=19026"}],"wp:term":[{"taxonomy":"category","embeddable":true,"href":"https:\/\/www.educacao.niteroi.rj.gov.br\/index.php?rest_route=%2Fwp%2Fv2%2Fcategories&post=19026"},{"taxonomy":"post_tag","embeddable":true,"href":"https:\/\/www.educacao.niteroi.rj.gov.br\/index.php?rest_route=%2Fwp%2Fv2%2Ftags&post=19026"}],"curies":[{"name":"wp","href":"https:\/\/api.w.org\/{rel}","templated":true}]}}