{"id":19034,"date":"2017-06-28T16:42:21","date_gmt":"2017-06-28T16:42:21","guid":{"rendered":"https:\/\/educacao.niteroi.rj.gov.br\/?p=19034"},"modified":"2017-06-28T16:42:21","modified_gmt":"2017-06-28T16:42:21","slug":"fme-realiza-encontro-de-formacao-de-aceleracao","status":"publish","type":"post","link":"https:\/\/www.educacao.niteroi.rj.gov.br\/?p=19034","title":{"rendered":"FME realiza encontro de Forma\u00e7\u00e3o de Acelera\u00e7\u00e3o"},"content":{"rendered":"<p style=\"text-align: justify;\">Professores da rede municipal de Niter&oacute;i participaram nesta quarta-feira (28), do encontro de Forma&ccedil;&atilde;o de Acelera&ccedil;&atilde;o na Educa&ccedil;&atilde;o, realizado no audit&oacute;rio Darcy Ribeiro, Espa&ccedil;o Oswaldo Salles.<\/p>\n<p style=\"text-align: justify;\">Mediado pelas Coordenadoras da Promo&ccedil;&atilde;o da Leitura, Liliane Baloneck e Camila Bacelar, o objetivo foi ressaltar as a&ccedil;&otilde;es atuantes na Educa&ccedil;&atilde;o como a sensibilidade, as mem&oacute;rias, as narrativas e a forma&ccedil;&atilde;o do autor leitor.<\/p>\n<p style=\"text-align: justify;\">O encontro teve tamb&eacute;m como proposta a realiza&ccedil;&atilde;o de din&acirc;micas entre os professores presentes com a finalidade de trabalhar as a&ccedil;&otilde;es pautadas e discutidas na reuni&atilde;o.<\/p>\n<p style=\"text-align: justify;\">&nbsp;<\/p>\n<p style=\"text-align: justify;\">Texto e fotos: &Eacute;rika Ferreira.<\/p>\n<p style=\"text-align: justify;\"><a href=\"https:\/\/educacao.niteroi.rj.gov.br\/wp-content\/uploads\/2017\/07\/WhatsApp-Image-2017-06-28-at-15.29.57-Copia.jpeg\"><img loading=\"lazy\" decoding=\"async\" alt=\"\" class=\"aligncenter size-large wp-image-19036\" height=\"768\" src=\"https:\/\/educacao.niteroi.rj.gov.br\/wp-content\/uploads\/2017\/07\/WhatsApp-Image-2017-06-28-at-15.29.57-Copia-1024x768.jpeg\" width=\"1024\" \/><\/a> <a href=\"https:\/\/educacao.niteroi.rj.gov.br\/wp-content\/uploads\/2017\/07\/WhatsApp-Image-2017-06-28-at-15.29.59-1-Copia.jpeg\"><img loading=\"lazy\" decoding=\"async\" alt=\"\" class=\"aligncenter size-large wp-image-19037\" height=\"768\" src=\"https:\/\/educacao.niteroi.rj.gov.br\/wp-content\/uploads\/2017\/07\/WhatsApp-Image-2017-06-28-at-15.29.59-1-Copia-1024x768.jpeg\" width=\"1024\" \/><\/a> <a href=\"https:\/\/educacao.niteroi.rj.gov.br\/wp-content\/uploads\/2017\/07\/WhatsApp-Image-2017-06-28-at-15.30.01-1-Copia.jpeg\"><img loading=\"lazy\" decoding=\"async\" alt=\"\" class=\"aligncenter size-large wp-image-19038\" height=\"768\" src=\"https:\/\/educacao.niteroi.rj.gov.br\/wp-content\/uploads\/2017\/07\/WhatsApp-Image-2017-06-28-at-15.30.01-1-Copia-1024x768.jpeg\" width=\"1024\" \/><\/a> <a href=\"https:\/\/educacao.niteroi.rj.gov.br\/wp-content\/uploads\/2017\/07\/WhatsApp-Image-2017-06-28-at-15.30.03-Copia.jpeg\"><img loading=\"lazy\" decoding=\"async\" alt=\"\" class=\"aligncenter size-large wp-image-19039\" height=\"1024\" src=\"https:\/\/educacao.niteroi.rj.gov.br\/wp-content\/uploads\/2017\/07\/WhatsApp-Image-2017-06-28-at-15.30.03-Copia-768x1024.jpeg\" width=\"768\" \/><\/a> <a href=\"https:\/\/educacao.niteroi.rj.gov.br\/wp-content\/uploads\/2017\/07\/WhatsApp-Image-2017-06-28-at-16.09.39-Copia.jpeg\"><img loading=\"lazy\" decoding=\"async\" alt=\"\" class=\"aligncenter size-large wp-image-19040\" height=\"768\" src=\"https:\/\/educacao.niteroi.rj.gov.br\/wp-content\/uploads\/2017\/07\/WhatsApp-Image-2017-06-28-at-16.09.39-Copia-1024x768.jpeg\" width=\"1024\" \/><\/a> <a href=\"https:\/\/educacao.niteroi.rj.gov.br\/wp-content\/uploads\/2017\/07\/WhatsApp-Image-2017-06-28-at-16.09.40-Copia.jpeg\"><img loading=\"lazy\" decoding=\"async\" alt=\"\" class=\"aligncenter size-large wp-image-19041\" height=\"768\" src=\"https:\/\/educacao.niteroi.rj.gov.br\/wp-content\/uploads\/2017\/07\/WhatsApp-Image-2017-06-28-at-16.09.40-Copia-1024x768.jpeg\" width=\"1024\" \/><\/a> <a href=\"https:\/\/educacao.niteroi.rj.gov.br\/wp-content\/uploads\/2017\/07\/WhatsApp-Image-2017-06-28-at-16.09.40-1-Copia.jpeg\"><img loading=\"lazy\" decoding=\"async\" alt=\"\" class=\"aligncenter size-large wp-image-19042\" height=\"768\" src=\"https:\/\/educacao.niteroi.rj.gov.br\/wp-content\/uploads\/2017\/07\/WhatsApp-Image-2017-06-28-at-16.09.40-1-Copia-1024x768.jpeg\" width=\"1024\" \/><\/a><\/p>\n<p style=\"text-align: justify;\">&nbsp;<\/p>\n","protected":false},"excerpt":{"rendered":"<p>Professores da rede municipal de Niter&oacute;i participaram nesta quarta-feira (28), do encontro de Forma&ccedil;&atilde;o de Acelera&ccedil;&atilde;o na Educa&ccedil;&atilde;o, realizado no audit&oacute;rio Darcy Ribeiro, Espa&ccedil;o Oswaldo Salles. Mediado pelas Coordenadoras da Promo&ccedil;&atilde;o da Leitura, Liliane Baloneck e Camila Bacelar, o objetivo foi ressaltar as a&ccedil;&otilde;es atuantes na Educa&ccedil;&atilde;o como a sensibilidade, as mem&oacute;rias, as narrativas e [&hellip;]<\/p>\n","protected":false},"author":7,"featured_media":0,"comment_status":"open","ping_status":"open","sticky":false,"template":"","format":"standard","meta":{"_et_pb_use_builder":"","_et_pb_old_content":"","_et_gb_content_width":"","footnotes":""},"categories":[18,4,6,10],"tags":[],"class_list":["post-19034","post","type-post","status-publish","format-standard","hentry","category-18","category-destaque","category-noticias","category-ultimas-noticias"],"_links":{"self":[{"href":"https:\/\/www.educacao.niteroi.rj.gov.br\/index.php?rest_route=\/wp\/v2\/posts\/19034","targetHints":{"allow":["GET"]}}],"collection":[{"href":"https:\/\/www.educacao.niteroi.rj.gov.br\/index.php?rest_route=\/wp\/v2\/posts"}],"about":[{"href":"https:\/\/www.educacao.niteroi.rj.gov.br\/index.php?rest_route=\/wp\/v2\/types\/post"}],"author":[{"embeddable":true,"href":"https:\/\/www.educacao.niteroi.rj.gov.br\/index.php?rest_route=\/wp\/v2\/users\/7"}],"replies":[{"embeddable":true,"href":"https:\/\/www.educacao.niteroi.rj.gov.br\/index.php?rest_route=%2Fwp%2Fv2%2Fcomments&post=19034"}],"version-history":[{"count":0,"href":"https:\/\/www.educacao.niteroi.rj.gov.br\/index.php?rest_route=\/wp\/v2\/posts\/19034\/revisions"}],"wp:attachment":[{"href":"https:\/\/www.educacao.niteroi.rj.gov.br\/index.php?rest_route=%2Fwp%2Fv2%2Fmedia&parent=19034"}],"wp:term":[{"taxonomy":"category","embeddable":true,"href":"https:\/\/www.educacao.niteroi.rj.gov.br\/index.php?rest_route=%2Fwp%2Fv2%2Fcategories&post=19034"},{"taxonomy":"post_tag","embeddable":true,"href":"https:\/\/www.educacao.niteroi.rj.gov.br\/index.php?rest_route=%2Fwp%2Fv2%2Ftags&post=19034"}],"curies":[{"name":"wp","href":"https:\/\/api.w.org\/{rel}","templated":true}]}}