{"id":19081,"date":"2017-07-05T15:11:56","date_gmt":"2017-07-05T15:11:56","guid":{"rendered":"https:\/\/educacao.niteroi.rj.gov.br\/?p=19081"},"modified":"2017-07-05T15:11:56","modified_gmt":"2017-07-05T15:11:56","slug":"convite-lancamento-do-livro-cultura-e-praticas-literarias-no-memorial-roberto-silveira","status":"publish","type":"post","link":"https:\/\/www.educacao.niteroi.rj.gov.br\/?p=19081","title":{"rendered":"CONVITE: Lan\u00e7amento do Livro &#8220;Cultura e&#8230; Pr\u00e1ticas Liter\u00e1rias&#8221; no Memorial Roberto Silveira"},"content":{"rendered":"<p><a href=\"https:\/\/educacao.niteroi.rj.gov.br\/wp-content\/uploads\/2017\/07\/Convite-lan\u00e7amento-livro-Cultura-e-Pr\u00e1ticas-Literaria-.jpg\"><img loading=\"lazy\" decoding=\"async\" alt=\"\" class=\"aligncenter size-large wp-image-19082\" height=\"724\" src=\"https:\/\/educacao.niteroi.rj.gov.br\/wp-content\/uploads\/2017\/07\/Convite-lan\u00e7amento-livro-Cultura-e-Pr\u00e1ticas-Literaria--1024x724.jpg\" width=\"1024\" \/><\/a><\/p>\n","protected":false},"excerpt":{"rendered":"","protected":false},"author":7,"featured_media":0,"comment_status":"open","ping_status":"open","sticky":false,"template":"","format":"standard","meta":{"_et_pb_use_builder":"","_et_pb_old_content":"","_et_gb_content_width":"","footnotes":""},"categories":[18,4,6,10],"tags":[],"class_list":["post-19081","post","type-post","status-publish","format-standard","hentry","category-18","category-destaque","category-noticias","category-ultimas-noticias"],"_links":{"self":[{"href":"https:\/\/www.educacao.niteroi.rj.gov.br\/index.php?rest_route=\/wp\/v2\/posts\/19081","targetHints":{"allow":["GET"]}}],"collection":[{"href":"https:\/\/www.educacao.niteroi.rj.gov.br\/index.php?rest_route=\/wp\/v2\/posts"}],"about":[{"href":"https:\/\/www.educacao.niteroi.rj.gov.br\/index.php?rest_route=\/wp\/v2\/types\/post"}],"author":[{"embeddable":true,"href":"https:\/\/www.educacao.niteroi.rj.gov.br\/index.php?rest_route=\/wp\/v2\/users\/7"}],"replies":[{"embeddable":true,"href":"https:\/\/www.educacao.niteroi.rj.gov.br\/index.php?rest_route=%2Fwp%2Fv2%2Fcomments&post=19081"}],"version-history":[{"count":0,"href":"https:\/\/www.educacao.niteroi.rj.gov.br\/index.php?rest_route=\/wp\/v2\/posts\/19081\/revisions"}],"wp:attachment":[{"href":"https:\/\/www.educacao.niteroi.rj.gov.br\/index.php?rest_route=%2Fwp%2Fv2%2Fmedia&parent=19081"}],"wp:term":[{"taxonomy":"category","embeddable":true,"href":"https:\/\/www.educacao.niteroi.rj.gov.br\/index.php?rest_route=%2Fwp%2Fv2%2Fcategories&post=19081"},{"taxonomy":"post_tag","embeddable":true,"href":"https:\/\/www.educacao.niteroi.rj.gov.br\/index.php?rest_route=%2Fwp%2Fv2%2Ftags&post=19081"}],"curies":[{"name":"wp","href":"https:\/\/api.w.org\/{rel}","templated":true}]}}