{"id":19486,"date":"2017-07-10T19:45:25","date_gmt":"2017-07-10T19:45:25","guid":{"rendered":"https:\/\/educacao.niteroi.rj.gov.br\/?p=19486"},"modified":"2017-07-10T19:45:25","modified_gmt":"2017-07-10T19:45:25","slug":"contacao-de-historias-na-umei-profa-maria-jose-mansur-barbosa","status":"publish","type":"post","link":"https:\/\/www.educacao.niteroi.rj.gov.br\/?p=19486","title":{"rendered":"Conta\u00e7\u00e3o de Hist\u00f3rias na UMEI Prof\u00aa Maria Jos\u00e9 Mansur Barbosa"},"content":{"rendered":"<p style=\"text-align: justify;\">A UMEI Prof&ordf; Maria Jos&eacute; Mansur Barbosa realizou &uacute;ltimo dia 10.07 mais uma a&ccedil;&atilde;o de Promo&ccedil;&atilde;o da Leitura com Conta&ccedil;&atilde;o de Hist&oacute;rias.<\/p>\n<p style=\"text-align: justify;\">A convidada desta vez foi a escritora e professora da rede Elaine Furlani, autora do livro &ldquo;Vicente esqueceu de ser gente&rdquo;.<\/p>\n<p style=\"text-align: justify;\">Durante o encontro, ela trabalhou com as crian&ccedil;as a interpreta&ccedil;&atilde;o do texto &ldquo;Li&ccedil;&atilde;o do Macaco&rdquo;, com o objetivo de inserir a leitura e a reflex&atilde;o sobre as diferen&ccedil;as, a amizade e a solidariedade entre os alunos.<\/p>\n<p style=\"text-align: justify;\">&nbsp;<\/p>\n<p style=\"text-align: justify;\">Texto: &Eacute;rika Ferreira.<\/p>\n<p style=\"text-align: justify;\">&nbsp;<\/p>\n<p style=\"text-align: justify;\"><a href=\"https:\/\/educacao.niteroi.rj.gov.br\/wp-content\/uploads\/2017\/08\/4.jpg\"><img loading=\"lazy\" decoding=\"async\" alt=\"\" class=\"aligncenter size-large wp-image-19492\" height=\"1024\" src=\"https:\/\/educacao.niteroi.rj.gov.br\/wp-content\/uploads\/2017\/08\/4-576x1024.jpg\" width=\"576\" \/><\/a> <a href=\"https:\/\/educacao.niteroi.rj.gov.br\/wp-content\/uploads\/2017\/08\/6.jpg\"><img loading=\"lazy\" decoding=\"async\" alt=\"\" class=\"aligncenter size-large wp-image-19493\" height=\"1024\" src=\"https:\/\/educacao.niteroi.rj.gov.br\/wp-content\/uploads\/2017\/08\/6-576x1024.jpg\" width=\"576\" \/><\/a> <a href=\"https:\/\/educacao.niteroi.rj.gov.br\/wp-content\/uploads\/2017\/08\/17.jpg\"><img loading=\"lazy\" decoding=\"async\" alt=\"\" class=\"aligncenter size-large wp-image-19494\" height=\"1024\" src=\"https:\/\/educacao.niteroi.rj.gov.br\/wp-content\/uploads\/2017\/08\/17-576x1024.jpg\" width=\"576\" \/><\/a><\/p>\n","protected":false},"excerpt":{"rendered":"<p>A UMEI Prof&ordf; Maria Jos&eacute; Mansur Barbosa realizou &uacute;ltimo dia 10.07 mais uma a&ccedil;&atilde;o de Promo&ccedil;&atilde;o da Leitura com Conta&ccedil;&atilde;o de Hist&oacute;rias. A convidada desta vez foi a escritora e professora da rede Elaine Furlani, autora do livro &ldquo;Vicente esqueceu de ser gente&rdquo;. Durante o encontro, ela trabalhou com as crian&ccedil;as a interpreta&ccedil;&atilde;o do texto [&hellip;]<\/p>\n","protected":false},"author":7,"featured_media":0,"comment_status":"open","ping_status":"open","sticky":false,"template":"","format":"standard","meta":{"_et_pb_use_builder":"","_et_pb_old_content":"","_et_gb_content_width":"","footnotes":""},"categories":[18,4,6,10],"tags":[],"class_list":["post-19486","post","type-post","status-publish","format-standard","hentry","category-18","category-destaque","category-noticias","category-ultimas-noticias"],"_links":{"self":[{"href":"https:\/\/www.educacao.niteroi.rj.gov.br\/index.php?rest_route=\/wp\/v2\/posts\/19486","targetHints":{"allow":["GET"]}}],"collection":[{"href":"https:\/\/www.educacao.niteroi.rj.gov.br\/index.php?rest_route=\/wp\/v2\/posts"}],"about":[{"href":"https:\/\/www.educacao.niteroi.rj.gov.br\/index.php?rest_route=\/wp\/v2\/types\/post"}],"author":[{"embeddable":true,"href":"https:\/\/www.educacao.niteroi.rj.gov.br\/index.php?rest_route=\/wp\/v2\/users\/7"}],"replies":[{"embeddable":true,"href":"https:\/\/www.educacao.niteroi.rj.gov.br\/index.php?rest_route=%2Fwp%2Fv2%2Fcomments&post=19486"}],"version-history":[{"count":0,"href":"https:\/\/www.educacao.niteroi.rj.gov.br\/index.php?rest_route=\/wp\/v2\/posts\/19486\/revisions"}],"wp:attachment":[{"href":"https:\/\/www.educacao.niteroi.rj.gov.br\/index.php?rest_route=%2Fwp%2Fv2%2Fmedia&parent=19486"}],"wp:term":[{"taxonomy":"category","embeddable":true,"href":"https:\/\/www.educacao.niteroi.rj.gov.br\/index.php?rest_route=%2Fwp%2Fv2%2Fcategories&post=19486"},{"taxonomy":"post_tag","embeddable":true,"href":"https:\/\/www.educacao.niteroi.rj.gov.br\/index.php?rest_route=%2Fwp%2Fv2%2Ftags&post=19486"}],"curies":[{"name":"wp","href":"https:\/\/api.w.org\/{rel}","templated":true}]}}