{"id":19693,"date":"2017-07-05T12:33:57","date_gmt":"2017-07-05T12:33:57","guid":{"rendered":"https:\/\/educacao.niteroi.rj.gov.br\/?p=19693"},"modified":"2017-07-05T12:33:57","modified_gmt":"2017-07-05T12:33:57","slug":"fme-realiza-6o-encontro-do-curso-de-mediacao-pedagogica-nos-grupos-de-alfabetizacao","status":"publish","type":"post","link":"https:\/\/www.educacao.niteroi.rj.gov.br\/?p=19693","title":{"rendered":"FME realiza 6\u00ba encontro do curso de Media\u00e7\u00e3o Pedag\u00f3gica nos Grupos de Alfabetiza\u00e7\u00e3o"},"content":{"rendered":"<p>A Funda&ccedil;&atilde;o Municipal de Educa&ccedil;&atilde;o (FME) realizou nesta quarta-feira, 05, no Audit&oacute;rio Amaury Pereira Muniz, o sexto encontro do curso de Media&ccedil;&atilde;o Pedag&oacute;gica nos grupos de Alfabetiza&ccedil;&atilde;o destinados aos professores das escolas de 1&ordm; e 2&ordm; ciclo da rede municipal de Niter&oacute;i.<\/p>\n<p>Promovido pela Assessoria Especial de Articula&ccedil;&atilde;o Pedag&oacute;gica (AEAP), sob coordena&ccedil;&atilde;o de Andreia Diniz e Ana Carla Fran&ccedil;a, a reuni&atilde;o contou com a presen&ccedil;a da palestrante Doutora em Neuroci&ecirc;ncias da Universidade Federal Fluminense(UFF) e Fonoaudi&oacute;loga da Assessoria de Educa&ccedil;&atilde;o Especial SEMECT\/FME Niter&oacute;i, Lucienne Souza, que abordou o tema &ldquo;Contribui&ccedil;&otilde;es das neuroci&ecirc;ncias para a pr&aacute;tica pedag&oacute;gica: conceitos, mitos e fatos&rdquo; com o objetivo de refletir a import&acirc;ncia da tem&aacute;tica no contexto educacional.<\/p>\n<p>De acordo com Lucienne Souza, &eacute; de suma import&acirc;ncia a aplica&ccedil;&atilde;o do estudo e da discuss&atilde;o sobre neuroci&ecirc;ncias entre os pedagogos na Educa&ccedil;&atilde;o. &ldquo;Atrav&eacute;s do conhecimento sobre o sistema nervoso &eacute; poss&iacute;vel entender o funcionamento dos neur&ocirc;nios e compreender o desenvolvimento de aprendizagem da aluno dentro da educa&ccedil;&atilde;o&rdquo;.<\/p>\n<p>O pr&oacute;ximo encontro est&aacute; previsto para o dia 07\/08, na sede da FME, com a tem&aacute;tica &ldquo;Pensando o processamento da leitura e da escrita em outra perspectiva: a Fonoaudiologia Educacional e sua interface com a educa&ccedil;&atilde;o&rdquo;.<\/p>\n<p>&nbsp;<\/p>\n<p>Texto e fotos: Larissa Lisboa.<\/p>\n<p>&nbsp;<\/p>\n<p><a href=\"https:\/\/educacao.niteroi.rj.gov.br\/wp-content\/uploads\/2017\/09\/IMG_7151.jpg\"><img loading=\"lazy\" decoding=\"async\" alt=\"\" class=\"aligncenter size-large wp-image-19694\" height=\"683\" src=\"https:\/\/educacao.niteroi.rj.gov.br\/wp-content\/uploads\/2017\/09\/IMG_7151-1024x683.jpg\" width=\"1024\" \/><\/a> <a href=\"https:\/\/educacao.niteroi.rj.gov.br\/wp-content\/uploads\/2017\/09\/IMG_7167.jpg\"><img loading=\"lazy\" decoding=\"async\" alt=\"\" class=\"aligncenter size-large wp-image-19695\" height=\"683\" src=\"https:\/\/educacao.niteroi.rj.gov.br\/wp-content\/uploads\/2017\/09\/IMG_7167-1024x683.jpg\" width=\"1024\" \/><\/a> <a href=\"https:\/\/educacao.niteroi.rj.gov.br\/wp-content\/uploads\/2017\/09\/IMG_7170.jpg\"><img loading=\"lazy\" decoding=\"async\" alt=\"\" class=\"aligncenter size-large wp-image-19696\" height=\"683\" src=\"https:\/\/educacao.niteroi.rj.gov.br\/wp-content\/uploads\/2017\/09\/IMG_7170-1024x683.jpg\" width=\"1024\" \/><\/a><\/p>\n","protected":false},"excerpt":{"rendered":"<p>A Funda&ccedil;&atilde;o Municipal de Educa&ccedil;&atilde;o (FME) realizou nesta quarta-feira, 05, no Audit&oacute;rio Amaury Pereira Muniz, o sexto encontro do curso de Media&ccedil;&atilde;o Pedag&oacute;gica nos grupos de Alfabetiza&ccedil;&atilde;o destinados aos professores das escolas de 1&ordm; e 2&ordm; ciclo da rede municipal de Niter&oacute;i. Promovido pela Assessoria Especial de Articula&ccedil;&atilde;o Pedag&oacute;gica (AEAP), sob coordena&ccedil;&atilde;o de Andreia Diniz [&hellip;]<\/p>\n","protected":false},"author":7,"featured_media":0,"comment_status":"open","ping_status":"open","sticky":false,"template":"","format":"standard","meta":{"_et_pb_use_builder":"","_et_pb_old_content":"","_et_gb_content_width":"","footnotes":""},"categories":[18,4,6,10],"tags":[],"class_list":["post-19693","post","type-post","status-publish","format-standard","hentry","category-18","category-destaque","category-noticias","category-ultimas-noticias"],"_links":{"self":[{"href":"https:\/\/www.educacao.niteroi.rj.gov.br\/index.php?rest_route=\/wp\/v2\/posts\/19693","targetHints":{"allow":["GET"]}}],"collection":[{"href":"https:\/\/www.educacao.niteroi.rj.gov.br\/index.php?rest_route=\/wp\/v2\/posts"}],"about":[{"href":"https:\/\/www.educacao.niteroi.rj.gov.br\/index.php?rest_route=\/wp\/v2\/types\/post"}],"author":[{"embeddable":true,"href":"https:\/\/www.educacao.niteroi.rj.gov.br\/index.php?rest_route=\/wp\/v2\/users\/7"}],"replies":[{"embeddable":true,"href":"https:\/\/www.educacao.niteroi.rj.gov.br\/index.php?rest_route=%2Fwp%2Fv2%2Fcomments&post=19693"}],"version-history":[{"count":0,"href":"https:\/\/www.educacao.niteroi.rj.gov.br\/index.php?rest_route=\/wp\/v2\/posts\/19693\/revisions"}],"wp:attachment":[{"href":"https:\/\/www.educacao.niteroi.rj.gov.br\/index.php?rest_route=%2Fwp%2Fv2%2Fmedia&parent=19693"}],"wp:term":[{"taxonomy":"category","embeddable":true,"href":"https:\/\/www.educacao.niteroi.rj.gov.br\/index.php?rest_route=%2Fwp%2Fv2%2Fcategories&post=19693"},{"taxonomy":"post_tag","embeddable":true,"href":"https:\/\/www.educacao.niteroi.rj.gov.br\/index.php?rest_route=%2Fwp%2Fv2%2Ftags&post=19693"}],"curies":[{"name":"wp","href":"https:\/\/api.w.org\/{rel}","templated":true}]}}