{"id":20330,"date":"2017-09-27T19:58:31","date_gmt":"2017-09-27T19:58:31","guid":{"rendered":"https:\/\/educacao.niteroi.rj.gov.br\/?p=20330"},"modified":"2017-09-27T19:58:31","modified_gmt":"2017-09-27T19:58:31","slug":"evento-brasil-e-mocambique-aproximacoes-e-praticas-da-educacao","status":"publish","type":"post","link":"https:\/\/www.educacao.niteroi.rj.gov.br\/?p=20330","title":{"rendered":"EVENTO BRASIL E MO\u00c7AMBIQUE: APROXIMA\u00c7\u00d5ES E PR\u00c1TICAS DA EDUCA\u00c7\u00c3O"},"content":{"rendered":"<p><span style=\"font-size:18px;\"><span style=\"font-family:arial,helvetica,sans-serif;\">A Biblioteca Popular Cora Coralina convida a todos para participa&ccedil;&atilde;o no evento &quot;Brasil e Mo&ccedil;ambique: aproxima&ccedil;&otilde;es de pr&aacute;ticas da educa&ccedil;&atilde;o&quot;, que ser&aacute; realizado no sal&atilde;o da Biblioteca, no dia 03\/10, &agrave;s 13:30, conforme cartaz anexado:&nbsp;<\/span><\/span><a href=\"https:\/\/educacao.niteroi.rj.gov.br\/wp-content\/uploads\/2017\/09\/CARTAZ.pdf\">CARTAZ<\/a>&nbsp;<\/p>\n","protected":false},"excerpt":{"rendered":"<p>A Biblioteca Popular Cora Coralina convida a todos para participa&ccedil;&atilde;o no evento &quot;Brasil e Mo&ccedil;ambique: aproxima&ccedil;&otilde;es de pr&aacute;ticas da educa&ccedil;&atilde;o&quot;, que ser&aacute; realizado no sal&atilde;o da Biblioteca, no dia 03\/10, &agrave;s 13:30, conforme cartaz anexado:&nbsp;CARTAZ&nbsp;<\/p>\n","protected":false},"author":7,"featured_media":0,"comment_status":"open","ping_status":"open","sticky":false,"template":"","format":"standard","meta":{"_et_pb_use_builder":"","_et_pb_old_content":"","_et_gb_content_width":"","footnotes":""},"categories":[18,6,10],"tags":[],"class_list":["post-20330","post","type-post","status-publish","format-standard","hentry","category-18","category-noticias","category-ultimas-noticias"],"_links":{"self":[{"href":"https:\/\/www.educacao.niteroi.rj.gov.br\/index.php?rest_route=\/wp\/v2\/posts\/20330","targetHints":{"allow":["GET"]}}],"collection":[{"href":"https:\/\/www.educacao.niteroi.rj.gov.br\/index.php?rest_route=\/wp\/v2\/posts"}],"about":[{"href":"https:\/\/www.educacao.niteroi.rj.gov.br\/index.php?rest_route=\/wp\/v2\/types\/post"}],"author":[{"embeddable":true,"href":"https:\/\/www.educacao.niteroi.rj.gov.br\/index.php?rest_route=\/wp\/v2\/users\/7"}],"replies":[{"embeddable":true,"href":"https:\/\/www.educacao.niteroi.rj.gov.br\/index.php?rest_route=%2Fwp%2Fv2%2Fcomments&post=20330"}],"version-history":[{"count":0,"href":"https:\/\/www.educacao.niteroi.rj.gov.br\/index.php?rest_route=\/wp\/v2\/posts\/20330\/revisions"}],"wp:attachment":[{"href":"https:\/\/www.educacao.niteroi.rj.gov.br\/index.php?rest_route=%2Fwp%2Fv2%2Fmedia&parent=20330"}],"wp:term":[{"taxonomy":"category","embeddable":true,"href":"https:\/\/www.educacao.niteroi.rj.gov.br\/index.php?rest_route=%2Fwp%2Fv2%2Fcategories&post=20330"},{"taxonomy":"post_tag","embeddable":true,"href":"https:\/\/www.educacao.niteroi.rj.gov.br\/index.php?rest_route=%2Fwp%2Fv2%2Ftags&post=20330"}],"curies":[{"name":"wp","href":"https:\/\/api.w.org\/{rel}","templated":true}]}}