{"id":21155,"date":"2017-11-13T16:10:41","date_gmt":"2017-11-13T16:10:41","guid":{"rendered":"https:\/\/educacao.niteroi.rj.gov.br\/?p=21155"},"modified":"2017-11-13T16:10:41","modified_gmt":"2017-11-13T16:10:41","slug":"biblioteca-popular-municipal-anisio-teixeira-completa-3-anos-de-municipalizacao","status":"publish","type":"post","link":"https:\/\/www.educacao.niteroi.rj.gov.br\/?p=21155","title":{"rendered":"Biblioteca Popular Municipal An\u00edsio Teixeira completa 3 anos de municipaliza\u00e7\u00e3o"},"content":{"rendered":"<p>A Biblioteca Popular Municipal An&iacute;sio Teixeira, localizada no Campo de S&atilde;o Bento, em Icara&iacute;, na cidade de Niter&oacute;i, vai completar tr&ecirc;s anos de reinaugura&ccedil;&atilde;o nesta segunda-feira, 13 de novembro de 2017.<\/p>\n<p>A unidade pertencia ao Governo do Estado do Rio de Janeiro at&eacute; o ano de 2013, quando foi inserida no Sistema Bibliotecas Populares de Niter&oacute;i, sendo municipalizada, reformada e ampliada. Atualmente conta com seis salas divididas em categorias infantil, leitura geral, pesquisa, refer&ecirc;ncia, empr&eacute;stimo e gibiteca. E conta com um acervo de 12 mil materiais, entre livros, DVD, CD e revistas.<\/p>\n<p>Para celebrar o anivers&aacute;rio da biblioteca ser&aacute; realizada uma programa&ccedil;&atilde;o nos dias 14, com um debate do livro da escritora Yolanda de Regina Costa, mediada pela psic&oacute;loga Ana Lu&iacute;sa Neves, &agrave;s 10h e no dia 17, com a apresenta&ccedil;&atilde;o de um sarau po&eacute;tico feita pelos alunos do teatro Odir Vernon, &agrave;s 10h.<\/p>\n<p>Para a diretora da Biblioteca Popular Municipal An&iacute;sio Teixeira, Maria da Gloria Souza Blauth, que coordenada a equipe de professores, trabalhando h&aacute; 50 anos como bibliotec&aacute;ria, &eacute; muito gratificante exercer a sua fun&ccedil;&atilde;o.<\/p>\n<p>&ldquo;Al&eacute;m de trabalhar com o que eu gosto, a biblioteca &eacute; um local de informa&ccedil;&atilde;o e conhecimento de todos os g&ecirc;neros que torna poss&iacute;vel a acessibilidade &agrave; cultura aos leitores e usu&aacute;rios de todas as idades. &Eacute; muito prazeroso ser bibliotec&aacute;ria e ter como miss&atilde;o a realiza&ccedil;&atilde;o de atividades voltadas para a comunidade e acolher o p&uacute;blico de maneira que eles se sintam pertencentes ao espa&ccedil;o&rdquo;.<\/p>\n<p>O Sistema de Bibliotecas Populares de Niter&oacute;i foi institu&iacute;do pelo decreto municipal 11.368\/2013 e tem como objetivo a cria&ccedil;&atilde;o de espa&ccedil;os de leitura para um p&uacute;blico&nbsp; de todas as idades, tendo como iniciativa a amplia&ccedil;&atilde;o do conhecimento e a democratiza&ccedil;&atilde;o do acesso &agrave; cultura, estimulando o desenvolvimento do h&aacute;bito de leitura e da forma&ccedil;&atilde;o de novos leitores.<\/p>\n<p>Dentro do programa de qualifica&ccedil;&atilde;o das bibliotecas populares a Secretaria Municipal de Educa&ccedil;&atilde;o, Ci&ecirc;ncia e Tecnologia e a Funda&ccedil;&atilde;o Municipal de Educa&ccedil;&atilde;o est&atilde;o realizando um semin&aacute;rio de forma&ccedil;&atilde;o continuada &ldquo;Biblioteca P&uacute;blica em foco&rdquo;,&nbsp; iniciado no dia 07 de novembro e com o encerramento previsto para o dia 05 de dezembro. O projeto tem como objetivo qualificar o trabalho desenvolvido pelos profissionais das unidades e fortalecimento &nbsp;da rela&ccedil;&atilde;o entre as bibliotecas e a popula&ccedil;&atilde;o.<\/p>\n<p>A Rede Municipal de Educa&ccedil;&atilde;o conta hoje com seis bibliotecas populares: Cora Coralina (Centro), Aguinaldo Pereira de Macedo (Fonseca), Silvestre M&ocirc;naco (Ilha da Concei&ccedil;&atilde;o) L&iacute;dice Fr&oacute;es (Jurujuba), Monteiro Lobato (Barreto) e An&iacute;sio Teixeira (Icara&iacute;).<\/p>\n<p>As Bibliotecas coordenadas por Bibliotec&aacute;rios contam com equipe de professores e estagi&aacute;rios, funcionam de segunda a sexta-feira, das 8h &agrave;s 17h, com programa&ccedil;&atilde;o cultural que engloba rodas de conversas, rodas de leitura, oficinas, conta&ccedil;&atilde;o de hist&oacute;ria, visitas guiadas com agendamento, orienta&ccedil;&atilde;o &agrave; leitura e &agrave; pesquisa e empr&eacute;stimos de livros, CD&rsquo;s e DVD&rsquo;s.<\/p>\n<p>&nbsp;&nbsp;&nbsp;&nbsp;&nbsp;&nbsp;&nbsp;&nbsp;&nbsp;&nbsp;&nbsp;<\/p>\n<p>Texto: Larissa Lisboa.<\/p>\n<p>Fotos: Equipe de Assessoria de Comunica&ccedil;&atilde;o da FME.<\/p>\n<p>&nbsp;<\/p>\n<p><a href=\"https:\/\/educacao.niteroi.rj.gov.br\/wp-content\/uploads\/2017\/11\/20170626_165551.jpg\"><img loading=\"lazy\" decoding=\"async\" alt=\"\" class=\"aligncenter size-large wp-image-21156\" height=\"576\" src=\"https:\/\/educacao.niteroi.rj.gov.br\/wp-content\/uploads\/2017\/11\/20170626_165551-1024x576.jpg\" width=\"1024\" \/><\/a> <a href=\"https:\/\/educacao.niteroi.rj.gov.br\/wp-content\/uploads\/2017\/11\/20170626_170237.jpg\"><img loading=\"lazy\" decoding=\"async\" alt=\"\" class=\"aligncenter size-large wp-image-21157\" height=\"576\" src=\"https:\/\/educacao.niteroi.rj.gov.br\/wp-content\/uploads\/2017\/11\/20170626_170237-1024x576.jpg\" width=\"1024\" \/><\/a> <a href=\"https:\/\/educacao.niteroi.rj.gov.br\/wp-content\/uploads\/2017\/11\/20170626_170310.jpg\"><img loading=\"lazy\" decoding=\"async\" alt=\"\" class=\"aligncenter size-large wp-image-21158\" height=\"576\" src=\"https:\/\/educacao.niteroi.rj.gov.br\/wp-content\/uploads\/2017\/11\/20170626_170310-1024x576.jpg\" width=\"1024\" \/><\/a> <a href=\"https:\/\/educacao.niteroi.rj.gov.br\/wp-content\/uploads\/2017\/11\/FB_IMG_1510326096860.jpg\"><img loading=\"lazy\" decoding=\"async\" alt=\"\" class=\"aligncenter size-large wp-image-21159\" height=\"540\" src=\"https:\/\/educacao.niteroi.rj.gov.br\/wp-content\/uploads\/2017\/11\/FB_IMG_1510326096860.jpg\" width=\"720\" \/><\/a> <a href=\"https:\/\/educacao.niteroi.rj.gov.br\/wp-content\/uploads\/2017\/11\/IMG_8072.jpg\"><img loading=\"lazy\" decoding=\"async\" alt=\"\" class=\"aligncenter size-large wp-image-21160\" height=\"540\" src=\"https:\/\/educacao.niteroi.rj.gov.br\/wp-content\/uploads\/2017\/11\/IMG_8072.jpg\" width=\"720\" \/><\/a><\/p>\n","protected":false},"excerpt":{"rendered":"<p>A Biblioteca Popular Municipal An&iacute;sio Teixeira, localizada no Campo de S&atilde;o Bento, em Icara&iacute;, na cidade de Niter&oacute;i, vai completar tr&ecirc;s anos de reinaugura&ccedil;&atilde;o nesta segunda-feira, 13 de novembro de 2017. A unidade pertencia ao Governo do Estado do Rio de Janeiro at&eacute; o ano de 2013, quando foi inserida no Sistema Bibliotecas Populares de [&hellip;]<\/p>\n","protected":false},"author":7,"featured_media":0,"comment_status":"open","ping_status":"open","sticky":false,"template":"","format":"standard","meta":{"_et_pb_use_builder":"","_et_pb_old_content":"","_et_gb_content_width":"","footnotes":""},"categories":[18,4,6,10],"tags":[],"class_list":["post-21155","post","type-post","status-publish","format-standard","hentry","category-18","category-destaque","category-noticias","category-ultimas-noticias"],"_links":{"self":[{"href":"https:\/\/www.educacao.niteroi.rj.gov.br\/index.php?rest_route=\/wp\/v2\/posts\/21155","targetHints":{"allow":["GET"]}}],"collection":[{"href":"https:\/\/www.educacao.niteroi.rj.gov.br\/index.php?rest_route=\/wp\/v2\/posts"}],"about":[{"href":"https:\/\/www.educacao.niteroi.rj.gov.br\/index.php?rest_route=\/wp\/v2\/types\/post"}],"author":[{"embeddable":true,"href":"https:\/\/www.educacao.niteroi.rj.gov.br\/index.php?rest_route=\/wp\/v2\/users\/7"}],"replies":[{"embeddable":true,"href":"https:\/\/www.educacao.niteroi.rj.gov.br\/index.php?rest_route=%2Fwp%2Fv2%2Fcomments&post=21155"}],"version-history":[{"count":0,"href":"https:\/\/www.educacao.niteroi.rj.gov.br\/index.php?rest_route=\/wp\/v2\/posts\/21155\/revisions"}],"wp:attachment":[{"href":"https:\/\/www.educacao.niteroi.rj.gov.br\/index.php?rest_route=%2Fwp%2Fv2%2Fmedia&parent=21155"}],"wp:term":[{"taxonomy":"category","embeddable":true,"href":"https:\/\/www.educacao.niteroi.rj.gov.br\/index.php?rest_route=%2Fwp%2Fv2%2Fcategories&post=21155"},{"taxonomy":"post_tag","embeddable":true,"href":"https:\/\/www.educacao.niteroi.rj.gov.br\/index.php?rest_route=%2Fwp%2Fv2%2Ftags&post=21155"}],"curies":[{"name":"wp","href":"https:\/\/api.w.org\/{rel}","templated":true}]}}