{"id":21736,"date":"2018-01-10T12:49:32","date_gmt":"2018-01-10T12:49:32","guid":{"rendered":"https:\/\/educacao.niteroi.rj.gov.br\/?p=21736"},"modified":"2018-01-10T12:49:32","modified_gmt":"2018-01-10T12:49:32","slug":"niteroi-designa-novas-diretoras-da-rede-municipal-de-educacao","status":"publish","type":"post","link":"https:\/\/www.educacao.niteroi.rj.gov.br\/?p=21736","title":{"rendered":"Niter\u00f3i designa novas diretoras da Rede Municipal de Educa\u00e7\u00e3o"},"content":{"rendered":"<p>&nbsp;<\/p>\n<p>As diretoras e adjuntas das unidades escolares &nbsp;da rede municipal de Niter&oacute;i foram designadas nesta segunda-feira, 08, em cerim&ocirc;nia realizada no Teatro Popular Oscar Niemeyer.<\/p>\n<p>Estiveram presentes a Secret&aacute;ria Municipal de Educa&ccedil;&atilde;o, Ci&ecirc;ncia e Tecnologia, Fl&aacute;via Monteiro, o Presidente da Funda&ccedil;&atilde;o Municipal de Educa&ccedil;&atilde;o, Bruno Ribeiro, Secretario Executivo de Governo, Axel Grael, o Deputado Estadual, Waldeck Carneiro, a Subsecret&aacute;ria de Educa&ccedil;&atilde;o, Patr&iacute;cia Gomes, e o Subsecret&aacute;rio de Projetos Especiais, Jos&eacute; Henrique Antunes, e &nbsp;subsecret&aacute;rio ci&ecirc;ncia e tecnologia, Fernando Barcelos.<\/p>\n<p>O processo consultivo foi realizado no &uacute;ltimo dia 15 de dezembro e foram computados os votos dos alunos (do 3&ordm; ciclo do ensino fundamental e Educa&ccedil;&atilde;o de Jovens e Adultos), dos pais e servidores em 89 escolas.<\/p>\n<p>&ldquo;A Educa&ccedil;&atilde;o &eacute; um direito de todos e nada mais justo do que a comunidade, alunos e servidores participem do processo da consulta que escolhe as diretoras respons&aacute;veis por coordenar as nossas escolas. Dessa forma estamos afirmando o poder democr&aacute;tico na Educa&ccedil;&atilde;o de Niter&oacute;i&rdquo;, declarou Fl&aacute;via Monteiro.<\/p>\n<p>&ldquo;O processo consultivo &eacute; de suma import&acirc;ncia para a Rede Municipal, pois atrav&eacute;s dele podemos confirmar os cuidados que temos para ofertar &agrave;s nossas crian&ccedil;as e adolescentes um ensino p&uacute;blico de qualidade&rdquo;, ressaltou Bruno Ribeiro.<\/p>\n<p>&ldquo;&Eacute; muito importante para a cidade de Niter&oacute;i consolidar a cultura de um processo de consulta de escolha direta das comunidades escolares, pois desta forma podemos centralizar a Educa&ccedil;&atilde;o e a valoriza&ccedil;&atilde;o dos profissionais pedag&oacute;gicos que se inserem no contexto&rdquo;, declarou Waldeck Carneiro.<\/p>\n<p>A programa&ccedil;&atilde;o contou ainda com apresenta&ccedil;&atilde;o musical com a participa&ccedil;&atilde;o da coordenadora de Promo&ccedil;&atilde;o de Leitura, Liliane Balonecker, das diretoras Debora Assump&ccedil;&atilde;o e Gl&oacute;rinha Salgueirinho, e&nbsp; dos m&uacute;sicos Guilherme Ornellas, Vitor Ornellas e Thiago Gon&ccedil;alves.&nbsp;&nbsp;&nbsp;<\/p>\n<p>De acordo com a Secretaria de Educa&ccedil;&atilde;o, Ci&ecirc;ncia e Tecnologia e a Funda&ccedil;&atilde;o Municipal de Educa&ccedil;&atilde;o o mandato das novas diretoras &eacute; referente ao tri&ecirc;nio de 2018-2020.<\/p>\n<p>&nbsp;<\/p>\n<p>Texto: Vit&oacute;ria Pinheiro.<\/p>\n<p>Fotos: Bianca Cavaliere<\/p>\n<p><img loading=\"lazy\" decoding=\"async\" alt=\"\" class=\"alignnone size-medium wp-image-22340\" height=\"196\" src=\"https:\/\/educacao.niteroi.rj.gov.br\/wp-content\/uploads\/2018\/03\/MG_0163-300x196.jpg\" width=\"300\" \/> <img loading=\"lazy\" decoding=\"async\" alt=\"\" class=\"alignnone size-medium wp-image-22341\" height=\"263\" src=\"https:\/\/educacao.niteroi.rj.gov.br\/wp-content\/uploads\/2018\/03\/IMG_0232-300x263.jpg\" width=\"300\" \/> <img loading=\"lazy\" decoding=\"async\" alt=\"\" class=\"alignnone size-medium wp-image-22339\" height=\"200\" src=\"https:\/\/educacao.niteroi.rj.gov.br\/wp-content\/uploads\/2018\/03\/Polo-6-300x200.jpg\" width=\"300\" \/> <img loading=\"lazy\" decoding=\"async\" alt=\"\" class=\"alignnone size-medium wp-image-22338\" height=\"200\" src=\"https:\/\/educacao.niteroi.rj.gov.br\/wp-content\/uploads\/2018\/03\/IMG_0302-300x200.jpg\" width=\"300\" \/><\/p>\n","protected":false},"excerpt":{"rendered":"<p>&nbsp; As diretoras e adjuntas das unidades escolares &nbsp;da rede municipal de Niter&oacute;i foram designadas nesta segunda-feira, 08, em cerim&ocirc;nia realizada no Teatro Popular Oscar Niemeyer. Estiveram presentes a Secret&aacute;ria Municipal de Educa&ccedil;&atilde;o, Ci&ecirc;ncia e Tecnologia, Fl&aacute;via Monteiro, o Presidente da Funda&ccedil;&atilde;o Municipal de Educa&ccedil;&atilde;o, Bruno Ribeiro, Secretario Executivo de Governo, Axel Grael, o Deputado [&hellip;]<\/p>\n","protected":false},"author":7,"featured_media":0,"comment_status":"open","ping_status":"open","sticky":false,"template":"","format":"standard","meta":{"_et_pb_use_builder":"","_et_pb_old_content":"","_et_gb_content_width":"","footnotes":""},"categories":[4,6,10],"tags":[],"class_list":["post-21736","post","type-post","status-publish","format-standard","hentry","category-destaque","category-noticias","category-ultimas-noticias"],"_links":{"self":[{"href":"https:\/\/www.educacao.niteroi.rj.gov.br\/index.php?rest_route=\/wp\/v2\/posts\/21736","targetHints":{"allow":["GET"]}}],"collection":[{"href":"https:\/\/www.educacao.niteroi.rj.gov.br\/index.php?rest_route=\/wp\/v2\/posts"}],"about":[{"href":"https:\/\/www.educacao.niteroi.rj.gov.br\/index.php?rest_route=\/wp\/v2\/types\/post"}],"author":[{"embeddable":true,"href":"https:\/\/www.educacao.niteroi.rj.gov.br\/index.php?rest_route=\/wp\/v2\/users\/7"}],"replies":[{"embeddable":true,"href":"https:\/\/www.educacao.niteroi.rj.gov.br\/index.php?rest_route=%2Fwp%2Fv2%2Fcomments&post=21736"}],"version-history":[{"count":0,"href":"https:\/\/www.educacao.niteroi.rj.gov.br\/index.php?rest_route=\/wp\/v2\/posts\/21736\/revisions"}],"wp:attachment":[{"href":"https:\/\/www.educacao.niteroi.rj.gov.br\/index.php?rest_route=%2Fwp%2Fv2%2Fmedia&parent=21736"}],"wp:term":[{"taxonomy":"category","embeddable":true,"href":"https:\/\/www.educacao.niteroi.rj.gov.br\/index.php?rest_route=%2Fwp%2Fv2%2Fcategories&post=21736"},{"taxonomy":"post_tag","embeddable":true,"href":"https:\/\/www.educacao.niteroi.rj.gov.br\/index.php?rest_route=%2Fwp%2Fv2%2Ftags&post=21736"}],"curies":[{"name":"wp","href":"https:\/\/api.w.org\/{rel}","templated":true}]}}