{"id":21985,"date":"2018-02-01T13:11:46","date_gmt":"2018-02-01T13:11:46","guid":{"rendered":"https:\/\/educacao.niteroi.rj.gov.br\/?p=21985"},"modified":"2018-02-01T13:11:46","modified_gmt":"2018-02-01T13:11:46","slug":"niteroi-inicia-ano-letivo-com-formacao-de-professores","status":"publish","type":"post","link":"https:\/\/www.educacao.niteroi.rj.gov.br\/?p=21985","title":{"rendered":"Niter\u00f3i inicia ano letivo com forma\u00e7\u00e3o de professores"},"content":{"rendered":"<p>A Secretaria Municipal de Educa&ccedil;&atilde;o, Ci&ecirc;ncia e Tecnologia (SEMECT) e a Funda&ccedil;&atilde;o Municipal de Educa&ccedil;&atilde;o (FME) iniciaram nesta quinta-feira (1&ordm;), as Forma&ccedil;&otilde;es de abertura do ano letivo de 2018.<\/p>\n<p>As atividades foram voltadas para os profissionais que atuam na Educa&ccedil;&atilde;o Infantil, Ensino Fundamental, Educa&ccedil;&atilde;o de Jovens e Adultos (EJA), Educa&ccedil;&atilde;o Especial e para os motoristas dos transportes escolares.<\/p>\n<p>Foram abordados temas como: a leitura e a escrita na Educa&ccedil;&atilde;o Infantil, a pr&aacute;tica cient&iacute;fica no Ensino Fundamental, os desafios do professor na atualidade, o caminho para a constru&ccedil;&atilde;o de di&aacute;logos no ambiente escolar, a Base Nacional Comum Curricular, a inclus&atilde;o educacional, os desafios atuais na aplica&ccedil;&atilde;o da Educa&ccedil;&atilde;o de Jovens e Adultos e os caminhos da cidadania.<\/p>\n<p>De acordo com a Secret&aacute;ria de Educa&ccedil;&atilde;o, Ci&ecirc;ncia e Tecnologia, Fl&aacute;via Monteiro, a realiza&ccedil;&atilde;o das forma&ccedil;&otilde;es dos profissionais da Educa&ccedil;&atilde;o &eacute; de suma import&acirc;ncia para o desenvolvimento pedag&oacute;gico.<\/p>\n<p>&ldquo;Atrav&eacute;s dos cursos e forma&ccedil;&otilde;es oferecidos pela rede podemos ampliar discuss&otilde;es e promover di&aacute;logos. O resultado dessa estrat&eacute;gia se traduz na evolu&ccedil;&atilde;o de a&ccedil;&otilde;es pedag&oacute;gicas e educacionais aplicadas em nossas escolas, permitindo o progresso estudantil dos nossos alunos&rdquo;, destacou Fl&aacute;via.<\/p>\n<p>As forma&ccedil;&otilde;es ter&atilde;o continuidade nesta sexta-feira (2), e acontecem no Clube Portugu&ecirc;s, nas universidades Anhanguera e Est&aacute;cio de S&aacute;, no Espa&ccedil;o Oswaldo Salles e na Casa do Conhecimento, no Caminho Niemeyer.<\/p>\n<p>Para o Presidente da FME, Bruno Ribeiro, as forma&ccedil;&otilde;es s&atilde;o ambientes significativos para a troca de experi&ecirc;ncias entre os profissionais da rede.<\/p>\n<p>&nbsp;&ldquo;&Eacute; muito importante estabelecer uma parceria entre setores pedag&oacute;gico e administrativo que integram a rede municipal de Niter&oacute;i. Desta forma, podemos aperfei&ccedil;oar o trabalho desenvolvido nas escolas e garantir assim uma educa&ccedil;&atilde;o p&uacute;blica de qualidade&rdquo;, declarou Bruno.<\/p>\n<p>O ano letivo nas 91 escolas de rede municipal come&ccedil;a nesta segunda-feira (5).<\/p>\n<p>&nbsp;<\/p>\n<p>Texto e fotos: Assessoria de Comunica&ccedil;&atilde;o &#8211; FME<\/p>\n<p><img loading=\"lazy\" decoding=\"async\" alt=\"\" class=\"alignnone size-medium wp-image-22482\" height=\"200\" src=\"https:\/\/educacao.niteroi.rj.gov.br\/wp-content\/uploads\/2018\/02\/IMG_8257-Copy-300x200.jpg\" width=\"300\" \/> <img loading=\"lazy\" decoding=\"async\" alt=\"\" class=\"alignnone size-medium wp-image-22483\" height=\"200\" src=\"https:\/\/educacao.niteroi.rj.gov.br\/wp-content\/uploads\/2018\/02\/IMG_8263-Copy-300x200.jpg\" width=\"300\" \/> <img loading=\"lazy\" decoding=\"async\" alt=\"\" class=\"alignnone size-medium wp-image-22484\" height=\"200\" src=\"https:\/\/educacao.niteroi.rj.gov.br\/wp-content\/uploads\/2018\/02\/IMG_8301-Copy-300x200.jpg\" width=\"300\" \/> <img loading=\"lazy\" decoding=\"async\" alt=\"\" class=\"alignnone size-medium wp-image-22485\" height=\"200\" src=\"https:\/\/educacao.niteroi.rj.gov.br\/wp-content\/uploads\/2018\/02\/IMG_8323-Copy-300x200.jpg\" width=\"300\" \/> <img loading=\"lazy\" decoding=\"async\" alt=\"\" class=\"alignnone size-medium wp-image-22486\" height=\"200\" src=\"https:\/\/educacao.niteroi.rj.gov.br\/wp-content\/uploads\/2018\/02\/IMG_8364-Copy-300x200.jpg\" width=\"300\" \/> <img loading=\"lazy\" decoding=\"async\" alt=\"\" class=\"alignnone size-medium wp-image-22487\" height=\"200\" src=\"https:\/\/educacao.niteroi.rj.gov.br\/wp-content\/uploads\/2018\/02\/IMG_8411-Copy-300x200.jpg\" width=\"300\" \/> <img loading=\"lazy\" decoding=\"async\" alt=\"\" class=\"alignnone size-medium wp-image-22488\" height=\"200\" src=\"https:\/\/educacao.niteroi.rj.gov.br\/wp-content\/uploads\/2018\/02\/IMG_8406-Copy-300x200.jpg\" width=\"300\" \/> <img loading=\"lazy\" decoding=\"async\" alt=\"\" class=\"alignnone size-medium wp-image-22489\" height=\"200\" src=\"https:\/\/educacao.niteroi.rj.gov.br\/wp-content\/uploads\/2018\/02\/IMG_8389-Copy-300x200.jpg\" width=\"300\" \/>: Assessoria de Comunica&ccedil;&atilde;o da FME.<\/p>\n<p>&nbsp;<\/p>\n","protected":false},"excerpt":{"rendered":"<p>A Secretaria Municipal de Educa&ccedil;&atilde;o, Ci&ecirc;ncia e Tecnologia (SEMECT) e a Funda&ccedil;&atilde;o Municipal de Educa&ccedil;&atilde;o (FME) iniciaram nesta quinta-feira (1&ordm;), as Forma&ccedil;&otilde;es de abertura do ano letivo de 2018. As atividades foram voltadas para os profissionais que atuam na Educa&ccedil;&atilde;o Infantil, Ensino Fundamental, Educa&ccedil;&atilde;o de Jovens e Adultos (EJA), Educa&ccedil;&atilde;o Especial e para os motoristas [&hellip;]<\/p>\n","protected":false},"author":7,"featured_media":0,"comment_status":"open","ping_status":"open","sticky":false,"template":"","format":"standard","meta":{"_et_pb_use_builder":"","_et_pb_old_content":"","_et_gb_content_width":"","footnotes":""},"categories":[11,4,6,10],"tags":[],"class_list":["post-21985","post","type-post","status-publish","format-standard","hentry","category-11","category-destaque","category-noticias","category-ultimas-noticias"],"_links":{"self":[{"href":"https:\/\/www.educacao.niteroi.rj.gov.br\/index.php?rest_route=\/wp\/v2\/posts\/21985","targetHints":{"allow":["GET"]}}],"collection":[{"href":"https:\/\/www.educacao.niteroi.rj.gov.br\/index.php?rest_route=\/wp\/v2\/posts"}],"about":[{"href":"https:\/\/www.educacao.niteroi.rj.gov.br\/index.php?rest_route=\/wp\/v2\/types\/post"}],"author":[{"embeddable":true,"href":"https:\/\/www.educacao.niteroi.rj.gov.br\/index.php?rest_route=\/wp\/v2\/users\/7"}],"replies":[{"embeddable":true,"href":"https:\/\/www.educacao.niteroi.rj.gov.br\/index.php?rest_route=%2Fwp%2Fv2%2Fcomments&post=21985"}],"version-history":[{"count":0,"href":"https:\/\/www.educacao.niteroi.rj.gov.br\/index.php?rest_route=\/wp\/v2\/posts\/21985\/revisions"}],"wp:attachment":[{"href":"https:\/\/www.educacao.niteroi.rj.gov.br\/index.php?rest_route=%2Fwp%2Fv2%2Fmedia&parent=21985"}],"wp:term":[{"taxonomy":"category","embeddable":true,"href":"https:\/\/www.educacao.niteroi.rj.gov.br\/index.php?rest_route=%2Fwp%2Fv2%2Fcategories&post=21985"},{"taxonomy":"post_tag","embeddable":true,"href":"https:\/\/www.educacao.niteroi.rj.gov.br\/index.php?rest_route=%2Fwp%2Fv2%2Ftags&post=21985"}],"curies":[{"name":"wp","href":"https:\/\/api.w.org\/{rel}","templated":true}]}}