{"id":22020,"date":"2018-02-22T15:18:47","date_gmt":"2018-02-22T15:18:47","guid":{"rendered":"https:\/\/educacao.niteroi.rj.gov.br\/?p=22020"},"modified":"2018-02-22T15:18:47","modified_gmt":"2018-02-22T15:18:47","slug":"diretoria-de-educacao-infantil-inicia-forum-de-diretores-e-pedagogos-do-procc","status":"publish","type":"post","link":"https:\/\/www.educacao.niteroi.rj.gov.br\/?p=22020","title":{"rendered":"Diretoria de Educa\u00e7\u00e3o Infantil inicia F\u00f3rum de diretores e pedagogos do ProCC"},"content":{"rendered":"<p>O primeiro F&oacute;rum de 2018 com Presidentes e Diretores que fazem parte do Programa Crian&ccedil;a na Creche foi realizado nesta quinta-feira, 22, no audit&oacute;rio Darcy Ribeiro, no Espa&ccedil;o Oswaldo Salles.<\/p>\n<p>O ProCC &eacute; uma parceria p&uacute;blico-privada da prefeitura de Niter&oacute;i com institui&ccedil;&otilde;es mantenedoras, &nbsp;confessionais, filantr&oacute;picas e &nbsp;associa&ccedil;&atilde;o de moradores. E conta atualmente com 20 creches conveniadas atendendo crian&ccedil;as na faixa et&aacute;ria de 0 a 5 anos (primeira inf&acirc;ncia), em hor&aacute;rio integral.<\/p>\n<p>Promovido pela Diretoria de Educa&ccedil;&atilde;o Infantil, o encontro teve como objetivo planejar a&ccedil;&otilde;es a serem aplicadas no ano letivo atual, destacando os cursos de forma&ccedil;&otilde;es que ser&atilde;o disponibilizados para qualificar os pedagogos.<\/p>\n<p>Foram abordados tamb&eacute;m quest&otilde;es administrativas, al&eacute;m de refor&ccedil;ar sobre as visitas t&eacute;cnicas &agrave;s unidades feitas pela equipe, para acompanhar o desenvolvimento pedag&oacute;gico e verificar a estrutura dos locais.<\/p>\n<p>As reuni&otilde;es do ProCC s&atilde;o realizadas mensalmente e o pr&oacute;ximo encontro destinado aos pedagogos das creches ser&aacute; nesta sexta-feira, 23\/02, no audit&oacute;rio Darcy Ribeiro.<br \/>\n&nbsp;<\/p>\n<p>Texto e fotos: Larissa Lisboa.<\/p>\n<p><img loading=\"lazy\" decoding=\"async\" alt=\"\" class=\"alignnone size-medium wp-image-22021\" height=\"184\" src=\"https:\/\/educacao.niteroi.rj.gov.br\/wp-content\/uploads\/2018\/02\/IMG_1021-300x184.jpg\" width=\"300\" \/> <img loading=\"lazy\" decoding=\"async\" alt=\"\" class=\"alignnone size-medium wp-image-22022\" height=\"178\" src=\"https:\/\/educacao.niteroi.rj.gov.br\/wp-content\/uploads\/2018\/02\/IMG_1024-300x178.jpg\" width=\"300\" \/> <img loading=\"lazy\" decoding=\"async\" alt=\"\" class=\"alignnone size-medium wp-image-22023\" height=\"186\" src=\"https:\/\/educacao.niteroi.rj.gov.br\/wp-content\/uploads\/2018\/02\/IMG_1034-300x186.jpg\" width=\"300\" \/> <img loading=\"lazy\" decoding=\"async\" alt=\"\" class=\"alignnone size-medium wp-image-22024\" height=\"188\" src=\"https:\/\/educacao.niteroi.rj.gov.br\/wp-content\/uploads\/2018\/02\/IMG_1035-300x188.jpg\" width=\"300\" \/><\/p>\n","protected":false},"excerpt":{"rendered":"<p>O primeiro F&oacute;rum de 2018 com Presidentes e Diretores que fazem parte do Programa Crian&ccedil;a na Creche foi realizado nesta quinta-feira, 22, no audit&oacute;rio Darcy Ribeiro, no Espa&ccedil;o Oswaldo Salles. O ProCC &eacute; uma parceria p&uacute;blico-privada da prefeitura de Niter&oacute;i com institui&ccedil;&otilde;es mantenedoras, &nbsp;confessionais, filantr&oacute;picas e &nbsp;associa&ccedil;&atilde;o de moradores. E conta atualmente com 20 creches [&hellip;]<\/p>\n","protected":false},"author":7,"featured_media":0,"comment_status":"open","ping_status":"open","sticky":false,"template":"","format":"standard","meta":{"_et_pb_use_builder":"","_et_pb_old_content":"","_et_gb_content_width":"","footnotes":""},"categories":[11,4,6,10],"tags":[],"class_list":["post-22020","post","type-post","status-publish","format-standard","hentry","category-11","category-destaque","category-noticias","category-ultimas-noticias"],"_links":{"self":[{"href":"https:\/\/www.educacao.niteroi.rj.gov.br\/index.php?rest_route=\/wp\/v2\/posts\/22020","targetHints":{"allow":["GET"]}}],"collection":[{"href":"https:\/\/www.educacao.niteroi.rj.gov.br\/index.php?rest_route=\/wp\/v2\/posts"}],"about":[{"href":"https:\/\/www.educacao.niteroi.rj.gov.br\/index.php?rest_route=\/wp\/v2\/types\/post"}],"author":[{"embeddable":true,"href":"https:\/\/www.educacao.niteroi.rj.gov.br\/index.php?rest_route=\/wp\/v2\/users\/7"}],"replies":[{"embeddable":true,"href":"https:\/\/www.educacao.niteroi.rj.gov.br\/index.php?rest_route=%2Fwp%2Fv2%2Fcomments&post=22020"}],"version-history":[{"count":0,"href":"https:\/\/www.educacao.niteroi.rj.gov.br\/index.php?rest_route=\/wp\/v2\/posts\/22020\/revisions"}],"wp:attachment":[{"href":"https:\/\/www.educacao.niteroi.rj.gov.br\/index.php?rest_route=%2Fwp%2Fv2%2Fmedia&parent=22020"}],"wp:term":[{"taxonomy":"category","embeddable":true,"href":"https:\/\/www.educacao.niteroi.rj.gov.br\/index.php?rest_route=%2Fwp%2Fv2%2Fcategories&post=22020"},{"taxonomy":"post_tag","embeddable":true,"href":"https:\/\/www.educacao.niteroi.rj.gov.br\/index.php?rest_route=%2Fwp%2Fv2%2Ftags&post=22020"}],"curies":[{"name":"wp","href":"https:\/\/api.w.org\/{rel}","templated":true}]}}