{"id":22058,"date":"2018-02-28T01:26:04","date_gmt":"2018-02-28T01:26:04","guid":{"rendered":"https:\/\/educacao.niteroi.rj.gov.br\/?p=22058"},"modified":"2018-02-28T01:26:04","modified_gmt":"2018-02-28T01:26:04","slug":"resultados-das-solicitacoes-de-vagas","status":"publish","type":"post","link":"https:\/\/www.educacao.niteroi.rj.gov.br\/?p=22058","title":{"rendered":"RESULTADOS DAS SOLICITA\u00c7\u00d5ES DE VAGAS"},"content":{"rendered":"<p><span style=\"color:#000000;\"><strong>RESULTADO DAS SOLICITA&Ccedil;&Otilde;ES DE VAGAS:<\/strong><\/span><\/p>\n<p>&nbsp;<\/p>\n<p><span style=\"color:#000000;\"><strong>EDUCA&Ccedil;&Atilde;O INFANTIL &#8211; 0, 2 E 3 ANOS<\/strong><\/span><\/p>\n<p><strong><a href=\"https:\/\/educacao.niteroi.rj.gov.br\/wp-content\/uploads\/2018\/01\/TABELA-DE-RESULTADO-DE-0-2-E-3-ANOS.pdf\"><span style=\"color:#FF0000;\">TABELA DE RESULTADO DE 0, 2 E 3 ANOS<\/span><\/a><\/strong><\/p>\n<p>&nbsp;<\/p>\n<p><span style=\"color:#000000;\"><strong>OBSERVA&Ccedil;&Otilde;ES:<\/strong><\/span><\/p>\n<p><span style=\"color:#000000;\">&#8211; O respons&aacute;vel&nbsp; dever&aacute; comparecer &agrave; escola indicada para efetivar a matr&iacute;cula , de 5 a 9 de mar&ccedil;o de 2018, de 8 a 16 horas.<\/span><\/p>\n<p><span style=\"color:#000000;\">&#8211; Lembramos que a matr&iacute;cula S&Oacute; ser&aacute; feita nesses dias (5, 6, 7, 8 e 9\/03\/2018) e que o n&atilde;o&nbsp; comparecimento &agrave; escola, resultar&aacute; na perda da vaga.<\/span><\/p>\n<p><span style=\"color:#000000;\">&#8211; Somente a m&atilde;e ou o pai do candidato poder&aacute; efetivar a matr&iacute;cula do mesmo na Unidade de Educa&ccedil;&atilde;o, ou ainda, o respons&aacute;vel legal de posse do TERMO JUDICIAL DE GUARDA ou do TERMO DE RESPONSABILIDADE ou do TERMO DE AUTORIZA&Ccedil;&Atilde;O PARA MATR&Iacute;CULA, emitido pelo Conselho Tutelar da regi&atilde;o.<\/span><\/p>\n<p>&nbsp;<\/p>\n<p><span style=\"color:#000000;\"><strong>DOCUMENTOS NECESS&Aacute;RIOS PARA EFETIVA&Ccedil;&Atilde;O DA MATR&Iacute;CULA:<\/strong><\/span><\/p>\n<p><span style=\"color:#000000;\">&#8211; 3 (tr&ecirc;s) fotos 3X4 do candidato(a);<\/span><\/p>\n<p><span style=\"color:#000000;\">&#8211; C&oacute;pia e original da Certid&atilde;o de Nascimento do candidato(a);<\/span><\/p>\n<p><span style=\"color:#000000;\">&#8211; C&oacute;pia e original do Comprovante de Resid&ecirc;ncia, em nome de um dos respons&aacute;veis e atualizado (com data a partir de janeiro\/2018);<\/span><\/p>\n<p><span style=\"color:#000000;\">&#8211; C&oacute;pia e original da Carteira de Identidade e CPF do respons&aacute;vel pelo candidato(a);<\/span><\/p>\n<p><span style=\"color:#000000;\">&#8211; Comprovante de tipo sangu&iacute;neo e RH, nos termos da Lei n&ordm; 6683\/14. (Com prazo de entrega at&eacute; 3 meses ap&oacute;s a efetiva&ccedil;&atilde;o de matr&iacute;cula);<\/span><\/p>\n<p><span style=\"color:#000000;\">&#8211; C&oacute;pia e original do Comprovante de Benef&iacute;cio do Programa Bolsa Fam&iacute;lia, quando for o caso.<\/span><\/p>\n<p>&nbsp;<\/p>\n<p><span style=\"color:#000000;\"><strong>RESULTADO DAS SOLICITA&Ccedil;&Otilde;ES DE VAGAS:<\/strong><\/span><\/p>\n<p>&nbsp;<\/p>\n<p><span style=\"color:#000000;\"><strong>EDUCA&Ccedil;&Atilde;O INFANTIL&nbsp;<\/strong><\/span><\/p>\n<p><span style=\"color:#000000;\"><strong>&bull; Listagem impressa na Rua Visconde de Uruguai, 300 &#8211; &nbsp;(Perto do Barcas Shopping)<\/strong><\/span><\/p>\n<p><strong><a href=\"https:\/\/educacao.niteroi.rj.gov.br\/wp-content\/uploads\/2018\/01\/LISTAGEM-PARA-MATR\u00cdCULA-EDUCA\u00c7\u00c3O-INFANTIL.pdf\"><span style=\"color:#FF0000;\">LISTAGEM PARA MATR&Iacute;CULA EDUCA&Ccedil;&Atilde;O INFANTIL<\/span><\/a><\/strong><\/p>\n<p>&nbsp;<\/p>\n<p><span style=\"color:#000000;\"><strong>ENSINO FUNDAMENTAL<\/strong><\/span><\/p>\n<p><strong><a href=\"https:\/\/educacao.niteroi.rj.gov.br\/wp-content\/uploads\/2018\/01\/LISTAGEM-PARA-MATR\u00cdCULA-ENSINO-FUNDAMENTAL.pdf\"><span style=\"color:#FF0000;\">LISTAGEM PARA MATR&Iacute;CULA ENSINO FUNDAMENTAL<\/span><\/a><\/strong><br \/>\n<span style=\"color:#000000;\"><strong>&nbsp;<br \/>\n&bull; Listagem impressa na Rua Visconde de Uruguai, 300 &#8211; (Perto do Barcas&nbsp;Shopping)<\/strong><\/span><\/p>\n<p>&nbsp;<\/p>\n<p><span style=\"color:#000000;\"><strong>OBSERVA&Ccedil;&Otilde;ES:<\/strong><\/span><\/p>\n<p>&nbsp;<\/p>\n<p><span style=\"color:#000000;\">&#8211; O respons&aacute;vel&nbsp; dever&aacute; comparecer &agrave; escola indicada para efetivar a matr&iacute;cula , nos dias 01 e 02 de mar&ccedil;o de 2018, de 8 &agrave;s&nbsp;16 horas.<\/span><\/p>\n<p>&nbsp;<\/p>\n<p><span style=\"color:#000000;\">&#8211; Lembramos que a matr&iacute;cula S&Oacute; ser&aacute; feita nesses dias (01 e 02\/03\/2018) e que o n&atilde;o&nbsp; comparecimento &agrave; escola, resultar&aacute; na perda da vaga.<\/span><\/p>\n<p><span style=\"color:#000000;\">&#8211; Somente a m&atilde;e ou o pai do candidato poder&aacute; efetivar a matr&iacute;cula do mesmo na Unidade de Educa&ccedil;&atilde;o, ou ainda, o respons&aacute;vel legal de posse do TERMO JUDICIAL DE GUARDA ou do TERMO DE RESPONSABILIDADE ou do TERMO DE AUTORIZA&Ccedil;&Atilde;O PARA MATR&Iacute;CULA, emitido pelo Conselho Tutelar da regi&atilde;o.<\/span><\/p>\n<p>&nbsp;<\/p>\n<p><span style=\"color:#000000;\"><strong>DOCUMENTOS NECESS&Aacute;RIOS PARA EFETIVA&Ccedil;&Atilde;O DA MATR&Iacute;CULA:<\/strong><\/span><\/p>\n<p>&nbsp;<\/p>\n<ol>\n<li><span style=\"color:#000000;\">3 (tr&ecirc;s) fotos 3X4 do candidato(a);<\/span><\/li>\n<li><span style=\"color:#000000;\">c&oacute;pia e original da Certid&atilde;o de Nascimento do candidato(a);<\/span><\/li>\n<li><span style=\"color:#000000;\">c&oacute;pia e original do Comprovante de Resid&ecirc;ncia, em nome de um dos respons&aacute;veis e atualizado (com data a partir de janeiro\/2018);<\/span><\/li>\n<li><span style=\"color:#000000;\">c&oacute;pia e original da Carteira de Identidade e CPF do respons&aacute;vel pelo candidato(a);<\/span><\/li>\n<li><span style=\"color:#000000;\">comprovante de tipo sangu&iacute;neo e RH, nos termos da Lei n&ordm; 6683\/14. (Com prazo de entrega at&eacute; 3 meses ap&oacute;s a efetiva&ccedil;&atilde;o de matr&iacute;cula);<\/span><\/li>\n<li><span style=\"color:#000000;\">c&oacute;pia e original do Comprovante de Benef&iacute;cio do Programa Bolsa Fam&iacute;lia, quando for o caso.<\/span><\/li>\n<\/ol>\n<p><strong>&nbsp;<\/strong><\/p>\n","protected":false},"excerpt":{"rendered":"<p>RESULTADO DAS SOLICITA&Ccedil;&Otilde;ES DE VAGAS: &nbsp; EDUCA&Ccedil;&Atilde;O INFANTIL &#8211; 0, 2 E 3 ANOS TABELA DE RESULTADO DE 0, 2 E 3 ANOS &nbsp; OBSERVA&Ccedil;&Otilde;ES: &#8211; O respons&aacute;vel&nbsp; dever&aacute; comparecer &agrave; escola indicada para efetivar a matr&iacute;cula , de 5 a 9 de mar&ccedil;o de 2018, de 8 a 16 horas. &#8211; Lembramos que a [&hellip;]<\/p>\n","protected":false},"author":7,"featured_media":0,"comment_status":"open","ping_status":"open","sticky":false,"template":"","format":"standard","meta":{"_et_pb_use_builder":"","_et_pb_old_content":"","_et_gb_content_width":"","footnotes":""},"categories":[11,4,6,10],"tags":[],"class_list":["post-22058","post","type-post","status-publish","format-standard","hentry","category-11","category-destaque","category-noticias","category-ultimas-noticias"],"_links":{"self":[{"href":"https:\/\/www.educacao.niteroi.rj.gov.br\/index.php?rest_route=\/wp\/v2\/posts\/22058","targetHints":{"allow":["GET"]}}],"collection":[{"href":"https:\/\/www.educacao.niteroi.rj.gov.br\/index.php?rest_route=\/wp\/v2\/posts"}],"about":[{"href":"https:\/\/www.educacao.niteroi.rj.gov.br\/index.php?rest_route=\/wp\/v2\/types\/post"}],"author":[{"embeddable":true,"href":"https:\/\/www.educacao.niteroi.rj.gov.br\/index.php?rest_route=\/wp\/v2\/users\/7"}],"replies":[{"embeddable":true,"href":"https:\/\/www.educacao.niteroi.rj.gov.br\/index.php?rest_route=%2Fwp%2Fv2%2Fcomments&post=22058"}],"version-history":[{"count":0,"href":"https:\/\/www.educacao.niteroi.rj.gov.br\/index.php?rest_route=\/wp\/v2\/posts\/22058\/revisions"}],"wp:attachment":[{"href":"https:\/\/www.educacao.niteroi.rj.gov.br\/index.php?rest_route=%2Fwp%2Fv2%2Fmedia&parent=22058"}],"wp:term":[{"taxonomy":"category","embeddable":true,"href":"https:\/\/www.educacao.niteroi.rj.gov.br\/index.php?rest_route=%2Fwp%2Fv2%2Fcategories&post=22058"},{"taxonomy":"post_tag","embeddable":true,"href":"https:\/\/www.educacao.niteroi.rj.gov.br\/index.php?rest_route=%2Fwp%2Fv2%2Ftags&post=22058"}],"curies":[{"name":"wp","href":"https:\/\/api.w.org\/{rel}","templated":true}]}}