{"id":22128,"date":"2018-03-05T16:49:48","date_gmt":"2018-03-05T16:49:48","guid":{"rendered":"https:\/\/educacao.niteroi.rj.gov.br\/?p=22128"},"modified":"2018-03-05T16:49:48","modified_gmt":"2018-03-05T16:49:48","slug":"programacao-do-mes-de-marco-memorial-roberto-silveira","status":"publish","type":"post","link":"https:\/\/www.educacao.niteroi.rj.gov.br\/?p=22128","title":{"rendered":"Memorial Roberto Silveira &#8211; PROGRAMA\u00c7\u00c3O DO M\u00caS DE MAR\u00c7O"},"content":{"rendered":"<p>&nbsp;<\/p>\n<p><strong>Dia 19\/03\/2018<\/strong><\/p>\n<p>Exposi&ccedil;&atilde;o de fotos do livro &ldquo;Passeio Po&eacute;tico por Niter&oacute;i&rdquo;, em cartaz at&eacute; 17\/04\/2018<\/p>\n<p><img loading=\"lazy\" decoding=\"async\" alt=\"\" class=\"alignnone size-medium wp-image-22148\" height=\"225\" src=\"https:\/\/educacao.niteroi.rj.gov.br\/wp-content\/uploads\/2018\/03\/19-03-2018-2-300x225.jpg\" width=\"300\" \/><\/p>\n<p>&nbsp;<\/p>\n<p><strong>Dia 27\/03\/2018<\/strong> &ndash; Homenagem ao Dia Internacional da Mulher<\/p>\n<p>15h<\/p>\n<p>Palestra: Empreendedorismo Feminino (parceria com o SEBRAE)<\/p>\n<p><img loading=\"lazy\" decoding=\"async\" alt=\"\" class=\"alignnone size-medium wp-image-22130\" height=\"220\" src=\"https:\/\/educacao.niteroi.rj.gov.br\/wp-content\/uploads\/2018\/03\/Empreendedorismo-Feminino-300x220.png\" width=\"300\" \/><\/p>\n<p>&nbsp;<\/p>\n","protected":false},"excerpt":{"rendered":"<p>&nbsp; Dia 19\/03\/2018 Exposi&ccedil;&atilde;o de fotos do livro &ldquo;Passeio Po&eacute;tico por Niter&oacute;i&rdquo;, em cartaz at&eacute; 17\/04\/2018 &nbsp; Dia 27\/03\/2018 &ndash; Homenagem ao Dia Internacional da Mulher 15h Palestra: Empreendedorismo Feminino (parceria com o SEBRAE) &nbsp;<\/p>\n","protected":false},"author":7,"featured_media":0,"comment_status":"open","ping_status":"open","sticky":false,"template":"","format":"standard","meta":{"_et_pb_use_builder":"","_et_pb_old_content":"","_et_gb_content_width":"","footnotes":""},"categories":[11,4,6,10],"tags":[],"class_list":["post-22128","post","type-post","status-publish","format-standard","hentry","category-11","category-destaque","category-noticias","category-ultimas-noticias"],"_links":{"self":[{"href":"https:\/\/www.educacao.niteroi.rj.gov.br\/index.php?rest_route=\/wp\/v2\/posts\/22128","targetHints":{"allow":["GET"]}}],"collection":[{"href":"https:\/\/www.educacao.niteroi.rj.gov.br\/index.php?rest_route=\/wp\/v2\/posts"}],"about":[{"href":"https:\/\/www.educacao.niteroi.rj.gov.br\/index.php?rest_route=\/wp\/v2\/types\/post"}],"author":[{"embeddable":true,"href":"https:\/\/www.educacao.niteroi.rj.gov.br\/index.php?rest_route=\/wp\/v2\/users\/7"}],"replies":[{"embeddable":true,"href":"https:\/\/www.educacao.niteroi.rj.gov.br\/index.php?rest_route=%2Fwp%2Fv2%2Fcomments&post=22128"}],"version-history":[{"count":0,"href":"https:\/\/www.educacao.niteroi.rj.gov.br\/index.php?rest_route=\/wp\/v2\/posts\/22128\/revisions"}],"wp:attachment":[{"href":"https:\/\/www.educacao.niteroi.rj.gov.br\/index.php?rest_route=%2Fwp%2Fv2%2Fmedia&parent=22128"}],"wp:term":[{"taxonomy":"category","embeddable":true,"href":"https:\/\/www.educacao.niteroi.rj.gov.br\/index.php?rest_route=%2Fwp%2Fv2%2Fcategories&post=22128"},{"taxonomy":"post_tag","embeddable":true,"href":"https:\/\/www.educacao.niteroi.rj.gov.br\/index.php?rest_route=%2Fwp%2Fv2%2Ftags&post=22128"}],"curies":[{"name":"wp","href":"https:\/\/api.w.org\/{rel}","templated":true}]}}