{"id":22134,"date":"2018-03-05T16:51:59","date_gmt":"2018-03-05T16:51:59","guid":{"rendered":"https:\/\/educacao.niteroi.rj.gov.br\/?p=22134"},"modified":"2018-03-05T16:51:59","modified_gmt":"2018-03-05T16:51:59","slug":"programacao-mes-de-marco-bibliotecas-populares","status":"publish","type":"post","link":"https:\/\/www.educacao.niteroi.rj.gov.br\/?p=22134","title":{"rendered":"Bibliotecas Populares &#8211; PROGRAMA\u00c7\u00c3O M\u00caS DE MAR\u00c7O"},"content":{"rendered":"<p>&nbsp;<\/p>\n<p><strong>Biblioteca Popular Municipal Monteiro Lobato<\/strong><\/p>\n<p><strong>08 a 31\/3<\/strong><\/p>\n<p><strong>9h &agrave;s 16h <\/strong><\/p>\n<p>Exposi&ccedil;&atilde;o: Mulheres na Hist&oacute;ria, Arte, Literatura&#8230;no Mundo<\/p>\n<p>&nbsp;<\/p>\n<p><strong>10\/3 &#8211; s&aacute;bado<\/strong><\/p>\n<p><strong>10h<\/strong><\/p>\n<p>Sarau de M&uacute;sica e Poesia. Edi&ccedil;&atilde;o especial pelo Dia Internacional da Mulher. Participa&ccedil;&atilde;o de m&uacute;sicos e poetas do bairro e regi&atilde;o. Microfone aberto<\/p>\n<p>&nbsp;<\/p>\n<p><strong>Biblioteca Popular Municipal Silvestre M&ocirc;naco<\/strong><\/p>\n<p><strong>07\/3 &ndash; quarta-feira<\/strong><\/p>\n<p><strong>14h<\/strong><\/p>\n<p>Caf&eacute; Liter&aacute;rio. Roda de poesias em homenagem ao &ldquo;Dia Internacional da Mulher&rdquo;. Compartilhar a hist&oacute;ria das oper&aacute;rias que morreram ap&oacute;s o movimento de greve; apresenta&ccedil;&atilde;o da poesia &ldquo;Meu nome &eacute; mulher&rdquo; &ndash; P&eacute;rola Negra e outras poesias. Professora L&uacute;cia Helena e equipe da Biblioteca.<\/p>\n<p>&nbsp;<\/p>\n<p><strong>Rede de Bibliotecas Populares<\/strong><\/p>\n<p><strong>28\/3<\/strong><\/p>\n<p><strong>15h<\/strong><\/p>\n<p><strong>Audit&oacute;rio Amaury Pereira Muniz &ndash; FME<\/strong><\/p>\n<p>Roda de conversa sobre o livro &ldquo;mulheres que correm com lobos&rdquo; de Clarissa Pinkola Est&eacute;s.<\/p>\n<p>Parceria da Rede de Bibliotecas Populares, Diretoria de Programas Especiais e Rede PICS\/FMS<\/p>\n","protected":false},"excerpt":{"rendered":"<p>&nbsp; Biblioteca Popular Municipal Monteiro Lobato 08 a 31\/3 9h &agrave;s 16h Exposi&ccedil;&atilde;o: Mulheres na Hist&oacute;ria, Arte, Literatura&#8230;no Mundo &nbsp; 10\/3 &#8211; s&aacute;bado 10h Sarau de M&uacute;sica e Poesia. Edi&ccedil;&atilde;o especial pelo Dia Internacional da Mulher. Participa&ccedil;&atilde;o de m&uacute;sicos e poetas do bairro e regi&atilde;o. Microfone aberto &nbsp; Biblioteca Popular Municipal Silvestre M&ocirc;naco 07\/3 &ndash; [&hellip;]<\/p>\n","protected":false},"author":7,"featured_media":0,"comment_status":"open","ping_status":"open","sticky":false,"template":"","format":"standard","meta":{"_et_pb_use_builder":"","_et_pb_old_content":"","_et_gb_content_width":"","footnotes":""},"categories":[11,4,6,10],"tags":[],"class_list":["post-22134","post","type-post","status-publish","format-standard","hentry","category-11","category-destaque","category-noticias","category-ultimas-noticias"],"_links":{"self":[{"href":"https:\/\/www.educacao.niteroi.rj.gov.br\/index.php?rest_route=\/wp\/v2\/posts\/22134","targetHints":{"allow":["GET"]}}],"collection":[{"href":"https:\/\/www.educacao.niteroi.rj.gov.br\/index.php?rest_route=\/wp\/v2\/posts"}],"about":[{"href":"https:\/\/www.educacao.niteroi.rj.gov.br\/index.php?rest_route=\/wp\/v2\/types\/post"}],"author":[{"embeddable":true,"href":"https:\/\/www.educacao.niteroi.rj.gov.br\/index.php?rest_route=\/wp\/v2\/users\/7"}],"replies":[{"embeddable":true,"href":"https:\/\/www.educacao.niteroi.rj.gov.br\/index.php?rest_route=%2Fwp%2Fv2%2Fcomments&post=22134"}],"version-history":[{"count":0,"href":"https:\/\/www.educacao.niteroi.rj.gov.br\/index.php?rest_route=\/wp\/v2\/posts\/22134\/revisions"}],"wp:attachment":[{"href":"https:\/\/www.educacao.niteroi.rj.gov.br\/index.php?rest_route=%2Fwp%2Fv2%2Fmedia&parent=22134"}],"wp:term":[{"taxonomy":"category","embeddable":true,"href":"https:\/\/www.educacao.niteroi.rj.gov.br\/index.php?rest_route=%2Fwp%2Fv2%2Fcategories&post=22134"},{"taxonomy":"post_tag","embeddable":true,"href":"https:\/\/www.educacao.niteroi.rj.gov.br\/index.php?rest_route=%2Fwp%2Fv2%2Ftags&post=22134"}],"curies":[{"name":"wp","href":"https:\/\/api.w.org\/{rel}","templated":true}]}}