{"id":22136,"date":"2018-03-05T16:53:30","date_gmt":"2018-03-05T16:53:30","guid":{"rendered":"https:\/\/educacao.niteroi.rj.gov.br\/?p=22136"},"modified":"2018-03-05T16:53:30","modified_gmt":"2018-03-05T16:53:30","slug":"programacao-mes-de-marco-diretoria-de-projetos-especiais","status":"publish","type":"post","link":"https:\/\/www.educacao.niteroi.rj.gov.br\/?p=22136","title":{"rendered":"Diretoria de Projetos Especiais &#8211; PROGRAMA\u00c7\u00c3O M\u00caS DE MAR\u00c7O"},"content":{"rendered":"<p>&nbsp;<\/p>\n<p><strong>Dia 7\/03\/2018<\/strong><\/p>\n<p><strong>10h e 15h<\/strong><\/p>\n<p>Atividade &quot;Lei Maria da Penha no contexto educacional: promovendo di&aacute;logos e (re)construindo novas pr&aacute;ticas&quot;.&nbsp;<\/p>\n<p>Local: E.M. Alberto Francisco Torres&nbsp;<\/p>\n<p>Organiza&ccedil;&atilde;o: Diretoria de Programas Especiais e N&uacute;cleo de A&ccedil;&otilde;es Integradas (SEMECT\/FME).&nbsp;<\/p>\n<p>&nbsp;<\/p>\n<p><strong>Dia 14\/03\/2018<\/strong><\/p>\n<p><strong>16h<\/strong><\/p>\n<p>Atividade &quot;Isso tamb&eacute;m &eacute; viol&ecirc;ncia&quot;<\/p>\n<p>Local: Pra&ccedil;a Ararib&oacute;ia &#8211; Barcas<\/p>\n<p>Organiza&ccedil;&atilde;o: Diretoria de Programas Especiais (SEMECT\/FME)<\/p>\n<p>&nbsp;<\/p>\n<p><strong>Dia 15\/03\/2018<\/strong><\/p>\n<p><strong>16h<\/strong><\/p>\n<p>Atividade &quot;Isso tamb&eacute;m &eacute; viol&ecirc;ncia&quot;<\/p>\n<p>Local: Frente do Teatro Municipal de Niter&oacute;i<\/p>\n<p>Organiza&ccedil;&atilde;o: Diretoria de Programas Especiais (SEMECT\/FME)<\/p>\n<p>&nbsp;<\/p>\n<p><strong>Dia 17\/03\/2018<\/strong><\/p>\n<p><strong>9h<\/strong><\/p>\n<p>Atividade &quot;Isso tamb&eacute;m &eacute; viol&ecirc;ncia&quot;<\/p>\n<p>Local: Praia de Icara&iacute; (Altura da Reitoria)<\/p>\n<p>Organiza&ccedil;&atilde;o: Diretoria de Programas Especiais (SEMECT\/FME)<\/p>\n<p>&nbsp;<\/p>\n<p><strong>Dia 21\/03\/2018<\/strong><\/p>\n<p><strong>10h e 15h<\/strong><\/p>\n<p>Atividade &quot;Lei Maria da Penha no contexto educacional: promovendo di&aacute;logos e (re)construindo novas pr&aacute;ticas&quot;.&nbsp;<\/p>\n<p>Local: E.M. Prof&ordf; Maria &Acirc;ngela Moreira Pinto<\/p>\n<p>Organiza&ccedil;&atilde;o: Diretoria de Programas Especiais e N&uacute;cleo de A&ccedil;&otilde;es Integradas (SEMECT\/FME).&nbsp;<\/p>\n","protected":false},"excerpt":{"rendered":"<p>&nbsp; Dia 7\/03\/2018 10h e 15h Atividade &quot;Lei Maria da Penha no contexto educacional: promovendo di&aacute;logos e (re)construindo novas pr&aacute;ticas&quot;.&nbsp; Local: E.M. Alberto Francisco Torres&nbsp; Organiza&ccedil;&atilde;o: Diretoria de Programas Especiais e N&uacute;cleo de A&ccedil;&otilde;es Integradas (SEMECT\/FME).&nbsp; &nbsp; Dia 14\/03\/2018 16h Atividade &quot;Isso tamb&eacute;m &eacute; viol&ecirc;ncia&quot; Local: Pra&ccedil;a Ararib&oacute;ia &#8211; Barcas Organiza&ccedil;&atilde;o: Diretoria de Programas Especiais [&hellip;]<\/p>\n","protected":false},"author":7,"featured_media":0,"comment_status":"open","ping_status":"open","sticky":false,"template":"","format":"standard","meta":{"_et_pb_use_builder":"","_et_pb_old_content":"","_et_gb_content_width":"","footnotes":""},"categories":[11,4,6,10],"tags":[],"class_list":["post-22136","post","type-post","status-publish","format-standard","hentry","category-11","category-destaque","category-noticias","category-ultimas-noticias"],"_links":{"self":[{"href":"https:\/\/www.educacao.niteroi.rj.gov.br\/index.php?rest_route=\/wp\/v2\/posts\/22136","targetHints":{"allow":["GET"]}}],"collection":[{"href":"https:\/\/www.educacao.niteroi.rj.gov.br\/index.php?rest_route=\/wp\/v2\/posts"}],"about":[{"href":"https:\/\/www.educacao.niteroi.rj.gov.br\/index.php?rest_route=\/wp\/v2\/types\/post"}],"author":[{"embeddable":true,"href":"https:\/\/www.educacao.niteroi.rj.gov.br\/index.php?rest_route=\/wp\/v2\/users\/7"}],"replies":[{"embeddable":true,"href":"https:\/\/www.educacao.niteroi.rj.gov.br\/index.php?rest_route=%2Fwp%2Fv2%2Fcomments&post=22136"}],"version-history":[{"count":0,"href":"https:\/\/www.educacao.niteroi.rj.gov.br\/index.php?rest_route=\/wp\/v2\/posts\/22136\/revisions"}],"wp:attachment":[{"href":"https:\/\/www.educacao.niteroi.rj.gov.br\/index.php?rest_route=%2Fwp%2Fv2%2Fmedia&parent=22136"}],"wp:term":[{"taxonomy":"category","embeddable":true,"href":"https:\/\/www.educacao.niteroi.rj.gov.br\/index.php?rest_route=%2Fwp%2Fv2%2Fcategories&post=22136"},{"taxonomy":"post_tag","embeddable":true,"href":"https:\/\/www.educacao.niteroi.rj.gov.br\/index.php?rest_route=%2Fwp%2Fv2%2Ftags&post=22136"}],"curies":[{"name":"wp","href":"https:\/\/api.w.org\/{rel}","templated":true}]}}