{"id":22179,"date":"2018-03-06T14:58:25","date_gmt":"2018-03-06T14:58:25","guid":{"rendered":"https:\/\/educacao.niteroi.rj.gov.br\/?p=22179"},"modified":"2018-03-06T14:58:25","modified_gmt":"2018-03-06T14:58:25","slug":"coordenacao-do-pnaic-retomam-as-atividades","status":"publish","type":"post","link":"https:\/\/www.educacao.niteroi.rj.gov.br\/?p=22179","title":{"rendered":"Coordena\u00e7\u00e3o do PNAIC retomam \u00e0s atividades"},"content":{"rendered":"<p>A Coordena&ccedil;&atilde;o Local do PNAIC informa o retorno &agrave;s atividades, no m&ecirc;s de mar&ccedil;o, da Segunda etapa do Pacto Nacional de Alfabetiza&ccedil;&atilde;o na Idade Certa 2017 -2018 (Ciclo de Alfabetiza&ccedil;&atilde;o e Educa&ccedil;&atilde;o Infantil) , com previs&atilde;o de t&eacute;rmino para mar&ccedil;o.<\/p>\n<p>Os participantes j&aacute; inscritos que n&atilde;o compareceram aos encontros iniciais poder&atilde;o voltar ao curso, uma vez que foram computadas como desist&ecirc;ncia.<\/p>\n<p>No Ciclo de Alfabetiza&ccedil;&atilde;o, os iniciantes em 2018 ter&atilde;o uma carga hor&aacute;ria de 100 horas e os encontros ser&atilde;o nos dias 13, 14 e 17, nos hor&aacute;rios de 18h &agrave;s 21h (ter&ccedil;as e quartas-feiras) e de 9h &agrave;s 16h (aos s&aacute;bados).<\/p>\n<p>As atividades para Educa&ccedil;&atilde;o Infantil iniciar&atilde;o, para pedagogos, no dia 20 de mar&ccedil;o (ter&ccedil;a-feira) e no dia 21 de mar&ccedil;o (quarta-feira) para os demais cursistas, no per&iacute;odo da tarde (13h &agrave;s 17h), no audit&oacute;rio da Universidade Est&aacute;cio de S&aacute;, na Rua da Concei&ccedil;&atilde;o.<\/p>\n<p>Para ambos os cursos do PNAIC os encontros ser&atilde;o quinzenais.<\/p>\n<p>&nbsp;<\/p>\n","protected":false},"excerpt":{"rendered":"<p>A Coordena&ccedil;&atilde;o Local do PNAIC informa o retorno &agrave;s atividades, no m&ecirc;s de mar&ccedil;o, da Segunda etapa do Pacto Nacional de Alfabetiza&ccedil;&atilde;o na Idade Certa 2017 -2018 (Ciclo de Alfabetiza&ccedil;&atilde;o e Educa&ccedil;&atilde;o Infantil) , com previs&atilde;o de t&eacute;rmino para mar&ccedil;o. Os participantes j&aacute; inscritos que n&atilde;o compareceram aos encontros iniciais poder&atilde;o voltar ao curso, uma [&hellip;]<\/p>\n","protected":false},"author":7,"featured_media":0,"comment_status":"open","ping_status":"open","sticky":false,"template":"","format":"standard","meta":{"_et_pb_use_builder":"","_et_pb_old_content":"","_et_gb_content_width":"","footnotes":""},"categories":[4,6,10],"tags":[],"class_list":["post-22179","post","type-post","status-publish","format-standard","hentry","category-destaque","category-noticias","category-ultimas-noticias"],"_links":{"self":[{"href":"https:\/\/www.educacao.niteroi.rj.gov.br\/index.php?rest_route=\/wp\/v2\/posts\/22179","targetHints":{"allow":["GET"]}}],"collection":[{"href":"https:\/\/www.educacao.niteroi.rj.gov.br\/index.php?rest_route=\/wp\/v2\/posts"}],"about":[{"href":"https:\/\/www.educacao.niteroi.rj.gov.br\/index.php?rest_route=\/wp\/v2\/types\/post"}],"author":[{"embeddable":true,"href":"https:\/\/www.educacao.niteroi.rj.gov.br\/index.php?rest_route=\/wp\/v2\/users\/7"}],"replies":[{"embeddable":true,"href":"https:\/\/www.educacao.niteroi.rj.gov.br\/index.php?rest_route=%2Fwp%2Fv2%2Fcomments&post=22179"}],"version-history":[{"count":0,"href":"https:\/\/www.educacao.niteroi.rj.gov.br\/index.php?rest_route=\/wp\/v2\/posts\/22179\/revisions"}],"wp:attachment":[{"href":"https:\/\/www.educacao.niteroi.rj.gov.br\/index.php?rest_route=%2Fwp%2Fv2%2Fmedia&parent=22179"}],"wp:term":[{"taxonomy":"category","embeddable":true,"href":"https:\/\/www.educacao.niteroi.rj.gov.br\/index.php?rest_route=%2Fwp%2Fv2%2Fcategories&post=22179"},{"taxonomy":"post_tag","embeddable":true,"href":"https:\/\/www.educacao.niteroi.rj.gov.br\/index.php?rest_route=%2Fwp%2Fv2%2Ftags&post=22179"}],"curies":[{"name":"wp","href":"https:\/\/api.w.org\/{rel}","templated":true}]}}