{"id":22187,"date":"2018-03-07T13:30:30","date_gmt":"2018-03-07T13:30:30","guid":{"rendered":"https:\/\/educacao.niteroi.rj.gov.br\/?p=22187"},"modified":"2018-03-07T13:30:30","modified_gmt":"2018-03-07T13:30:30","slug":"semectfme-realizam-formacao-de-aceleracao-de-aprendizagem","status":"publish","type":"post","link":"https:\/\/www.educacao.niteroi.rj.gov.br\/?p=22187","title":{"rendered":"SEMECT\/FME realizam forma\u00e7\u00e3o de acelera\u00e7\u00e3o de aprendizagem"},"content":{"rendered":"<p>&nbsp;<\/p>\n<p>Professores da acelera&ccedil;&atilde;o da aprendizagem de 1&deg; e 2&deg; ciclos participaram nesta quarta-feira, 7, no miniaudit&oacute;rio do Espa&ccedil;o Oswaldo Salles, de uma forma&ccedil;&atilde;o continuada para os profissionais da &aacute;rea.<\/p>\n<p>Promovido pelo&nbsp; programa de acelera&ccedil;&atilde;o de aprendizagem, coordenado pela professora M&aacute;rcia Netto, a atividade teve como objetivo a reflex&atilde;o do tema &ldquo;O processo de ensino e aprendizagem pelo olhar da neuroci&ecirc;ncia, com a participa&ccedil;&atilde;o da fonoaudi&oacute;loga da assessoria de educa&ccedil;&atilde;o especial da SEMECT\/FME e doutora em neuroci&ecirc;ncias pela UFF, Luciene de Souza.&nbsp;<\/p>\n<p>A palestrante mostrou &nbsp;os conceitos que explicam o funcionamento do c&eacute;rebro humano e que auxilia na compreens&atilde;o do comportamento do aluno na sala de aula.<\/p>\n<p>Durante o evento, os professores participaram de din&acirc;micas atrav&eacute;s de leitura e debate do texto &ldquo;Ao mestre com carinho, na Escola da Vida eu sou o professor.&rdquo;<\/p>\n<p>Texto: Alan Jorge Dornelas<\/p>\n<p>Fotos: Larissa Lisboa<\/p>\n<p><img loading=\"lazy\" decoding=\"async\" alt=\"\" class=\"alignnone size-medium wp-image-22192\" height=\"200\" src=\"https:\/\/educacao.niteroi.rj.gov.br\/wp-content\/uploads\/2018\/03\/IMG_1350-Copy-300x200.jpg\" width=\"300\" \/> <img loading=\"lazy\" decoding=\"async\" alt=\"\" class=\"alignnone size-medium wp-image-22191\" height=\"200\" src=\"https:\/\/educacao.niteroi.rj.gov.br\/wp-content\/uploads\/2018\/03\/IMG_1366-Copy-300x200.jpg\" width=\"300\" \/> &nbsp;<img loading=\"lazy\" decoding=\"async\" alt=\"\" class=\"alignnone size-medium wp-image-22189\" height=\"200\" src=\"https:\/\/educacao.niteroi.rj.gov.br\/wp-content\/uploads\/2018\/03\/IMG_1353-Copy-300x200.jpg\" width=\"300\" \/><\/p>\n","protected":false},"excerpt":{"rendered":"<p>&nbsp; Professores da acelera&ccedil;&atilde;o da aprendizagem de 1&deg; e 2&deg; ciclos participaram nesta quarta-feira, 7, no miniaudit&oacute;rio do Espa&ccedil;o Oswaldo Salles, de uma forma&ccedil;&atilde;o continuada para os profissionais da &aacute;rea. Promovido pelo&nbsp; programa de acelera&ccedil;&atilde;o de aprendizagem, coordenado pela professora M&aacute;rcia Netto, a atividade teve como objetivo a reflex&atilde;o do tema &ldquo;O processo de ensino [&hellip;]<\/p>\n","protected":false},"author":7,"featured_media":0,"comment_status":"open","ping_status":"open","sticky":false,"template":"","format":"standard","meta":{"_et_pb_use_builder":"","_et_pb_old_content":"","_et_gb_content_width":"","footnotes":""},"categories":[11,4,6,10],"tags":[],"class_list":["post-22187","post","type-post","status-publish","format-standard","hentry","category-11","category-destaque","category-noticias","category-ultimas-noticias"],"_links":{"self":[{"href":"https:\/\/www.educacao.niteroi.rj.gov.br\/index.php?rest_route=\/wp\/v2\/posts\/22187","targetHints":{"allow":["GET"]}}],"collection":[{"href":"https:\/\/www.educacao.niteroi.rj.gov.br\/index.php?rest_route=\/wp\/v2\/posts"}],"about":[{"href":"https:\/\/www.educacao.niteroi.rj.gov.br\/index.php?rest_route=\/wp\/v2\/types\/post"}],"author":[{"embeddable":true,"href":"https:\/\/www.educacao.niteroi.rj.gov.br\/index.php?rest_route=\/wp\/v2\/users\/7"}],"replies":[{"embeddable":true,"href":"https:\/\/www.educacao.niteroi.rj.gov.br\/index.php?rest_route=%2Fwp%2Fv2%2Fcomments&post=22187"}],"version-history":[{"count":0,"href":"https:\/\/www.educacao.niteroi.rj.gov.br\/index.php?rest_route=\/wp\/v2\/posts\/22187\/revisions"}],"wp:attachment":[{"href":"https:\/\/www.educacao.niteroi.rj.gov.br\/index.php?rest_route=%2Fwp%2Fv2%2Fmedia&parent=22187"}],"wp:term":[{"taxonomy":"category","embeddable":true,"href":"https:\/\/www.educacao.niteroi.rj.gov.br\/index.php?rest_route=%2Fwp%2Fv2%2Fcategories&post=22187"},{"taxonomy":"post_tag","embeddable":true,"href":"https:\/\/www.educacao.niteroi.rj.gov.br\/index.php?rest_route=%2Fwp%2Fv2%2Ftags&post=22187"}],"curies":[{"name":"wp","href":"https:\/\/api.w.org\/{rel}","templated":true}]}}