{"id":22821,"date":"2018-04-11T15:45:19","date_gmt":"2018-04-11T15:45:19","guid":{"rendered":"https:\/\/educacao.niteroi.rj.gov.br\/?p=22821"},"modified":"2018-04-11T15:45:19","modified_gmt":"2018-04-11T15:45:19","slug":"formacao-reune-professores-da-rede-municipal","status":"publish","type":"post","link":"https:\/\/www.educacao.niteroi.rj.gov.br\/?p=22821","title":{"rendered":"Forma\u00e7\u00e3o re\u00fane professores da rede municipal"},"content":{"rendered":"<p>Professores de Artes e de L&iacute;nguas materna e estrangeiras&nbsp;participaram, no &uacute;ltimo dia 04, do &quot;Encontro de professores de&nbsp; L&iacute;nguas Portuguesa e Estrangeiras do Ensino Fundamental I e II&quot;, no Museu do Ing&aacute; e no Campus Niter&oacute;i da Universidade Est&aacute;cio de S&aacute;<\/p>\n<p>O evento contou com a presen&ccedil;a da professora Dra.&nbsp; Leonor Werneck dos Santos que debateu &nbsp;textos trabalhados em sala de aula no ensino de L&iacute;ngua materna e de L&iacute;nguas adicionais. Estiveram presentes efetivos e contratados.<\/p>\n<p>Texto: Luana Zeni<\/p>\n<p>Fotos: Eires Silveira<\/p>\n<p><img loading=\"lazy\" decoding=\"async\" alt=\"\" class=\"alignnone size-medium wp-image-22822\" height=\"225\" src=\"https:\/\/educacao.niteroi.rj.gov.br\/wp-content\/uploads\/2018\/04\/arte-1-Copy-300x225.jpg\" width=\"300\" \/> <img loading=\"lazy\" decoding=\"async\" alt=\"\" class=\"alignnone size-medium wp-image-22823\" height=\"225\" src=\"https:\/\/educacao.niteroi.rj.gov.br\/wp-content\/uploads\/2018\/04\/arte-2-Copy-300x225.jpg\" width=\"300\" \/> <img loading=\"lazy\" decoding=\"async\" alt=\"\" class=\"alignnone size-medium wp-image-22824\" height=\"225\" src=\"https:\/\/educacao.niteroi.rj.gov.br\/wp-content\/uploads\/2018\/04\/arte-3-Copy-300x225.jpg\" width=\"300\" \/> <img loading=\"lazy\" decoding=\"async\" alt=\"\" class=\"alignnone size-medium wp-image-22825\" height=\"225\" src=\"https:\/\/educacao.niteroi.rj.gov.br\/wp-content\/uploads\/2018\/04\/arte-4-Copy-300x225.jpg\" width=\"300\" \/> <img loading=\"lazy\" decoding=\"async\" alt=\"\" class=\"alignnone size-medium wp-image-22826\" height=\"225\" src=\"https:\/\/educacao.niteroi.rj.gov.br\/wp-content\/uploads\/2018\/04\/arte-5-Copy-300x225.jpg\" width=\"300\" \/> <img loading=\"lazy\" decoding=\"async\" alt=\"\" class=\"alignnone size-medium wp-image-22827\" height=\"225\" src=\"https:\/\/educacao.niteroi.rj.gov.br\/wp-content\/uploads\/2018\/04\/arte-6-Copy-300x225.jpg\" width=\"300\" \/> <img loading=\"lazy\" decoding=\"async\" alt=\"\" class=\"alignnone size-medium wp-image-22828\" height=\"225\" src=\"https:\/\/educacao.niteroi.rj.gov.br\/wp-content\/uploads\/2018\/04\/arte-7-Copy-300x225.jpg\" width=\"300\" \/> <img loading=\"lazy\" decoding=\"async\" alt=\"\" class=\"alignnone size-medium wp-image-22829\" height=\"225\" src=\"https:\/\/educacao.niteroi.rj.gov.br\/wp-content\/uploads\/2018\/04\/arte-8-Copy-300x225.jpg\" width=\"300\" \/> <img loading=\"lazy\" decoding=\"async\" alt=\"\" class=\"alignnone size-medium wp-image-22830\" height=\"225\" src=\"https:\/\/educacao.niteroi.rj.gov.br\/wp-content\/uploads\/2018\/04\/arte-9-Copy-300x225.jpg\" width=\"300\" \/> <img loading=\"lazy\" decoding=\"async\" alt=\"\" class=\"alignnone size-medium wp-image-22831\" height=\"225\" src=\"https:\/\/educacao.niteroi.rj.gov.br\/wp-content\/uploads\/2018\/04\/arte-10-Copy-300x225.jpg\" width=\"300\" \/> <img loading=\"lazy\" decoding=\"async\" alt=\"\" class=\"alignnone size-medium wp-image-22832\" height=\"225\" src=\"https:\/\/educacao.niteroi.rj.gov.br\/wp-content\/uploads\/2018\/04\/arte-11-Copy-300x225.jpg\" width=\"300\" \/> <img loading=\"lazy\" decoding=\"async\" alt=\"\" class=\"alignnone size-medium wp-image-22833\" height=\"225\" src=\"https:\/\/educacao.niteroi.rj.gov.br\/wp-content\/uploads\/2018\/04\/l\u00ednguas-portuguesa-espanhola-inglesa-francesa-2-Copy-300x225.jpg\" width=\"300\" \/> <img loading=\"lazy\" decoding=\"async\" alt=\"\" class=\"alignnone size-medium wp-image-22834\" height=\"225\" src=\"https:\/\/educacao.niteroi.rj.gov.br\/wp-content\/uploads\/2018\/04\/l\u00ednguas-portuguesa-espanhola-inglesa-francesa-3-Copy-300x225.jpg\" width=\"300\" \/> <img loading=\"lazy\" decoding=\"async\" alt=\"\" class=\"alignnone size-medium wp-image-22835\" height=\"225\" src=\"https:\/\/educacao.niteroi.rj.gov.br\/wp-content\/uploads\/2018\/04\/l\u00ednguas-portuguesa-espanhola-inglesa-francesa-4-Copy-300x225.jpg\" width=\"300\" \/> <img loading=\"lazy\" decoding=\"async\" alt=\"\" class=\"alignnone size-medium wp-image-22836\" height=\"225\" src=\"https:\/\/educacao.niteroi.rj.gov.br\/wp-content\/uploads\/2018\/04\/l\u00ednguas-portuguesa-espanhola-inglesa-francesa-5-Copy-300x225.jpg\" width=\"300\" \/><\/p>\n","protected":false},"excerpt":{"rendered":"<p>Professores de Artes e de L&iacute;nguas materna e estrangeiras&nbsp;participaram, no &uacute;ltimo dia 04, do &quot;Encontro de professores de&nbsp; L&iacute;nguas Portuguesa e Estrangeiras do Ensino Fundamental I e II&quot;, no Museu do Ing&aacute; e no Campus Niter&oacute;i da Universidade Est&aacute;cio de S&aacute; O evento contou com a presen&ccedil;a da professora Dra.&nbsp; Leonor Werneck dos Santos que [&hellip;]<\/p>\n","protected":false},"author":7,"featured_media":0,"comment_status":"open","ping_status":"open","sticky":false,"template":"","format":"standard","meta":{"_et_pb_use_builder":"","_et_pb_old_content":"","_et_gb_content_width":"","footnotes":""},"categories":[4,6,10],"tags":[],"class_list":["post-22821","post","type-post","status-publish","format-standard","hentry","category-destaque","category-noticias","category-ultimas-noticias"],"_links":{"self":[{"href":"https:\/\/www.educacao.niteroi.rj.gov.br\/index.php?rest_route=\/wp\/v2\/posts\/22821","targetHints":{"allow":["GET"]}}],"collection":[{"href":"https:\/\/www.educacao.niteroi.rj.gov.br\/index.php?rest_route=\/wp\/v2\/posts"}],"about":[{"href":"https:\/\/www.educacao.niteroi.rj.gov.br\/index.php?rest_route=\/wp\/v2\/types\/post"}],"author":[{"embeddable":true,"href":"https:\/\/www.educacao.niteroi.rj.gov.br\/index.php?rest_route=\/wp\/v2\/users\/7"}],"replies":[{"embeddable":true,"href":"https:\/\/www.educacao.niteroi.rj.gov.br\/index.php?rest_route=%2Fwp%2Fv2%2Fcomments&post=22821"}],"version-history":[{"count":0,"href":"https:\/\/www.educacao.niteroi.rj.gov.br\/index.php?rest_route=\/wp\/v2\/posts\/22821\/revisions"}],"wp:attachment":[{"href":"https:\/\/www.educacao.niteroi.rj.gov.br\/index.php?rest_route=%2Fwp%2Fv2%2Fmedia&parent=22821"}],"wp:term":[{"taxonomy":"category","embeddable":true,"href":"https:\/\/www.educacao.niteroi.rj.gov.br\/index.php?rest_route=%2Fwp%2Fv2%2Fcategories&post=22821"},{"taxonomy":"post_tag","embeddable":true,"href":"https:\/\/www.educacao.niteroi.rj.gov.br\/index.php?rest_route=%2Fwp%2Fv2%2Ftags&post=22821"}],"curies":[{"name":"wp","href":"https:\/\/api.w.org\/{rel}","templated":true}]}}