{"id":25481,"date":"2018-11-06T14:21:53","date_gmt":"2018-11-06T14:21:53","guid":{"rendered":"https:\/\/educacao.niteroi.rj.gov.br\/?p=25481"},"modified":"2018-11-06T14:21:53","modified_gmt":"2018-11-06T14:21:53","slug":"1o-encontro-de-formacao-para-profissionais-da-rede-sobre-prevencao-ao-abuso-sexual-infantojuvenil","status":"publish","type":"post","link":"https:\/\/www.educacao.niteroi.rj.gov.br\/?p=25481","title":{"rendered":"1\u00ba Encontro de Forma\u00e7\u00e3o para Profissionais da Rede sobre Preven\u00e7\u00e3o ao Abuso Sexual Infantojuvenil"},"content":{"rendered":"<p>A Secretaria Municipal de Educa&ccedil;&atilde;o, Ci&ecirc;ncia e Tecnologia (SEMECT) e a Funda&ccedil;&atilde;o Municipal de Educa&ccedil;&atilde;o (FME), realizaram, no dia 31 de outubro de 2018, o 1&ordm; Encontro de Forma&ccedil;&atilde;o para Profissionais da Rede Municipal sobre Preven&ccedil;&atilde;o ao Abuso Sexual Infantojuvenil, realizado na E.M. Julia Cortines.<\/p>\n<p>&nbsp;O referido encontro contou com presen&ccedil;a de Diretores e profissionais das Unidades de Educa&ccedil;&atilde;o de Niter&oacute;i, com a participa&ccedil;&atilde;o do Delegado da Pol&iacute;cia Federal Dr. Pedro Bloomfield, representante da Pol&iacute;cia Federal.<\/p>\n<p>O encontro foi organizado pelo N&uacute;cleo de Assessoria T&eacute;cnica (NAT) da SEMECT\/FME em parceria com a Pol&iacute;cia Federal.<\/p>\n<p>&nbsp;<\/p>\n<p>Texto e fotos: Aryana Ara&uacute;jo.<\/p>\n<p>&nbsp;<\/p>\n<p><a href=\"https:\/\/educacao.niteroi.rj.gov.br\/wp-content\/uploads\/2018\/11\/WhatsApp-Image-2018-10-31-at-17.45.43-2.jpeg\"><img loading=\"lazy\" decoding=\"async\" alt=\"\" class=\"alignnone size-full wp-image-25482\" height=\"960\" src=\"https:\/\/educacao.niteroi.rj.gov.br\/wp-content\/uploads\/2018\/11\/WhatsApp-Image-2018-10-31-at-17.45.43-2.jpeg\" width=\"1280\" \/><\/a> <a href=\"https:\/\/educacao.niteroi.rj.gov.br\/wp-content\/uploads\/2018\/11\/WhatsApp-Image-2018-10-31-at-17.43.47.jpeg\"><img loading=\"lazy\" decoding=\"async\" alt=\"\" class=\"alignnone size-full wp-image-25483\" height=\"960\" src=\"https:\/\/educacao.niteroi.rj.gov.br\/wp-content\/uploads\/2018\/11\/WhatsApp-Image-2018-10-31-at-17.43.47.jpeg\" width=\"1280\" \/><\/a> <a href=\"https:\/\/educacao.niteroi.rj.gov.br\/wp-content\/uploads\/2018\/11\/WhatsApp-Image-2018-10-31-at-17.44.04-1-1.jpeg\"><img loading=\"lazy\" decoding=\"async\" alt=\"\" class=\"alignnone size-full wp-image-25484\" height=\"960\" src=\"https:\/\/educacao.niteroi.rj.gov.br\/wp-content\/uploads\/2018\/11\/WhatsApp-Image-2018-10-31-at-17.44.04-1-1.jpeg\" width=\"1280\" \/><\/a> <a href=\"https:\/\/educacao.niteroi.rj.gov.br\/wp-content\/uploads\/2018\/11\/WhatsApp-Image-2018-10-31-at-17.45.47-1-1.jpeg\"><img loading=\"lazy\" decoding=\"async\" alt=\"\" class=\"alignnone size-full wp-image-25485\" height=\"960\" src=\"https:\/\/educacao.niteroi.rj.gov.br\/wp-content\/uploads\/2018\/11\/WhatsApp-Image-2018-10-31-at-17.45.47-1-1.jpeg\" width=\"1280\" \/><\/a> <a href=\"https:\/\/educacao.niteroi.rj.gov.br\/wp-content\/uploads\/2018\/11\/WhatsApp-Image-2018-10-31-at-17.45.41-1.jpeg\"><img loading=\"lazy\" decoding=\"async\" alt=\"\" class=\"alignnone size-full wp-image-25486\" height=\"960\" src=\"https:\/\/educacao.niteroi.rj.gov.br\/wp-content\/uploads\/2018\/11\/WhatsApp-Image-2018-10-31-at-17.45.41-1.jpeg\" width=\"1280\" \/><\/a><\/p>\n","protected":false},"excerpt":{"rendered":"<p>A Secretaria Municipal de Educa&ccedil;&atilde;o, Ci&ecirc;ncia e Tecnologia (SEMECT) e a Funda&ccedil;&atilde;o Municipal de Educa&ccedil;&atilde;o (FME), realizaram, no dia 31 de outubro de 2018, o 1&ordm; Encontro de Forma&ccedil;&atilde;o para Profissionais da Rede Municipal sobre Preven&ccedil;&atilde;o ao Abuso Sexual Infantojuvenil, realizado na E.M. Julia Cortines. &nbsp;O referido encontro contou com presen&ccedil;a de Diretores e profissionais [&hellip;]<\/p>\n","protected":false},"author":7,"featured_media":0,"comment_status":"open","ping_status":"open","sticky":false,"template":"","format":"standard","meta":{"_et_pb_use_builder":"","_et_pb_old_content":"","_et_gb_content_width":"","footnotes":""},"categories":[11,4,6,10],"tags":[],"class_list":["post-25481","post","type-post","status-publish","format-standard","hentry","category-11","category-destaque","category-noticias","category-ultimas-noticias"],"_links":{"self":[{"href":"https:\/\/www.educacao.niteroi.rj.gov.br\/index.php?rest_route=\/wp\/v2\/posts\/25481","targetHints":{"allow":["GET"]}}],"collection":[{"href":"https:\/\/www.educacao.niteroi.rj.gov.br\/index.php?rest_route=\/wp\/v2\/posts"}],"about":[{"href":"https:\/\/www.educacao.niteroi.rj.gov.br\/index.php?rest_route=\/wp\/v2\/types\/post"}],"author":[{"embeddable":true,"href":"https:\/\/www.educacao.niteroi.rj.gov.br\/index.php?rest_route=\/wp\/v2\/users\/7"}],"replies":[{"embeddable":true,"href":"https:\/\/www.educacao.niteroi.rj.gov.br\/index.php?rest_route=%2Fwp%2Fv2%2Fcomments&post=25481"}],"version-history":[{"count":0,"href":"https:\/\/www.educacao.niteroi.rj.gov.br\/index.php?rest_route=\/wp\/v2\/posts\/25481\/revisions"}],"wp:attachment":[{"href":"https:\/\/www.educacao.niteroi.rj.gov.br\/index.php?rest_route=%2Fwp%2Fv2%2Fmedia&parent=25481"}],"wp:term":[{"taxonomy":"category","embeddable":true,"href":"https:\/\/www.educacao.niteroi.rj.gov.br\/index.php?rest_route=%2Fwp%2Fv2%2Fcategories&post=25481"},{"taxonomy":"post_tag","embeddable":true,"href":"https:\/\/www.educacao.niteroi.rj.gov.br\/index.php?rest_route=%2Fwp%2Fv2%2Ftags&post=25481"}],"curies":[{"name":"wp","href":"https:\/\/api.w.org\/{rel}","templated":true}]}}