{"id":31962,"date":"2021-08-29T14:10:33","date_gmt":"2021-08-29T17:10:33","guid":{"rendered":"https:\/\/educacao.niteroi.rj.gov.br\/?p=31962"},"modified":"2025-05-21T10:11:47","modified_gmt":"2025-05-21T13:11:47","slug":"2019","status":"publish","type":"post","link":"https:\/\/www.educacao.niteroi.rj.gov.br\/?p=31962","title":{"rendered":"2019"},"content":{"rendered":"<h6><strong>\u00daltima Atualiza\u00e7\u00e3o:<\/strong><i> 20\/03\/2025<\/i><\/h6>\n<p>&nbsp;<br \/>\n<div class=\"asl_w_container asl_w_container_1\" data-id=\"1\" data-instance=\"1\">\n\t<div id='ajaxsearchlite1'\n\t\tdata-id=\"1\"\n\t\tdata-instance=\"1\"\n\t\tclass=\"asl_w asl_m asl_m_1 asl_m_1_1\">\n\t\t<div class=\"probox\">\n\n\t\n\t<div class='prosettings'  data-opened=0>\n\t\t\t\t<div class='innericon'>\n\t\t\t<svg version=\"1.1\" xmlns=\"http:\/\/www.w3.org\/2000\/svg\" xmlns:xlink=\"http:\/\/www.w3.org\/1999\/xlink\" x=\"0px\" y=\"0px\" width=\"22\" height=\"22\" viewBox=\"0 0 512 512\" enable-background=\"new 0 0 512 512\" xml:space=\"preserve\">\n\t\t\t\t\t<polygon transform = \"rotate(90 256 256)\" points=\"142.332,104.886 197.48,50 402.5,256 197.48,462 142.332,407.113 292.727,256 \"\/>\n\t\t\t\t<\/svg>\n\t\t<\/div>\n\t<\/div>\n\n\t\n\t\n\t<div class='proinput'>\n\t\t<form role=\"search\" action='#' autocomplete=\"off\"\n\t\t\t\taria-label=\"Search form\">\n\t\t\t<input aria-label=\"Search input\"\n\t\t\t\t\ttype='search' class='orig'\n\t\t\t\t\ttabindex=\"0\"\n\t\t\t\t\tname='phrase'\n\t\t\t\t\tplaceholder='Busque aqui...'\n\t\t\t\t\tvalue=''\n\t\t\t\t\tautocomplete=\"off\"\/>\n\t\t\t<input aria-label=\"Search autocomplete\"\n\t\t\t\t\ttype='text'\n\t\t\t\t\tclass='autocomplete'\n\t\t\t\t\ttabindex=\"-1\"\n\t\t\t\t\tname='phrase'\n\t\t\t\t\tvalue=''\n\t\t\t\t\tautocomplete=\"off\" disabled\/>\n\t\t\t<input type='submit' value=\"Start search\" style='width:0; height: 0; visibility: hidden;'>\n\t\t<\/form>\n\t<\/div>\n\n\t\n\t\n\t<button class='promagnifier' tabindex=\"0\" aria-label=\"Search magnifier\">\n\t\t\t\t<span class='innericon' style=\"display:block;\">\n\t\t\t<svg version=\"1.1\" xmlns=\"http:\/\/www.w3.org\/2000\/svg\" xmlns:xlink=\"http:\/\/www.w3.org\/1999\/xlink\" x=\"0px\" y=\"0px\" width=\"22\" height=\"22\" viewBox=\"0 0 512 512\" enable-background=\"new 0 0 512 512\" xml:space=\"preserve\">\n\t\t\t\t\t<path d=\"M460.355,421.59L353.844,315.078c20.041-27.553,31.885-61.437,31.885-98.037\n\t\t\t\t\t\tC385.729,124.934,310.793,50,218.686,50C126.58,50,51.645,124.934,51.645,217.041c0,92.106,74.936,167.041,167.041,167.041\n\t\t\t\t\t\tc34.912,0,67.352-10.773,94.184-29.158L419.945,462L460.355,421.59z M100.631,217.041c0-65.096,52.959-118.056,118.055-118.056\n\t\t\t\t\t\tc65.098,0,118.057,52.959,118.057,118.056c0,65.096-52.959,118.056-118.057,118.056C153.59,335.097,100.631,282.137,100.631,217.041\n\t\t\t\t\t\tz\"\/>\n\t\t\t\t<\/svg>\n\t\t<\/span>\n\t<\/button>\n\n\t\n\t\n\t<div class='proloading'>\n\n\t\t<div class=\"asl_loader\"><div class=\"asl_loader-inner asl_simple-circle\"><\/div><\/div>\n\n\t\t\t<\/div>\n\n\t\t\t<div class='proclose'>\n\t\t\t<svg version=\"1.1\" xmlns=\"http:\/\/www.w3.org\/2000\/svg\" xmlns:xlink=\"http:\/\/www.w3.org\/1999\/xlink\" x=\"0px\"\n\t\t\t\ty=\"0px\"\n\t\t\t\twidth=\"12\" height=\"12\" viewBox=\"0 0 512 512\" enable-background=\"new 0 0 512 512\"\n\t\t\t\txml:space=\"preserve\">\n\t\t\t\t<polygon points=\"438.393,374.595 319.757,255.977 438.378,137.348 374.595,73.607 255.995,192.225 137.375,73.622 73.607,137.352 192.246,255.983 73.622,374.625 137.352,438.393 256.002,319.734 374.652,438.378 \"\/>\n\t\t\t<\/svg>\n\t\t<\/div>\n\t\n\t\n<\/div>\t<\/div>\n\t<div class='asl_data_container' style=\"display:none !important;\">\n\t\t<div class=\"asl_init_data wpdreams_asl_data_ct\"\n\tstyle=\"display:none !important;\"\n\tid=\"asl_init_id_1\"\n\tdata-asl-id=\"1\"\n\tdata-asl-instance=\"1\"\n\tdata-settings=\"{&quot;homeurl&quot;:&quot;https:\\\/\\\/www.educacao.niteroi.rj.gov.br\\\/&quot;,&quot;resultstype&quot;:&quot;vertical&quot;,&quot;resultsposition&quot;:&quot;hover&quot;,&quot;itemscount&quot;:4,&quot;charcount&quot;:0,&quot;highlight&quot;:false,&quot;highlightWholewords&quot;:true,&quot;singleHighlight&quot;:false,&quot;scrollToResults&quot;:{&quot;enabled&quot;:true,&quot;offset&quot;:0},&quot;resultareaclickable&quot;:1,&quot;autocomplete&quot;:{&quot;enabled&quot;:true,&quot;lang&quot;:&quot;pt&quot;,&quot;trigger_charcount&quot;:0},&quot;mobile&quot;:{&quot;menu_selector&quot;:&quot;#menu-toggle&quot;},&quot;trigger&quot;:{&quot;click&quot;:&quot;results_page&quot;,&quot;click_location&quot;:&quot;same&quot;,&quot;update_href&quot;:false,&quot;return&quot;:&quot;results_page&quot;,&quot;return_location&quot;:&quot;same&quot;,&quot;facet&quot;:true,&quot;type&quot;:true,&quot;redirect_url&quot;:&quot;?s={phrase}&quot;,&quot;delay&quot;:300},&quot;animations&quot;:{&quot;pc&quot;:{&quot;settings&quot;:{&quot;anim&quot;:&quot;fadedrop&quot;,&quot;dur&quot;:300},&quot;results&quot;:{&quot;anim&quot;:&quot;fadedrop&quot;,&quot;dur&quot;:300},&quot;items&quot;:&quot;voidanim&quot;},&quot;mob&quot;:{&quot;settings&quot;:{&quot;anim&quot;:&quot;fadedrop&quot;,&quot;dur&quot;:300},&quot;results&quot;:{&quot;anim&quot;:&quot;fadedrop&quot;,&quot;dur&quot;:300},&quot;items&quot;:&quot;voidanim&quot;}},&quot;autop&quot;:{&quot;state&quot;:true,&quot;phrase&quot;:&quot;&quot;,&quot;count&quot;:&quot;1&quot;},&quot;resPage&quot;:{&quot;useAjax&quot;:false,&quot;selector&quot;:&quot;#main&quot;,&quot;trigger_type&quot;:true,&quot;trigger_facet&quot;:true,&quot;trigger_magnifier&quot;:false,&quot;trigger_return&quot;:false},&quot;resultsSnapTo&quot;:&quot;left&quot;,&quot;results&quot;:{&quot;width&quot;:&quot;auto&quot;,&quot;width_tablet&quot;:&quot;auto&quot;,&quot;width_phone&quot;:&quot;auto&quot;},&quot;settingsimagepos&quot;:&quot;right&quot;,&quot;closeOnDocClick&quot;:true,&quot;overridewpdefault&quot;:true,&quot;override_method&quot;:&quot;get&quot;}\"><\/div>\n\t<div id=\"asl_hidden_data\">\n\t\t<svg style=\"position:absolute\" height=\"0\" width=\"0\">\n\t\t\t<filter id=\"aslblur\">\n\t\t\t\t<feGaussianBlur in=\"SourceGraphic\" stdDeviation=\"4\"\/>\n\t\t\t<\/filter>\n\t\t<\/svg>\n\t\t<svg style=\"position:absolute\" height=\"0\" width=\"0\">\n\t\t\t<filter id=\"no_aslblur\"><\/filter>\n\t\t<\/svg>\n\t<\/div>\n\t<\/div>\n\n\t<div id='ajaxsearchliteres1'\n\tclass='vertical wpdreams_asl_results asl_w asl_r asl_r_1 asl_r_1_1'>\n\n\t\n\t<div class=\"results\">\n\n\t\t\n\t\t<div class=\"resdrg\">\n\t\t<\/div>\n\n\t\t\n\t<\/div>\n\n\t\n\t\t\t\t\t<p class='showmore'>\n\t\t\t<span>Mais resultados...<\/span>\n\t\t<\/p>\n\t\t\t\n<\/div>\n\n\t<div id='__original__ajaxsearchlitesettings1'\n\t\tdata-id=\"1\"\n\t\tclass=\"searchsettings wpdreams_asl_settings asl_w asl_s asl_s_1\">\n\t\t<form name='options'\n\t\taria-label=\"Search settings form\"\n\t\tautocomplete = 'off'>\n\n\t\n\t\n\t<input type=\"hidden\" name=\"filters_changed\" style=\"display:none;\" value=\"0\">\n\t<input type=\"hidden\" name=\"filters_initial\" style=\"display:none;\" value=\"1\">\n\n\t<div class=\"asl_option_inner hiddend\">\n\t\t<input type='hidden' name='qtranslate_lang' id='qtranslate_lang'\n\t\t\t\tvalue='0'\/>\n\t<\/div>\n\n\t\n\t\n\t<fieldset class=\"asl_sett_scroll\">\n\t\t<legend style=\"display: none;\">Generic selectors<\/legend>\n\t\t<div class=\"asl_option\" tabindex=\"0\">\n\t\t\t<div class=\"asl_option_inner\">\n\t\t\t\t<input type=\"checkbox\" value=\"exact\"\n\t\t\t\t\t\taria-label=\"Palavra exata\"\n\t\t\t\t\t\tname=\"asl_gen[]\"  checked=\"checked\"\/>\n\t\t\t\t<div class=\"asl_option_checkbox\"><\/div>\n\t\t\t<\/div>\n\t\t\t<div class=\"asl_option_label\">\n\t\t\t\tPalavra exata\t\t\t<\/div>\n\t\t<\/div>\n\t\t<div class=\"asl_option\" tabindex=\"0\">\n\t\t\t<div class=\"asl_option_inner\">\n\t\t\t\t<input type=\"checkbox\" value=\"title\"\n\t\t\t\t\t\taria-label=\"Buscando pelo t\u00edtulo\"\n\t\t\t\t\t\tname=\"asl_gen[]\"  checked=\"checked\"\/>\n\t\t\t\t<div class=\"asl_option_checkbox\"><\/div>\n\t\t\t<\/div>\n\t\t\t<div class=\"asl_option_label\">\n\t\t\t\tBuscando pelo t\u00edtulo\t\t\t<\/div>\n\t\t<\/div>\n\t\t<div class=\"asl_option\" tabindex=\"0\">\n\t\t\t<div class=\"asl_option_inner\">\n\t\t\t\t<input type=\"checkbox\" value=\"content\"\n\t\t\t\t\t\taria-label=\"Buscando pelo conte\u00fado\"\n\t\t\t\t\t\tname=\"asl_gen[]\"  checked=\"checked\"\/>\n\t\t\t\t<div class=\"asl_option_checkbox\"><\/div>\n\t\t\t<\/div>\n\t\t\t<div class=\"asl_option_label\">\n\t\t\t\tBuscando pelo conte\u00fado\t\t\t<\/div>\n\t\t<\/div>\n\t\t<div class=\"asl_option_inner hiddend\">\n\t\t\t<input type=\"checkbox\" value=\"excerpt\"\n\t\t\t\t\taria-label=\"Search in excerpt\"\n\t\t\t\t\tname=\"asl_gen[]\" \/>\n\t\t\t<div class=\"asl_option_checkbox\"><\/div>\n\t\t<\/div>\n\t<\/fieldset>\n\t<fieldset class=\"asl_sett_scroll\">\n\t\t<legend style=\"display: none;\">Post Type Selectors<\/legend>\n\t\t\t\t\t<div class=\"asl_option\" tabindex=\"0\">\n\t\t\t\t<div class=\"asl_option_inner\">\n\t\t\t\t\t<input type=\"checkbox\" value=\"post\"\n\t\t\t\t\t\t\taria-label=\"publica\u00e7\u00e3o\"\n\t\t\t\t\t\t\tname=\"customset[]\" checked=\"checked\"\/>\n\t\t\t\t\t<div class=\"asl_option_checkbox\"><\/div>\n\t\t\t\t<\/div>\n\t\t\t\t<div class=\"asl_option_label\">\n\t\t\t\t\tpublica\u00e7\u00e3o\t\t\t\t<\/div>\n\t\t\t<\/div>\n\t\t\t\t\t\t<div class=\"asl_option\" tabindex=\"0\">\n\t\t\t\t<div class=\"asl_option_inner\">\n\t\t\t\t\t<input type=\"checkbox\" value=\"page\"\n\t\t\t\t\t\t\taria-label=\"p\u00e1gina\"\n\t\t\t\t\t\t\tname=\"customset[]\" \/>\n\t\t\t\t\t<div class=\"asl_option_checkbox\"><\/div>\n\t\t\t\t<\/div>\n\t\t\t\t<div class=\"asl_option_label\">\n\t\t\t\t\tp\u00e1gina\t\t\t\t<\/div>\n\t\t\t<\/div>\n\t\t\t\t<\/fieldset>\n\t\n\t\t<fieldset>\n\t\t\t\t\t\t\t<legend>Filtrando por categoria<\/legend>\n\t\t\t\t\t\t<div class='categoryfilter asl_sett_scroll'>\n\t\t\t\t\t\t\t\t\t<div class=\"asl_option\" tabindex=\"0\">\n\t\t\t\t\t\t<div class=\"asl_option_inner\">\n\t\t\t\t\t\t\t<input type=\"checkbox\" value=\"107\"\n\t\t\t\t\t\t\t\t\taria-label=\"Cota\u00e7\u00f5es\"\n\t\t\t\t\t\t\t\t\tname=\"categoryset[]\" checked=\"checked\"\/>\n\t\t\t\t\t\t\t<div class=\"asl_option_checkbox\"><\/div>\n\t\t\t\t\t\t<\/div>\n\t\t\t\t\t\t<div class=\"asl_option_label\">\n\t\t\t\t\t\t\tCota\u00e7\u00f5es\t\t\t\t\t\t<\/div>\n\t\t\t\t\t<\/div>\n\t\t\t\t\t\t\t\t\t\t<div class=\"asl_option\" tabindex=\"0\">\n\t\t\t\t\t\t<div class=\"asl_option_inner\">\n\t\t\t\t\t\t\t<input type=\"checkbox\" value=\"111\"\n\t\t\t\t\t\t\t\t\taria-label=\"LIbras\"\n\t\t\t\t\t\t\t\t\tname=\"categoryset[]\" checked=\"checked\"\/>\n\t\t\t\t\t\t\t<div class=\"asl_option_checkbox\"><\/div>\n\t\t\t\t\t\t<\/div>\n\t\t\t\t\t\t<div class=\"asl_option_label\">\n\t\t\t\t\t\t\tLIbras\t\t\t\t\t\t<\/div>\n\t\t\t\t\t<\/div>\n\t\t\t\t\t\t\t\t\t\t<div class=\"asl_option\" tabindex=\"0\">\n\t\t\t\t\t\t<div class=\"asl_option_inner\">\n\t\t\t\t\t\t\t<input type=\"checkbox\" value=\"31\"\n\t\t\t\t\t\t\t\t\taria-label=\"Licita\u00e7\u00f5es\"\n\t\t\t\t\t\t\t\t\tname=\"categoryset[]\" checked=\"checked\"\/>\n\t\t\t\t\t\t\t<div class=\"asl_option_checkbox\"><\/div>\n\t\t\t\t\t\t<\/div>\n\t\t\t\t\t\t<div class=\"asl_option_label\">\n\t\t\t\t\t\t\tLicita\u00e7\u00f5es\t\t\t\t\t\t<\/div>\n\t\t\t\t\t<\/div>\n\t\t\t\t\t\t\t\t\t\t<div class=\"asl_option\" tabindex=\"0\">\n\t\t\t\t\t\t<div class=\"asl_option_inner\">\n\t\t\t\t\t\t\t<input type=\"checkbox\" value=\"110\"\n\t\t\t\t\t\t\t\t\taria-label=\"Requerimentos e processos\"\n\t\t\t\t\t\t\t\t\tname=\"categoryset[]\" checked=\"checked\"\/>\n\t\t\t\t\t\t\t<div class=\"asl_option_checkbox\"><\/div>\n\t\t\t\t\t\t<\/div>\n\t\t\t\t\t\t<div class=\"asl_option_label\">\n\t\t\t\t\t\t\tRequerimentos e processos\t\t\t\t\t\t<\/div>\n\t\t\t\t\t<\/div>\n\t\t\t\t\t\t\t\t\t\t<div class=\"asl_option\" tabindex=\"0\">\n\t\t\t\t\t\t<div class=\"asl_option_inner\">\n\t\t\t\t\t\t\t<input type=\"checkbox\" value=\"56\"\n\t\t\t\t\t\t\t\t\taria-label=\"Transpar\u00eancia 2017\"\n\t\t\t\t\t\t\t\t\tname=\"categoryset[]\" checked=\"checked\"\/>\n\t\t\t\t\t\t\t<div class=\"asl_option_checkbox\"><\/div>\n\t\t\t\t\t\t<\/div>\n\t\t\t\t\t\t<div class=\"asl_option_label\">\n\t\t\t\t\t\t\tTranspar\u00eancia 2017\t\t\t\t\t\t<\/div>\n\t\t\t\t\t<\/div>\n\t\t\t\t\t\t\t\t\t\t<div class=\"asl_option\" tabindex=\"0\">\n\t\t\t\t\t\t<div class=\"asl_option_inner\">\n\t\t\t\t\t\t\t<input type=\"checkbox\" value=\"60\"\n\t\t\t\t\t\t\t\t\taria-label=\"Transpar\u00eancia 2018\"\n\t\t\t\t\t\t\t\t\tname=\"categoryset[]\" checked=\"checked\"\/>\n\t\t\t\t\t\t\t<div class=\"asl_option_checkbox\"><\/div>\n\t\t\t\t\t\t<\/div>\n\t\t\t\t\t\t<div class=\"asl_option_label\">\n\t\t\t\t\t\t\tTranspar\u00eancia 2018\t\t\t\t\t\t<\/div>\n\t\t\t\t\t<\/div>\n\t\t\t\t\t\t\t\t\t\t<div class=\"asl_option\" tabindex=\"0\">\n\t\t\t\t\t\t<div class=\"asl_option_inner\">\n\t\t\t\t\t\t\t<input type=\"checkbox\" value=\"57\"\n\t\t\t\t\t\t\t\t\taria-label=\"Transpar\u00eancia 2019\"\n\t\t\t\t\t\t\t\t\tname=\"categoryset[]\" checked=\"checked\"\/>\n\t\t\t\t\t\t\t<div class=\"asl_option_checkbox\"><\/div>\n\t\t\t\t\t\t<\/div>\n\t\t\t\t\t\t<div class=\"asl_option_label\">\n\t\t\t\t\t\t\tTranspar\u00eancia 2019\t\t\t\t\t\t<\/div>\n\t\t\t\t\t<\/div>\n\t\t\t\t\t\t\t\t\t\t<div class=\"asl_option\" tabindex=\"0\">\n\t\t\t\t\t\t<div class=\"asl_option_inner\">\n\t\t\t\t\t\t\t<input type=\"checkbox\" value=\"58\"\n\t\t\t\t\t\t\t\t\taria-label=\"Transpar\u00eancia 2020\"\n\t\t\t\t\t\t\t\t\tname=\"categoryset[]\" checked=\"checked\"\/>\n\t\t\t\t\t\t\t<div class=\"asl_option_checkbox\"><\/div>\n\t\t\t\t\t\t<\/div>\n\t\t\t\t\t\t<div class=\"asl_option_label\">\n\t\t\t\t\t\t\tTranspar\u00eancia 2020\t\t\t\t\t\t<\/div>\n\t\t\t\t\t<\/div>\n\t\t\t\t\t\t\t\t\t\t<div class=\"asl_option\" tabindex=\"0\">\n\t\t\t\t\t\t<div class=\"asl_option_inner\">\n\t\t\t\t\t\t\t<input type=\"checkbox\" value=\"59\"\n\t\t\t\t\t\t\t\t\taria-label=\"Transpar\u00eancia 2021\"\n\t\t\t\t\t\t\t\t\tname=\"categoryset[]\" checked=\"checked\"\/>\n\t\t\t\t\t\t\t<div class=\"asl_option_checkbox\"><\/div>\n\t\t\t\t\t\t<\/div>\n\t\t\t\t\t\t<div class=\"asl_option_label\">\n\t\t\t\t\t\t\tTranspar\u00eancia 2021\t\t\t\t\t\t<\/div>\n\t\t\t\t\t<\/div>\n\t\t\t\t\t\t\t\t\t\t<div class=\"asl_option\" tabindex=\"0\">\n\t\t\t\t\t\t<div class=\"asl_option_inner\">\n\t\t\t\t\t\t\t<input type=\"checkbox\" value=\"98\"\n\t\t\t\t\t\t\t\t\taria-label=\"Transpar\u00eancia 2022\"\n\t\t\t\t\t\t\t\t\tname=\"categoryset[]\" checked=\"checked\"\/>\n\t\t\t\t\t\t\t<div class=\"asl_option_checkbox\"><\/div>\n\t\t\t\t\t\t<\/div>\n\t\t\t\t\t\t<div class=\"asl_option_label\">\n\t\t\t\t\t\t\tTranspar\u00eancia 2022\t\t\t\t\t\t<\/div>\n\t\t\t\t\t<\/div>\n\t\t\t\t\t\t\t\t\t\t<div class=\"asl_option\" tabindex=\"0\">\n\t\t\t\t\t\t<div class=\"asl_option_inner\">\n\t\t\t\t\t\t\t<input type=\"checkbox\" value=\"106\"\n\t\t\t\t\t\t\t\t\taria-label=\"Transpar\u00eancia 2023\"\n\t\t\t\t\t\t\t\t\tname=\"categoryset[]\" checked=\"checked\"\/>\n\t\t\t\t\t\t\t<div class=\"asl_option_checkbox\"><\/div>\n\t\t\t\t\t\t<\/div>\n\t\t\t\t\t\t<div class=\"asl_option_label\">\n\t\t\t\t\t\t\tTranspar\u00eancia 2023\t\t\t\t\t\t<\/div>\n\t\t\t\t\t<\/div>\n\t\t\t\t\t\t\t\t\t\t<div class=\"asl_option\" tabindex=\"0\">\n\t\t\t\t\t\t<div class=\"asl_option_inner\">\n\t\t\t\t\t\t\t<input type=\"checkbox\" value=\"108\"\n\t\t\t\t\t\t\t\t\taria-label=\"Transpar\u00eancia 2024\"\n\t\t\t\t\t\t\t\t\tname=\"categoryset[]\" checked=\"checked\"\/>\n\t\t\t\t\t\t\t<div class=\"asl_option_checkbox\"><\/div>\n\t\t\t\t\t\t<\/div>\n\t\t\t\t\t\t<div class=\"asl_option_label\">\n\t\t\t\t\t\t\tTranspar\u00eancia 2024\t\t\t\t\t\t<\/div>\n\t\t\t\t\t<\/div>\n\t\t\t\t\t\t\t\t\t\t<div class=\"asl_option\" tabindex=\"0\">\n\t\t\t\t\t\t<div class=\"asl_option_inner\">\n\t\t\t\t\t\t\t<input type=\"checkbox\" value=\"109\"\n\t\t\t\t\t\t\t\t\taria-label=\"Transpar\u00eancia 2025\"\n\t\t\t\t\t\t\t\t\tname=\"categoryset[]\" checked=\"checked\"\/>\n\t\t\t\t\t\t\t<div class=\"asl_option_checkbox\"><\/div>\n\t\t\t\t\t\t<\/div>\n\t\t\t\t\t\t<div class=\"asl_option_label\">\n\t\t\t\t\t\t\tTranspar\u00eancia 2025\t\t\t\t\t\t<\/div>\n\t\t\t\t\t<\/div>\n\t\t\t\t\t\t\t\t\t\t<div class=\"asl_option\" tabindex=\"0\">\n\t\t\t\t\t\t<div class=\"asl_option_inner\">\n\t\t\t\t\t\t\t<input type=\"checkbox\" value=\"112\"\n\t\t\t\t\t\t\t\t\taria-label=\"Transpar\u00eancia 2026\"\n\t\t\t\t\t\t\t\t\tname=\"categoryset[]\" checked=\"checked\"\/>\n\t\t\t\t\t\t\t<div class=\"asl_option_checkbox\"><\/div>\n\t\t\t\t\t\t<\/div>\n\t\t\t\t\t\t<div class=\"asl_option_label\">\n\t\t\t\t\t\t\tTranspar\u00eancia 2026\t\t\t\t\t\t<\/div>\n\t\t\t\t\t<\/div>\n\t\t\t\t\t\n\t\t\t<\/div>\n\t\t<\/fieldset>\n\t\t<\/form>\n\t<\/div>\n<\/div>\n<br \/>\n&nbsp;<\/p>\n<table border=\"1\" cellspacing=\"0\" cellpadding=\"0\" align=\"center\">\n<tbody>\n<tr style=\"height: 51px;\">\n<td style=\"height: 51px; width: 485.234px;\" colspan=\"2\">\n<p style=\"text-align: center;\"><span style=\"color: #000000;\"><strong>CHAMADA P\u00daBLICA &#8211; AGRICULTURA FAMILIAR <\/strong><strong>N\u00b0 01\/2019<\/strong><\/span><\/p>\n<\/td>\n<\/tr>\n<tr style=\"height: 51px;\">\n<td style=\"width: 97.2344px; height: 51px;\">\n<p style=\"text-align: center;\"><strong><span style=\"color: #000000;\">Org\u00e3o<\/span>:<\/strong><\/p>\n<\/td>\n<td style=\"width: 386px; height: 51px;\">\n<p style=\"text-align: center;\"><span style=\"color: #000000;\">Funda\u00e7\u00e3o Municipal de Educa\u00e7\u00e3o de Niter\u00f3i<\/span><\/p>\n<\/td>\n<\/tr>\n<tr style=\"height: 143px;\">\n<td style=\"height: 143px; width: 97.2344px;\">\n<p style=\"text-align: center;\"><span style=\"color: #000000;\"><strong>Objeto:<\/strong><\/span><\/p>\n<\/td>\n<td style=\"height: 143px; width: 386px;\">\n<p style=\"text-align: justify;\"><span style=\"color: #000000;\">O presente edital de Chamamento P\u00fablico tem por objetivo a aquisi\u00e7\u00e3o de g\u00eaneros aliment\u00edcios diretamente da agricultura familiar e do empreendedor familiar rural e suas organiza\u00e7\u00f5es para atender os alunos matriculados na Rede Municipal de Educa\u00e7\u00e3o de Niter\u00f3i, conforme especifica\u00e7\u00e3o no item 03(tr\u00eas)<\/span><br \/>\n<span style=\"color: #000000;\">e Anexo III \u2013 Termo de Refer\u00eancia- Cronograma de Entrega de produtos desta Chamada P\u00fablica.<\/span><\/p>\n<\/td>\n<\/tr>\n<tr style=\"height: 74px;\">\n<td style=\"height: 74px; width: 97.2344px;\">\n<p style=\"text-align: center;\"><span style=\"color: #000000;\"><strong>Data do Certame:<\/strong><\/span><\/p>\n<\/td>\n<td style=\"height: 74px; width: 386px;\">\n<p style=\"text-align: center;\"><span style=\"color: #000000;\"><strong>07\/10\/2019<\/strong><\/span><\/p>\n<\/td>\n<\/tr>\n<tr style=\"height: 74px;\">\n<td style=\"height: 74px; width: 97.2344px;\">\n<p style=\"text-align: center;\"><span style=\"color: #000000;\"><strong>Data da Homologa\u00e7\u00e3o:<\/strong><\/span><\/p>\n<\/td>\n<td style=\"height: 74px; width: 386px;\">\n<p style=\"text-align: center;\">\n<\/td>\n<\/tr>\n<tr>\n<td style=\"width: 485.234px;\" colspan=\"2\">\n<p style=\"text-align: center;\"><span style=\"color: #003366;\"><a style=\"color: #003366;\" href=\"https:\/\/educacao.niteroi.rj.gov.br\/wp-content\/uploads\/2021\/08\/EDITAL-de-CHAM.-PUBLICA-01-2019-3.pdf\">Edital<\/a><\/span><\/p>\n<\/td>\n<\/tr>\n<tr>\n<td style=\"width: 485.234px;\" colspan=\"2\">\n<p style=\"text-align: center;\"><span style=\"color: #003366;\"><a style=\"color: #003366;\" href=\"https:\/\/educacao.niteroi.rj.gov.br\/wp-content\/uploads\/2021\/08\/Aviso-AF-2019.pdf\">Aviso D.O<\/a><\/span><\/p>\n<\/td>\n<\/tr>\n<tr style=\"height: 51px;\">\n<td style=\"height: 51px;\" colspan=\"2\">\n<p style=\"text-align: center;\"><span style=\"color: #003366;\"><a style=\"color: #003366;\" href=\"https:\/\/educacao.niteroi.rj.gov.br\/wp-content\/uploads\/2021\/08\/MIN.CONTRATO_compressed.pdf\">Minuta de Contrato<\/a><\/span><\/p>\n<\/td>\n<\/tr>\n<tr>\n<td colspan=\"2\">\n<p style=\"text-align: center;\"><span style=\"color: #003366;\"><a style=\"color: #003366;\" href=\"https:\/\/educacao.niteroi.rj.gov.br\/wp-content\/uploads\/2021\/08\/ANEXO-I-e-II-CCP-01-2019-AF.pdf\">Anexo I e II<\/a><\/span><\/p>\n<\/td>\n<\/tr>\n<tr>\n<td colspan=\"2\">\n<p style=\"text-align: center;\"><span style=\"color: #003366;\"><a style=\"color: #003366;\" href=\"https:\/\/educacao.niteroi.rj.gov.br\/wp-content\/uploads\/2021\/08\/AF2019-Cardapido-Oficial.pdf\">Cardapido Oficial<\/a><\/span><\/p>\n<\/td>\n<\/tr>\n<tr>\n<td style=\"width: 485.234px;\" colspan=\"2\">\n<p style=\"text-align: center;\"><span style=\"color: #003366;\"><a style=\"color: #003366;\" href=\"https:\/\/educacao.niteroi.rj.gov.br\/wp-content\/uploads\/2021\/08\/Quant.-de-Alunos-escola.pdf\">Quantidade de Alunos<\/a><\/span><\/p>\n<\/td>\n<\/tr>\n<\/tbody>\n<\/table>\n<p>&nbsp;<\/p>\n<table style=\"width: 490px; height: 699px;\" border=\"1\" width=\"490\" cellspacing=\"0\" cellpadding=\"0\" align=\"center\">\n<tbody>\n<tr style=\"height: 51px;\">\n<td style=\"height: 51px; width: 486px;\" colspan=\"2\">\n<p style=\"text-align: center;\"><span style=\"color: #000000;\"><strong>PREG\u00c3O PRESENCIAL<\/strong>\u00a0<strong>N\u00b0 01\/2019<\/strong><\/span><\/p>\n<\/td>\n<\/tr>\n<tr style=\"height: 51px;\">\n<td style=\"width: 99.5938px; height: 51px;\">\n<p style=\"text-align: center;\"><strong><span style=\"color: #000000;\">Org\u00e3o<\/span>:<\/strong><\/p>\n<\/td>\n<td style=\"width: 384.406px; height: 51px;\">\n<p style=\"text-align: center;\"><span style=\"color: #000000;\">Funda\u00e7\u00e3o Municipal de Educa\u00e7\u00e3o de Niter\u00f3i<\/span><\/p>\n<\/td>\n<\/tr>\n<tr style=\"height: 143px;\">\n<td style=\"height: 143px; width: 99.5938px;\">\n<p style=\"text-align: center;\"><span style=\"color: #000000;\"><strong>Objeto:<\/strong><\/span><\/p>\n<\/td>\n<td style=\"height: 143px; width: 384.406px;\">\n<p style=\"text-align: justify;\"><span style=\"color: #000000;\">Contrata\u00e7\u00e3o de empresa especializada para manuten\u00e7\u00e3o preventiva e corretiva dos aparelhos de ar condicionado e sistema de refrigera\u00e7\u00e3o, instalados nas unidades escolares, Sede Administrativa e pr\u00e9dios anexos da Rede, pertencentes \u00e0 Funda\u00e7\u00e3o Municipal de Educa\u00e7\u00e3o \u2013 FME<\/span><\/p>\n<\/td>\n<\/tr>\n<tr style=\"height: 74px;\">\n<td style=\"height: 74px; width: 99.5938px;\">\n<p style=\"text-align: center;\"><span style=\"color: #000000;\"><strong>Data do Certame:<\/strong><\/span><\/p>\n<\/td>\n<td style=\"height: 74px; width: 384.406px;\">\n<p style=\"text-align: center;\">\n<\/td>\n<\/tr>\n<tr style=\"height: 74px;\">\n<td style=\"height: 74px; width: 99.5938px;\">\n<p style=\"text-align: center;\"><span style=\"color: #000000;\"><strong>Data da Homologa\u00e7\u00e3o:<\/strong><\/span><\/p>\n<\/td>\n<td style=\"height: 74px; width: 384.406px;\">\n<p style=\"text-align: center;\">\n<\/td>\n<\/tr>\n<tr>\n<td colspan=\"2\">\n<p style=\"text-align: center;\"><span style=\"color: #003366;\"><a style=\"color: #003366;\" href=\"https:\/\/educacao.niteroi.rj.gov.br\/wp-content\/uploads\/2021\/05\/PP-01-2019-Edital-AR-CONDICIONADO.pdf\">Edital<\/a><\/span><\/p>\n<\/td>\n<\/tr>\n<tr>\n<td colspan=\"2\">\n<p style=\"text-align: center;\"><span style=\"color: #003366;\"><a style=\"color: #003366;\" href=\"https:\/\/educacao.niteroi.rj.gov.br\/wp-content\/uploads\/2021\/08\/PP-01Publicacao.pdf\">Aviso de Publica\u00e7\u00e3o D.O<\/a><\/span><\/p>\n<\/td>\n<\/tr>\n<tr style=\"height: 51px;\">\n<td style=\"height: 51px; width: 486px;\" colspan=\"2\">\n<p style=\"text-align: center;\"><span style=\"color: #003366;\"><u><a style=\"color: #003366;\" href=\"https:\/\/educacao.niteroi.rj.gov.br\/wp-content\/uploads\/2019\/08\/PP-01-2019-ANEXO-I-e-II-AR-CONDICIONADO.pdf\">Anexo I e II<\/a><\/u><\/span><\/p>\n<\/td>\n<\/tr>\n<tr style=\"height: 51px;\">\n<td style=\"height: 51px; width: 486px;\" colspan=\"2\">\n<p style=\"text-align: center;\"><span style=\"color: #003366;\"><u><a style=\"color: #003366;\" href=\"https:\/\/educacao.niteroi.rj.gov.br\/wp-content\/uploads\/2019\/08\/Anexo-II-memoria-de-c\u00e1lculo-PP-01-2019.pdf\">Anexo &#8211; Mem\u00f3ria de C\u00e1lculo<\/a><\/u><\/span><\/p>\n<\/td>\n<\/tr>\n<\/tbody>\n<\/table>\n<p>&nbsp;<\/p>\n<table style=\"width: 490px;\" border=\"1\" width=\"490\" cellspacing=\"0\" cellpadding=\"0\" align=\"center\">\n<tbody>\n<tr>\n<td colspan=\"2\">\n<p style=\"text-align: center;\"><span style=\"color: #000000;\"><strong>PREG\u00c3O PRESENCIAL<\/strong>\u00a0<strong>N\u00b0 02\/2019<\/strong><\/span><\/p>\n<\/td>\n<\/tr>\n<tr>\n<td style=\"width: 20.82%;\">\n<p style=\"text-align: center;\"><strong><span style=\"color: #000000;\">Org\u00e3o<\/span>:<\/strong><\/p>\n<\/td>\n<td style=\"width: 79.18%;\">\n<p style=\"text-align: center;\"><span style=\"color: #000000;\">Funda\u00e7\u00e3o Municipal de Educa\u00e7\u00e3o de Niter\u00f3i<\/span><\/p>\n<\/td>\n<\/tr>\n<tr>\n<td>\n<p style=\"text-align: center;\"><span style=\"color: #000000;\"><strong>Objeto:<\/strong><\/span><\/p>\n<\/td>\n<td>\n<p style=\"text-align: justify;\"><span style=\"color: #000000;\">Contrata\u00e7\u00e3o de empresa para presta\u00e7\u00e3o de servi\u00e7os de Manuten\u00e7\u00e3o Preventiva e Corretiva de Fog\u00f5es, Rede de G\u00e1s, Exaustores e Coifas nas Unidades Escolares pertencentes a Rede da Funda\u00e7\u00e3o Municipal de Educa\u00e7\u00e3o\u00a0.<\/span><\/p>\n<\/td>\n<\/tr>\n<tr>\n<td>\n<p style=\"text-align: center;\"><span style=\"color: #000000;\"><strong>Data do Certame:<\/strong><\/span><\/p>\n<\/td>\n<td>\n<p style=\"text-align: center;\"><span style=\"color: #000000;\">10\/06\/2019 \u00e0s 9:00h<\/span><\/p>\n<\/td>\n<\/tr>\n<tr>\n<td>\n<p style=\"text-align: center;\"><span style=\"color: #000000;\"><strong>Data da Homologa\u00e7\u00e3o:<\/strong><\/span><\/p>\n<\/td>\n<td>\n<p style=\"text-align: center;\"><span style=\"color: #000000;\">19\/06\/2019<\/span><\/p>\n<\/td>\n<\/tr>\n<tr>\n<td colspan=\"2\">\n<p style=\"text-align: center;\"><a href=\"https:\/\/educacao.niteroi.rj.gov.br\/wp-content\/uploads\/2019\/08\/Edital-PP-02-2019-manuten\u00e7\u00e3o-de-exaustores-fog\u00e3o-coifas-fornos-industriais-e-dom\u00e9sticos.pdf\"><span style=\"color: #000080;\">Edital<\/span><\/a><\/p>\n<\/td>\n<\/tr>\n<tr>\n<td colspan=\"2\">\n<p style=\"text-align: center;\"><a href=\"https:\/\/educacao.niteroi.rj.gov.br\/wp-content\/uploads\/2019\/08\/PP-02-2019-ANEXO-I-e-II-COIFA-FOG\u00c3O-e-EXAUTOR.pdf\"><span style=\"color: #000080;\">Anexo I e II<\/span><\/a><\/p>\n<\/td>\n<\/tr>\n<tr>\n<td colspan=\"2\">\n<p style=\"text-align: center;\"><a href=\"https:\/\/educacao.niteroi.rj.gov.br\/wp-content\/uploads\/2019\/08\/Anexo-memoria-de-c\u00e1lculo-PP-02-2019-FOG\u00c3O-EXAUTOR-COIFAS.pdf\"><span style=\"color: #000080;\">Anexo &#8211;\u00a0 Mem\u00f3ria de c\u00e1lculo<\/span><\/a><\/p>\n<\/td>\n<\/tr>\n<tr>\n<td colspan=\"2\">\n<p style=\"text-align: center;\"><a href=\"https:\/\/educacao.niteroi.rj.gov.br\/wp-content\/uploads\/2019\/08\/PP-002-Aviso.pdf\"><span style=\"color: #000080;\">Aviso de Licita\u00e7\u00e3o &#8211; Publica\u00e7\u00e3o<\/span><\/a><\/p>\n<\/td>\n<\/tr>\n<tr>\n<td colspan=\"2\">\n<p style=\"text-align: center;\"><a href=\"https:\/\/educacao.niteroi.rj.gov.br\/wp-content\/uploads\/2019\/08\/homol.-PP00214extr14.pdf\"><span style=\"color: #000080;\">Homologa\u00e7\u00e3o<\/span><\/a><\/p>\n<\/td>\n<\/tr>\n<tr>\n<td colspan=\"2\">\n<p style=\"text-align: center;\"><a href=\"https:\/\/educacao.niteroi.rj.gov.br\/wp-content\/uploads\/2019\/08\/MINUTA-PP02-2019.pdf\"><span style=\"color: #000080;\">Minuta<\/span><\/a><\/p>\n<\/td>\n<\/tr>\n<\/tbody>\n<\/table>\n<p>&nbsp;<\/p>\n<table style=\"width: 490px;\" border=\"1\" width=\"490\" cellspacing=\"0\" cellpadding=\"0\" align=\"center\">\n<tbody>\n<tr>\n<td colspan=\"2\">\n<p style=\"text-align: center;\"><span style=\"color: #000000;\"><strong>PREG\u00c3O PRESENCIAL<\/strong>\u00a0<strong>N\u00b0 03\/2019<\/strong><\/span><\/p>\n<\/td>\n<\/tr>\n<tr>\n<td style=\"width: 20.82%;\">\n<p style=\"text-align: center;\"><strong><span style=\"color: #000000;\">Org\u00e3o<\/span>:<\/strong><\/p>\n<\/td>\n<td style=\"width: 79.18%;\">\n<p style=\"text-align: center;\"><span style=\"color: #000000;\">Funda\u00e7\u00e3o Municipal de Educa\u00e7\u00e3o de Niter\u00f3i<\/span><\/p>\n<\/td>\n<\/tr>\n<tr>\n<td>\n<p style=\"text-align: center;\"><span style=\"color: #000000;\"><strong>Objeto:<\/strong><\/span><\/p>\n<\/td>\n<td>\n<p style=\"text-align: justify;\"><span style=\"color: #000000;\">Contrata\u00e7\u00e3o de empresa especializada em servi\u00e7os de engenharia comum para manuten\u00e7\u00e3o preventiva, corretiva e emergencial em elevadores\/plataformas da Rede da Funda\u00e7\u00e3o Municipal de Educa\u00e7\u00e3o de Niter\u00f3i .<\/span><\/p>\n<\/td>\n<\/tr>\n<tr>\n<td>\n<p style=\"text-align: center;\"><span style=\"color: #000000;\"><strong>Data do Certame:<\/strong><\/span><\/p>\n<\/td>\n<td>\n<p style=\"text-align: center;\"><span style=\"color: #000000;\">08\/05\/2019 \u00e0s 10:30h<\/span><\/p>\n<\/td>\n<\/tr>\n<tr>\n<td>\n<p style=\"text-align: center;\"><span style=\"color: #000000;\"><strong>Data da Homologa\u00e7\u00e3o:<\/strong><\/span><\/p>\n<\/td>\n<td>\n<p style=\"text-align: center;\"><span style=\"color: #000000;\">11\/05\/2019<\/span><\/p>\n<\/td>\n<\/tr>\n<tr>\n<td colspan=\"2\">\n<p style=\"text-align: center;\"><a href=\"https:\/\/educacao.niteroi.rj.gov.br\/wp-content\/uploads\/2019\/08\/Edital-PP-03-2019-manuten\u00e7\u00e3o-de-elevadores.pdf\"><span style=\"color: #000080;\">Edital<\/span><\/a><\/p>\n<\/td>\n<\/tr>\n<tr>\n<td colspan=\"2\">\n<p style=\"text-align: center;\"><a href=\"https:\/\/educacao.niteroi.rj.gov.br\/wp-content\/uploads\/2019\/08\/ANEXO-I-e-II-ELEVADORES.pdf\"><span style=\"color: #000080;\">Anexo I e II<\/span><\/a><\/p>\n<\/td>\n<\/tr>\n<tr>\n<td colspan=\"2\">\n<p style=\"text-align: center;\"><a href=\"https:\/\/educacao.niteroi.rj.gov.br\/wp-content\/uploads\/2019\/08\/PP-03-Publica\u00e7\u00e3o-Aviso.pdf\"><span style=\"color: #000080;\">Aviso de Licita\u00e7\u00e3o &#8211; Publica\u00e7\u00e3o<\/span><\/a><\/p>\n<\/td>\n<\/tr>\n<tr>\n<td colspan=\"2\">\n<p style=\"text-align: center;\"><a href=\"https:\/\/educacao.niteroi.rj.gov.br\/wp-content\/uploads\/2019\/08\/homol-3.pdf\"><span style=\"color: #000080;\">Homologa\u00e7\u00e3o<\/span><\/a><\/p>\n<\/td>\n<\/tr>\n<tr>\n<td colspan=\"2\">\n<p style=\"text-align: center;\"><a href=\"https:\/\/educacao.niteroi.rj.gov.br\/wp-content\/uploads\/2019\/08\/MINUTA-DE-CONTRATO-PP-03-2019.pdf\"><span style=\"color: #000080;\">Minuta<\/span><\/a><\/p>\n<\/td>\n<\/tr>\n<\/tbody>\n<\/table>\n<p>&nbsp;<\/p>\n<table style=\"width: 490px;\" border=\"1\" width=\"490\" cellspacing=\"0\" cellpadding=\"0\" align=\"center\">\n<tbody>\n<tr>\n<td colspan=\"2\">\n<p style=\"text-align: center;\"><span style=\"color: #000000;\"><strong>PREG\u00c3O PRESENCIAL<\/strong>\u00a0<strong>N\u00b0 04\/2019<\/strong><\/span><\/p>\n<\/td>\n<\/tr>\n<tr>\n<td style=\"width: 20.82%;\">\n<p style=\"text-align: center;\"><strong><span style=\"color: #000000;\">Org\u00e3o<\/span>:<\/strong><\/p>\n<\/td>\n<td style=\"width: 79.18%;\">\n<p style=\"text-align: center;\"><span style=\"color: #000000;\">Funda\u00e7\u00e3o Municipal de Educa\u00e7\u00e3o de Niter\u00f3i<\/span><\/p>\n<\/td>\n<\/tr>\n<tr>\n<td>\n<p style=\"text-align: center;\"><span style=\"color: #000000;\"><strong>Objeto:<\/strong><\/span><\/p>\n<\/td>\n<td>\n<p style=\"text-align: justify;\"><span style=\"color: #000000;\">Contrata\u00e7\u00e3o de empresa especializada em servi\u00e7os de loca\u00e7\u00e3o de ve\u00edculos escolares adaptados para transporte de alunos cadeirantes ou com mobilidade reduzida matriculados nas escolares da Rede Municipal de Educa\u00e7\u00e3o de Niter\u00f3i &#8211; FME.<\/span><\/p>\n<\/td>\n<\/tr>\n<tr>\n<td>\n<p style=\"text-align: center;\"><span style=\"color: #000000;\"><strong>Data do Certame:<\/strong><\/span><\/p>\n<\/td>\n<td>\n<p style=\"text-align: center;\"><span style=\"color: #000000;\">07\/03\/2019 \u00e0s 09:00h<\/span><\/p>\n<\/td>\n<\/tr>\n<tr>\n<td>\n<p style=\"text-align: center;\"><span style=\"color: #000000;\"><strong>Data da Homologa\u00e7\u00e3o:<\/strong><\/span><\/p>\n<\/td>\n<td>\n<p style=\"text-align: center;\">\n<\/td>\n<\/tr>\n<tr>\n<td colspan=\"2\">\n<p style=\"text-align: center;\"><a href=\"https:\/\/educacao.niteroi.rj.gov.br\/wp-content\/uploads\/2019\/08\/Edital-PP04-2019-VANS-ADPTADAS-II.pdf\"><span style=\"color: #000080;\">Edital<\/span><\/a><\/p>\n<\/td>\n<\/tr>\n<tr>\n<td colspan=\"2\">\n<p style=\"text-align: center;\"><a href=\"https:\/\/educacao.niteroi.rj.gov.br\/wp-content\/uploads\/2019\/08\/PP-04-2019-Anexo-I-loc-vans.pdf\"><span style=\"color: #000080;\">Anexo I<\/span><\/a><\/p>\n<\/td>\n<\/tr>\n<tr>\n<td colspan=\"2\">\n<p style=\"text-align: center;\"><a href=\"https:\/\/educacao.niteroi.rj.gov.br\/wp-content\/uploads\/2019\/08\/PP-04-2019-Anexo-II-loc-vans.pdf\"><span style=\"color: #000080;\">Anexo II<\/span><\/a><\/p>\n<\/td>\n<\/tr>\n<tr>\n<td colspan=\"2\">\n<p style=\"text-align: center;\"><a href=\"https:\/\/educacao.niteroi.rj.gov.br\/wp-content\/uploads\/2019\/08\/PP-04-Publica\u00e7\u00e3o.pdf\"><span style=\"color: #000080;\">Aviso de Licita\u00e7\u00e3o &#8211; Publica\u00e7\u00e3o<\/span><\/a><\/p>\n<\/td>\n<\/tr>\n<\/tbody>\n<\/table>\n<p>&nbsp;<\/p>\n<table style=\"width: 490px;\" border=\"1\" width=\"490\" cellspacing=\"0\" cellpadding=\"0\" align=\"center\">\n<tbody>\n<tr>\n<td colspan=\"2\">\n<p style=\"text-align: center;\"><span style=\"color: #000000;\"><strong>PREG\u00c3O PRESENCIAL<\/strong>\u00a0<strong>N\u00b0 05\/2019<\/strong><\/span><\/p>\n<\/td>\n<\/tr>\n<tr>\n<td style=\"width: 20.82%;\">\n<p style=\"text-align: center;\"><strong><span style=\"color: #000000;\">Org\u00e3o<\/span>:<\/strong><\/p>\n<\/td>\n<td style=\"width: 79.18%;\">\n<p style=\"text-align: center;\"><span style=\"color: #000000;\">Funda\u00e7\u00e3o Municipal de Educa\u00e7\u00e3o de Niter\u00f3i<\/span><\/p>\n<\/td>\n<\/tr>\n<tr>\n<td>\n<p style=\"text-align: center;\"><span style=\"color: #000000;\"><strong>Objeto:<\/strong><\/span><\/p>\n<\/td>\n<td>\n<p style=\"text-align: justify;\">\n<\/td>\n<\/tr>\n<tr>\n<td>\n<p style=\"text-align: center;\"><span style=\"color: #000000;\"><strong>Data do Certame:<\/strong><\/span><\/p>\n<\/td>\n<td>\n<p style=\"text-align: center;\"><span style=\"color: #000000;\">08\/05\/2019 \u00e0s 10:30h<\/span><\/p>\n<\/td>\n<\/tr>\n<tr>\n<td>\n<p style=\"text-align: center;\"><span style=\"color: #000000;\"><strong>Data da Homologa\u00e7\u00e3o:<\/strong><\/span><\/p>\n<\/td>\n<td>\n<p style=\"text-align: center;\"><span style=\"color: #000000;\">11\/05\/2019<\/span><\/p>\n<\/td>\n<\/tr>\n<tr>\n<td colspan=\"2\">\n<p style=\"text-align: center;\"><span style=\"color: #000080;\"><u>Edital<\/u><\/span><\/p>\n<\/td>\n<\/tr>\n<tr>\n<td colspan=\"2\">\n<p style=\"text-align: center;\"><span style=\"color: #000080;\"><u>Anexos<\/u><\/span><\/p>\n<\/td>\n<\/tr>\n<tr>\n<td colspan=\"2\">\n<p style=\"text-align: center;\"><span style=\"color: #000080;\"><u>Aviso de Licita\u00e7\u00e3o &#8211; Publica\u00e7\u00e3o<\/u><\/span><\/p>\n<\/td>\n<\/tr>\n<tr>\n<td colspan=\"2\">\n<p style=\"text-align: center;\"><span style=\"color: #000080;\"><u>Homologa\u00e7\u00e3o<\/u><\/span><\/p>\n<\/td>\n<\/tr>\n<tr>\n<td colspan=\"2\">\n<p style=\"text-align: center;\"><span style=\"color: #000080;\"><u>Minuta<\/u><\/span><\/p>\n<\/td>\n<\/tr>\n<\/tbody>\n<\/table>\n<p>&nbsp;<\/p>\n<table style=\"width: 490px;\" border=\"1\" width=\"490\" cellspacing=\"0\" cellpadding=\"0\" align=\"center\">\n<tbody>\n<tr>\n<td colspan=\"2\">\n<p style=\"text-align: center;\"><span style=\"color: #000000;\"><strong>PREG\u00c3O PRESENCIAL<\/strong>\u00a0<strong>N\u00b0 06\/2019<\/strong><\/span><\/p>\n<\/td>\n<\/tr>\n<tr>\n<td style=\"width: 20.82%;\">\n<p style=\"text-align: center;\"><strong><span style=\"color: #000000;\">Org\u00e3o<\/span>:<\/strong><\/p>\n<\/td>\n<td style=\"width: 79.18%;\">\n<p style=\"text-align: center;\"><span style=\"color: #000000;\">Funda\u00e7\u00e3o Municipal de Educa\u00e7\u00e3o de Niter\u00f3i<\/span><\/p>\n<\/td>\n<\/tr>\n<tr>\n<td>\n<p style=\"text-align: center;\"><span style=\"color: #000000;\"><strong>Objeto:<\/strong><\/span><\/p>\n<\/td>\n<td>\n<p style=\"text-align: justify;\">Aquisi\u00e7\u00e3o de KIT\u2019s Escolares para todos os alunos de Ensino Fundamental e Materiais Escolares para Educa\u00e7\u00e3o Infantil, de acordo com as especifica\u00e7\u00f5es e quantitativos definidos na composi\u00e7\u00e3o abaixo, as quais passam a se denominar \u201cKIT ESCOLAR\u201d por aluno e Materiais escolares por Unidades Municipais de Educa\u00e7\u00e3o Infantil.<\/p>\n<\/td>\n<\/tr>\n<tr>\n<td>\n<p style=\"text-align: center;\"><span style=\"color: #000000;\"><strong>Data do Certame:<\/strong><\/span><\/p>\n<\/td>\n<td>\n<p style=\"text-align: center;\">24\/05\/2019<\/p>\n<\/td>\n<\/tr>\n<tr>\n<td>\n<p style=\"text-align: center;\"><span style=\"color: #000000;\"><strong>Data da Homologa\u00e7\u00e3o:<\/strong><\/span><\/p>\n<\/td>\n<td>\n<p style=\"text-align: center;\"><span style=\"color: #000000;\">13\/06\/2019<\/span><\/p>\n<\/td>\n<\/tr>\n<tr>\n<td colspan=\"2\">\n<p style=\"text-align: center;\"><u><a href=\"https:\/\/educacao.niteroi.rj.gov.br\/wp-content\/uploads\/2019\/08\/PP06-2019-EDITAL-kit-escolares-1.pdf\"><span style=\"color: #000080;\">Edital<\/span><\/a><\/u><\/p>\n<\/td>\n<\/tr>\n<tr>\n<td colspan=\"2\">\n<p style=\"text-align: center;\"><u><span style=\"color: #000080;\">Anexos<\/span><\/u><\/p>\n<\/td>\n<\/tr>\n<tr>\n<td colspan=\"2\">\n<p style=\"text-align: center;\"><u><a href=\"https:\/\/educacao.niteroi.rj.gov.br\/wp-content\/uploads\/2019\/08\/PP-06-Publica\u00e7\u00e3o-1.pdf\"><span style=\"color: #000080;\">Aviso de Licita\u00e7\u00e3o &#8211; Publica\u00e7\u00e3o<\/span><\/a><\/u><\/p>\n<\/td>\n<\/tr>\n<tr>\n<td colspan=\"2\">\n<p style=\"text-align: center;\"><u><a href=\"https:\/\/educacao.niteroi.rj.gov.br\/wp-content\/uploads\/2019\/08\/Homologa\u00e7\u00e3o-PP.-06-2019-2.pdf\"><span style=\"color: #000080;\">Homologa\u00e7\u00e3o<\/span><\/a><\/u><\/p>\n<\/td>\n<\/tr>\n<tr>\n<td colspan=\"2\">\n<p style=\"text-align: center;\"><u><a href=\"https:\/\/educacao.niteroi.rj.gov.br\/wp-content\/uploads\/2019\/08\/MINUTA-1.pdf\"><span style=\"color: #000080;\">Minuta<\/span><\/a><\/u><\/p>\n<\/td>\n<\/tr>\n<\/tbody>\n<\/table>\n<p>&nbsp;<\/p>\n<table style=\"width: 490px;\" border=\"1\" width=\"490\" cellspacing=\"0\" cellpadding=\"0\" align=\"center\">\n<tbody>\n<tr>\n<td colspan=\"2\">\n<p style=\"text-align: center;\"><span style=\"color: #000000;\"><strong>PREG\u00c3O PRESENCIAL<\/strong>\u00a0<strong>N\u00b0 07\/2019<\/strong><\/span><\/p>\n<\/td>\n<\/tr>\n<tr>\n<td style=\"width: 20.82%;\">\n<p style=\"text-align: center;\"><strong><span style=\"color: #000000;\">Org\u00e3o<\/span>:<\/strong><\/p>\n<\/td>\n<td style=\"width: 79.18%;\">\n<p style=\"text-align: center;\"><span style=\"color: #000000;\">Funda\u00e7\u00e3o Municipal de Educa\u00e7\u00e3o de Niter\u00f3i<\/span><\/p>\n<\/td>\n<\/tr>\n<tr>\n<td>\n<p style=\"text-align: center;\"><span style=\"color: #000000;\"><strong>Objeto:<\/strong><\/span><\/p>\n<\/td>\n<td>\n<p style=\"text-align: justify;\"><span style=\"color: #000000;\">Aquisi\u00e7\u00e3o de botij\u00f5es de g\u00e1s para uso em cozinhas das Unidades Escolares de Educa\u00e7\u00e3o Fundamental e das Unidades Municipais de Educa\u00e7\u00e3o Infantil da Rede Municipal de Educa\u00e7\u00e3o.<\/span><\/p>\n<\/td>\n<\/tr>\n<tr>\n<td>\n<p style=\"text-align: center;\"><span style=\"color: #000000;\"><strong>Data do Certame:<\/strong><\/span><\/p>\n<\/td>\n<td>\n<p style=\"text-align: center;\">\n<\/td>\n<\/tr>\n<tr>\n<td>\n<p style=\"text-align: center;\"><span style=\"color: #000000;\"><strong>Data da Homologa\u00e7\u00e3o:<\/strong><\/span><\/p>\n<\/td>\n<td>\n<p style=\"text-align: center;\"><span style=\"color: #000000;\">13\/06\/2019<\/span><\/p>\n<\/td>\n<\/tr>\n<tr>\n<td colspan=\"2\">\n<p style=\"text-align: center;\"><a href=\"https:\/\/educacao.niteroi.rj.gov.br\/wp-content\/uploads\/2019\/08\/Edital-PP-07-2019-gas-SRP-NOVO-TCE-1.pdf\"><span style=\"color: #000080;\">Edital<\/span><\/a><\/p>\n<\/td>\n<\/tr>\n<tr>\n<td colspan=\"2\">\n<p style=\"text-align: center;\"><a href=\"https:\/\/educacao.niteroi.rj.gov.br\/wp-content\/uploads\/2019\/08\/ANEXO-I-PP07-2019-botij\u00e3o-de-g\u00e1s-1.pdf\"><span style=\"color: #000080;\">Anexo I<\/span><\/a><\/p>\n<\/td>\n<\/tr>\n<tr>\n<td colspan=\"2\">\n<p style=\"text-align: center;\"><a href=\"https:\/\/educacao.niteroi.rj.gov.br\/wp-content\/uploads\/2019\/08\/ANEXO-II-PP07-2019-botij\u00e3o-de-g\u00e1s-1.pdf\"><span style=\"color: #000080;\">Anexo II<\/span><\/a><\/p>\n<\/td>\n<\/tr>\n<tr>\n<td colspan=\"2\">\n<p style=\"text-align: center;\"><a href=\"https:\/\/educacao.niteroi.rj.gov.br\/wp-content\/uploads\/2019\/08\/Homologa\u00e7\u00e3o-PP-07-2019-1.pdf\"><span style=\"color: #000080;\">Homologa\u00e7\u00e3o<\/span><\/a><\/p>\n<\/td>\n<\/tr>\n<tr>\n<td colspan=\"2\">\n<p style=\"text-align: center;\"><a href=\"https:\/\/educacao.niteroi.rj.gov.br\/wp-content\/uploads\/2019\/08\/Minuta-de-contrato-1.pdf\"><span style=\"color: #000080;\">Minuta<\/span><\/a><\/p>\n<\/td>\n<\/tr>\n<\/tbody>\n<\/table>\n<p>&nbsp;<\/p>\n<table style=\"width: 490px;\" border=\"1\" width=\"490\" cellspacing=\"0\" cellpadding=\"0\" align=\"center\">\n<tbody>\n<tr>\n<td colspan=\"2\">\n<p style=\"text-align: center;\"><span style=\"color: #000000;\"><strong>PREG\u00c3O PRESENCIAL<\/strong>\u00a0<strong>N\u00b0 08\/2019<\/strong><\/span><\/p>\n<\/td>\n<\/tr>\n<tr>\n<td style=\"width: 20.82%;\">\n<p style=\"text-align: center;\"><strong><span style=\"color: #000000;\">Org\u00e3o<\/span>:<\/strong><\/p>\n<\/td>\n<td style=\"width: 79.18%;\">\n<p style=\"text-align: center;\"><span style=\"color: #000000;\">Funda\u00e7\u00e3o Municipal de Educa\u00e7\u00e3o de Niter\u00f3i<\/span><\/p>\n<\/td>\n<\/tr>\n<tr>\n<td>\n<p style=\"text-align: center;\"><span style=\"color: #000000;\"><strong>Objeto:<\/strong><\/span><\/p>\n<\/td>\n<td>\n<p style=\"text-align: justify;\"><span style=\"color: #000000;\">Aquisi\u00e7\u00e3o de itens de limpeza: Saboneteira em acr\u00edlico\u00a0e Sabonete anti-s\u00e9ptico l\u00edquido para as cozinhas das Unidades Escolares de Educa\u00e7\u00e3o Infantil e\u00a0Ensino Fundamental da Rede Municipal de Educa\u00e7\u00e3o de Niter\u00f3i\/FME.<\/span><\/p>\n<\/td>\n<\/tr>\n<tr>\n<td>\n<p style=\"text-align: center;\"><span style=\"color: #000000;\"><strong>Data do Certame:<\/strong><\/span><\/p>\n<\/td>\n<td>\n<p style=\"text-align: center;\"><span style=\"color: #000000;\">09\/05\/2019 \u00e0s 10:30<\/span><\/p>\n<\/td>\n<\/tr>\n<tr>\n<td>\n<p style=\"text-align: center;\"><span style=\"color: #000000;\"><strong>Data da Homologa\u00e7\u00e3o:<\/strong><\/span><\/p>\n<\/td>\n<td>\n<p style=\"text-align: center;\"><span style=\"color: #000000;\">11\/05\/2019<\/span><\/p>\n<\/td>\n<\/tr>\n<tr>\n<td colspan=\"2\">\n<p style=\"text-align: center;\"><u><span style=\"color: #000080;\">Edital<\/span><\/u><\/p>\n<\/td>\n<\/tr>\n<tr>\n<td colspan=\"2\">\n<p style=\"text-align: center;\"><a href=\"https:\/\/educacao.niteroi.rj.gov.br\/wp-content\/uploads\/2019\/08\/ANEXO-I-e-II-PP-08-2019-saboneteira.pdf\"><span style=\"color: #000080;\">Anexo I e II<\/span><\/a><\/p>\n<\/td>\n<\/tr>\n<tr>\n<td colspan=\"2\">\n<p style=\"text-align: center;\"><a href=\"https:\/\/educacao.niteroi.rj.gov.br\/wp-content\/uploads\/2019\/08\/PP-08-Publica\u00e7\u00e3o-I.pdf\"><span style=\"color: #000080;\">Aviso de Licita\u00e7\u00e3o &#8211;\u00a0Publica\u00e7\u00e3o<\/span><\/a><\/p>\n<\/td>\n<\/tr>\n<tr>\n<td colspan=\"2\">\n<p style=\"text-align: center;\"><a href=\"https:\/\/educacao.niteroi.rj.gov.br\/wp-content\/uploads\/2019\/08\/HOMOLOGA\u00c7\u00c3O-PP.-03-05-LOTE-07-08-e-11..pdf\"><span style=\"color: #000080;\">Homologa\u00e7\u00e3o<\/span><\/a><\/p>\n<\/td>\n<\/tr>\n<tr>\n<td colspan=\"2\">\n<p style=\"text-align: center;\"><a href=\"https:\/\/educacao.niteroi.rj.gov.br\/wp-content\/uploads\/2019\/08\/minuta-de-contrato.pdf\"><span style=\"color: #000080;\">Minuta<\/span><\/a><\/p>\n<\/td>\n<\/tr>\n<\/tbody>\n<\/table>\n<p>&nbsp;<\/p>\n<table style=\"width: 490px;\" border=\"1\" width=\"490\" cellspacing=\"0\" cellpadding=\"0\" align=\"center\">\n<tbody>\n<tr>\n<td colspan=\"2\">\n<p style=\"text-align: center;\"><span style=\"color: #000000;\"><strong>PREG\u00c3O PRESENCIAL<\/strong>\u00a0<strong>N\u00b0 09\/2019<\/strong><\/span><\/p>\n<\/td>\n<\/tr>\n<tr>\n<td style=\"width: 20.82%;\">\n<p style=\"text-align: center;\"><strong><span style=\"color: #000000;\">Org\u00e3o<\/span>:<\/strong><\/p>\n<\/td>\n<td style=\"width: 79.18%;\">\n<p style=\"text-align: center;\"><span style=\"color: #000000;\">Funda\u00e7\u00e3o Municipal de Educa\u00e7\u00e3o de Niter\u00f3i<\/span><\/p>\n<\/td>\n<\/tr>\n<tr>\n<td>\n<p style=\"text-align: center;\"><span style=\"color: #000000;\"><strong>Objeto:<\/strong><\/span><\/p>\n<\/td>\n<td>\n<p style=\"text-align: justify;\"><span style=\"color: #000000;\">Aquisi\u00e7\u00e3o de itens de limpeza: Saboneteira em acr\u00edlico\u00a0e Sabonete anti-s\u00e9ptico l\u00edquido para as cozinhas das Unidades Escolares de Educa\u00e7\u00e3o Infantil e\u00a0Ensino Fundamental da Rede Municipal de Educa\u00e7\u00e3o de Niter\u00f3i\/FME.<\/span><\/p>\n<\/td>\n<\/tr>\n<tr>\n<td>\n<p style=\"text-align: center;\"><span style=\"color: #000000;\"><strong>Data do Certame:<\/strong><\/span><\/p>\n<\/td>\n<td>\n<p style=\"text-align: center;\"><span style=\"color: #000000;\">09\/05\/2019 \u00e0s 10:30<\/span><\/p>\n<\/td>\n<\/tr>\n<tr>\n<td>\n<p style=\"text-align: center;\"><span style=\"color: #000000;\"><strong>Data da Homologa\u00e7\u00e3o:<\/strong><\/span><\/p>\n<\/td>\n<td>\n<p style=\"text-align: center;\">11\/05\/2019<\/p>\n<\/td>\n<\/tr>\n<tr>\n<td colspan=\"2\">\n<p style=\"text-align: center;\"><u><span style=\"color: #000080;\">Edital<\/span><\/u><\/p>\n<\/td>\n<\/tr>\n<tr>\n<td colspan=\"2\">\n<p style=\"text-align: center;\"><a href=\"https:\/\/educacao.niteroi.rj.gov.br\/wp-content\/uploads\/2019\/08\/ANEXO-I-e-II-PP-08-2019-saboneteira.pdf\"><span style=\"color: #000080;\">Anexo I e II<\/span><\/a><\/p>\n<\/td>\n<\/tr>\n<tr>\n<td colspan=\"2\">\n<p style=\"text-align: center;\"><a href=\"https:\/\/educacao.niteroi.rj.gov.br\/wp-content\/uploads\/2019\/08\/PP-08-Publica\u00e7\u00e3o-I.pdf\"><span style=\"color: #000080;\">Aviso de Liicta\u00e7\u00e3o &#8211;\u00a0Publica\u00e7\u00e3o<\/span><\/a><\/p>\n<\/td>\n<\/tr>\n<tr>\n<td colspan=\"2\">\n<p style=\"text-align: center;\"><a href=\"https:\/\/educacao.niteroi.rj.gov.br\/wp-content\/uploads\/2019\/08\/HOMOLOGA\u00c7\u00c3O-PP.-03-05-LOTE-07-08-e-11..pdf\"><span style=\"color: #000080;\">Homologa\u00e7\u00e3o<\/span><\/a><\/p>\n<\/td>\n<\/tr>\n<tr>\n<td colspan=\"2\">\n<p style=\"text-align: center;\"><a href=\"https:\/\/educacao.niteroi.rj.gov.br\/wp-content\/uploads\/2019\/08\/minuta-de-contrato.pdf\"><span style=\"color: #000080;\">Minuta<\/span><\/a><\/p>\n<\/td>\n<\/tr>\n<\/tbody>\n<\/table>\n<p>&nbsp;<\/p>\n<table style=\"width: 490px;\" border=\"1\" width=\"490\" cellspacing=\"0\" cellpadding=\"0\" align=\"center\">\n<tbody>\n<tr>\n<td colspan=\"2\">\n<p style=\"text-align: center;\"><span style=\"color: #000000;\"><strong>PREG\u00c3O PRESENCIAL<\/strong>\u00a0<strong>N\u00b0 10\/2019<\/strong><\/span><\/p>\n<\/td>\n<\/tr>\n<tr>\n<td style=\"width: 20.82%;\">\n<p style=\"text-align: center;\"><strong><span style=\"color: #000000;\">Org\u00e3o<\/span>:<\/strong><\/p>\n<\/td>\n<td style=\"width: 79.18%;\">\n<p style=\"text-align: center;\"><span style=\"color: #000000;\">Funda\u00e7\u00e3o Municipal de Educa\u00e7\u00e3o de Niter\u00f3i<\/span><\/p>\n<\/td>\n<\/tr>\n<tr>\n<td>\n<p style=\"text-align: center;\"><span style=\"color: #000000;\"><strong>Objeto:<\/strong><\/span><\/p>\n<\/td>\n<td>\n<p style=\"text-align: justify;\"><span style=\"color: #000000;\">Aquisi\u00e7\u00e3o de g\u00eaneros aliment\u00edcios para serem utilizadas na elabora\u00e7\u00e3o do card\u00e1pio das Unidades Escolares, Projetos e Institui\u00e7\u00f5es Filantr\u00f3picas da Rede Municipal de Niter\u00f3i.<\/span><\/p>\n<\/td>\n<\/tr>\n<tr>\n<td>\n<p style=\"text-align: center;\"><span style=\"color: #000000;\"><strong>Data do Certame:<\/strong><\/span><\/p>\n<\/td>\n<td>\n<p style=\"text-align: center;\"><span style=\"color: #000000;\">Adiado <em>&#8220;Sine die&#8221;<\/em><\/span><\/p>\n<\/td>\n<\/tr>\n<tr>\n<td>\n<p style=\"text-align: center;\"><span style=\"color: #000000;\"><strong>Data da Homologa\u00e7\u00e3o:<\/strong><\/span><\/p>\n<\/td>\n<td>\n<p align=\"center\">\n<\/td>\n<\/tr>\n<tr>\n<td colspan=\"2\">\n<p style=\"text-align: center;\"><a href=\"https:\/\/drive.google.com\/file\/d\/1HqeyqK4myN8ZIssy9gIVOlYc0wo_AtHJ\/view\"><span style=\"color: #000080;\">Edital \/ Anexos<\/span><\/a><\/p>\n<\/td>\n<\/tr>\n<tr>\n<td colspan=\"2\">\n<p style=\"text-align: center;\"><a href=\"https:\/\/educacao.niteroi.rj.gov.br\/wp-content\/uploads\/2019\/08\/PUBLICA\u00c7\u00c3O.pdf\"><span style=\"color: #000080;\">Aviso de Licita\u00e7\u00e3o &#8211; Publica\u00e7\u00e3o<\/span><\/a><\/p>\n<\/td>\n<\/tr>\n<tr>\n<td colspan=\"2\">\n<p style=\"text-align: center;\"><a href=\"https:\/\/educacao.niteroi.rj.gov.br\/wp-content\/uploads\/2019\/08\/Sine-Die-PP-010-2019.pdf\"><span style=\"color: #000080;\">Adiamento Sine die &#8211; Publica\u00e7\u00e3o<\/span><\/a><\/p>\n<\/td>\n<\/tr>\n<tr>\n<td colspan=\"2\">\n<p style=\"text-align: center;\"><a href=\"https:\/\/educacao.niteroi.rj.gov.br\/wp-content\/uploads\/2019\/08\/Aviso-Preg\u00e3o-010-2019.pdf\"><span style=\"color: #000080;\">Aviso de Preg\u00e3o<\/span><\/a><\/p>\n<\/td>\n<\/tr>\n<tr>\n<td colspan=\"2\">\n<p style=\"text-align: center;\"><a href=\"https:\/\/educacao.niteroi.rj.gov.br\/wp-content\/uploads\/2019\/08\/Aviso-de-Adiamento-Preg\u00e3o-10-2019.pdf\"><span style=\"color: #000080;\">Aviso de Adiamento &#8211; Preg\u00e3o 10\/2019<\/span><\/a><\/p>\n<p style=\"text-align: center;\"><span style=\"color: #000080;\">BASE LEGAL:<\/span><\/p>\n<p style=\"text-align: center;\"><a href=\"https:\/\/leismunicipais.com.br\/a\/rj\/n\/niteroi\/decreto\/2020\/1351\/13505\/decreto-n-13505-2020-cria-gabinete-de-crise-para-centralizar-a-tomada-de-decisoes-integrar-e-alinhar-as-iniciativas-do-municipio-na-prevencao-e-assistencia-a-populacao-em-relacao-a-disseminacao-do-virus-covid-19-no-municipio-de-niteroi-e-da-outras-providencias?q=13505\"><span style=\"color: #000080;\">Decreto Municipal N\u00ba 13.505\/2020<\/span><\/a><\/p>\n<p style=\"text-align: center;\"><a href=\"http:\/\/www.ioerj.com.br\/portal\/modules\/conteudoonline\/mostra_edicao.php?session=VGxWVmQwOVZTa1ZOTUZWMFRWVlJNRTU1TURCT1JHaEhURlJyTlU0d1VYUk9WRUpIVWtSamVrOUViRVZPZW1zdw==&amp;p=Mg==&amp;tb=ZGVjcmV0byA0Njk3MyYjMDEzOw==\"><span style=\"color: #000080;\">Decreto Estadual N\u00ba 46.973\/2020<\/span><\/a><\/p>\n<\/td>\n<\/tr>\n<tr>\n<td colspan=\"2\">\n<p style=\"text-align: center;\"><a href=\"https:\/\/issuu.com\/atribunarj\/docs\/a_tribuna__19_de_mar_o_de_2020\/7\"><span style=\"color: #000080;\">Jornal A Tribuna &#8211; Di\u00e1rio Oficial de Niter\u00f3i &#8211; 19\/03\/2020 &#8211; P\u00e1gina 7<\/span><\/a><\/p>\n<\/td>\n<\/tr>\n<\/tbody>\n<\/table>\n<p>&nbsp;<\/p>\n<table style=\"width: 490px;\" border=\"1\" width=\"490\" cellspacing=\"0\" cellpadding=\"0\" align=\"center\">\n<tbody>\n<tr>\n<td colspan=\"2\">\n<p style=\"text-align: center;\"><span style=\"color: #000000;\"><strong>PREG\u00c3O PRESENCIAL<\/strong>\u00a0<strong>N\u00b0 11\/2019<\/strong><\/span><\/p>\n<\/td>\n<\/tr>\n<tr>\n<td style=\"width: 20.82%;\">\n<p style=\"text-align: center;\"><strong><span style=\"color: #000000;\">Org\u00e3o<\/span>:<\/strong><\/p>\n<\/td>\n<td style=\"width: 79.18%;\">\n<p style=\"text-align: center;\"><span style=\"color: #000000;\">Funda\u00e7\u00e3o Municipal de Educa\u00e7\u00e3o de Niter\u00f3i<\/span><\/p>\n<\/td>\n<\/tr>\n<tr>\n<td>\n<p style=\"text-align: center;\"><span style=\"color: #000000;\"><strong>Objeto:<\/strong><\/span><\/p>\n<\/td>\n<td>\n<p style=\"text-align: justify;\"><span style=\"color: #000000;\">Aquisi\u00e7\u00e3o de lixeiras retangulares com rod\u00edzios e acionamento<br \/>\ncom pedal para as cozinhas das Unidades Escolares de Educa\u00e7\u00e3o Infantil e Ensino Fundamental da Rede<br \/>\nMunicipal de Educa\u00e7\u00e3o de Niter\u00f3i\/FME<\/span><\/p>\n<\/td>\n<\/tr>\n<tr>\n<td>\n<p style=\"text-align: center;\"><span style=\"color: #000000;\"><strong>Data do Certame:<\/strong><\/span><\/p>\n<\/td>\n<td>\n<p style=\"text-align: center;\"><span style=\"color: #000000;\">16\/04\/2019 \u00e0s 09:30h<\/span><\/p>\n<\/td>\n<\/tr>\n<tr>\n<td>\n<p style=\"text-align: center;\"><span style=\"color: #000000;\"><strong>Data da Homologa\u00e7\u00e3o:<\/strong><\/span><\/p>\n<\/td>\n<td>\n<p style=\"text-align: center;\"><span style=\"color: #000000;\">11\/05\/2019<\/span><\/p>\n<\/td>\n<\/tr>\n<tr>\n<td colspan=\"2\">\n<p style=\"text-align: center;\"><a href=\"https:\/\/educacao.niteroi.rj.gov.br\/wp-content\/uploads\/2019\/08\/PP-011-2019-Edital-Lixeira.pdf\"><span style=\"color: #000080;\">Edital<\/span><\/a><\/p>\n<\/td>\n<\/tr>\n<tr>\n<td colspan=\"2\">\n<p style=\"text-align: center;\"><a href=\"https:\/\/educacao.niteroi.rj.gov.br\/wp-content\/uploads\/2019\/08\/PP011-2019-ANEXO-I-LIXEIRA-NUTRI.pdf\"><span style=\"color: #000080;\">Anexo\u00a0I<\/span><\/a><\/p>\n<\/td>\n<\/tr>\n<tr>\n<td colspan=\"2\">\n<p style=\"text-align: center;\"><a href=\"https:\/\/educacao.niteroi.rj.gov.br\/wp-content\/uploads\/2019\/08\/PP011-2019-ANEXO-II-LIXEIRA-NUTRI.pdf\"><span style=\"color: #000080;\">Anexo\u00a0II<\/span><\/a><\/p>\n<\/td>\n<\/tr>\n<tr>\n<td colspan=\"2\">\n<p style=\"text-align: center;\"><a href=\"https:\/\/educacao.niteroi.rj.gov.br\/wp-content\/uploads\/2019\/08\/Minuta-Contrato_compressed.pdf\"><span style=\"color: #000080;\">Minuta Contrato<\/span><\/a><\/p>\n<\/td>\n<\/tr>\n<tr>\n<td colspan=\"2\">\n<p style=\"text-align: center;\"><a href=\"https:\/\/educacao.niteroi.rj.gov.br\/wp-content\/uploads\/2019\/08\/PP011-abril-16-publ.pdf\"><span style=\"color: #000080;\">Aviso de Preg\u00e3o &#8211; 03\/04\/2019<\/span><\/a><\/p>\n<\/td>\n<\/tr>\n<tr>\n<td colspan=\"2\">\n<p style=\"text-align: center;\"><a href=\"https:\/\/educacao.niteroi.rj.gov.br\/wp-content\/uploads\/2019\/08\/PP-11-Fracassada.pdf\"><span style=\"color: #000080;\">Aviso de Preg\u00e3o &#8211; Fracassada &#8211; 25\/04\/2019\u00a0<\/span><\/a><\/p>\n<\/td>\n<\/tr>\n<tr>\n<td colspan=\"2\">\n<p style=\"text-align: center;\"><a href=\"https:\/\/educacao.niteroi.rj.gov.br\/wp-content\/uploads\/2019\/08\/PP011-maio-08-publ-1.pdf\"><span style=\"color: #000080;\">Aviso\u00a0de Preg\u00e3o &#8211; 26\/04\/2019<\/span><\/a><\/p>\n<\/td>\n<\/tr>\n<tr>\n<td colspan=\"2\">\n<p style=\"text-align: center;\"><a href=\"https:\/\/educacao.niteroi.rj.gov.br\/wp-content\/uploads\/2019\/08\/PP-011-2019-Edital-Lixeira-nova-data.pdf\"><span style=\"color: #000080;\">Novo Edital &#8211; 26\/04\/2019<\/span><\/a><\/p>\n<\/td>\n<\/tr>\n<tr>\n<td colspan=\"2\">\n<p style=\"text-align: center;\"><a href=\"https:\/\/educacao.niteroi.rj.gov.br\/wp-content\/uploads\/2019\/08\/HOMOLOO-PP.-03-05-LOTE-07-08-e-11-11-de-maio.pdf\"><span style=\"color: #000080;\">Homologa\u00e7\u00e3o\u00a0&#8211; 11\/05\/2019<\/span><\/a><\/p>\n<\/td>\n<\/tr>\n<\/tbody>\n<\/table>\n<p>&nbsp;<\/p>\n<table style=\"width: 490px;\" border=\"1\" width=\"490\" cellspacing=\"0\" cellpadding=\"0\" align=\"center\">\n<tbody>\n<tr>\n<td colspan=\"2\">\n<p style=\"text-align: center;\"><span style=\"color: #000000;\"><strong>PREG\u00c3O PRESENCIAL<\/strong>\u00a0<strong>N\u00b0 13\/2019<\/strong><\/span><\/p>\n<\/td>\n<\/tr>\n<tr>\n<td style=\"width: 20.82%;\">\n<p style=\"text-align: center;\"><strong><span style=\"color: #000000;\">Org\u00e3o<\/span>:<\/strong><\/p>\n<\/td>\n<td style=\"width: 79.18%;\">\n<p style=\"text-align: center;\"><span style=\"color: #000000;\">Funda\u00e7\u00e3o Municipal de Educa\u00e7\u00e3o de Niter\u00f3i<\/span><\/p>\n<\/td>\n<\/tr>\n<tr>\n<td>\n<p style=\"text-align: center;\"><span style=\"color: #000000;\"><strong>Objeto:<\/strong><\/span><\/p>\n<\/td>\n<td>\n<p style=\"text-align: justify;\"><span style=\"color: #000000;\">A contrata\u00e7\u00e3o de empresa para presta\u00e7\u00e3o de servi\u00e7os, com a finalidade de auxiliar as tarefas de finaliza\u00e7\u00e3o da 4\u00aa edi\u00e7\u00e3o do Programa Avaliar para Conhecer, atuando especificamente no processamento,an\u00e1lise de dados e elabora\u00e7\u00e3o de cadernos pedag\u00f3gicos de L\u00edngua Portuguesa e Matem\u00e1tica e relat\u00f3rios anal\u00edticos \u2013 geral e individualizado \u2013 dos 5\u00ba, 7\u00ba e 9\u00ba anos de escolaridade da Rede Municipal de Educa\u00e7\u00e3o de Niter\u00f3i.<\/span><\/p>\n<\/td>\n<\/tr>\n<tr>\n<td>\n<p style=\"text-align: center;\"><span style=\"color: #000000;\"><strong>Data do Certame:<\/strong><\/span><\/p>\n<\/td>\n<td>\n<p style=\"text-align: center;\"><span style=\"color: #000000;\">17\/04\/2019 \u00e0s 14:30h<\/span><\/p>\n<\/td>\n<\/tr>\n<tr>\n<td>\n<p style=\"text-align: center;\"><span style=\"color: #000000;\"><strong>Data da Homologa\u00e7\u00e3o:<\/strong><\/span><\/p>\n<\/td>\n<td>\n<p style=\"text-align: center;\"><span style=\"color: #000000;\">13\/06\/2019<\/span><\/p>\n<\/td>\n<\/tr>\n<tr>\n<td colspan=\"2\">\n<p style=\"text-align: center;\"><a href=\"https:\/\/educacao.niteroi.rj.gov.br\/wp-content\/uploads\/2019\/08\/I-Edital-PP-013-2019.pdf\"><span style=\"color: #000080;\">Edital<\/span><\/a><\/p>\n<\/td>\n<\/tr>\n<tr>\n<td colspan=\"2\">\n<p style=\"text-align: center;\"><a href=\"https:\/\/educacao.niteroi.rj.gov.br\/wp-content\/uploads\/2019\/08\/ANEXO-I-E-II-PP-013-2019-AVALIAR-P-CONHECER-IMPRESS\u00c3O.pdf\"><span style=\"color: #000080;\">Anexo I e II<\/span><\/a><\/p>\n<\/td>\n<\/tr>\n<tr>\n<td colspan=\"2\">\n<p style=\"text-align: center;\"><a href=\"https:\/\/educacao.niteroi.rj.gov.br\/wp-content\/uploads\/2019\/08\/MINUTA-DE-CONTRATO-PP-013-2019_compressed.pdf\"><span style=\"color: #000080;\">Minuta de Contrato<\/span><\/a><\/p>\n<\/td>\n<\/tr>\n<tr>\n<td colspan=\"2\">\n<p style=\"text-align: center;\"><a href=\"https:\/\/educacao.niteroi.rj.gov.br\/wp-content\/uploads\/2019\/08\/PP-013-deserto.pdf\"><span style=\"color: #000080;\">Aviso de Preg\u00e3o &#8211; 25\/04\/2019 &#8211; Deserto<\/span><\/a><\/p>\n<\/td>\n<\/tr>\n<\/tbody>\n<\/table>\n<p>&nbsp;<\/p>\n<table style=\"width: 490px;\" border=\"1\" width=\"490\" cellspacing=\"0\" cellpadding=\"0\" align=\"center\">\n<tbody>\n<tr>\n<td colspan=\"2\">\n<p style=\"text-align: center;\"><span style=\"color: #000000;\"><strong>PREG\u00c3O PRESENCIAL<\/strong>\u00a0<strong>N\u00b0 14\/2019<\/strong><\/span><\/p>\n<\/td>\n<\/tr>\n<tr>\n<td style=\"width: 20.82%;\">\n<p style=\"text-align: center;\"><strong><span style=\"color: #000000;\">Org\u00e3o<\/span>:<\/strong><\/p>\n<\/td>\n<td style=\"width: 79.18%;\">\n<p style=\"text-align: center;\"><span style=\"color: #000000;\">Funda\u00e7\u00e3o Municipal de Educa\u00e7\u00e3o de Niter\u00f3i<\/span><\/p>\n<\/td>\n<\/tr>\n<tr>\n<td>\n<p style=\"text-align: center;\"><span style=\"color: #000000;\"><strong>Objeto:<\/strong><\/span><\/p>\n<\/td>\n<td>\n<p style=\"text-align: justify;\"><span style=\"color: #000000;\">Aquisi\u00e7\u00e3o de liquidificadores industriais de 2 litros e 4 litros para as Unidades de Educa\u00e7\u00e3o Infantil e Unidades de Ensino Fundamental da Rede Municipal de Niter\u00f3i.<\/span><\/p>\n<\/td>\n<\/tr>\n<tr>\n<td>\n<p style=\"text-align: center;\"><span style=\"color: #000000;\"><strong>Data do Certame:<\/strong><\/span><\/p>\n<\/td>\n<td>\n<p style=\"text-align: center;\"><span style=\"color: #000000;\">10\/06\/2019 \u00e0s 14:00h<\/span><\/p>\n<\/td>\n<\/tr>\n<tr>\n<td>\n<p style=\"text-align: center;\"><span style=\"color: #000000;\"><strong>Data da Homologa\u00e7\u00e3o:<\/strong><\/span><\/p>\n<\/td>\n<td>\n<p style=\"text-align: center;\"><span style=\"color: #000000;\">19\/06\/2019<\/span><\/p>\n<\/td>\n<\/tr>\n<tr>\n<td colspan=\"2\">\n<p style=\"text-align: center;\"><a href=\"https:\/\/educacao.niteroi.rj.gov.br\/wp-content\/uploads\/2019\/08\/PP14-2019-EDITAL-liquidificador-2-e-4-litros-I.pdf\"><span style=\"color: #000080;\">Edital<\/span><\/a><\/p>\n<\/td>\n<\/tr>\n<tr>\n<td colspan=\"2\">\n<p style=\"text-align: center;\"><a href=\"https:\/\/educacao.niteroi.rj.gov.br\/wp-content\/uploads\/2019\/08\/ANEXO-I-E-II-PP-014-2019-LIQUIDIFICADOR.pdf\"><span style=\"color: #000080;\">Anexo I e II<\/span><\/a><\/p>\n<\/td>\n<\/tr>\n<tr>\n<td colspan=\"2\">\n<p style=\"text-align: center;\"><a href=\"https:\/\/educacao.niteroi.rj.gov.br\/wp-content\/uploads\/2019\/08\/Minuta-contrato_compressed.pdf\"><span style=\"color: #000080;\">Minuta contrato<\/span><\/a><\/p>\n<\/td>\n<\/tr>\n<tr>\n<td colspan=\"2\">\n<p style=\"text-align: center;\"><a href=\"https:\/\/educacao.niteroi.rj.gov.br\/wp-content\/uploads\/2019\/08\/aviso-PP-14.pdf\"><span style=\"color: #000080;\">Aviso de Preg\u00e3o &#8211; 31\/05\/2019<\/span><\/a><\/p>\n<\/td>\n<\/tr>\n<tr>\n<td colspan=\"2\">\n<p style=\"text-align: center;\"><a href=\"https:\/\/educacao.niteroi.rj.gov.br\/wp-content\/uploads\/2019\/08\/homol.-PP00214extr14-1.pdf\"><span style=\"color: #000080;\">Homologa\u00e7\u00e3o<\/span><\/a><\/p>\n<\/td>\n<\/tr>\n<\/tbody>\n<\/table>\n<p>&nbsp;<\/p>\n<table style=\"width: 490px;\" border=\"1\" width=\"490\" cellspacing=\"0\" cellpadding=\"0\" align=\"center\">\n<tbody>\n<tr>\n<td colspan=\"2\">\n<p style=\"text-align: center;\"><span style=\"color: #000000;\"><strong>PREG\u00c3O PRESENCIAL<\/strong>\u00a0<strong>N\u00b0 15\/2019<\/strong><\/span><\/p>\n<\/td>\n<\/tr>\n<tr>\n<td style=\"width: 20.82%;\">\n<p style=\"text-align: center;\"><strong><span style=\"color: #000000;\">Org\u00e3o<\/span>:<\/strong><\/p>\n<\/td>\n<td style=\"width: 79.18%;\">\n<p style=\"text-align: center;\"><span style=\"color: #000000;\">Funda\u00e7\u00e3o Municipal de Educa\u00e7\u00e3o de Niter\u00f3i<\/span><\/p>\n<\/td>\n<\/tr>\n<tr>\n<td>\n<p style=\"text-align: center;\"><span style=\"color: #000000;\"><strong>Objeto:<\/strong><\/span><\/p>\n<\/td>\n<td>\n<p style=\"text-align: justify;\"><span style=\"color: #000000;\">A contrata\u00e7\u00e3o de empresa especializada para execu\u00e7\u00e3o dos servi\u00e7os de recarga de extintores contra inc\u00eandio da Rede Municipal de Educa\u00e7\u00e3o de Niter\u00f3i.<\/span><\/p>\n<\/td>\n<\/tr>\n<tr>\n<td>\n<p style=\"text-align: center;\"><span style=\"color: #000000;\"><strong>Data do Certame:<\/strong><\/span><\/p>\n<\/td>\n<td>\n<p style=\"text-align: center;\"><span style=\"color: #000000;\">22\/05\/2019 \u00e0s 11:00h<\/span><\/p>\n<\/td>\n<\/tr>\n<tr>\n<td>\n<p style=\"text-align: center;\"><span style=\"color: #000000;\"><strong>Data da Homologa\u00e7\u00e3o:<\/strong><\/span><\/p>\n<\/td>\n<td>\n<p style=\"text-align: center;\"><span style=\"color: #000000;\">08\/06\/2019<\/span><\/p>\n<\/td>\n<\/tr>\n<tr>\n<td colspan=\"2\">\n<p style=\"text-align: center;\"><a href=\"https:\/\/educacao.niteroi.rj.gov.br\/wp-content\/uploads\/2019\/08\/EDITAL-PP-015-2019-Man.-Extintores.pdf\"><span style=\"color: #000080;\">Edital<\/span><\/a><\/p>\n<\/td>\n<\/tr>\n<tr>\n<td colspan=\"2\">\n<p style=\"text-align: center;\"><a href=\"https:\/\/educacao.niteroi.rj.gov.br\/wp-content\/uploads\/2019\/08\/ANEXO-I-E-II-PP015-2019-EXTINTORES.pdf\"><span style=\"color: #000080;\">Anexo I e II<\/span><\/a><\/p>\n<\/td>\n<\/tr>\n<tr>\n<td colspan=\"2\">\n<p style=\"text-align: center;\"><a href=\"https:\/\/educacao.niteroi.rj.gov.br\/wp-content\/uploads\/2019\/08\/MINUTA-CONTRATO_compressed-1.pdf\"><span style=\"color: #000080;\">Minuta de Contrato<\/span><\/a><\/p>\n<\/td>\n<\/tr>\n<tr>\n<td colspan=\"2\">\n<p style=\"text-align: center;\"><a href=\"https:\/\/educacao.niteroi.rj.gov.br\/wp-content\/uploads\/2019\/08\/PP-015-Publica\u00e7\u00e3o.pdf\"><span style=\"color: #000080;\">Aviso de Preg\u00e3o &#8211; 11\/05\/2019<\/span><\/a><\/p>\n<\/td>\n<\/tr>\n<tr>\n<td colspan=\"2\">\n<p style=\"text-align: center;\"><a href=\"https:\/\/educacao.niteroi.rj.gov.br\/wp-content\/uploads\/2019\/08\/homol-pp-15.pdf\"><span style=\"color: #000080;\">Homologa\u00e7\u00e3o<\/span><\/a><\/p>\n<\/td>\n<\/tr>\n<\/tbody>\n<\/table>\n<p>&nbsp;<\/p>\n<table style=\"width: 490px;\" border=\"1\" width=\"490\" cellspacing=\"0\" cellpadding=\"0\" align=\"center\">\n<tbody>\n<tr>\n<td colspan=\"2\">\n<p style=\"text-align: center;\"><span style=\"color: #000000;\"><strong>PREG\u00c3O PRESENCIAL<\/strong>\u00a0<strong>N\u00b0 17\/2019<\/strong><\/span><\/p>\n<\/td>\n<\/tr>\n<tr>\n<td style=\"width: 20.82%;\">\n<p style=\"text-align: center;\"><strong><span style=\"color: #000000;\">Org\u00e3o<\/span>:<\/strong><\/p>\n<\/td>\n<td style=\"width: 79.18%;\">\n<p style=\"text-align: center;\"><span style=\"color: #000000;\">Funda\u00e7\u00e3o Municipal de Educa\u00e7\u00e3o de Niter\u00f3i<\/span><\/p>\n<\/td>\n<\/tr>\n<tr>\n<td>\n<p style=\"text-align: center;\"><span style=\"color: #000000;\"><strong>Objeto:<\/strong><\/span><\/p>\n<\/td>\n<td>\n<p style=\"text-align: justify;\">A aquisi\u00e7\u00e3o pelo Sistema de Registro de Pre\u00e7o, de\u00a0equipamentos de cozinha (refrigerador industrial) para atender as necessidades das Unidades\u00a0Escolares da Rede Municipal de Educa\u00e7\u00e3o de Niter\u00f3i.<\/p>\n<\/td>\n<\/tr>\n<tr>\n<td>\n<p style=\"text-align: center;\"><span style=\"color: #000000;\"><strong>Data do Certame:<\/strong><\/span><\/p>\n<\/td>\n<td>\n<p style=\"text-align: center;\">19\/07\/2019 \u00e0s<\/p>\n<\/td>\n<\/tr>\n<tr>\n<td>\n<p style=\"text-align: center;\"><span style=\"color: #000000;\"><strong>Data da Homologa\u00e7\u00e3o:<\/strong><\/span><\/p>\n<\/td>\n<td>\n<p style=\"text-align: center;\">24\/07\/2019<\/p>\n<\/td>\n<\/tr>\n<tr>\n<td colspan=\"2\">\n<p style=\"text-align: center;\"><a href=\"https:\/\/educacao.niteroi.rj.gov.br\/wp-content\/uploads\/2019\/08\/PP017-2019-Edital-Refrigerador-Idustrial.pdf\"><span style=\"color: #000080;\">Edital<\/span><\/a><\/p>\n<\/td>\n<\/tr>\n<tr>\n<td colspan=\"2\">\n<p style=\"text-align: center;\"><a href=\"https:\/\/educacao.niteroi.rj.gov.br\/wp-content\/uploads\/2019\/08\/ANEXO-I-e-II-PP-017-2019-REFRIGERADOR-INDUSTRIAL.pdf\"><span style=\"color: #000080;\">Anexo I e II<\/span><\/a><\/p>\n<\/td>\n<\/tr>\n<tr>\n<td colspan=\"2\">\n<p style=\"text-align: center;\"><a href=\"https:\/\/educacao.niteroi.rj.gov.br\/wp-content\/uploads\/2019\/08\/MINUTA-DE-CONTRATO-PP017_compressed.pdf\"><span style=\"color: #000080;\">Minuta de Contrato<\/span><\/a><\/p>\n<\/td>\n<\/tr>\n<tr>\n<td colspan=\"2\">\n<p style=\"text-align: center;\"><a href=\"https:\/\/educacao.niteroi.rj.gov.br\/wp-content\/uploads\/2019\/08\/aviso-17.pdf\"><span style=\"color: #000080;\">Aviso de Preg\u00e3o &#8211; 10\/07\/2019<\/span><\/a><\/p>\n<\/td>\n<\/tr>\n<tr>\n<td colspan=\"2\">\n<p style=\"text-align: center;\"><a href=\"https:\/\/educacao.niteroi.rj.gov.br\/wp-content\/uploads\/2019\/08\/HOMO-17-22.pdf\"><span style=\"color: #000080;\">Homologa\u00e7\u00e3o &#8211;\u00a0 24\/07\/2019<\/span><\/a><\/p>\n<\/td>\n<\/tr>\n<\/tbody>\n<\/table>\n<p>&nbsp;<\/p>\n<table style=\"width: 490px;\" border=\"1\" width=\"490\" cellspacing=\"0\" cellpadding=\"0\" align=\"center\">\n<tbody>\n<tr>\n<td colspan=\"2\">\n<p style=\"text-align: center;\"><span style=\"color: #000000;\"><strong>PREG\u00c3O PRESENCIAL<\/strong>\u00a0<strong>N\u00b0 34\/2019<\/strong><\/span><\/p>\n<\/td>\n<\/tr>\n<tr>\n<td style=\"width: 20.82%;\">\n<p style=\"text-align: center;\"><strong><span style=\"color: #000000;\">Org\u00e3o<\/span>:<\/strong><\/p>\n<\/td>\n<td style=\"width: 79.18%;\">\n<p style=\"text-align: center;\"><span style=\"color: #000000;\">Funda\u00e7\u00e3o Municipal de Educa\u00e7\u00e3o de Niter\u00f3i<\/span><\/p>\n<\/td>\n<\/tr>\n<tr>\n<td>\n<p style=\"text-align: center;\"><span style=\"color: #000000;\"><strong>Objeto:<\/strong><\/span><\/p>\n<\/td>\n<td>\n<p style=\"text-align: justify;\"><span style=\"color: #000000;\">Contrata\u00e7\u00e3o de empresa especializada para a\u00a0confec\u00e7\u00e3o e fornecimento de uniformes para os alunos da Rede Municipal de Educa\u00e7\u00e3o de\u00a0Niter\u00f3i, conforme especifica\u00e7\u00f5es descritas no Termo de Refer\u00eancia \u2013 Anexo III.<\/span><\/p>\n<\/td>\n<\/tr>\n<tr>\n<td>\n<p style=\"text-align: center;\"><span style=\"color: #000000;\"><strong>Data do Certame:<\/strong><\/span><\/p>\n<\/td>\n<td>\n<p style=\"text-align: center;\"><span style=\"color: #000000;\">13\/12\/2019 \u00e0s 9:00h<\/span><\/p>\n<\/td>\n<\/tr>\n<tr>\n<td>\n<p style=\"text-align: center;\"><span style=\"color: #000000;\"><strong>Data da Homologa\u00e7\u00e3o:<\/strong><\/span><\/p>\n<\/td>\n<td>\n<p align=\"center\">\n<\/td>\n<\/tr>\n<tr>\n<td colspan=\"2\">\n<p style=\"text-align: center;\"><a href=\"https:\/\/educacao.niteroi.rj.gov.br\/wp-content\/uploads\/2019\/08\/Edital-PP034-2019-Uniforme-TCE.pdf\"><span style=\"color: #000080;\">Edital<\/span><\/a><\/p>\n<\/td>\n<\/tr>\n<tr>\n<td colspan=\"2\">\n<p style=\"text-align: center;\"><a href=\"https:\/\/educacao.niteroi.rj.gov.br\/wp-content\/uploads\/2019\/08\/ANEXO-I-e-II-PP-034-2019-UNIFORME.pdf\"><span style=\"color: #000080;\">Anexo I e II<\/span><\/a><\/p>\n<\/td>\n<\/tr>\n<\/tbody>\n<\/table>\n<p>&nbsp;<\/p>\n<table style=\"width: 490px;\" border=\"1\" width=\"490\" cellspacing=\"0\" cellpadding=\"0\" align=\"center\">\n<tbody>\n<tr>\n<td colspan=\"2\">\n<p style=\"text-align: center;\"><span style=\"color: #000000;\"><strong>PREG\u00c3O PRESENCIAL<\/strong>\u00a0<strong>N\u00b0 42\/2019<\/strong><\/span><\/p>\n<\/td>\n<\/tr>\n<tr>\n<td style=\"width: 20.82%;\">\n<p style=\"text-align: center;\"><strong><span style=\"color: #000000;\">Org\u00e3o<\/span>:<\/strong><\/p>\n<\/td>\n<td style=\"width: 79.18%;\">\n<p style=\"text-align: center;\"><span style=\"color: #000000;\">Funda\u00e7\u00e3o Municipal de Educa\u00e7\u00e3o de Niter\u00f3i<\/span><\/p>\n<\/td>\n<\/tr>\n<tr>\n<td>\n<p style=\"text-align: center;\"><span style=\"color: #000000;\"><strong>Objeto:<\/strong><\/span><\/p>\n<\/td>\n<td>\n<p style=\"text-align: justify;\"><span style=\"color: #000000;\">Aquisi\u00e7\u00e3o de cadeira fixa para atender as necessidades<br \/>\ndas Unidades de Educa\u00e7\u00e3o do Munic\u00edpio de Niter\u00f3i<\/span><\/p>\n<\/td>\n<\/tr>\n<tr>\n<td>\n<p style=\"text-align: center;\"><span style=\"color: #000000;\"><strong>Data do Certame:<\/strong><\/span><\/p>\n<\/td>\n<td>\n<p style=\"text-align: center;\"><span style=\"color: #000000;\">05\/12\/2019 \u00e0s 14:00h<\/span><\/p>\n<\/td>\n<\/tr>\n<tr>\n<td>\n<p style=\"text-align: center;\"><span style=\"color: #000000;\"><strong>Data da Homologa\u00e7\u00e3o:<\/strong><\/span><\/p>\n<\/td>\n<td>\n<p style=\"text-align: center;\"><span style=\"color: #000000;\">07\/12\/2019<\/span><\/p>\n<\/td>\n<\/tr>\n<tr>\n<td colspan=\"2\">\n<p style=\"text-align: center;\"><a href=\"https:\/\/educacao.niteroi.rj.gov.br\/wp-content\/uploads\/2019\/08\/EDITAL-PP-042-cadeira-fixa.pdf\"><span style=\"color: #000080;\">Edital<\/span><\/a><\/p>\n<\/td>\n<\/tr>\n<tr>\n<td colspan=\"2\">\n<p style=\"text-align: center;\"><a href=\"https:\/\/educacao.niteroi.rj.gov.br\/wp-content\/uploads\/2019\/08\/ANEXO-I-pp42.pdf\"><span style=\"color: #000080;\">Anexo I<\/span><\/a><\/p>\n<\/td>\n<\/tr>\n<tr>\n<td colspan=\"2\">\n<p style=\"text-align: center;\"><a href=\"https:\/\/educacao.niteroi.rj.gov.br\/wp-content\/uploads\/2019\/08\/ANEXO-II-pp-42.pdf\"><span style=\"color: #000080;\">Anexo II<\/span><\/a><\/p>\n<\/td>\n<\/tr>\n<\/tbody>\n<\/table>\n<p>&nbsp;<\/p>\n<table style=\"width: 490px;\" border=\"1\" width=\"490\" cellspacing=\"0\" cellpadding=\"0\" align=\"center\">\n<tbody>\n<tr>\n<td colspan=\"2\">\n<p style=\"text-align: center;\"><span style=\"color: #000000;\"><strong>PREG\u00c3O PRESENCIAL<\/strong>\u00a0<strong>N\u00b0 43\/2019<\/strong><\/span><\/p>\n<\/td>\n<\/tr>\n<tr>\n<td style=\"width: 20.82%;\">\n<p style=\"text-align: center;\"><strong><span style=\"color: #000000;\">Org\u00e3o<\/span>:<\/strong><\/p>\n<\/td>\n<td style=\"width: 79.18%;\">\n<p style=\"text-align: center;\"><span style=\"color: #000000;\">Funda\u00e7\u00e3o Municipal de Educa\u00e7\u00e3o de Niter\u00f3i<\/span><\/p>\n<\/td>\n<\/tr>\n<tr>\n<td>\n<p style=\"text-align: center;\"><span style=\"color: #000000;\"><strong>Objeto:<\/strong><\/span><\/p>\n<\/td>\n<td>\n<p style=\"text-align: justify;\"><span style=\"color: #000000;\">Aquisi\u00e7\u00e3o de Carrinho de Bebe e Banheira com\u00a0Trocador, para serem utilizados nas UMEI\u2019s da Funda\u00e7\u00e3o Municipal de Educa\u00e7\u00e3o de Niter\u00f3i.<\/span><\/p>\n<\/td>\n<\/tr>\n<tr>\n<td>\n<p style=\"text-align: center;\"><span style=\"color: #000000;\"><strong>Data do Certame:<\/strong><\/span><\/p>\n<\/td>\n<td>\n<p style=\"text-align: center;\"><span style=\"color: #000000;\">18\/11\/2019 \u00e0s 14:00h<\/span><\/p>\n<\/td>\n<\/tr>\n<tr>\n<td>\n<p style=\"text-align: center;\"><span style=\"color: #000000;\"><strong>Data da Homologa\u00e7\u00e3o:<\/strong><\/span><\/p>\n<\/td>\n<td>\n<p align=\"center\">\n<\/td>\n<\/tr>\n<tr>\n<td colspan=\"2\">\n<p style=\"text-align: center;\"><a href=\"https:\/\/educacao.niteroi.rj.gov.br\/wp-content\/uploads\/2019\/08\/PP-043-2019-carrinho-de-bebe-e-trocador_compressed.pdf\"><span style=\"color: #000080;\">Edital<\/span><\/a><\/p>\n<\/td>\n<\/tr>\n<tr>\n<td colspan=\"2\">\n<p style=\"text-align: center;\"><a href=\"https:\/\/educacao.niteroi.rj.gov.br\/wp-content\/uploads\/2019\/08\/ANEXO-I.pdf\"><span style=\"color: #000080;\">Anexo I<\/span><\/a><\/p>\n<\/td>\n<\/tr>\n<tr>\n<td colspan=\"2\">\n<p style=\"text-align: center;\"><a href=\"https:\/\/educacao.niteroi.rj.gov.br\/wp-content\/uploads\/2019\/08\/ANEXO-II.pdf\"><span style=\"color: #000080;\">Anexo II<\/span><\/a><\/p>\n<\/td>\n<\/tr>\n<tr>\n<td colspan=\"2\">\n<p style=\"text-align: center;\"><a href=\"https:\/\/educacao.niteroi.rj.gov.br\/wp-content\/uploads\/2019\/08\/Fracassado.pdf\"><span style=\"color: #000080;\">Aviso de Licita\u00e7\u00e3o &#8211; Fracassado<\/span><\/a><span style=\"color: #000080;\">\u00a0<\/span><\/p>\n<\/td>\n<\/tr>\n<\/tbody>\n<\/table>\n<p>&nbsp;<\/p>\n<table style=\"width: 490px;\" border=\"1\" width=\"490\" cellspacing=\"0\" cellpadding=\"0\" align=\"center\">\n<tbody>\n<tr>\n<td colspan=\"2\">\n<p style=\"text-align: center;\"><span style=\"color: #000000;\"><strong>PREG\u00c3O PRESENCIAL<\/strong>\u00a0<strong>N\u00b0 44\/2019<\/strong><\/span><\/p>\n<\/td>\n<\/tr>\n<tr>\n<td style=\"width: 20.82%;\">\n<p style=\"text-align: center;\"><strong><span style=\"color: #000000;\">Org\u00e3o<\/span>:<\/strong><\/p>\n<\/td>\n<td style=\"width: 79.18%;\">\n<p style=\"text-align: center;\"><span style=\"color: #000000;\">Funda\u00e7\u00e3o Municipal de Educa\u00e7\u00e3o de Niter\u00f3i<\/span><\/p>\n<\/td>\n<\/tr>\n<tr>\n<td>\n<p style=\"text-align: center;\"><span style=\"color: #000000;\"><strong>Objeto:<\/strong><\/span><\/p>\n<\/td>\n<td>\n<p style=\"text-align: justify;\"><span style=\"color: #000000;\">Aquisi\u00e7\u00e3o de colher de silicone, mamadeira, bico de\u00a0mamadeira, escova para limpar mamadeira e copo para beb\u00ea.<\/span><\/p>\n<\/td>\n<\/tr>\n<tr>\n<td>\n<p style=\"text-align: center;\"><span style=\"color: #000000;\"><strong>Data do Certame:<\/strong><\/span><\/p>\n<\/td>\n<td>\n<p style=\"text-align: center;\"><span style=\"color: #000000;\">05\/12\/2019 \u00e0s 10:00h<\/span><\/p>\n<\/td>\n<\/tr>\n<tr>\n<td>\n<p style=\"text-align: center;\"><span style=\"color: #000000;\"><strong>Data da Homologa\u00e7\u00e3o:<\/strong><\/span><\/p>\n<\/td>\n<td>\n<p align=\"center\">\n<\/td>\n<\/tr>\n<tr>\n<td colspan=\"2\">\n<p style=\"text-align: center;\"><a href=\"https:\/\/educacao.niteroi.rj.gov.br\/wp-content\/uploads\/2019\/08\/EDITAL-PP-044-2019-COLHER-DE-SILICONE-ETC.pdf\"><span style=\"color: #000080;\">Edital<\/span><\/a><\/p>\n<\/td>\n<\/tr>\n<tr>\n<td colspan=\"2\">\n<p style=\"text-align: center;\"><a href=\"https:\/\/educacao.niteroi.rj.gov.br\/wp-content\/uploads\/2019\/08\/ANEXO-I-PP-44.pdf\"><span style=\"color: #000080;\">Anexo I<\/span><\/a><\/p>\n<\/td>\n<\/tr>\n<tr>\n<td colspan=\"2\">\n<p style=\"text-align: center;\"><a href=\"https:\/\/educacao.niteroi.rj.gov.br\/wp-content\/uploads\/2019\/08\/ANEXO-II-PP44.pdf\"><span style=\"color: #000080;\">Anexo II<\/span><\/a><\/p>\n<\/td>\n<\/tr>\n<\/tbody>\n<\/table>\n<p>&nbsp;<\/p>\n<table style=\"width: 490px;\" border=\"1\" width=\"490\" cellspacing=\"0\" cellpadding=\"0\" align=\"center\">\n<tbody>\n<tr>\n<td colspan=\"2\">\n<p style=\"text-align: center;\"><span style=\"color: #000000;\"><strong>PREG\u00c3O PRESENCIAL<\/strong>\u00a0<strong>N\u00b0 45\/2019<\/strong><\/span><\/p>\n<\/td>\n<\/tr>\n<tr>\n<td style=\"width: 20.82%;\">\n<p style=\"text-align: center;\"><strong><span style=\"color: #000000;\">Org\u00e3o<\/span>:<\/strong><\/p>\n<\/td>\n<td style=\"width: 79.18%;\">\n<p style=\"text-align: center;\"><span style=\"color: #000000;\">Funda\u00e7\u00e3o Municipal de Educa\u00e7\u00e3o de Niter\u00f3i<\/span><\/p>\n<\/td>\n<\/tr>\n<tr>\n<td>\n<p style=\"text-align: center;\"><span style=\"color: #000000;\"><strong>Objeto:<\/strong><\/span><\/p>\n<\/td>\n<td>\n<p style=\"text-align: justify;\"><span style=\"color: #000000;\">Aquisi\u00e7\u00e3o de R\u00e1dios Gravadores, atrav\u00e9s do Sistema de\u00a0Registro de Pre\u00e7o, para atender as Unidades Escolares da Rede Municipal de Educa\u00e7\u00e3o, sede e\u00a0anexos da Funda\u00e7\u00e3o Municipal de Educa\u00e7\u00e3o.<\/span><\/p>\n<\/td>\n<\/tr>\n<tr>\n<td>\n<p style=\"text-align: center;\"><span style=\"color: #000000;\"><strong>Data do Certame:<\/strong><\/span><\/p>\n<\/td>\n<td>\n<p style=\"text-align: center;\"><span style=\"color: #000000;\">04\/12\/2019 \u00e0s 09:00h<\/span><\/p>\n<\/td>\n<\/tr>\n<tr>\n<td>\n<p style=\"text-align: center;\"><span style=\"color: #000000;\"><strong>Data da Homologa\u00e7\u00e3o:<\/strong><\/span><\/p>\n<\/td>\n<td>\n<p align=\"center\">\n<\/td>\n<\/tr>\n<tr>\n<td colspan=\"2\">\n<p style=\"text-align: center;\"><a href=\"https:\/\/educacao.niteroi.rj.gov.br\/wp-content\/uploads\/2019\/08\/EDITAL-PP-045-2019-RADIO-GRAVADOR.pdf\"><span style=\"color: #000080;\">Edital<\/span><\/a><\/p>\n<\/td>\n<\/tr>\n<tr>\n<td colspan=\"2\">\n<p style=\"text-align: center;\"><a href=\"https:\/\/educacao.niteroi.rj.gov.br\/wp-content\/uploads\/2019\/08\/ANEXO-I-1.pdf\"><span style=\"color: #000080;\">Anexo I<\/span><\/a><\/p>\n<\/td>\n<\/tr>\n<tr>\n<td colspan=\"2\">\n<p style=\"text-align: center;\"><a href=\"https:\/\/educacao.niteroi.rj.gov.br\/wp-content\/uploads\/2019\/08\/ANEXO-II-1.pdf\"><span style=\"color: #000080;\">Anexo II<\/span><\/a><\/p>\n<\/td>\n<\/tr>\n<\/tbody>\n<\/table>\n<p>&nbsp;<\/p>\n<table style=\"width: 490px;\" border=\"1\" width=\"490\" cellspacing=\"0\" cellpadding=\"0\" align=\"center\">\n<tbody>\n<tr>\n<td colspan=\"2\">\n<p style=\"text-align: center;\"><span style=\"color: #000000;\"><strong>PREG\u00c3O PRESENCIAL<\/strong>\u00a0<strong>N\u00b0 46\/2019<\/strong><\/span><\/p>\n<\/td>\n<\/tr>\n<tr>\n<td style=\"width: 20.82%;\">\n<p style=\"text-align: center;\"><strong><span style=\"color: #000000;\">Org\u00e3o<\/span>:<\/strong><\/p>\n<\/td>\n<td style=\"width: 79.18%;\">\n<p style=\"text-align: center;\"><span style=\"color: #000000;\">Funda\u00e7\u00e3o Municipal de Educa\u00e7\u00e3o de Niter\u00f3i<\/span><\/p>\n<\/td>\n<\/tr>\n<tr>\n<td>\n<p style=\"text-align: center;\"><span style=\"color: #000000;\"><strong>Objeto:<\/strong><\/span><\/p>\n<\/td>\n<td>\n<p style=\"text-align: justify;\"><span style=\"color: #000000;\">O presente Edital tem como objeto a aquisi\u00e7\u00e3o de acervo para implanta\u00e7\u00e3o de bibliotecas escolares em Unidades da Rede Municipal de Educa\u00e7\u00e3o de Niter\u00f3i, tendo em vista a Lei no 12.244\/2010 que disp\u00f5e sobre a universaliza\u00e7\u00e3o da bibliotecas nas institui\u00e7\u00f5es de ensino do pa\u00eds e o projeto estruturador Educar Melhor que prev\u00ea a inaugura\u00e7\u00e3o de 15 bibliotecas escolares at\u00e9 o ano de 2020.<\/span><\/p>\n<\/td>\n<\/tr>\n<tr>\n<td>\n<p style=\"text-align: center;\"><span style=\"color: #000000;\"><strong>Data do Certame:<\/strong><\/span><\/p>\n<\/td>\n<td>\n<p style=\"text-align: center;\">\n<\/td>\n<\/tr>\n<tr>\n<td>\n<p style=\"text-align: center;\"><span style=\"color: #000000;\"><strong>Data da Homologa\u00e7\u00e3o:<\/strong><\/span><\/p>\n<\/td>\n<td>\n<p align=\"center\">\n<\/td>\n<\/tr>\n<tr>\n<td colspan=\"2\">\n<p style=\"text-align: center;\"><a href=\"https:\/\/drive.google.com\/file\/d\/1fRFoali_nwK3LbNjySnfNFjjZReLSHkj\/view?usp=sharing\"><span style=\"color: #000080;\">Edital<\/span><\/a><\/p>\n<\/td>\n<\/tr>\n<tr>\n<td colspan=\"2\">\n<p style=\"text-align: center;\"><a href=\"https:\/\/drive.google.com\/file\/d\/19JN3d_X8bI0DI8UkPWkTcTuxD-FJvVMV\/view?usp=sharing\"><span style=\"color: #000080;\">ATA DE PREG\u00c3O<\/span><\/a><\/p>\n<\/td>\n<\/tr>\n<tr>\n<td colspan=\"2\">\n<p style=\"text-align: center;\"><a href=\"https:\/\/drive.google.com\/file\/d\/10wqUUZQFZGdnYFvRMwVSmxiCX5FR-Pqq\/view?usp=sharing\"><span style=\"color: #000080;\">ATO DECIS\u00d3RIO E HOMOLOGA\u00c7\u00c3O<\/span><\/a><\/p>\n<\/td>\n<\/tr>\n<\/tbody>\n<\/table>\n<p>&nbsp;<\/p>\n<table style=\"width: 490px;\" border=\"1\" width=\"490\" cellspacing=\"0\" cellpadding=\"0\" align=\"center\">\n<tbody>\n<tr>\n<td colspan=\"2\">\n<p style=\"text-align: center;\"><span style=\"color: #000000;\"><strong>PREG\u00c3O PRESENCIAL<\/strong>\u00a0<strong>N\u00b0 49\/2019<\/strong><\/span><\/p>\n<\/td>\n<\/tr>\n<tr>\n<td style=\"width: 20.82%;\">\n<p style=\"text-align: center;\"><strong><span style=\"color: #000000;\">Org\u00e3o<\/span>:<\/strong><\/p>\n<\/td>\n<td style=\"width: 79.18%;\">\n<p style=\"text-align: center;\"><span style=\"color: #000000;\">Funda\u00e7\u00e3o Municipal de Educa\u00e7\u00e3o de Niter\u00f3i<\/span><\/p>\n<\/td>\n<\/tr>\n<tr>\n<td>\n<p style=\"text-align: center;\"><span style=\"color: #000000;\"><strong>Objeto:<\/strong><\/span><\/p>\n<\/td>\n<td>\n<p style=\"text-align: justify;\"><span style=\"color: #000000;\">O presente Edital tem como objeto a Aquisi\u00e7\u00e3o de mobili\u00e1rios, a fim de atender a necessidade da Unidade de Educa\u00e7\u00e3o Infantil da Rede Municipal de Niter\u00f3i.<\/span><\/p>\n<\/td>\n<\/tr>\n<tr>\n<td>\n<p style=\"text-align: center;\"><span style=\"color: #000000;\"><strong>Data do Certame:<\/strong><\/span><\/p>\n<\/td>\n<td>\n<p style=\"text-align: center;\">\n<\/td>\n<\/tr>\n<tr>\n<td>\n<p style=\"text-align: center;\"><span style=\"color: #000000;\"><strong>Data da Homologa\u00e7\u00e3o:<\/strong><\/span><\/p>\n<\/td>\n<td>\n<p align=\"center\">\n<\/td>\n<\/tr>\n<tr>\n<td colspan=\"2\">\n<p style=\"text-align: center;\"><a href=\"https:\/\/drive.google.com\/file\/d\/1WYpImqN5DA8xrrVKB2_iYtJ8R4Vvam7X\/view?usp=sharing\"><span style=\"color: #000080;\">Publica\u00e7\u00e3o &#8211; 07-12-2019<\/span><\/a><\/p>\n<\/td>\n<\/tr>\n<tr>\n<td colspan=\"2\">\n<p style=\"text-align: center;\"><a href=\"https:\/\/drive.google.com\/file\/d\/1t_3AcAKbeJaChKV10d2N_-RpSxIRfU-i\/view?usp=sharing\"><span style=\"color: #000080;\">Edital<\/span><\/a><\/p>\n<\/td>\n<\/tr>\n<tr>\n<td colspan=\"2\">\n<p style=\"text-align: center;\"><a href=\"https:\/\/drive.google.com\/file\/d\/1P1SF_8AzDCLUpZRaheBNHTvcQ-7XLy1-\/view?usp=sharing\"><span style=\"color: #000080;\">ATA DE PREG\u00c3O<\/span><\/a><\/p>\n<\/td>\n<\/tr>\n<tr>\n<td colspan=\"2\">\n<p style=\"text-align: center;\"><a href=\"https:\/\/drive.google.com\/file\/d\/1CQlYXqv6vQyXYslApm0HhxSD97Y_lv8w\/view?usp=sharing\"><span style=\"color: #000080;\">ATA &#8211; DESERTO<\/span><\/a><\/p>\n<\/td>\n<\/tr>\n<tr>\n<td colspan=\"2\">\n<p style=\"text-align: center;\"><a href=\"https:\/\/drive.google.com\/file\/d\/1X18MUyr83QS1ccqsFDJ5uCQhIGWHv9i4\/view?usp=sharing\"><span style=\"color: #000080;\">HOMOLOGA\u00c7\u00c3O<\/span><\/a><\/p>\n<\/td>\n<\/tr>\n<\/tbody>\n<\/table>\n","protected":false},"excerpt":{"rendered":"<p>\u00daltima Atualiza\u00e7\u00e3o: 20\/03\/2025 &nbsp; &nbsp; CHAMADA P\u00daBLICA &#8211; AGRICULTURA FAMILIAR N\u00b0 01\/2019 Org\u00e3o: Funda\u00e7\u00e3o Municipal de Educa\u00e7\u00e3o de Niter\u00f3i Objeto: O presente edital de Chamamento P\u00fablico tem por objetivo a aquisi\u00e7\u00e3o de g\u00eaneros aliment\u00edcios diretamente da agricultura familiar e do empreendedor familiar rural e suas organiza\u00e7\u00f5es para atender os alunos matriculados na Rede Municipal de [&hellip;]<\/p>\n","protected":false},"author":7,"featured_media":0,"comment_status":"closed","ping_status":"closed","sticky":false,"template":"","format":"standard","meta":{"_et_pb_use_builder":"","_et_pb_old_content":"","_et_gb_content_width":"","footnotes":""},"categories":[31],"tags":[],"class_list":["post-31962","post","type-post","status-publish","format-standard","hentry","category-licitacoes"],"_links":{"self":[{"href":"https:\/\/www.educacao.niteroi.rj.gov.br\/index.php?rest_route=\/wp\/v2\/posts\/31962","targetHints":{"allow":["GET"]}}],"collection":[{"href":"https:\/\/www.educacao.niteroi.rj.gov.br\/index.php?rest_route=\/wp\/v2\/posts"}],"about":[{"href":"https:\/\/www.educacao.niteroi.rj.gov.br\/index.php?rest_route=\/wp\/v2\/types\/post"}],"author":[{"embeddable":true,"href":"https:\/\/www.educacao.niteroi.rj.gov.br\/index.php?rest_route=\/wp\/v2\/users\/7"}],"replies":[{"embeddable":true,"href":"https:\/\/www.educacao.niteroi.rj.gov.br\/index.php?rest_route=%2Fwp%2Fv2%2Fcomments&post=31962"}],"version-history":[{"count":11,"href":"https:\/\/www.educacao.niteroi.rj.gov.br\/index.php?rest_route=\/wp\/v2\/posts\/31962\/revisions"}],"predecessor-version":[{"id":46228,"href":"https:\/\/www.educacao.niteroi.rj.gov.br\/index.php?rest_route=\/wp\/v2\/posts\/31962\/revisions\/46228"}],"wp:attachment":[{"href":"https:\/\/www.educacao.niteroi.rj.gov.br\/index.php?rest_route=%2Fwp%2Fv2%2Fmedia&parent=31962"}],"wp:term":[{"taxonomy":"category","embeddable":true,"href":"https:\/\/www.educacao.niteroi.rj.gov.br\/index.php?rest_route=%2Fwp%2Fv2%2Fcategories&post=31962"},{"taxonomy":"post_tag","embeddable":true,"href":"https:\/\/www.educacao.niteroi.rj.gov.br\/index.php?rest_route=%2Fwp%2Fv2%2Ftags&post=31962"}],"curies":[{"name":"wp","href":"https:\/\/api.w.org\/{rel}","templated":true}]}}