{"id":31964,"date":"2021-09-12T16:59:17","date_gmt":"2021-09-12T19:59:17","guid":{"rendered":"https:\/\/educacao.niteroi.rj.gov.br\/?p=31964"},"modified":"2025-05-21T10:14:43","modified_gmt":"2025-05-21T13:14:43","slug":"2020","status":"publish","type":"post","link":"https:\/\/www.educacao.niteroi.rj.gov.br\/?p=31964","title":{"rendered":"2020"},"content":{"rendered":"<h6><strong>\u00daltima Atualiza\u00e7\u00e3o:<\/strong><i> 20\/03\/2025<\/i><\/h6>\n<p>&nbsp;<br \/>\n<div class=\"asl_w_container asl_w_container_1\" data-id=\"1\" data-instance=\"1\">\n\t<div id='ajaxsearchlite1'\n\t\tdata-id=\"1\"\n\t\tdata-instance=\"1\"\n\t\tclass=\"asl_w asl_m asl_m_1 asl_m_1_1\">\n\t\t<div class=\"probox\">\n\n\t\n\t<div class='prosettings'  data-opened=0>\n\t\t\t\t<div class='innericon'>\n\t\t\t<svg version=\"1.1\" xmlns=\"http:\/\/www.w3.org\/2000\/svg\" xmlns:xlink=\"http:\/\/www.w3.org\/1999\/xlink\" x=\"0px\" y=\"0px\" width=\"22\" height=\"22\" viewBox=\"0 0 512 512\" enable-background=\"new 0 0 512 512\" xml:space=\"preserve\">\n\t\t\t\t\t<polygon transform = \"rotate(90 256 256)\" points=\"142.332,104.886 197.48,50 402.5,256 197.48,462 142.332,407.113 292.727,256 \"\/>\n\t\t\t\t<\/svg>\n\t\t<\/div>\n\t<\/div>\n\n\t\n\t\n\t<div class='proinput'>\n\t\t<form role=\"search\" action='#' autocomplete=\"off\"\n\t\t\t\taria-label=\"Search form\">\n\t\t\t<input aria-label=\"Search input\"\n\t\t\t\t\ttype='search' class='orig'\n\t\t\t\t\ttabindex=\"0\"\n\t\t\t\t\tname='phrase'\n\t\t\t\t\tplaceholder='Busque aqui...'\n\t\t\t\t\tvalue=''\n\t\t\t\t\tautocomplete=\"off\"\/>\n\t\t\t<input aria-label=\"Search autocomplete\"\n\t\t\t\t\ttype='text'\n\t\t\t\t\tclass='autocomplete'\n\t\t\t\t\ttabindex=\"-1\"\n\t\t\t\t\tname='phrase'\n\t\t\t\t\tvalue=''\n\t\t\t\t\tautocomplete=\"off\" disabled\/>\n\t\t\t<input type='submit' value=\"Start search\" style='width:0; height: 0; visibility: hidden;'>\n\t\t<\/form>\n\t<\/div>\n\n\t\n\t\n\t<button class='promagnifier' tabindex=\"0\" aria-label=\"Search magnifier\">\n\t\t\t\t<span class='innericon' style=\"display:block;\">\n\t\t\t<svg version=\"1.1\" xmlns=\"http:\/\/www.w3.org\/2000\/svg\" xmlns:xlink=\"http:\/\/www.w3.org\/1999\/xlink\" x=\"0px\" y=\"0px\" width=\"22\" height=\"22\" viewBox=\"0 0 512 512\" enable-background=\"new 0 0 512 512\" xml:space=\"preserve\">\n\t\t\t\t\t<path d=\"M460.355,421.59L353.844,315.078c20.041-27.553,31.885-61.437,31.885-98.037\n\t\t\t\t\t\tC385.729,124.934,310.793,50,218.686,50C126.58,50,51.645,124.934,51.645,217.041c0,92.106,74.936,167.041,167.041,167.041\n\t\t\t\t\t\tc34.912,0,67.352-10.773,94.184-29.158L419.945,462L460.355,421.59z M100.631,217.041c0-65.096,52.959-118.056,118.055-118.056\n\t\t\t\t\t\tc65.098,0,118.057,52.959,118.057,118.056c0,65.096-52.959,118.056-118.057,118.056C153.59,335.097,100.631,282.137,100.631,217.041\n\t\t\t\t\t\tz\"\/>\n\t\t\t\t<\/svg>\n\t\t<\/span>\n\t<\/button>\n\n\t\n\t\n\t<div class='proloading'>\n\n\t\t<div class=\"asl_loader\"><div class=\"asl_loader-inner asl_simple-circle\"><\/div><\/div>\n\n\t\t\t<\/div>\n\n\t\t\t<div class='proclose'>\n\t\t\t<svg version=\"1.1\" xmlns=\"http:\/\/www.w3.org\/2000\/svg\" xmlns:xlink=\"http:\/\/www.w3.org\/1999\/xlink\" x=\"0px\"\n\t\t\t\ty=\"0px\"\n\t\t\t\twidth=\"12\" height=\"12\" viewBox=\"0 0 512 512\" enable-background=\"new 0 0 512 512\"\n\t\t\t\txml:space=\"preserve\">\n\t\t\t\t<polygon points=\"438.393,374.595 319.757,255.977 438.378,137.348 374.595,73.607 255.995,192.225 137.375,73.622 73.607,137.352 192.246,255.983 73.622,374.625 137.352,438.393 256.002,319.734 374.652,438.378 \"\/>\n\t\t\t<\/svg>\n\t\t<\/div>\n\t\n\t\n<\/div>\t<\/div>\n\t<div class='asl_data_container' style=\"display:none !important;\">\n\t\t<div class=\"asl_init_data wpdreams_asl_data_ct\"\n\tstyle=\"display:none !important;\"\n\tid=\"asl_init_id_1\"\n\tdata-asl-id=\"1\"\n\tdata-asl-instance=\"1\"\n\tdata-settings=\"{&quot;homeurl&quot;:&quot;https:\\\/\\\/www.educacao.niteroi.rj.gov.br\\\/&quot;,&quot;resultstype&quot;:&quot;vertical&quot;,&quot;resultsposition&quot;:&quot;hover&quot;,&quot;itemscount&quot;:4,&quot;charcount&quot;:0,&quot;highlight&quot;:false,&quot;highlightWholewords&quot;:true,&quot;singleHighlight&quot;:false,&quot;scrollToResults&quot;:{&quot;enabled&quot;:true,&quot;offset&quot;:0},&quot;resultareaclickable&quot;:1,&quot;autocomplete&quot;:{&quot;enabled&quot;:true,&quot;lang&quot;:&quot;pt&quot;,&quot;trigger_charcount&quot;:0},&quot;mobile&quot;:{&quot;menu_selector&quot;:&quot;#menu-toggle&quot;},&quot;trigger&quot;:{&quot;click&quot;:&quot;results_page&quot;,&quot;click_location&quot;:&quot;same&quot;,&quot;update_href&quot;:false,&quot;return&quot;:&quot;results_page&quot;,&quot;return_location&quot;:&quot;same&quot;,&quot;facet&quot;:true,&quot;type&quot;:true,&quot;redirect_url&quot;:&quot;?s={phrase}&quot;,&quot;delay&quot;:300},&quot;animations&quot;:{&quot;pc&quot;:{&quot;settings&quot;:{&quot;anim&quot;:&quot;fadedrop&quot;,&quot;dur&quot;:300},&quot;results&quot;:{&quot;anim&quot;:&quot;fadedrop&quot;,&quot;dur&quot;:300},&quot;items&quot;:&quot;voidanim&quot;},&quot;mob&quot;:{&quot;settings&quot;:{&quot;anim&quot;:&quot;fadedrop&quot;,&quot;dur&quot;:300},&quot;results&quot;:{&quot;anim&quot;:&quot;fadedrop&quot;,&quot;dur&quot;:300},&quot;items&quot;:&quot;voidanim&quot;}},&quot;autop&quot;:{&quot;state&quot;:true,&quot;phrase&quot;:&quot;&quot;,&quot;count&quot;:&quot;1&quot;},&quot;resPage&quot;:{&quot;useAjax&quot;:false,&quot;selector&quot;:&quot;#main&quot;,&quot;trigger_type&quot;:true,&quot;trigger_facet&quot;:true,&quot;trigger_magnifier&quot;:false,&quot;trigger_return&quot;:false},&quot;resultsSnapTo&quot;:&quot;left&quot;,&quot;results&quot;:{&quot;width&quot;:&quot;auto&quot;,&quot;width_tablet&quot;:&quot;auto&quot;,&quot;width_phone&quot;:&quot;auto&quot;},&quot;settingsimagepos&quot;:&quot;right&quot;,&quot;closeOnDocClick&quot;:true,&quot;overridewpdefault&quot;:true,&quot;override_method&quot;:&quot;get&quot;}\"><\/div>\n\t<div id=\"asl_hidden_data\">\n\t\t<svg style=\"position:absolute\" height=\"0\" width=\"0\">\n\t\t\t<filter id=\"aslblur\">\n\t\t\t\t<feGaussianBlur in=\"SourceGraphic\" stdDeviation=\"4\"\/>\n\t\t\t<\/filter>\n\t\t<\/svg>\n\t\t<svg style=\"position:absolute\" height=\"0\" width=\"0\">\n\t\t\t<filter id=\"no_aslblur\"><\/filter>\n\t\t<\/svg>\n\t<\/div>\n\t<\/div>\n\n\t<div id='ajaxsearchliteres1'\n\tclass='vertical wpdreams_asl_results asl_w asl_r asl_r_1 asl_r_1_1'>\n\n\t\n\t<div class=\"results\">\n\n\t\t\n\t\t<div class=\"resdrg\">\n\t\t<\/div>\n\n\t\t\n\t<\/div>\n\n\t\n\t\t\t\t\t<p class='showmore'>\n\t\t\t<span>Mais resultados...<\/span>\n\t\t<\/p>\n\t\t\t\n<\/div>\n\n\t<div id='__original__ajaxsearchlitesettings1'\n\t\tdata-id=\"1\"\n\t\tclass=\"searchsettings wpdreams_asl_settings asl_w asl_s asl_s_1\">\n\t\t<form name='options'\n\t\taria-label=\"Search settings form\"\n\t\tautocomplete = 'off'>\n\n\t\n\t\n\t<input type=\"hidden\" name=\"filters_changed\" style=\"display:none;\" value=\"0\">\n\t<input type=\"hidden\" name=\"filters_initial\" style=\"display:none;\" value=\"1\">\n\n\t<div class=\"asl_option_inner hiddend\">\n\t\t<input type='hidden' name='qtranslate_lang' id='qtranslate_lang'\n\t\t\t\tvalue='0'\/>\n\t<\/div>\n\n\t\n\t\n\t<fieldset class=\"asl_sett_scroll\">\n\t\t<legend style=\"display: none;\">Generic selectors<\/legend>\n\t\t<div class=\"asl_option\" tabindex=\"0\">\n\t\t\t<div class=\"asl_option_inner\">\n\t\t\t\t<input type=\"checkbox\" value=\"exact\"\n\t\t\t\t\t\taria-label=\"Palavra exata\"\n\t\t\t\t\t\tname=\"asl_gen[]\"  checked=\"checked\"\/>\n\t\t\t\t<div class=\"asl_option_checkbox\"><\/div>\n\t\t\t<\/div>\n\t\t\t<div class=\"asl_option_label\">\n\t\t\t\tPalavra exata\t\t\t<\/div>\n\t\t<\/div>\n\t\t<div class=\"asl_option\" tabindex=\"0\">\n\t\t\t<div class=\"asl_option_inner\">\n\t\t\t\t<input type=\"checkbox\" value=\"title\"\n\t\t\t\t\t\taria-label=\"Buscando pelo t\u00edtulo\"\n\t\t\t\t\t\tname=\"asl_gen[]\"  checked=\"checked\"\/>\n\t\t\t\t<div class=\"asl_option_checkbox\"><\/div>\n\t\t\t<\/div>\n\t\t\t<div class=\"asl_option_label\">\n\t\t\t\tBuscando pelo t\u00edtulo\t\t\t<\/div>\n\t\t<\/div>\n\t\t<div class=\"asl_option\" tabindex=\"0\">\n\t\t\t<div class=\"asl_option_inner\">\n\t\t\t\t<input type=\"checkbox\" value=\"content\"\n\t\t\t\t\t\taria-label=\"Buscando pelo conte\u00fado\"\n\t\t\t\t\t\tname=\"asl_gen[]\"  checked=\"checked\"\/>\n\t\t\t\t<div class=\"asl_option_checkbox\"><\/div>\n\t\t\t<\/div>\n\t\t\t<div class=\"asl_option_label\">\n\t\t\t\tBuscando pelo conte\u00fado\t\t\t<\/div>\n\t\t<\/div>\n\t\t<div class=\"asl_option_inner hiddend\">\n\t\t\t<input type=\"checkbox\" value=\"excerpt\"\n\t\t\t\t\taria-label=\"Search in excerpt\"\n\t\t\t\t\tname=\"asl_gen[]\" \/>\n\t\t\t<div class=\"asl_option_checkbox\"><\/div>\n\t\t<\/div>\n\t<\/fieldset>\n\t<fieldset class=\"asl_sett_scroll\">\n\t\t<legend style=\"display: none;\">Post Type Selectors<\/legend>\n\t\t\t\t\t<div class=\"asl_option\" tabindex=\"0\">\n\t\t\t\t<div class=\"asl_option_inner\">\n\t\t\t\t\t<input type=\"checkbox\" value=\"post\"\n\t\t\t\t\t\t\taria-label=\"publica\u00e7\u00e3o\"\n\t\t\t\t\t\t\tname=\"customset[]\" checked=\"checked\"\/>\n\t\t\t\t\t<div class=\"asl_option_checkbox\"><\/div>\n\t\t\t\t<\/div>\n\t\t\t\t<div class=\"asl_option_label\">\n\t\t\t\t\tpublica\u00e7\u00e3o\t\t\t\t<\/div>\n\t\t\t<\/div>\n\t\t\t\t\t\t<div class=\"asl_option\" tabindex=\"0\">\n\t\t\t\t<div class=\"asl_option_inner\">\n\t\t\t\t\t<input type=\"checkbox\" value=\"page\"\n\t\t\t\t\t\t\taria-label=\"p\u00e1gina\"\n\t\t\t\t\t\t\tname=\"customset[]\" \/>\n\t\t\t\t\t<div class=\"asl_option_checkbox\"><\/div>\n\t\t\t\t<\/div>\n\t\t\t\t<div class=\"asl_option_label\">\n\t\t\t\t\tp\u00e1gina\t\t\t\t<\/div>\n\t\t\t<\/div>\n\t\t\t\t<\/fieldset>\n\t\n\t\t<fieldset>\n\t\t\t\t\t\t\t<legend>Filtrando por categoria<\/legend>\n\t\t\t\t\t\t<div class='categoryfilter asl_sett_scroll'>\n\t\t\t\t\t\t\t\t\t<div class=\"asl_option\" tabindex=\"0\">\n\t\t\t\t\t\t<div class=\"asl_option_inner\">\n\t\t\t\t\t\t\t<input type=\"checkbox\" value=\"107\"\n\t\t\t\t\t\t\t\t\taria-label=\"Cota\u00e7\u00f5es\"\n\t\t\t\t\t\t\t\t\tname=\"categoryset[]\" checked=\"checked\"\/>\n\t\t\t\t\t\t\t<div class=\"asl_option_checkbox\"><\/div>\n\t\t\t\t\t\t<\/div>\n\t\t\t\t\t\t<div class=\"asl_option_label\">\n\t\t\t\t\t\t\tCota\u00e7\u00f5es\t\t\t\t\t\t<\/div>\n\t\t\t\t\t<\/div>\n\t\t\t\t\t\t\t\t\t\t<div class=\"asl_option\" tabindex=\"0\">\n\t\t\t\t\t\t<div class=\"asl_option_inner\">\n\t\t\t\t\t\t\t<input type=\"checkbox\" value=\"111\"\n\t\t\t\t\t\t\t\t\taria-label=\"LIbras\"\n\t\t\t\t\t\t\t\t\tname=\"categoryset[]\" checked=\"checked\"\/>\n\t\t\t\t\t\t\t<div class=\"asl_option_checkbox\"><\/div>\n\t\t\t\t\t\t<\/div>\n\t\t\t\t\t\t<div class=\"asl_option_label\">\n\t\t\t\t\t\t\tLIbras\t\t\t\t\t\t<\/div>\n\t\t\t\t\t<\/div>\n\t\t\t\t\t\t\t\t\t\t<div class=\"asl_option\" tabindex=\"0\">\n\t\t\t\t\t\t<div class=\"asl_option_inner\">\n\t\t\t\t\t\t\t<input type=\"checkbox\" value=\"31\"\n\t\t\t\t\t\t\t\t\taria-label=\"Licita\u00e7\u00f5es\"\n\t\t\t\t\t\t\t\t\tname=\"categoryset[]\" checked=\"checked\"\/>\n\t\t\t\t\t\t\t<div class=\"asl_option_checkbox\"><\/div>\n\t\t\t\t\t\t<\/div>\n\t\t\t\t\t\t<div class=\"asl_option_label\">\n\t\t\t\t\t\t\tLicita\u00e7\u00f5es\t\t\t\t\t\t<\/div>\n\t\t\t\t\t<\/div>\n\t\t\t\t\t\t\t\t\t\t<div class=\"asl_option\" tabindex=\"0\">\n\t\t\t\t\t\t<div class=\"asl_option_inner\">\n\t\t\t\t\t\t\t<input type=\"checkbox\" value=\"110\"\n\t\t\t\t\t\t\t\t\taria-label=\"Requerimentos e processos\"\n\t\t\t\t\t\t\t\t\tname=\"categoryset[]\" checked=\"checked\"\/>\n\t\t\t\t\t\t\t<div class=\"asl_option_checkbox\"><\/div>\n\t\t\t\t\t\t<\/div>\n\t\t\t\t\t\t<div class=\"asl_option_label\">\n\t\t\t\t\t\t\tRequerimentos e processos\t\t\t\t\t\t<\/div>\n\t\t\t\t\t<\/div>\n\t\t\t\t\t\t\t\t\t\t<div class=\"asl_option\" tabindex=\"0\">\n\t\t\t\t\t\t<div class=\"asl_option_inner\">\n\t\t\t\t\t\t\t<input type=\"checkbox\" value=\"56\"\n\t\t\t\t\t\t\t\t\taria-label=\"Transpar\u00eancia 2017\"\n\t\t\t\t\t\t\t\t\tname=\"categoryset[]\" checked=\"checked\"\/>\n\t\t\t\t\t\t\t<div class=\"asl_option_checkbox\"><\/div>\n\t\t\t\t\t\t<\/div>\n\t\t\t\t\t\t<div class=\"asl_option_label\">\n\t\t\t\t\t\t\tTranspar\u00eancia 2017\t\t\t\t\t\t<\/div>\n\t\t\t\t\t<\/div>\n\t\t\t\t\t\t\t\t\t\t<div class=\"asl_option\" tabindex=\"0\">\n\t\t\t\t\t\t<div class=\"asl_option_inner\">\n\t\t\t\t\t\t\t<input type=\"checkbox\" value=\"60\"\n\t\t\t\t\t\t\t\t\taria-label=\"Transpar\u00eancia 2018\"\n\t\t\t\t\t\t\t\t\tname=\"categoryset[]\" checked=\"checked\"\/>\n\t\t\t\t\t\t\t<div class=\"asl_option_checkbox\"><\/div>\n\t\t\t\t\t\t<\/div>\n\t\t\t\t\t\t<div class=\"asl_option_label\">\n\t\t\t\t\t\t\tTranspar\u00eancia 2018\t\t\t\t\t\t<\/div>\n\t\t\t\t\t<\/div>\n\t\t\t\t\t\t\t\t\t\t<div class=\"asl_option\" tabindex=\"0\">\n\t\t\t\t\t\t<div class=\"asl_option_inner\">\n\t\t\t\t\t\t\t<input type=\"checkbox\" value=\"57\"\n\t\t\t\t\t\t\t\t\taria-label=\"Transpar\u00eancia 2019\"\n\t\t\t\t\t\t\t\t\tname=\"categoryset[]\" checked=\"checked\"\/>\n\t\t\t\t\t\t\t<div class=\"asl_option_checkbox\"><\/div>\n\t\t\t\t\t\t<\/div>\n\t\t\t\t\t\t<div class=\"asl_option_label\">\n\t\t\t\t\t\t\tTranspar\u00eancia 2019\t\t\t\t\t\t<\/div>\n\t\t\t\t\t<\/div>\n\t\t\t\t\t\t\t\t\t\t<div class=\"asl_option\" tabindex=\"0\">\n\t\t\t\t\t\t<div class=\"asl_option_inner\">\n\t\t\t\t\t\t\t<input type=\"checkbox\" value=\"58\"\n\t\t\t\t\t\t\t\t\taria-label=\"Transpar\u00eancia 2020\"\n\t\t\t\t\t\t\t\t\tname=\"categoryset[]\" checked=\"checked\"\/>\n\t\t\t\t\t\t\t<div class=\"asl_option_checkbox\"><\/div>\n\t\t\t\t\t\t<\/div>\n\t\t\t\t\t\t<div class=\"asl_option_label\">\n\t\t\t\t\t\t\tTranspar\u00eancia 2020\t\t\t\t\t\t<\/div>\n\t\t\t\t\t<\/div>\n\t\t\t\t\t\t\t\t\t\t<div class=\"asl_option\" tabindex=\"0\">\n\t\t\t\t\t\t<div class=\"asl_option_inner\">\n\t\t\t\t\t\t\t<input type=\"checkbox\" value=\"59\"\n\t\t\t\t\t\t\t\t\taria-label=\"Transpar\u00eancia 2021\"\n\t\t\t\t\t\t\t\t\tname=\"categoryset[]\" checked=\"checked\"\/>\n\t\t\t\t\t\t\t<div class=\"asl_option_checkbox\"><\/div>\n\t\t\t\t\t\t<\/div>\n\t\t\t\t\t\t<div class=\"asl_option_label\">\n\t\t\t\t\t\t\tTranspar\u00eancia 2021\t\t\t\t\t\t<\/div>\n\t\t\t\t\t<\/div>\n\t\t\t\t\t\t\t\t\t\t<div class=\"asl_option\" tabindex=\"0\">\n\t\t\t\t\t\t<div class=\"asl_option_inner\">\n\t\t\t\t\t\t\t<input type=\"checkbox\" value=\"98\"\n\t\t\t\t\t\t\t\t\taria-label=\"Transpar\u00eancia 2022\"\n\t\t\t\t\t\t\t\t\tname=\"categoryset[]\" checked=\"checked\"\/>\n\t\t\t\t\t\t\t<div class=\"asl_option_checkbox\"><\/div>\n\t\t\t\t\t\t<\/div>\n\t\t\t\t\t\t<div class=\"asl_option_label\">\n\t\t\t\t\t\t\tTranspar\u00eancia 2022\t\t\t\t\t\t<\/div>\n\t\t\t\t\t<\/div>\n\t\t\t\t\t\t\t\t\t\t<div class=\"asl_option\" tabindex=\"0\">\n\t\t\t\t\t\t<div class=\"asl_option_inner\">\n\t\t\t\t\t\t\t<input type=\"checkbox\" value=\"106\"\n\t\t\t\t\t\t\t\t\taria-label=\"Transpar\u00eancia 2023\"\n\t\t\t\t\t\t\t\t\tname=\"categoryset[]\" checked=\"checked\"\/>\n\t\t\t\t\t\t\t<div class=\"asl_option_checkbox\"><\/div>\n\t\t\t\t\t\t<\/div>\n\t\t\t\t\t\t<div class=\"asl_option_label\">\n\t\t\t\t\t\t\tTranspar\u00eancia 2023\t\t\t\t\t\t<\/div>\n\t\t\t\t\t<\/div>\n\t\t\t\t\t\t\t\t\t\t<div class=\"asl_option\" tabindex=\"0\">\n\t\t\t\t\t\t<div class=\"asl_option_inner\">\n\t\t\t\t\t\t\t<input type=\"checkbox\" value=\"108\"\n\t\t\t\t\t\t\t\t\taria-label=\"Transpar\u00eancia 2024\"\n\t\t\t\t\t\t\t\t\tname=\"categoryset[]\" checked=\"checked\"\/>\n\t\t\t\t\t\t\t<div class=\"asl_option_checkbox\"><\/div>\n\t\t\t\t\t\t<\/div>\n\t\t\t\t\t\t<div class=\"asl_option_label\">\n\t\t\t\t\t\t\tTranspar\u00eancia 2024\t\t\t\t\t\t<\/div>\n\t\t\t\t\t<\/div>\n\t\t\t\t\t\t\t\t\t\t<div class=\"asl_option\" tabindex=\"0\">\n\t\t\t\t\t\t<div class=\"asl_option_inner\">\n\t\t\t\t\t\t\t<input type=\"checkbox\" value=\"109\"\n\t\t\t\t\t\t\t\t\taria-label=\"Transpar\u00eancia 2025\"\n\t\t\t\t\t\t\t\t\tname=\"categoryset[]\" checked=\"checked\"\/>\n\t\t\t\t\t\t\t<div class=\"asl_option_checkbox\"><\/div>\n\t\t\t\t\t\t<\/div>\n\t\t\t\t\t\t<div class=\"asl_option_label\">\n\t\t\t\t\t\t\tTranspar\u00eancia 2025\t\t\t\t\t\t<\/div>\n\t\t\t\t\t<\/div>\n\t\t\t\t\t\t\t\t\t\t<div class=\"asl_option\" tabindex=\"0\">\n\t\t\t\t\t\t<div class=\"asl_option_inner\">\n\t\t\t\t\t\t\t<input type=\"checkbox\" value=\"112\"\n\t\t\t\t\t\t\t\t\taria-label=\"Transpar\u00eancia 2026\"\n\t\t\t\t\t\t\t\t\tname=\"categoryset[]\" checked=\"checked\"\/>\n\t\t\t\t\t\t\t<div class=\"asl_option_checkbox\"><\/div>\n\t\t\t\t\t\t<\/div>\n\t\t\t\t\t\t<div class=\"asl_option_label\">\n\t\t\t\t\t\t\tTranspar\u00eancia 2026\t\t\t\t\t\t<\/div>\n\t\t\t\t\t<\/div>\n\t\t\t\t\t\n\t\t\t<\/div>\n\t\t<\/fieldset>\n\t\t<\/form>\n\t<\/div>\n<\/div>\n<br \/>\n&nbsp;<\/p>\n<table border=\"1\" width=\"490\" cellspacing=\"0\" cellpadding=\"0\" align=\"center\">\n<tbody>\n<tr>\n<td colspan=\"2\">\n<p style=\"text-align: center;\"><strong>PREG\u00c3O PRESENCIAL<\/strong>\u00a0<strong>N\u00b0 01\/2020<\/strong><\/p>\n<\/td>\n<\/tr>\n<tr>\n<td><strong>Org\u00e3o:<\/strong><\/td>\n<td><span style=\"color: #000000;\">Funda\u00e7\u00e3o Municipal de Educa\u00e7\u00e3o de Niter\u00f3i<\/span><\/td>\n<\/tr>\n<tr>\n<td>\n<p style=\"text-align: justify;\"><strong>Objeto:<\/strong><\/p>\n<\/td>\n<td>\n<p style=\"text-align: justify;\"><span style=\"color: #000000;\">Aquisi\u00e7\u00e3o de g\u00eaneros aliment\u00edcios para serem\u00a0utilizadas na elabora\u00e7\u00e3o do card\u00e1pio das Unidades Escolares, Projetos e Institui\u00e7\u00f5es\u00a0Filantr\u00f3picas da Rede Municipal de Niter\u00f3i.<\/span><\/p>\n<\/td>\n<\/tr>\n<tr>\n<td colspan=\"2\">\n<p style=\"text-align: center;\"><a href=\"https:\/\/educacao.niteroi.rj.gov.br\/wp-content\/uploads\/2020\/02\/EDITAL-PP-001-2020-CARNES-C-1.pdf\"><span style=\"color: #000080;\">Edital<\/span><\/a><\/p>\n<\/td>\n<\/tr>\n<tr>\n<td colspan=\"2\">\n<p style=\"text-align: center;\"><a href=\"https:\/\/educacao.niteroi.rj.gov.br\/wp-content\/uploads\/2020\/02\/ANEXO-I-PP-01-2020-CARNES-LOTE-01-1.pdf\"><span style=\"color: #000080;\">Anexo\u00a0I &#8211;\u00a0Carnes\u00a0Lote\u00a001<\/span><\/a><\/p>\n<\/td>\n<\/tr>\n<tr>\n<td colspan=\"2\">\n<p style=\"text-align: center;\"><a href=\"https:\/\/educacao.niteroi.rj.gov.br\/wp-content\/uploads\/2020\/02\/ANEXO-I-PP-01-2020-LOTE-02-CARNES-1.pdf\"><span style=\"color: #000080;\">Anexo\u00a0I &#8211; Carnes Lote\u00a002<\/span><\/a><\/p>\n<\/td>\n<\/tr>\n<tr>\n<td colspan=\"2\">\n<p style=\"text-align: center;\"><a href=\"https:\/\/educacao.niteroi.rj.gov.br\/wp-content\/uploads\/2020\/02\/ANEXO-II-PP-01-2020-CARNES-LOTE-01-1.pdf\"><span style=\"color: #000080;\">Anexo II &#8211; Carnes\u00a0Lote\u00a001<\/span><\/a><\/p>\n<\/td>\n<\/tr>\n<tr>\n<td colspan=\"2\">\n<p style=\"text-align: center;\"><a href=\"https:\/\/educacao.niteroi.rj.gov.br\/wp-content\/uploads\/2020\/02\/ANEXO-II-PP-01-2020-LOTE-02-CARNES-1.pdf\"><span style=\"color: #000080;\">Anexo\u00a0II &#8211; Carnes Lote\u00a002<\/span><\/a><\/p>\n<\/td>\n<\/tr>\n<tr>\n<td colspan=\"2\">\n<p style=\"text-align: center;\"><a href=\"https:\/\/educacao.niteroi.rj.gov.br\/wp-content\/uploads\/2020\/02\/MINUTA-DE-CONTRATO-PP01-2020-CARNES_compressed.pdf\"><span style=\"color: #000080;\">Minuta de Contrato<\/span><\/a><\/p>\n<\/td>\n<\/tr>\n<tr>\n<td colspan=\"2\">\n<p style=\"text-align: center;\"><a href=\"https:\/\/educacao.niteroi.rj.gov.br\/wp-content\/uploads\/2020\/02\/1-D.O-PUBLICA\u00c7\u00c3O-DO-AVISO-DO-PP01-2020.pdf\"><span style=\"color: #000080;\">Aviso de Preg\u00e3o D.O.<\/span><\/a><\/p>\n<\/td>\n<\/tr>\n<tr>\n<td colspan=\"2\">\n<p style=\"text-align: center;\"><a href=\"https:\/\/educacao.niteroi.rj.gov.br\/wp-content\/uploads\/2020\/02\/2-D.O-HOMOLOGA\u00c7\u00c3O-PP01-2020.pdf\"><span style=\"color: #000080;\">Homologa\u00e7\u00e3o<\/span><\/a><\/p>\n<\/td>\n<\/tr>\n<\/tbody>\n<\/table>\n<p>&nbsp;<\/p>\n<table border=\"1\" width=\"490\" cellspacing=\"0\" cellpadding=\"0\" align=\"center\">\n<tbody>\n<tr>\n<td colspan=\"2\">\n<p style=\"text-align: center;\"><strong>PREG\u00c3O PRESENCIAL<\/strong>\u00a0<strong>N\u00b0 02\/2020<\/strong><\/p>\n<\/td>\n<\/tr>\n<tr>\n<td><strong>Org\u00e3o:<\/strong><\/td>\n<td><span style=\"color: #000000;\">Funda\u00e7\u00e3o Municipal de Educa\u00e7\u00e3o de Niter\u00f3i<\/span><\/td>\n<\/tr>\n<tr>\n<td>\n<p style=\"text-align: justify;\"><strong>Objeto:<\/strong><\/p>\n<\/td>\n<td>\n<p style=\"text-align: justify;\"><span style=\"color: #000000;\">Contrata\u00e7\u00e3o de empresa especializada em servi\u00e7os gr\u00e1ficos para reprodu\u00e7\u00e3o de material did\u00e1tico (cadernos pedag\u00f3gicos) a serem utilizados domiciliarmente pelos alunos da Rede Municipal de Educa\u00e7\u00e3o de Niter\u00f3i, em raz\u00e3o do fechamento das Unidades de Educa\u00e7\u00e3o em decorr\u00eancia do necess\u00e1rio isolamento social acarretado pela Pandemia de Covid-19, e como atividades de refor\u00e7o e reposi\u00e7\u00e3o de conte\u00fados, depois do in\u00edcio das aulas, para atender a Subsecret\u00e1ria de Educa\u00e7\u00e3o e o Departamento Administrativo da FME, especificados e quantificados na forma da Planilha de Quantitativos e Pre\u00e7os Unit\u00e1rios (Anexo II) e no Termo de Refer\u00eancia (Anexo III).<\/span><\/p>\n<\/td>\n<\/tr>\n<tr>\n<td colspan=\"2\">\n<p style=\"text-align: center;\"><a href=\"https:\/\/educacao.niteroi.rj.gov.br\/wp-content\/uploads\/2020\/02\/Publica\u00e7\u00e3o-de-Aviso-de-Preg\u00e3o-D.-O.pdf\"><span style=\"color: #000080;\">Publica\u00e7\u00e3o de Aviso de Preg\u00e3o DO &#8211; 05\/08\/2020<\/span><\/a><\/p>\n<\/td>\n<\/tr>\n<tr>\n<td colspan=\"2\">\n<p style=\"text-align: center;\"><a href=\"https:\/\/educacao.niteroi.rj.gov.br\/wp-content\/uploads\/2020\/02\/Edital-PP-02-2020-Caderno-Pedagogico.pdf\"><span style=\"color: #000080;\">Edital &#8211; 05\/08\/2020<\/span><\/a><\/p>\n<\/td>\n<\/tr>\n<tr>\n<td colspan=\"2\">\n<p style=\"text-align: center;\"><a href=\"https:\/\/educacao.niteroi.rj.gov.br\/wp-content\/uploads\/2020\/02\/ANEXO-I-E-II-PREG\u00c3O-02-2020-CADERNO-PEDAGOGICO.pdf\"><span style=\"color: #000080;\">Anexo I E II &#8211; 05\/08\/2020<\/span><\/a><\/p>\n<\/td>\n<\/tr>\n<tr>\n<td colspan=\"2\">\n<p style=\"text-align: center;\"><a href=\"https:\/\/educacao.niteroi.rj.gov.br\/wp-content\/uploads\/2020\/02\/minuta-de-contrato-pp-02-2020.pdf\"><span style=\"color: #000080;\">Minuta de Contrato &#8211; 05\/08\/2020<\/span><\/a><\/p>\n<\/td>\n<\/tr>\n<tr>\n<td colspan=\"2\">\n<p style=\"text-align: center;\"><a href=\"https:\/\/educacao.niteroi.rj.gov.br\/wp-content\/uploads\/2020\/02\/PUBLICA\u00c7\u00c3O-SINE-DIE.pdf\"><span style=\"color: #000080;\">Publica\u00e7\u00e3o Sine Die &#8211; 12\/08\/2020<\/span><\/a><\/p>\n<\/td>\n<\/tr>\n<tr>\n<td colspan=\"2\">\n<p style=\"text-align: center;\"><a href=\"https:\/\/educacao.niteroi.rj.gov.br\/wp-content\/uploads\/2020\/02\/A-TRIBUNA-13-08.pdf\"><span style=\"color: #000080;\">Republica\u00e7\u00e3o de Aviso de Preg\u00e3o DO &#8211; 13\/08\/2020<\/span><\/a><\/p>\n<\/td>\n<\/tr>\n<tr>\n<td colspan=\"2\">\n<p style=\"text-align: center;\"><a href=\"https:\/\/educacao.niteroi.rj.gov.br\/wp-content\/uploads\/2020\/02\/Edital-PP-02-2020-Caderno-Pedagogico-1.pdf\"><span style=\"color: #000080;\">Edital Retificado I &#8211; 13\/08\/2020<\/span><\/a><\/p>\n<\/td>\n<\/tr>\n<tr>\n<td colspan=\"2\">\n<p style=\"text-align: center;\"><a href=\"https:\/\/educacao.niteroi.rj.gov.br\/wp-content\/uploads\/2020\/02\/ANEXO-I-E-II-PREG\u00c3O-02-2020-CADERNO-PEDAGOGICO-1.pdf\"><span style=\"color: #000080;\">Anexo I E II &#8211; Retificados I &#8211; 13\/08\/2020<\/span><\/a><\/p>\n<\/td>\n<\/tr>\n<tr>\n<td colspan=\"2\">\n<p style=\"text-align: center;\"><a href=\"https:\/\/educacao.niteroi.rj.gov.br\/wp-content\/uploads\/2020\/02\/minuta-de-contrato-pp-02-2020-1.pdf\"><span style=\"color: #000080;\">Minuta de Contrato I &#8211; Retificada &#8211; 13\/08\/2020<\/span><\/a><\/p>\n<\/td>\n<\/tr>\n<tr>\n<td colspan=\"2\">\n<p style=\"text-align: center;\"><a href=\"https:\/\/educacao.niteroi.rj.gov.br\/wp-content\/uploads\/2020\/02\/D.O-sine-die-2.pdf\"><span style=\"color: #000080;\">Publica\u00e7\u00e3o Sine die 2 DO &#8211; 19\/08\/2020<\/span><\/a><span style=\"color: #000080;\">\u00a0<\/span><\/p>\n<\/td>\n<\/tr>\n<tr>\n<td colspan=\"2\">\n<p style=\"text-align: center;\"><a href=\"https:\/\/educacao.niteroi.rj.gov.br\/wp-content\/uploads\/2020\/02\/publica\u00e7\u00e3o-nova-data-PP02-2020.pdf\"><span style=\"color: #000080;\">Publica\u00e7\u00e3o Aviso de Preg\u00e3o &#8211; 20\/08\/2020<\/span><\/a><\/p>\n<\/td>\n<\/tr>\n<tr>\n<td colspan=\"2\">\n<p style=\"text-align: center;\"><a href=\"https:\/\/educacao.niteroi.rj.gov.br\/wp-content\/uploads\/2020\/02\/NOVO-Edital-PP-02-2020-Caderno-Pedagogico.pdf\"><span style=\"color: #000080;\">Edital Retificado II &#8211; 20\/08\/20<\/span><\/a><\/p>\n<\/td>\n<\/tr>\n<tr>\n<td colspan=\"2\">\n<p style=\"text-align: center;\"><a href=\"https:\/\/educacao.niteroi.rj.gov.br\/wp-content\/uploads\/2020\/02\/ANEXO-I-E-II-PREG\u00c3O-02-2020-CADERNO-PEDAGOGICO-2.pdf\"><span style=\"color: #000080;\">Anexo I e II &#8211; Edital Retificado II &#8211; 20\/08\/2020<\/span><\/a><\/p>\n<\/td>\n<\/tr>\n<tr>\n<td colspan=\"2\">\n<p style=\"text-align: center;\"><a href=\"https:\/\/educacao.niteroi.rj.gov.br\/wp-content\/uploads\/2020\/02\/minuta-de-contrato-pp-02-2020-2.pdf\"><span style=\"color: #000080;\">Minuta de Contrato II &#8211; 20\/08\/2020<\/span><\/a><\/p>\n<\/td>\n<\/tr>\n<tr>\n<td colspan=\"2\">\n<p style=\"text-align: center;\"><a href=\"https:\/\/educacao.niteroi.rj.gov.br\/wp-content\/uploads\/2020\/02\/Decis\u00e3o-do-Recurso-da-Empresa-Led-Pro-Eventos-Eireli-EPP_compressed_.pdf\"><span style=\"color: #000080;\">Decis\u00e3o do Recurso da Empresa Led Pro Eventos Eireli &#8211; EPP<\/span><\/a><\/p>\n<\/td>\n<\/tr>\n<tr>\n<td colspan=\"2\">\n<p style=\"text-align: center;\"><a href=\"https:\/\/educacao.niteroi.rj.gov.br\/wp-content\/uploads\/2020\/02\/Publica\u00e7\u00e3o-da-Decis\u00e3o-05-09-2020.pdf\"><span style=\"color: #000080;\">Publica\u00e7\u00e3o da Decis\u00e3o &#8211; 05\/09\/2020<\/span><\/a><\/p>\n<\/td>\n<\/tr>\n<tr>\n<td colspan=\"2\">\n<p style=\"text-align: center;\"><a href=\"https:\/\/educacao.niteroi.rj.gov.br\/wp-content\/uploads\/2020\/02\/HOMOLOGA\u00c7\u00c3O-DO-PP-02-2020.pdf\"><span style=\"color: #000080;\">Homologa\u00e7\u00e3o<\/span><\/a><\/p>\n<\/td>\n<\/tr>\n<tr>\n<td colspan=\"2\">\n<p style=\"text-align: center;\"><a href=\"https:\/\/educacao.niteroi.rj.gov.br\/wp-content\/uploads\/2020\/12\/GRAFICA-CS-416-2020.pdf\"><span style=\"color: #000080;\">Nota de Empenho 416\/2020 &#8211; GRAFICA CS<\/span><\/a><\/p>\n<\/td>\n<\/tr>\n<tr>\n<td colspan=\"2\">\n<p style=\"text-align: center;\"><a href=\"http:\/\/portal.educacao.niteroi.rj.gov.br\/materialPedagogico.php\"><span style=\"color: #000080;\">Cadernos Pedag\u00f3gicos<\/span><\/a><\/p>\n<\/td>\n<\/tr>\n<\/tbody>\n<\/table>\n<p>&nbsp;<\/p>\n<table border=\"1\" width=\"490\" cellspacing=\"0\" cellpadding=\"0\" align=\"center\">\n<tbody>\n<tr>\n<td colspan=\"2\">\n<p style=\"text-align: center;\"><strong>PREG\u00c3O PRESENCIAL<\/strong>\u00a0<strong>N\u00b0 03\/2020<\/strong><\/p>\n<\/td>\n<\/tr>\n<tr>\n<td><strong>Org\u00e3o:<\/strong><\/td>\n<td><span style=\"color: #000000;\">Funda\u00e7\u00e3o Municipal de Educa\u00e7\u00e3o de Niter\u00f3i<\/span><\/td>\n<\/tr>\n<tr>\n<td>\n<p style=\"text-align: justify;\"><strong>Objeto:<\/strong><\/p>\n<\/td>\n<td>\n<p style=\"text-align: justify;\"><span style=\"color: #000000;\">Contrata\u00e7\u00e3o de empresa especializada na presta\u00e7\u00e3o de\u00a0servi\u00e7os de Sanitiza\u00e7\u00e3o de ambientes internos e externos por sistema de pulveriza\u00e7\u00e3o e\u00a0hidrojateamento nas escolas da Rede Municipal de Educa\u00e7\u00e3o de Niter\u00f3i, Sede da FME e\u00a0Pr\u00e9dios anexos. Tendo em vista o retorno das aulas e diante da pandemia do COVID-19, faz-se\u00a0necess\u00e1rio \u00a0\u00e0 contrata\u00e7\u00e3o dos servi\u00e7os de sanitiza\u00e7\u00e3o de ambientes, para o combate dos agentes\u00a0patog\u00eanicos como bact\u00e9ria, fungos e v\u00edrus, conforme especifica\u00e7\u00f5es contidas no Termo\u00a0Refer\u00eancia &#8211; Anexo III<\/span><\/p>\n<\/td>\n<\/tr>\n<tr>\n<td colspan=\"2\">\n<p style=\"text-align: center;\"><a href=\"https:\/\/educacao.niteroi.rj.gov.br\/wp-content\/uploads\/2020\/02\/EDITAL-PP03-2020.pdf\"><span style=\"color: #000080;\">Edital<\/span><\/a><\/p>\n<\/td>\n<\/tr>\n<tr>\n<td colspan=\"2\">\n<p style=\"text-align: center;\"><a href=\"https:\/\/educacao.niteroi.rj.gov.br\/wp-content\/uploads\/2020\/02\/ANEXO-I-E-II-PREG\u00c3O-03-2020-sanitiza\u00e7\u00e3o.pdf\"><span style=\"color: #000080;\">Anexo I e II<\/span><\/a><\/p>\n<\/td>\n<\/tr>\n<tr>\n<td colspan=\"2\">\n<p style=\"text-align: center;\"><a href=\"https:\/\/educacao.niteroi.rj.gov.br\/wp-content\/uploads\/2020\/02\/minuta-de-contrato-pp-03-2020_compressed.pdf\"><span style=\"color: #000080;\">Minuta de Contrato<\/span><\/a><\/p>\n<\/td>\n<\/tr>\n<tr>\n<td colspan=\"2\">\n<p style=\"text-align: center;\"><a href=\"https:\/\/educacao.niteroi.rj.gov.br\/wp-content\/uploads\/2020\/02\/AVISO-DE-PREGAO-03-2020.pdf\"><span style=\"color: #000080;\">Aviso de Preg\u00e3o D.O.<\/span><\/a><\/p>\n<\/td>\n<\/tr>\n<tr>\n<td colspan=\"2\">\n<p style=\"text-align: center;\"><a href=\"https:\/\/educacao.niteroi.rj.gov.br\/wp-content\/uploads\/2020\/02\/2\u00ba-aviso-preg\u00e3o-03-.pdf\"><span style=\"color: #000080;\">Aviso de Retomada de Preg\u00e3o &#8211; 08\/10\/2020<\/span><\/a><\/p>\n<\/td>\n<\/tr>\n<tr>\n<td style=\"text-align: center;\" colspan=\"2\">\n<p style=\"text-align: left;\"><span style=\"color: #000080;\">\u00a0 \u00a0 \u00a0 \u00a0 \u00a0 \u00a0 \u00a0 \u00a0 \u00a0 \u00a0 \u00a0 \u00a0 \u00a0 \u00a0 \u00a0 \u00a0 \u00a0 \u00a0 \u00a0 \u00a0 \u00a0 \u00a0 \u00a0 \u00a0 \u00a0 \u00a0 \u00a0 \u00a0 \u00a0 \u00a0<\/span><a href=\"https:\/\/educacao.niteroi.rj.gov.br\/wp-content\/uploads\/2020\/02\/AVISO-DO-PP-03-2020-SUSPENSO-SANITIZA\u00c7\u00c3O.pdf\"><span style=\"color: #000080;\">Aviso de Suspens\u00e3o\u00a0<\/span><\/a><\/p>\n<\/td>\n<\/tr>\n<tr>\n<td style=\"text-align: center;\" colspan=\"2\">\n<p style=\"text-align: left;\"><span style=\"color: #000080;\">\u00a0 \u00a0 \u00a0 \u00a0 \u00a0 \u00a0 \u00a0 \u00a0 \u00a0 \u00a0 \u00a0 \u00a0 \u00a0 \u00a0 \u00a0 \u00a0 \u00a0 \u00a0 \u00a0 \u00a0 \u00a0 \u00a0 \u00a0 \u00a0 \u00a0 \u00a0 \u00a0 \u00a0 \u00a0 \u00a0 \u00a0 \u00a0 \u00a0<\/span><a href=\"https:\/\/educacao.niteroi.rj.gov.br\/wp-content\/uploads\/2020\/02\/HOMOLOGA\u00c7\u00c3O-DO-PP-03-2020.pdf\"><span style=\"color: #000080;\">Homologa\u00e7\u00e3o<\/span><\/a><\/p>\n<\/td>\n<\/tr>\n<\/tbody>\n<\/table>\n<p>&nbsp;<\/p>\n<table border=\"1\" width=\"490\" cellspacing=\"0\" cellpadding=\"0\" align=\"center\">\n<tbody>\n<tr>\n<td colspan=\"2\">\n<p style=\"text-align: center;\"><strong>PREG\u00c3O PRESENCIAL<\/strong>\u00a0<strong>N\u00b0 04\/2020<\/strong><\/p>\n<\/td>\n<\/tr>\n<tr>\n<td><strong>Org\u00e3o:<\/strong><\/td>\n<td><span style=\"color: #000000;\">Funda\u00e7\u00e3o Municipal de Educa\u00e7\u00e3o de Niter\u00f3i<\/span><\/td>\n<\/tr>\n<tr>\n<td>\n<p style=\"text-align: justify;\"><strong>Objeto:<\/strong><\/p>\n<\/td>\n<td>\n<p style=\"text-align: justify;\"><span style=\"color: #000000;\">Aquisi\u00e7\u00e3o de Term\u00f4metros Digitais\u00a0infravermelhos para auxiliar nas a\u00e7\u00f5es de preven\u00e7\u00f5es ao contagio e enfrentamento da\u00a0propaga\u00e7\u00e3o da COVID-19\/Sars-CoV-2 durante o retorno das aulas da Rede Municipal\u00a0 de Educa\u00e7\u00e3o de Niter\u00f3i, conforme especifica\u00e7\u00f5es contidas no Termo Refer\u00eancia &#8211;\u00a0Anexo III.<\/span><\/p>\n<\/td>\n<\/tr>\n<tr>\n<td colspan=\"2\">\n<p style=\"text-align: center;\"><a href=\"https:\/\/educacao.niteroi.rj.gov.br\/wp-content\/uploads\/2020\/02\/EDITAL-DE-AQUISI\u00c7\u00c3O-TERMOMETRO.pdf\"><span style=\"color: #000080;\">Edital<\/span><\/a><\/p>\n<\/td>\n<\/tr>\n<tr>\n<td colspan=\"2\">\n<p style=\"text-align: center;\"><a href=\"https:\/\/educacao.niteroi.rj.gov.br\/wp-content\/uploads\/2020\/02\/ANEXO-I-E-II-PREG\u00c3O-04-2020-TERMOMETROS-DIGITAIS.pdf\"><span style=\"color: #000080;\">Anexo I e II<\/span><\/a><\/p>\n<\/td>\n<\/tr>\n<tr>\n<td colspan=\"2\">\n<p style=\"text-align: center;\"><a href=\"https:\/\/educacao.niteroi.rj.gov.br\/wp-content\/uploads\/2020\/02\/minuta-de-contrato-pp-04-2020_compressed.pdf\"><span style=\"color: #000080;\">Minuta de\u00a0Contrato<\/span><\/a><\/p>\n<\/td>\n<\/tr>\n<tr>\n<td colspan=\"2\">\n<p style=\"text-align: center;\"><a href=\"https:\/\/educacao.niteroi.rj.gov.br\/wp-content\/uploads\/2020\/02\/AVISO-DE-PREGAO-04-2020.pdf\"><span style=\"color: #000080;\">Aviso de Preg\u00e3o D.O.<\/span><\/a><\/p>\n<\/td>\n<\/tr>\n<tr>\n<td colspan=\"2\">\n<p style=\"text-align: center;\"><a href=\"https:\/\/educacao.niteroi.rj.gov.br\/wp-content\/uploads\/2020\/02\/HOMOLOGA\u00c7\u00c3O-DO-PP-04-2020.pdf\"><span style=\"color: #000080;\">Homologa\u00e7\u00e3o<\/span><\/a><\/p>\n<\/td>\n<\/tr>\n<\/tbody>\n<\/table>\n<p>&nbsp;<\/p>\n<table border=\"1\" width=\"490\" cellspacing=\"0\" cellpadding=\"0\" align=\"center\">\n<tbody>\n<tr>\n<td colspan=\"2\">\n<p style=\"text-align: center;\"><strong>PREG\u00c3O PRESENCIAL<\/strong>\u00a0<strong>N\u00b0 05\/2020<\/strong><\/p>\n<\/td>\n<\/tr>\n<tr>\n<td><strong>Org\u00e3o:<\/strong><\/td>\n<td><span style=\"color: #000000;\">Funda\u00e7\u00e3o Municipal de Educa\u00e7\u00e3o de Niter\u00f3i<\/span><\/td>\n<\/tr>\n<tr>\n<td>\n<p style=\"text-align: justify;\"><strong>Objeto:<\/strong><\/p>\n<\/td>\n<td>\n<p style=\"text-align: justify;\"><span style=\"color: #000000;\">Contrata\u00e7\u00e3o de empresa especializada na presta\u00e7\u00e3o de servi\u00e7os de inform\u00e1tica, para fornecimento\u00a0de solu\u00e7\u00e3o integrada de licenciamento de \u201cPLATAFORMA DE GEST\u00c3O EDUCACIONAL\u201d, compreendendo implanta\u00e7\u00e3o, parametriza\u00e7\u00e3o, migra\u00e7\u00e3o de dados, customiza\u00e7\u00e3o, treinamento, manuten\u00e7\u00e3o e suporte\u00a0t\u00e9cnico, para atender a Subsecret\u00e1ria de Educa\u00e7\u00e3o e Departamento de Tecnologia da Informa\u00e7\u00e3o da FME,\u00a0especificados e quantificados na forma da Planilha de Quantitativos e Pre\u00e7os Unit\u00e1rios \u2013 Mem\u00f3ria de\u00a0Calculo (Anexo II) e no Termo de Refer\u00eancia (Anexo III).<\/span><\/p>\n<\/td>\n<\/tr>\n<tr>\n<td colspan=\"2\">\n<p style=\"text-align: center;\"><a href=\"https:\/\/educacao.niteroi.rj.gov.br\/wp-content\/uploads\/2020\/02\/D.O-24-09-PP05-2020.pdf\"><span style=\"color: #000080;\">Publica\u00e7\u00e3o de Aviso de Preg\u00e3o &#8211; 24\/09\/2020<\/span><\/a><\/p>\n<\/td>\n<\/tr>\n<tr>\n<td colspan=\"2\">\n<p style=\"text-align: center;\"><a href=\"https:\/\/educacao.niteroi.rj.gov.br\/wp-content\/uploads\/2020\/02\/Edital-PP-05-2020-PLATAFORMA-DIGITAL.pdf\"><span style=\"color: #000080;\">Edital<\/span><\/a><\/p>\n<\/td>\n<\/tr>\n<tr>\n<td colspan=\"2\">\n<p style=\"text-align: center;\"><a href=\"https:\/\/educacao.niteroi.rj.gov.br\/wp-content\/uploads\/2020\/02\/ANEXO-I-E-II-PREG\u00c3O-05-2020-PLATAFORMA-DIGITAL_compressed-1.pdf\"><span style=\"color: #000080;\">Anexo I e II<\/span><\/a><\/p>\n<\/td>\n<\/tr>\n<tr>\n<td colspan=\"2\">\n<p style=\"text-align: center;\"><a href=\"https:\/\/educacao.niteroi.rj.gov.br\/wp-content\/uploads\/2020\/02\/minuta-de-contrato-PP-05-2020_compressed.pdf\"><span style=\"color: #000080;\">Minuta de Contrato<\/span><\/a><\/p>\n<\/td>\n<\/tr>\n<tr>\n<td colspan=\"2\">\n<p style=\"text-align: center;\"><a href=\"https:\/\/educacao.niteroi.rj.gov.br\/wp-content\/uploads\/2020\/02\/HOMOLOGA\u00c7\u00c3O-DO-PP-05-2020.pdf\"><span style=\"color: #000080;\">Homologa\u00e7\u00e3o<\/span><\/a><\/p>\n<\/td>\n<\/tr>\n<tr>\n<td colspan=\"2\">\n<p style=\"text-align: center;\"><a href=\"https:\/\/educacao.niteroi.rj.gov.br\/wp-content\/uploads\/2020\/02\/CORRIGENDA-HOMOLOGA\u00c7\u00c3O-PP-05-2020.pdf\"><span style=\"color: #000080;\">Corrigenda Homologa\u00e7\u00e3o<\/span><\/a><\/p>\n<\/td>\n<\/tr>\n<\/tbody>\n<\/table>\n<p>&nbsp;<\/p>\n<table border=\"1\" width=\"490\" cellspacing=\"0\" cellpadding=\"0\" align=\"center\">\n<tbody>\n<tr>\n<td colspan=\"2\">\n<p style=\"text-align: center;\"><strong>PREG\u00c3O PRESENCIAL<\/strong>\u00a0<strong>N\u00b0 06\/2020<\/strong><\/p>\n<\/td>\n<\/tr>\n<tr>\n<td><strong>Org\u00e3o:<\/strong><\/td>\n<td><span style=\"color: #000000;\">Funda\u00e7\u00e3o Municipal de Educa\u00e7\u00e3o de Niter\u00f3i<\/span><\/td>\n<\/tr>\n<tr>\n<td>\n<p style=\"text-align: justify;\"><strong>Objeto:<\/strong><\/p>\n<\/td>\n<td>\n<p style=\"text-align: justify;\"><span style=\"color: #000000;\">Aquisi\u00e7\u00e3o de m\u00e1scaras de tecido reutiliz\u00e1vel, para atender as necessidades espec\u00edficas das Institui\u00e7\u00f5es Municipais de Ensino da Funda\u00e7\u00e3o Municipal de Educa\u00e7\u00e3o de Niter\u00f3i, como uma das medidas adotadas para preven\u00e7\u00e3o do cont\u00e1gio do Novo Coronav\u00edrus (Sars-CoV-2), especificados e quantificados na forma da Planilha de Quantitativos e Pre\u00e7os Unit\u00e1rios \u2013 Mem\u00f3ria de Calculo (Anexo II) e no Termo de Refer\u00eancia (Anexo III).<\/span><\/p>\n<\/td>\n<\/tr>\n<tr>\n<td colspan=\"2\">\n<p style=\"text-align: center;\"><a href=\"https:\/\/educacao.niteroi.rj.gov.br\/wp-content\/uploads\/2020\/02\/I-Edital-PP-06-2020-MASCARAS.pdf\"><span style=\"color: #000080;\">Edital<\/span><\/a><\/p>\n<\/td>\n<\/tr>\n<tr>\n<td colspan=\"2\">\n<p style=\"text-align: center;\"><a href=\"https:\/\/educacao.niteroi.rj.gov.br\/wp-content\/uploads\/2020\/02\/ANEXO-I-E-II-PREG\u00c3O-06-2020-M\u00c1SCARAS.pdf\"><span style=\"color: #000080;\">Anexo I e II<\/span><\/a><\/p>\n<\/td>\n<\/tr>\n<tr>\n<td colspan=\"2\">\n<p style=\"text-align: center;\"><a href=\"https:\/\/educacao.niteroi.rj.gov.br\/wp-content\/uploads\/2020\/02\/Minuta-Contrato-M\u00e1scaras.pdf\"><span style=\"color: #000080;\">Minuta Contrato<\/span><\/a><\/p>\n<\/td>\n<\/tr>\n<tr>\n<td colspan=\"2\">\n<p style=\"text-align: center;\"><a href=\"https:\/\/educacao.niteroi.rj.gov.br\/wp-content\/uploads\/2020\/02\/1\u00ba-aviso-preg\u00e3o-06.pdf\"><span style=\"color: #000080;\">Aviso de Preg\u00e3o<\/span><\/a><\/p>\n<\/td>\n<\/tr>\n<tr>\n<td colspan=\"2\">\n<p style=\"text-align: center;\"><a href=\"https:\/\/educacao.niteroi.rj.gov.br\/wp-content\/uploads\/2020\/02\/2\u00ba-aviso-preg\u00e3o-06-.pdf\"><span style=\"color: #000080;\">2\u00ba Aviso Preg\u00e3o<\/span><\/a><\/p>\n<\/td>\n<\/tr>\n<tr>\n<td colspan=\"2\">\n<p style=\"text-align: center;\"><a href=\"https:\/\/educacao.niteroi.rj.gov.br\/wp-content\/uploads\/2020\/02\/Edital-II-PP-06-2020-M\u00c1SCARAS-1.pdf\"><span style=\"color: #000080;\">Edital &#8211; 2\u00ba Aviso<\/span><\/a><\/p>\n<\/td>\n<\/tr>\n<tr>\n<td colspan=\"2\">\n<p style=\"text-align: center;\"><a href=\"https:\/\/educacao.niteroi.rj.gov.br\/wp-content\/uploads\/2020\/02\/ANEXO-I-E-II-PREG\u00c3O-06-2020-M\u00c1SCARAS-1.pdf\"><span style=\"color: #000080;\">Anexo I e II &#8211; 2\u00ba Aviso<\/span><\/a><\/p>\n<\/td>\n<\/tr>\n<tr>\n<td colspan=\"2\">\n<p style=\"text-align: center;\"><a href=\"https:\/\/educacao.niteroi.rj.gov.br\/wp-content\/uploads\/2020\/02\/Minuta-Contrato-M\u00e1scaras-1.pdf\"><span style=\"color: #000080;\">Minuta Contrato &#8211; 2\u00ba Aviso<\/span><\/a><\/p>\n<\/td>\n<\/tr>\n<tr>\n<td colspan=\"2\">\n<p style=\"text-align: center;\"><a href=\"https:\/\/educacao.niteroi.rj.gov.br\/wp-content\/uploads\/2020\/02\/HOMOLOGA\u00c7\u00c3O-DO-PP-06-2020.pdf\"><span style=\"color: #000080;\">Homologa\u00e7\u00e3o<\/span><\/a><\/p>\n<\/td>\n<\/tr>\n<\/tbody>\n<\/table>\n<p>&nbsp;<\/p>\n<table border=\"1\" width=\"490\" cellspacing=\"0\" cellpadding=\"0\" align=\"center\">\n<tbody>\n<tr>\n<td colspan=\"2\">\n<p style=\"text-align: center;\"><strong>PREG\u00c3O PRESENCIAL<\/strong>\u00a0<strong>N\u00b0 07\/2020<\/strong><\/p>\n<\/td>\n<\/tr>\n<tr>\n<td><strong>Org\u00e3o:<\/strong><\/td>\n<td><span style=\"color: #000000;\">Funda\u00e7\u00e3o Municipal de Educa\u00e7\u00e3o de Niter\u00f3i<\/span><\/td>\n<\/tr>\n<tr>\n<td>\n<p style=\"text-align: justify;\"><strong>Objeto:<\/strong><\/p>\n<\/td>\n<td>\n<p style=\"text-align: justify;\"><span style=\"color: #000000;\">Aquisi\u00e7\u00e3o de Tapetes Sanitizantes para atender a demanda das Unidades Escolares da Rede Municipal de Educa\u00e7\u00e3o de Niter\u00f3i para maior seguran\u00e7a sanit\u00e1ria durante o retorno das aulas, como medida de preven\u00e7\u00e3o ao cont\u00e1gio e enfrentamento da propaga\u00e7\u00e3o da COVID-10\/Sars-COV-2, conforme especifica\u00e7\u00f5es contidas no Termo Refer\u00eancia &#8211; Anexo III<\/span><\/p>\n<\/td>\n<\/tr>\n<tr>\n<td colspan=\"2\">\n<p style=\"text-align: center;\"><a href=\"https:\/\/educacao.niteroi.rj.gov.br\/wp-content\/uploads\/2020\/02\/D.-O-PP-07-2020-TAPETES.pdf\"><span style=\"color: #000080;\">Publica\u00e7\u00e3o de Aviso de Preg\u00e3o D.O &#8211; 05\/09\/2020<\/span><\/a><\/p>\n<\/td>\n<\/tr>\n<tr>\n<td colspan=\"2\">\n<p style=\"text-align: center;\"><a href=\"https:\/\/educacao.niteroi.rj.gov.br\/wp-content\/uploads\/2020\/02\/EDITAL-TAPETE.pdf\"><span style=\"color: #000080;\">Edital &#8211; 05\/09\/2020<\/span><\/a><\/p>\n<\/td>\n<\/tr>\n<tr>\n<td colspan=\"2\">\n<p style=\"text-align: center;\"><a href=\"https:\/\/educacao.niteroi.rj.gov.br\/wp-content\/uploads\/2020\/02\/ANEXO-I-E-II-PREG\u00c3O-07-2020-TAPETE.pdf\"><span style=\"color: #000080;\">Anexo\u00a0I E II &#8211; 05\/09\/2020<\/span><\/a><\/p>\n<\/td>\n<\/tr>\n<tr>\n<td colspan=\"2\">\n<p style=\"text-align: center;\"><a href=\"https:\/\/educacao.niteroi.rj.gov.br\/wp-content\/uploads\/2020\/02\/MINUTA-CONTRATO.pdf\"><span style=\"color: #000080;\">Minuta de Contrato &#8211; 05\/09\/2020<\/span><\/a><\/p>\n<\/td>\n<\/tr>\n<tr>\n<td colspan=\"2\">\n<p style=\"text-align: center;\"><a href=\"https:\/\/educacao.niteroi.rj.gov.br\/wp-content\/uploads\/2020\/02\/Fracassado.pdf\"><span style=\"color: #000080;\">Aviso de Preg\u00e3o &#8211; Fracassado &#8211; 19\/09\/2020<\/span><\/a><\/p>\n<\/td>\n<\/tr>\n<tr>\n<td style=\"text-align: center;\" colspan=\"2\">\n<p style=\"text-align: left;\"><span style=\"color: #000080;\">\u00a0 \u00a0 \u00a0 \u00a0 \u00a0 \u00a0 \u00a0 \u00a0 \u00a0 \u00a0 \u00a0 \u00a0 \u00a0 \u00a0 \u00a0 \u00a0<\/span><a href=\"https:\/\/educacao.niteroi.rj.gov.br\/wp-content\/uploads\/2020\/02\/Aviso-de-Preg\u00e3o.pdf\"><span style=\"color: #000080;\">Publica\u00e7\u00e3o do\u00a02\u00ba Aviso de Preg\u00e3o &#8211; 19\/09\/2020<\/span><\/a><\/p>\n<\/td>\n<\/tr>\n<tr>\n<td style=\"text-align: center;\" colspan=\"2\">\n<p style=\"text-align: left;\"><span style=\"color: #000080;\">\u00a0 \u00a0 \u00a0 \u00a0 \u00a0 \u00a0 \u00a0 \u00a0 \u00a0 \u00a0 \u00a0 \u00a0 \u00a0 \u00a0 \u00a0 \u00a0 \u00a0<\/span><a href=\"https:\/\/educacao.niteroi.rj.gov.br\/wp-content\/uploads\/2020\/02\/EDITAL-TAPETE-REPUBLICADO.pdf\"><span style=\"color: #000080;\">Edital &#8211; Publica\u00e7\u00e3o do 2\u00ba Aviso &#8211; 19\/09\/2020<\/span><\/a><\/p>\n<\/td>\n<\/tr>\n<tr>\n<td style=\"text-align: center;\" colspan=\"2\">\n<p style=\"text-align: left;\"><span style=\"color: #000080;\">\u00a0 \u00a0 \u00a0 \u00a0 \u00a0 \u00a0 \u00a0 \u00a0 \u00a0 \u00a0 \u00a0 \u00a0 \u00a0 \u00a0 \u00a0\u00a0<\/span><a href=\"https:\/\/educacao.niteroi.rj.gov.br\/wp-content\/uploads\/2020\/02\/ANEXO-I-E-II-PREG\u00c3O-07-2020-TAPETE-NV.pdf\"><span style=\"color: #000080;\">Anexo I e II &#8211; Publica\u00e7\u00e3o do 2\u00ba Aviso &#8211; 19\/09\/2020<\/span><\/a><\/p>\n<\/td>\n<\/tr>\n<tr>\n<td colspan=\"2\">\n<p style=\"text-align: center;\"><a href=\"https:\/\/educacao.niteroi.rj.gov.br\/wp-content\/uploads\/2020\/02\/MINUTA-CONTRATO-REPUB.pdf\"><span style=\"color: #000080;\">Minuta de Contrato &#8211; Publica\u00e7\u00e3o do 2\u00b0 Aviso &#8211; 19\/09\/2020<\/span><\/a><\/p>\n<\/td>\n<\/tr>\n<tr>\n<td colspan=\"2\">\n<p style=\"text-align: center;\"><a href=\"https:\/\/educacao.niteroi.rj.gov.br\/wp-content\/uploads\/2020\/02\/HOMOLOGA\u00c7\u00c3O-DO-PP-07-2020.pdf\"><span style=\"color: #000080;\">Homologa\u00e7\u00e3o<\/span><\/a><\/p>\n<\/td>\n<\/tr>\n<\/tbody>\n<\/table>\n<p>&nbsp;<\/p>\n<table border=\"1\" width=\"490\" cellspacing=\"0\" cellpadding=\"0\" align=\"center\">\n<tbody>\n<tr>\n<td colspan=\"2\">\n<p style=\"text-align: center;\"><strong>PREG\u00c3O PRESENCIAL<\/strong>\u00a0<strong>N\u00b0 08\/2020<\/strong><\/p>\n<\/td>\n<\/tr>\n<tr>\n<td><strong>Org\u00e3o:<\/strong><\/td>\n<td><span style=\"color: #000000;\">Funda\u00e7\u00e3o Municipal de Educa\u00e7\u00e3o de Niter\u00f3i<\/span><\/td>\n<\/tr>\n<tr>\n<td>\n<p style=\"text-align: justify;\"><strong>Objeto:<\/strong><\/p>\n<\/td>\n<td>\n<p style=\"text-align: justify;\"><span style=\"color: #000000;\">Aquisi\u00e7\u00e3o de equipamentos de seguran\u00e7a para atender as necessidades espec\u00edficas das\u00a0Unidades Escolares da Funda\u00e7\u00e3o Municipal de Educa\u00e7\u00e3o de Niter\u00f3i, como uma das medidas adotadas\u00a0para preven\u00e7\u00e3o do cont\u00e1gio do Novo Coronav\u00edrus (Sars-CoV-2), para atender o Departamento\u00a0Administrativo da FME, especificados e quantificados na forma da Planilha de Quantitativos e Pre\u00e7os\u00a0Unit\u00e1rios.<\/span><\/p>\n<\/td>\n<\/tr>\n<tr>\n<td colspan=\"2\">\n<p style=\"text-align: center;\"><a href=\"https:\/\/educacao.niteroi.rj.gov.br\/wp-content\/uploads\/2020\/02\/DO-DATA-18-09.pdf\"><span style=\"color: #000080;\">Aviso de Preg\u00e3o D.O &#8211; 18\/09\/2020<\/span><\/a><\/p>\n<\/td>\n<\/tr>\n<tr>\n<td colspan=\"2\">\n<p style=\"text-align: center;\"><a href=\"https:\/\/educacao.niteroi.rj.gov.br\/wp-content\/uploads\/2020\/02\/EDITAL-DE-AQUISI\u00c7\u00c3O-LUVAS-E-MASCARA-EPIm.pdf\"><span style=\"color: #000080;\">Edital &#8211; 18\/09\/2020<\/span><\/a><\/p>\n<\/td>\n<\/tr>\n<tr>\n<td colspan=\"2\">\n<p style=\"text-align: center;\"><a href=\"https:\/\/educacao.niteroi.rj.gov.br\/wp-content\/uploads\/2020\/02\/ANEXO-I-E-II-PREG\u00c3O-08-2020-LUVA-E-FACE.pdf\"><span style=\"color: #000080;\">Anexo I e II &#8211; 18\/09\/2020<\/span><\/a><\/p>\n<\/td>\n<\/tr>\n<tr>\n<td colspan=\"2\">\n<p style=\"text-align: center;\"><a href=\"https:\/\/educacao.niteroi.rj.gov.br\/wp-content\/uploads\/2020\/02\/PP08-2020-minuta-de-contrato_compressed.pdf\"><span style=\"color: #000080;\">Minuta de Contrato &#8211; 18\/09\/2020<\/span><\/a><\/p>\n<\/td>\n<\/tr>\n<tr>\n<td colspan=\"2\">\n<p style=\"text-align: center;\"><a href=\"https:\/\/educacao.niteroi.rj.gov.br\/wp-content\/uploads\/2020\/02\/Aviso-Preg\u00e3o-8.pdf\"><span style=\"color: #000080;\">Homologa\u00e7\u00e3o Item II &#8211; D.O &#8211; 26\/09\/2020<\/span><\/a><\/p>\n<\/td>\n<\/tr>\n<tr>\n<td colspan=\"2\">\n<p style=\"text-align: center;\"><a href=\"https:\/\/educacao.niteroi.rj.gov.br\/wp-content\/uploads\/2020\/02\/Aviso-Preg\u00e3o-8.pdf\"><span style=\"color: #000080;\">Aviso de Fracassado Item I\u00a0&#8211;\u00a0D.O &#8211; 26\/09\/2020<\/span><\/a><\/p>\n<\/td>\n<\/tr>\n<tr>\n<td colspan=\"2\">\n<p style=\"text-align: center;\"><a href=\"https:\/\/educacao.niteroi.rj.gov.br\/wp-content\/uploads\/2020\/02\/Aviso-Preg\u00e3o-8.pdf\"><span style=\"color: #000080;\">Aviso de Preg\u00e3o D.O &#8211; Item I\u00a0&#8211; 26\/09\/2020<\/span><\/a><\/p>\n<\/td>\n<\/tr>\n<tr>\n<td colspan=\"2\">\n<p style=\"text-align: center;\"><a href=\"https:\/\/educacao.niteroi.rj.gov.br\/wp-content\/uploads\/2020\/02\/Edital-LUVAS.pdf\"><span style=\"color: #000080;\">Edital &#8211; 26\/09\/2020<\/span><\/a><\/p>\n<\/td>\n<\/tr>\n<tr>\n<td colspan=\"2\">\n<p style=\"text-align: center;\"><a href=\"https:\/\/educacao.niteroi.rj.gov.br\/wp-content\/uploads\/2020\/02\/ANEXO-I-E-II-PREG\u00c3O-08-2020-LUVA.pdf\"><span style=\"color: #000080;\">Anexo I e II &#8211; 26\/09\/2020<\/span><\/a><\/p>\n<\/td>\n<\/tr>\n<tr>\n<td colspan=\"2\">\n<p style=\"text-align: center;\"><a href=\"https:\/\/educacao.niteroi.rj.gov.br\/wp-content\/uploads\/2020\/02\/minuta-Contrato.pdf\"><span style=\"color: #000080;\">Minuta\u00a0de Contrato &#8211; 26\/09\/2020<\/span><\/a><\/p>\n<\/td>\n<\/tr>\n<tr>\n<td colspan=\"2\">\n<p style=\"text-align: center;\"><a href=\"https:\/\/educacao.niteroi.rj.gov.br\/wp-content\/uploads\/2020\/02\/3\u00ba-aviso-preg\u00e3o-08.pdf\"><span style=\"color: #000080;\">Aviso de Preg\u00e3o &#8211; 08\/10\/2020<\/span><\/a><\/p>\n<\/td>\n<\/tr>\n<tr>\n<td colspan=\"2\">\n<p style=\"text-align: center;\"><a href=\"https:\/\/educacao.niteroi.rj.gov.br\/wp-content\/uploads\/2020\/02\/HOMOLOGA\u00c7\u00c3O-DO-PP-08-2020-ITEM-2-FACE-SHIELD.pdf\"><span style=\"color: #000080;\">Homologa\u00e7\u00e3o<\/span><\/a><\/p>\n<\/td>\n<\/tr>\n<\/tbody>\n<\/table>\n<p>&nbsp;<\/p>\n<table border=\"1\" width=\"490\" cellspacing=\"0\" cellpadding=\"0\" align=\"center\">\n<tbody>\n<tr>\n<td colspan=\"2\">\n<p style=\"text-align: center;\"><strong>PREG\u00c3O PRESENCIAL<\/strong>\u00a0<strong>N\u00b0 10\/2020<\/strong><\/p>\n<\/td>\n<\/tr>\n<tr>\n<td><strong>Org\u00e3o:<\/strong><\/td>\n<td><span style=\"color: #000000;\">Funda\u00e7\u00e3o Municipal de Educa\u00e7\u00e3o de Niter\u00f3i<\/span><\/td>\n<\/tr>\n<tr>\n<td>\n<p style=\"text-align: justify;\"><strong>Objeto:<\/strong><\/p>\n<\/td>\n<td>\n<p style=\"text-align: justify;\"><span style=\"color: #000000;\">Aquisi\u00e7\u00e3o de Lixeiras 15 lts com pedal, para serem utilizadas nas Unidades Escolares da Rede Municipal de Educa\u00e7\u00e3o,sede e pr\u00e9dios anexos da Funda\u00e7\u00e3o Municipal de Educa\u00e7\u00e3o de Niter\u00f3i, especificados e quantificados na forma da Planilha de Quantitativos e Pre\u00e7os Unit\u00e1rios \u2013 Mem\u00f3ria de Calculo (Anexo II) e no Termo de Refer\u00eancia (Anexo III).<\/span><\/p>\n<\/td>\n<\/tr>\n<tr>\n<td colspan=\"2\">\n<p style=\"text-align: center;\"><a href=\"https:\/\/educacao.niteroi.rj.gov.br\/wp-content\/uploads\/2020\/02\/EDITAL-LIXEIRA-PP-010-2020.pdf\"><span style=\"color: #000080;\">Edital<\/span><\/a><\/p>\n<\/td>\n<\/tr>\n<tr>\n<td colspan=\"2\">\n<p style=\"text-align: center;\"><a href=\"https:\/\/educacao.niteroi.rj.gov.br\/wp-content\/uploads\/2020\/02\/ANEXO-I-PP-010-2020-LIXEIRA.pdf\"><span style=\"color: #000080;\">Anexo I<\/span><\/a><\/p>\n<\/td>\n<\/tr>\n<tr>\n<td colspan=\"2\">\n<p style=\"text-align: center;\"><a href=\"https:\/\/educacao.niteroi.rj.gov.br\/wp-content\/uploads\/2020\/02\/ANEXO-II-PP-010-2020-LIXEIRA.pdf\"><span style=\"color: #000080;\">Anexo II<\/span><\/a><\/p>\n<\/td>\n<\/tr>\n<tr>\n<td colspan=\"2\">\n<p style=\"text-align: center;\"><a href=\"https:\/\/educacao.niteroi.rj.gov.br\/wp-content\/uploads\/2020\/02\/MINUTA-CONTRATO_compressed.pdf\"><span style=\"color: #000080;\">Minuta de Contrato<\/span><\/a><\/p>\n<\/td>\n<\/tr>\n<tr>\n<td colspan=\"2\">\n<p style=\"text-align: center;\"><a href=\"https:\/\/educacao.niteroi.rj.gov.br\/wp-content\/uploads\/2020\/02\/22-10-2020-PUBLICA\u00c7\u00c3O-AVISO-1-SEM-EFEITO.pdf\"><span style=\"color: #000080;\">Aviso de Preg\u00e3o 1 &#8211; 22\/10\/2020 &#8211;\u00a0 Sem Efeito<\/span><\/a><\/p>\n<\/td>\n<\/tr>\n<tr>\n<td colspan=\"2\">\n<p style=\"text-align: center;\"><a href=\"https:\/\/educacao.niteroi.rj.gov.br\/wp-content\/uploads\/2020\/02\/24-10-2020-PUBLICA\u00c7\u00c3O-AVISO-2.pdf\"><span style=\"color: #000080;\">Aviso de Preg\u00e3o 2 &#8211; 24\/10\/2020<\/span><\/a><\/p>\n<\/td>\n<\/tr>\n<\/tbody>\n<\/table>\n<p>&nbsp;<\/p>\n<table border=\"1\" width=\"490\" cellspacing=\"0\" cellpadding=\"0\" align=\"center\">\n<tbody>\n<tr>\n<td colspan=\"2\">\n<p style=\"text-align: center;\"><strong>PREG\u00c3O PRESENCIAL<\/strong>\u00a0<strong>N\u00b0 11\/2020<\/strong><\/p>\n<\/td>\n<\/tr>\n<tr>\n<td><strong>Org\u00e3o:<\/strong><\/td>\n<td><span style=\"color: #000000;\">Funda\u00e7\u00e3o Municipal de Educa\u00e7\u00e3o de Niter\u00f3i<\/span><\/td>\n<\/tr>\n<tr>\n<td>\n<p style=\"text-align: justify;\"><strong>Objeto:<\/strong><\/p>\n<\/td>\n<td>\n<p style=\"text-align: justify;\"><span style=\"color: #000000;\">Aquisi\u00e7\u00e3o de garrafas pl\u00e1sticas (tipo Squeeze) e\u00a0bandejas retangulares em polipropileno, para uso individual nos refeit\u00f3rios das Unidades\u00a0Escolares da Rede Municipal de Educa\u00e7\u00e3o.<\/span><\/p>\n<\/td>\n<\/tr>\n<tr>\n<td colspan=\"2\">\n<p style=\"text-align: center;\"><a href=\"https:\/\/educacao.niteroi.rj.gov.br\/wp-content\/uploads\/2020\/12\/EDITAL-PP-011-2020-SQUEEZE-E-BANDEJA.pdf\"><span style=\"color: #000080;\">Edital<\/span><\/a><\/p>\n<\/td>\n<\/tr>\n<tr>\n<td colspan=\"2\">\n<p style=\"text-align: center;\"><a href=\"https:\/\/educacao.niteroi.rj.gov.br\/wp-content\/uploads\/2020\/12\/Anexo-I.pdf\"><span style=\"color: #000080;\">Anexo I<\/span><\/a><\/p>\n<\/td>\n<\/tr>\n<tr>\n<td colspan=\"2\">\n<p style=\"text-align: center;\"><a href=\"https:\/\/educacao.niteroi.rj.gov.br\/wp-content\/uploads\/2020\/12\/Anexo-II.pdf\"><span style=\"color: #000080;\">Anexo II<\/span><\/a><\/p>\n<\/td>\n<\/tr>\n<tr>\n<td colspan=\"2\">\n<p style=\"text-align: center;\"><a href=\"https:\/\/educacao.niteroi.rj.gov.br\/wp-content\/uploads\/2020\/12\/MINUTA-DE-CONTRATO-PP011-2020-FME_compressed.pdf\"><span style=\"color: #000080;\">Minuta de Contrato<\/span><\/a><\/p>\n<\/td>\n<\/tr>\n<tr>\n<td colspan=\"2\">\n<p style=\"text-align: center;\"><a href=\"https:\/\/educacao.niteroi.rj.gov.br\/wp-content\/uploads\/2020\/12\/D.O-08-12-2020-PP013-2020-FME-SQUEEZE.pdf\"><span style=\"color: #000080;\">Aviso de Preg\u00e3o<\/span><\/a><\/p>\n<\/td>\n<\/tr>\n<\/tbody>\n<\/table>\n<p>&nbsp;<\/p>\n<table border=\"1\" width=\"490\" cellspacing=\"0\" cellpadding=\"0\" align=\"center\">\n<tbody>\n<tr>\n<td colspan=\"2\">\n<p style=\"text-align: center;\"><strong>PREG\u00c3O PRESENCIAL<\/strong>\u00a0<strong>N\u00b0 13\/2020<\/strong><\/p>\n<\/td>\n<\/tr>\n<tr>\n<td><strong>Org\u00e3o:<\/strong><\/td>\n<td><span style=\"color: #000000;\">Funda\u00e7\u00e3o Municipal de Educa\u00e7\u00e3o de Niter\u00f3i<\/span><\/td>\n<\/tr>\n<tr>\n<td>\n<p style=\"text-align: justify;\"><strong>Objeto:<\/strong><\/p>\n<\/td>\n<td>\n<p style=\"text-align: justify;\"><span style=\"color: #000000;\">Aquisi\u00e7\u00e3o de g\u00eaneros aliment\u00edcios para serem\u00a0utilizadas na elabora\u00e7\u00e3o do card\u00e1pio das Unidades Escolares, Projetos e Institui\u00e7\u00f5es\u00a0Filantr\u00f3picas da Rede Municipal de Niter\u00f3i.\u00a0<\/span><\/p>\n<\/td>\n<\/tr>\n<tr>\n<td colspan=\"2\">\n<p style=\"text-align: center;\"><a href=\"https:\/\/educacao.niteroi.rj.gov.br\/wp-content\/uploads\/2020\/12\/III-Edital-PP013-2020-Merend\u00e3o-FINAL-MOD-TCE-19_compressed.pdf\"><span style=\"color: #000080;\">Edital<\/span><\/a><\/p>\n<\/td>\n<\/tr>\n<tr>\n<td colspan=\"2\">\n<p style=\"text-align: center;\"><a href=\"https:\/\/fmeniteroi-my.sharepoint.com\/:f:\/g\/personal\/marcosdti_educacao_niteroi_rj_gov_br\/Eiwa90Wu9mFPnFDqMvF4HFQBAgtI_TsFgAAIBUzIXrYQng?e=im9e7Z\"><span style=\"color: #000080;\">Anexos I e II<\/span><\/a><\/p>\n<\/td>\n<\/tr>\n<tr>\n<td colspan=\"2\">\n<p style=\"text-align: center;\"><a href=\"https:\/\/educacao.niteroi.rj.gov.br\/wp-content\/uploads\/2020\/12\/Minuta-de-Contrato-PP-013-2020_compressed.pdf\"><span style=\"color: #000080;\">Minuta de Contrato<\/span><\/a><\/p>\n<\/td>\n<\/tr>\n<tr>\n<td colspan=\"2\">\n<p style=\"text-align: center;\"><a href=\"https:\/\/educacao.niteroi.rj.gov.br\/wp-content\/uploads\/2020\/12\/D.O-08-12-2020-PP013-2020-FME.pdf\"><span style=\"color: #000080;\">Aviso de Preg\u00e3o<\/span><\/a><\/p>\n<\/td>\n<\/tr>\n<tr>\n<td colspan=\"2\">\n<p style=\"text-align: center;\"><a href=\"https:\/\/educacao.niteroi.rj.gov.br\/wp-content\/uploads\/2020\/12\/WhatsApp-Image-2020-12-21-at-08.55.36.pdf\"><span style=\"color: #000080;\">Adiamento Sine die &#8211; 21-12-2020<\/span><\/a><\/p>\n<\/td>\n<\/tr>\n<tr>\n<td colspan=\"2\">\n<p style=\"text-align: center;\"><a href=\"https:\/\/educacao.niteroi.rj.gov.br\/wp-content\/uploads\/2020\/12\/1-Impugna\u00e7\u00e3o-ao-Edital-Preg\u00e3o-n\u00ba-013-2020.pdf\"><span style=\"color: #000080;\">Impugna\u00e7\u00e3o ao Edital<\/span><\/a><\/p>\n<\/td>\n<\/tr>\n<tr>\n<td colspan=\"2\">\n<p style=\"text-align: center;\"><a href=\"https:\/\/educacao.niteroi.rj.gov.br\/wp-content\/uploads\/2020\/12\/2-Decis\u00e3o-da-Impugna\u00e7\u00e3o-ao-Edital-Preg\u00e3o-n\u00ba-013-2020-compactado.pdf\"><span style=\"color: #000080;\">Decis\u00e3o da Impugna\u00e7\u00e3o ao Edital<\/span><\/a><\/p>\n<\/td>\n<\/tr>\n<\/tbody>\n<\/table>\n","protected":false},"excerpt":{"rendered":"<p>\u00daltima Atualiza\u00e7\u00e3o: 20\/03\/2025 &nbsp; &nbsp; PREG\u00c3O PRESENCIAL\u00a0N\u00b0 01\/2020 Org\u00e3o: Funda\u00e7\u00e3o Municipal de Educa\u00e7\u00e3o de Niter\u00f3i Objeto: Aquisi\u00e7\u00e3o de g\u00eaneros aliment\u00edcios para serem\u00a0utilizadas na elabora\u00e7\u00e3o do card\u00e1pio das Unidades Escolares, Projetos e Institui\u00e7\u00f5es\u00a0Filantr\u00f3picas da Rede Municipal de Niter\u00f3i. Edital Anexo\u00a0I &#8211;\u00a0Carnes\u00a0Lote\u00a001 Anexo\u00a0I &#8211; Carnes Lote\u00a002 Anexo II &#8211; Carnes\u00a0Lote\u00a001 Anexo\u00a0II &#8211; Carnes Lote\u00a002 Minuta de Contrato [&hellip;]<\/p>\n","protected":false},"author":7,"featured_media":0,"comment_status":"closed","ping_status":"closed","sticky":false,"template":"","format":"standard","meta":{"_et_pb_use_builder":"","_et_pb_old_content":"","_et_gb_content_width":"","footnotes":""},"categories":[31],"tags":[],"class_list":["post-31964","post","type-post","status-publish","format-standard","hentry","category-licitacoes"],"_links":{"self":[{"href":"https:\/\/www.educacao.niteroi.rj.gov.br\/index.php?rest_route=\/wp\/v2\/posts\/31964","targetHints":{"allow":["GET"]}}],"collection":[{"href":"https:\/\/www.educacao.niteroi.rj.gov.br\/index.php?rest_route=\/wp\/v2\/posts"}],"about":[{"href":"https:\/\/www.educacao.niteroi.rj.gov.br\/index.php?rest_route=\/wp\/v2\/types\/post"}],"author":[{"embeddable":true,"href":"https:\/\/www.educacao.niteroi.rj.gov.br\/index.php?rest_route=\/wp\/v2\/users\/7"}],"replies":[{"embeddable":true,"href":"https:\/\/www.educacao.niteroi.rj.gov.br\/index.php?rest_route=%2Fwp%2Fv2%2Fcomments&post=31964"}],"version-history":[{"count":4,"href":"https:\/\/www.educacao.niteroi.rj.gov.br\/index.php?rest_route=\/wp\/v2\/posts\/31964\/revisions"}],"predecessor-version":[{"id":46227,"href":"https:\/\/www.educacao.niteroi.rj.gov.br\/index.php?rest_route=\/wp\/v2\/posts\/31964\/revisions\/46227"}],"wp:attachment":[{"href":"https:\/\/www.educacao.niteroi.rj.gov.br\/index.php?rest_route=%2Fwp%2Fv2%2Fmedia&parent=31964"}],"wp:term":[{"taxonomy":"category","embeddable":true,"href":"https:\/\/www.educacao.niteroi.rj.gov.br\/index.php?rest_route=%2Fwp%2Fv2%2Fcategories&post=31964"},{"taxonomy":"post_tag","embeddable":true,"href":"https:\/\/www.educacao.niteroi.rj.gov.br\/index.php?rest_route=%2Fwp%2Fv2%2Ftags&post=31964"}],"curies":[{"name":"wp","href":"https:\/\/api.w.org\/{rel}","templated":true}]}}