{"id":32553,"date":"2022-06-07T11:01:57","date_gmt":"2022-06-07T14:01:57","guid":{"rendered":"https:\/\/educacao.niteroi.rj.gov.br\/?p=32553"},"modified":"2025-05-21T10:09:55","modified_gmt":"2025-05-21T13:09:55","slug":"2021-2","status":"publish","type":"post","link":"https:\/\/www.educacao.niteroi.rj.gov.br\/?p=32553","title":{"rendered":"2021"},"content":{"rendered":"<h6><strong>\u00daltima Atualiza\u00e7\u00e3o:<\/strong><i> 20\/03\/2025<\/i><\/h6>\n<p>&nbsp;<br \/>\n<div class=\"asl_w_container asl_w_container_1\" data-id=\"1\" data-instance=\"1\">\n\t<div id='ajaxsearchlite1'\n\t\tdata-id=\"1\"\n\t\tdata-instance=\"1\"\n\t\tclass=\"asl_w asl_m asl_m_1 asl_m_1_1\">\n\t\t<div class=\"probox\">\n\n\t\n\t<div class='prosettings'  data-opened=0>\n\t\t\t\t<div class='innericon'>\n\t\t\t<svg version=\"1.1\" xmlns=\"http:\/\/www.w3.org\/2000\/svg\" xmlns:xlink=\"http:\/\/www.w3.org\/1999\/xlink\" x=\"0px\" y=\"0px\" width=\"22\" height=\"22\" viewBox=\"0 0 512 512\" enable-background=\"new 0 0 512 512\" xml:space=\"preserve\">\n\t\t\t\t\t<polygon transform = \"rotate(90 256 256)\" points=\"142.332,104.886 197.48,50 402.5,256 197.48,462 142.332,407.113 292.727,256 \"\/>\n\t\t\t\t<\/svg>\n\t\t<\/div>\n\t<\/div>\n\n\t\n\t\n\t<div class='proinput'>\n\t\t<form role=\"search\" action='#' autocomplete=\"off\"\n\t\t\t\taria-label=\"Search form\">\n\t\t\t<input aria-label=\"Search input\"\n\t\t\t\t\ttype='search' class='orig'\n\t\t\t\t\ttabindex=\"0\"\n\t\t\t\t\tname='phrase'\n\t\t\t\t\tplaceholder='Busque aqui...'\n\t\t\t\t\tvalue=''\n\t\t\t\t\tautocomplete=\"off\"\/>\n\t\t\t<input aria-label=\"Search autocomplete\"\n\t\t\t\t\ttype='text'\n\t\t\t\t\tclass='autocomplete'\n\t\t\t\t\ttabindex=\"-1\"\n\t\t\t\t\tname='phrase'\n\t\t\t\t\tvalue=''\n\t\t\t\t\tautocomplete=\"off\" disabled\/>\n\t\t\t<input type='submit' value=\"Start search\" style='width:0; height: 0; visibility: hidden;'>\n\t\t<\/form>\n\t<\/div>\n\n\t\n\t\n\t<button class='promagnifier' tabindex=\"0\" aria-label=\"Search magnifier\">\n\t\t\t\t<span class='innericon' style=\"display:block;\">\n\t\t\t<svg version=\"1.1\" xmlns=\"http:\/\/www.w3.org\/2000\/svg\" xmlns:xlink=\"http:\/\/www.w3.org\/1999\/xlink\" x=\"0px\" y=\"0px\" width=\"22\" height=\"22\" viewBox=\"0 0 512 512\" enable-background=\"new 0 0 512 512\" xml:space=\"preserve\">\n\t\t\t\t\t<path d=\"M460.355,421.59L353.844,315.078c20.041-27.553,31.885-61.437,31.885-98.037\n\t\t\t\t\t\tC385.729,124.934,310.793,50,218.686,50C126.58,50,51.645,124.934,51.645,217.041c0,92.106,74.936,167.041,167.041,167.041\n\t\t\t\t\t\tc34.912,0,67.352-10.773,94.184-29.158L419.945,462L460.355,421.59z M100.631,217.041c0-65.096,52.959-118.056,118.055-118.056\n\t\t\t\t\t\tc65.098,0,118.057,52.959,118.057,118.056c0,65.096-52.959,118.056-118.057,118.056C153.59,335.097,100.631,282.137,100.631,217.041\n\t\t\t\t\t\tz\"\/>\n\t\t\t\t<\/svg>\n\t\t<\/span>\n\t<\/button>\n\n\t\n\t\n\t<div class='proloading'>\n\n\t\t<div class=\"asl_loader\"><div class=\"asl_loader-inner asl_simple-circle\"><\/div><\/div>\n\n\t\t\t<\/div>\n\n\t\t\t<div class='proclose'>\n\t\t\t<svg version=\"1.1\" xmlns=\"http:\/\/www.w3.org\/2000\/svg\" xmlns:xlink=\"http:\/\/www.w3.org\/1999\/xlink\" x=\"0px\"\n\t\t\t\ty=\"0px\"\n\t\t\t\twidth=\"12\" height=\"12\" viewBox=\"0 0 512 512\" enable-background=\"new 0 0 512 512\"\n\t\t\t\txml:space=\"preserve\">\n\t\t\t\t<polygon points=\"438.393,374.595 319.757,255.977 438.378,137.348 374.595,73.607 255.995,192.225 137.375,73.622 73.607,137.352 192.246,255.983 73.622,374.625 137.352,438.393 256.002,319.734 374.652,438.378 \"\/>\n\t\t\t<\/svg>\n\t\t<\/div>\n\t\n\t\n<\/div>\t<\/div>\n\t<div class='asl_data_container' style=\"display:none !important;\">\n\t\t<div class=\"asl_init_data wpdreams_asl_data_ct\"\n\tstyle=\"display:none !important;\"\n\tid=\"asl_init_id_1\"\n\tdata-asl-id=\"1\"\n\tdata-asl-instance=\"1\"\n\tdata-settings=\"{&quot;homeurl&quot;:&quot;https:\\\/\\\/www.educacao.niteroi.rj.gov.br\\\/&quot;,&quot;resultstype&quot;:&quot;vertical&quot;,&quot;resultsposition&quot;:&quot;hover&quot;,&quot;itemscount&quot;:4,&quot;charcount&quot;:0,&quot;highlight&quot;:false,&quot;highlightWholewords&quot;:true,&quot;singleHighlight&quot;:false,&quot;scrollToResults&quot;:{&quot;enabled&quot;:true,&quot;offset&quot;:0},&quot;resultareaclickable&quot;:1,&quot;autocomplete&quot;:{&quot;enabled&quot;:true,&quot;lang&quot;:&quot;pt&quot;,&quot;trigger_charcount&quot;:0},&quot;mobile&quot;:{&quot;menu_selector&quot;:&quot;#menu-toggle&quot;},&quot;trigger&quot;:{&quot;click&quot;:&quot;results_page&quot;,&quot;click_location&quot;:&quot;same&quot;,&quot;update_href&quot;:false,&quot;return&quot;:&quot;results_page&quot;,&quot;return_location&quot;:&quot;same&quot;,&quot;facet&quot;:true,&quot;type&quot;:true,&quot;redirect_url&quot;:&quot;?s={phrase}&quot;,&quot;delay&quot;:300},&quot;animations&quot;:{&quot;pc&quot;:{&quot;settings&quot;:{&quot;anim&quot;:&quot;fadedrop&quot;,&quot;dur&quot;:300},&quot;results&quot;:{&quot;anim&quot;:&quot;fadedrop&quot;,&quot;dur&quot;:300},&quot;items&quot;:&quot;voidanim&quot;},&quot;mob&quot;:{&quot;settings&quot;:{&quot;anim&quot;:&quot;fadedrop&quot;,&quot;dur&quot;:300},&quot;results&quot;:{&quot;anim&quot;:&quot;fadedrop&quot;,&quot;dur&quot;:300},&quot;items&quot;:&quot;voidanim&quot;}},&quot;autop&quot;:{&quot;state&quot;:true,&quot;phrase&quot;:&quot;&quot;,&quot;count&quot;:&quot;1&quot;},&quot;resPage&quot;:{&quot;useAjax&quot;:false,&quot;selector&quot;:&quot;#main&quot;,&quot;trigger_type&quot;:true,&quot;trigger_facet&quot;:true,&quot;trigger_magnifier&quot;:false,&quot;trigger_return&quot;:false},&quot;resultsSnapTo&quot;:&quot;left&quot;,&quot;results&quot;:{&quot;width&quot;:&quot;auto&quot;,&quot;width_tablet&quot;:&quot;auto&quot;,&quot;width_phone&quot;:&quot;auto&quot;},&quot;settingsimagepos&quot;:&quot;right&quot;,&quot;closeOnDocClick&quot;:true,&quot;overridewpdefault&quot;:true,&quot;override_method&quot;:&quot;get&quot;}\"><\/div>\n\t<div id=\"asl_hidden_data\">\n\t\t<svg style=\"position:absolute\" height=\"0\" width=\"0\">\n\t\t\t<filter id=\"aslblur\">\n\t\t\t\t<feGaussianBlur in=\"SourceGraphic\" stdDeviation=\"4\"\/>\n\t\t\t<\/filter>\n\t\t<\/svg>\n\t\t<svg style=\"position:absolute\" height=\"0\" width=\"0\">\n\t\t\t<filter id=\"no_aslblur\"><\/filter>\n\t\t<\/svg>\n\t<\/div>\n\t<\/div>\n\n\t<div id='ajaxsearchliteres1'\n\tclass='vertical wpdreams_asl_results asl_w asl_r asl_r_1 asl_r_1_1'>\n\n\t\n\t<div class=\"results\">\n\n\t\t\n\t\t<div class=\"resdrg\">\n\t\t<\/div>\n\n\t\t\n\t<\/div>\n\n\t\n\t\t\t\t\t<p class='showmore'>\n\t\t\t<span>Mais resultados...<\/span>\n\t\t<\/p>\n\t\t\t\n<\/div>\n\n\t<div id='__original__ajaxsearchlitesettings1'\n\t\tdata-id=\"1\"\n\t\tclass=\"searchsettings wpdreams_asl_settings asl_w asl_s asl_s_1\">\n\t\t<form name='options'\n\t\taria-label=\"Search settings form\"\n\t\tautocomplete = 'off'>\n\n\t\n\t\n\t<input type=\"hidden\" name=\"filters_changed\" style=\"display:none;\" value=\"0\">\n\t<input type=\"hidden\" name=\"filters_initial\" style=\"display:none;\" value=\"1\">\n\n\t<div class=\"asl_option_inner hiddend\">\n\t\t<input type='hidden' name='qtranslate_lang' id='qtranslate_lang'\n\t\t\t\tvalue='0'\/>\n\t<\/div>\n\n\t\n\t\n\t<fieldset class=\"asl_sett_scroll\">\n\t\t<legend style=\"display: none;\">Generic selectors<\/legend>\n\t\t<div class=\"asl_option\" tabindex=\"0\">\n\t\t\t<div class=\"asl_option_inner\">\n\t\t\t\t<input type=\"checkbox\" value=\"exact\"\n\t\t\t\t\t\taria-label=\"Palavra exata\"\n\t\t\t\t\t\tname=\"asl_gen[]\"  checked=\"checked\"\/>\n\t\t\t\t<div class=\"asl_option_checkbox\"><\/div>\n\t\t\t<\/div>\n\t\t\t<div class=\"asl_option_label\">\n\t\t\t\tPalavra exata\t\t\t<\/div>\n\t\t<\/div>\n\t\t<div class=\"asl_option\" tabindex=\"0\">\n\t\t\t<div class=\"asl_option_inner\">\n\t\t\t\t<input type=\"checkbox\" value=\"title\"\n\t\t\t\t\t\taria-label=\"Buscando pelo t\u00edtulo\"\n\t\t\t\t\t\tname=\"asl_gen[]\"  checked=\"checked\"\/>\n\t\t\t\t<div class=\"asl_option_checkbox\"><\/div>\n\t\t\t<\/div>\n\t\t\t<div class=\"asl_option_label\">\n\t\t\t\tBuscando pelo t\u00edtulo\t\t\t<\/div>\n\t\t<\/div>\n\t\t<div class=\"asl_option\" tabindex=\"0\">\n\t\t\t<div class=\"asl_option_inner\">\n\t\t\t\t<input type=\"checkbox\" value=\"content\"\n\t\t\t\t\t\taria-label=\"Buscando pelo conte\u00fado\"\n\t\t\t\t\t\tname=\"asl_gen[]\"  checked=\"checked\"\/>\n\t\t\t\t<div class=\"asl_option_checkbox\"><\/div>\n\t\t\t<\/div>\n\t\t\t<div class=\"asl_option_label\">\n\t\t\t\tBuscando pelo conte\u00fado\t\t\t<\/div>\n\t\t<\/div>\n\t\t<div class=\"asl_option_inner hiddend\">\n\t\t\t<input type=\"checkbox\" value=\"excerpt\"\n\t\t\t\t\taria-label=\"Search in excerpt\"\n\t\t\t\t\tname=\"asl_gen[]\" \/>\n\t\t\t<div class=\"asl_option_checkbox\"><\/div>\n\t\t<\/div>\n\t<\/fieldset>\n\t<fieldset class=\"asl_sett_scroll\">\n\t\t<legend style=\"display: none;\">Post Type Selectors<\/legend>\n\t\t\t\t\t<div class=\"asl_option\" tabindex=\"0\">\n\t\t\t\t<div class=\"asl_option_inner\">\n\t\t\t\t\t<input type=\"checkbox\" value=\"post\"\n\t\t\t\t\t\t\taria-label=\"publica\u00e7\u00e3o\"\n\t\t\t\t\t\t\tname=\"customset[]\" checked=\"checked\"\/>\n\t\t\t\t\t<div class=\"asl_option_checkbox\"><\/div>\n\t\t\t\t<\/div>\n\t\t\t\t<div class=\"asl_option_label\">\n\t\t\t\t\tpublica\u00e7\u00e3o\t\t\t\t<\/div>\n\t\t\t<\/div>\n\t\t\t\t\t\t<div class=\"asl_option\" tabindex=\"0\">\n\t\t\t\t<div class=\"asl_option_inner\">\n\t\t\t\t\t<input type=\"checkbox\" value=\"page\"\n\t\t\t\t\t\t\taria-label=\"p\u00e1gina\"\n\t\t\t\t\t\t\tname=\"customset[]\" \/>\n\t\t\t\t\t<div class=\"asl_option_checkbox\"><\/div>\n\t\t\t\t<\/div>\n\t\t\t\t<div class=\"asl_option_label\">\n\t\t\t\t\tp\u00e1gina\t\t\t\t<\/div>\n\t\t\t<\/div>\n\t\t\t\t<\/fieldset>\n\t\n\t\t<fieldset>\n\t\t\t\t\t\t\t<legend>Filtrando por categoria<\/legend>\n\t\t\t\t\t\t<div class='categoryfilter asl_sett_scroll'>\n\t\t\t\t\t\t\t\t\t<div class=\"asl_option\" tabindex=\"0\">\n\t\t\t\t\t\t<div class=\"asl_option_inner\">\n\t\t\t\t\t\t\t<input type=\"checkbox\" value=\"107\"\n\t\t\t\t\t\t\t\t\taria-label=\"Cota\u00e7\u00f5es\"\n\t\t\t\t\t\t\t\t\tname=\"categoryset[]\" checked=\"checked\"\/>\n\t\t\t\t\t\t\t<div class=\"asl_option_checkbox\"><\/div>\n\t\t\t\t\t\t<\/div>\n\t\t\t\t\t\t<div class=\"asl_option_label\">\n\t\t\t\t\t\t\tCota\u00e7\u00f5es\t\t\t\t\t\t<\/div>\n\t\t\t\t\t<\/div>\n\t\t\t\t\t\t\t\t\t\t<div class=\"asl_option\" tabindex=\"0\">\n\t\t\t\t\t\t<div class=\"asl_option_inner\">\n\t\t\t\t\t\t\t<input type=\"checkbox\" value=\"111\"\n\t\t\t\t\t\t\t\t\taria-label=\"LIbras\"\n\t\t\t\t\t\t\t\t\tname=\"categoryset[]\" checked=\"checked\"\/>\n\t\t\t\t\t\t\t<div class=\"asl_option_checkbox\"><\/div>\n\t\t\t\t\t\t<\/div>\n\t\t\t\t\t\t<div class=\"asl_option_label\">\n\t\t\t\t\t\t\tLIbras\t\t\t\t\t\t<\/div>\n\t\t\t\t\t<\/div>\n\t\t\t\t\t\t\t\t\t\t<div class=\"asl_option\" tabindex=\"0\">\n\t\t\t\t\t\t<div class=\"asl_option_inner\">\n\t\t\t\t\t\t\t<input type=\"checkbox\" value=\"31\"\n\t\t\t\t\t\t\t\t\taria-label=\"Licita\u00e7\u00f5es\"\n\t\t\t\t\t\t\t\t\tname=\"categoryset[]\" checked=\"checked\"\/>\n\t\t\t\t\t\t\t<div class=\"asl_option_checkbox\"><\/div>\n\t\t\t\t\t\t<\/div>\n\t\t\t\t\t\t<div class=\"asl_option_label\">\n\t\t\t\t\t\t\tLicita\u00e7\u00f5es\t\t\t\t\t\t<\/div>\n\t\t\t\t\t<\/div>\n\t\t\t\t\t\t\t\t\t\t<div class=\"asl_option\" tabindex=\"0\">\n\t\t\t\t\t\t<div class=\"asl_option_inner\">\n\t\t\t\t\t\t\t<input type=\"checkbox\" value=\"110\"\n\t\t\t\t\t\t\t\t\taria-label=\"Requerimentos e processos\"\n\t\t\t\t\t\t\t\t\tname=\"categoryset[]\" checked=\"checked\"\/>\n\t\t\t\t\t\t\t<div class=\"asl_option_checkbox\"><\/div>\n\t\t\t\t\t\t<\/div>\n\t\t\t\t\t\t<div class=\"asl_option_label\">\n\t\t\t\t\t\t\tRequerimentos e processos\t\t\t\t\t\t<\/div>\n\t\t\t\t\t<\/div>\n\t\t\t\t\t\t\t\t\t\t<div class=\"asl_option\" tabindex=\"0\">\n\t\t\t\t\t\t<div class=\"asl_option_inner\">\n\t\t\t\t\t\t\t<input type=\"checkbox\" value=\"56\"\n\t\t\t\t\t\t\t\t\taria-label=\"Transpar\u00eancia 2017\"\n\t\t\t\t\t\t\t\t\tname=\"categoryset[]\" checked=\"checked\"\/>\n\t\t\t\t\t\t\t<div class=\"asl_option_checkbox\"><\/div>\n\t\t\t\t\t\t<\/div>\n\t\t\t\t\t\t<div class=\"asl_option_label\">\n\t\t\t\t\t\t\tTranspar\u00eancia 2017\t\t\t\t\t\t<\/div>\n\t\t\t\t\t<\/div>\n\t\t\t\t\t\t\t\t\t\t<div class=\"asl_option\" tabindex=\"0\">\n\t\t\t\t\t\t<div class=\"asl_option_inner\">\n\t\t\t\t\t\t\t<input type=\"checkbox\" value=\"60\"\n\t\t\t\t\t\t\t\t\taria-label=\"Transpar\u00eancia 2018\"\n\t\t\t\t\t\t\t\t\tname=\"categoryset[]\" checked=\"checked\"\/>\n\t\t\t\t\t\t\t<div class=\"asl_option_checkbox\"><\/div>\n\t\t\t\t\t\t<\/div>\n\t\t\t\t\t\t<div class=\"asl_option_label\">\n\t\t\t\t\t\t\tTranspar\u00eancia 2018\t\t\t\t\t\t<\/div>\n\t\t\t\t\t<\/div>\n\t\t\t\t\t\t\t\t\t\t<div class=\"asl_option\" tabindex=\"0\">\n\t\t\t\t\t\t<div class=\"asl_option_inner\">\n\t\t\t\t\t\t\t<input type=\"checkbox\" value=\"57\"\n\t\t\t\t\t\t\t\t\taria-label=\"Transpar\u00eancia 2019\"\n\t\t\t\t\t\t\t\t\tname=\"categoryset[]\" checked=\"checked\"\/>\n\t\t\t\t\t\t\t<div class=\"asl_option_checkbox\"><\/div>\n\t\t\t\t\t\t<\/div>\n\t\t\t\t\t\t<div class=\"asl_option_label\">\n\t\t\t\t\t\t\tTranspar\u00eancia 2019\t\t\t\t\t\t<\/div>\n\t\t\t\t\t<\/div>\n\t\t\t\t\t\t\t\t\t\t<div class=\"asl_option\" tabindex=\"0\">\n\t\t\t\t\t\t<div class=\"asl_option_inner\">\n\t\t\t\t\t\t\t<input type=\"checkbox\" value=\"58\"\n\t\t\t\t\t\t\t\t\taria-label=\"Transpar\u00eancia 2020\"\n\t\t\t\t\t\t\t\t\tname=\"categoryset[]\" checked=\"checked\"\/>\n\t\t\t\t\t\t\t<div class=\"asl_option_checkbox\"><\/div>\n\t\t\t\t\t\t<\/div>\n\t\t\t\t\t\t<div class=\"asl_option_label\">\n\t\t\t\t\t\t\tTranspar\u00eancia 2020\t\t\t\t\t\t<\/div>\n\t\t\t\t\t<\/div>\n\t\t\t\t\t\t\t\t\t\t<div class=\"asl_option\" tabindex=\"0\">\n\t\t\t\t\t\t<div class=\"asl_option_inner\">\n\t\t\t\t\t\t\t<input type=\"checkbox\" value=\"59\"\n\t\t\t\t\t\t\t\t\taria-label=\"Transpar\u00eancia 2021\"\n\t\t\t\t\t\t\t\t\tname=\"categoryset[]\" checked=\"checked\"\/>\n\t\t\t\t\t\t\t<div class=\"asl_option_checkbox\"><\/div>\n\t\t\t\t\t\t<\/div>\n\t\t\t\t\t\t<div class=\"asl_option_label\">\n\t\t\t\t\t\t\tTranspar\u00eancia 2021\t\t\t\t\t\t<\/div>\n\t\t\t\t\t<\/div>\n\t\t\t\t\t\t\t\t\t\t<div class=\"asl_option\" tabindex=\"0\">\n\t\t\t\t\t\t<div class=\"asl_option_inner\">\n\t\t\t\t\t\t\t<input type=\"checkbox\" value=\"98\"\n\t\t\t\t\t\t\t\t\taria-label=\"Transpar\u00eancia 2022\"\n\t\t\t\t\t\t\t\t\tname=\"categoryset[]\" checked=\"checked\"\/>\n\t\t\t\t\t\t\t<div class=\"asl_option_checkbox\"><\/div>\n\t\t\t\t\t\t<\/div>\n\t\t\t\t\t\t<div class=\"asl_option_label\">\n\t\t\t\t\t\t\tTranspar\u00eancia 2022\t\t\t\t\t\t<\/div>\n\t\t\t\t\t<\/div>\n\t\t\t\t\t\t\t\t\t\t<div class=\"asl_option\" tabindex=\"0\">\n\t\t\t\t\t\t<div class=\"asl_option_inner\">\n\t\t\t\t\t\t\t<input type=\"checkbox\" value=\"106\"\n\t\t\t\t\t\t\t\t\taria-label=\"Transpar\u00eancia 2023\"\n\t\t\t\t\t\t\t\t\tname=\"categoryset[]\" checked=\"checked\"\/>\n\t\t\t\t\t\t\t<div class=\"asl_option_checkbox\"><\/div>\n\t\t\t\t\t\t<\/div>\n\t\t\t\t\t\t<div class=\"asl_option_label\">\n\t\t\t\t\t\t\tTranspar\u00eancia 2023\t\t\t\t\t\t<\/div>\n\t\t\t\t\t<\/div>\n\t\t\t\t\t\t\t\t\t\t<div class=\"asl_option\" tabindex=\"0\">\n\t\t\t\t\t\t<div class=\"asl_option_inner\">\n\t\t\t\t\t\t\t<input type=\"checkbox\" value=\"108\"\n\t\t\t\t\t\t\t\t\taria-label=\"Transpar\u00eancia 2024\"\n\t\t\t\t\t\t\t\t\tname=\"categoryset[]\" checked=\"checked\"\/>\n\t\t\t\t\t\t\t<div class=\"asl_option_checkbox\"><\/div>\n\t\t\t\t\t\t<\/div>\n\t\t\t\t\t\t<div class=\"asl_option_label\">\n\t\t\t\t\t\t\tTranspar\u00eancia 2024\t\t\t\t\t\t<\/div>\n\t\t\t\t\t<\/div>\n\t\t\t\t\t\t\t\t\t\t<div class=\"asl_option\" tabindex=\"0\">\n\t\t\t\t\t\t<div class=\"asl_option_inner\">\n\t\t\t\t\t\t\t<input type=\"checkbox\" value=\"109\"\n\t\t\t\t\t\t\t\t\taria-label=\"Transpar\u00eancia 2025\"\n\t\t\t\t\t\t\t\t\tname=\"categoryset[]\" checked=\"checked\"\/>\n\t\t\t\t\t\t\t<div class=\"asl_option_checkbox\"><\/div>\n\t\t\t\t\t\t<\/div>\n\t\t\t\t\t\t<div class=\"asl_option_label\">\n\t\t\t\t\t\t\tTranspar\u00eancia 2025\t\t\t\t\t\t<\/div>\n\t\t\t\t\t<\/div>\n\t\t\t\t\t\t\t\t\t\t<div class=\"asl_option\" tabindex=\"0\">\n\t\t\t\t\t\t<div class=\"asl_option_inner\">\n\t\t\t\t\t\t\t<input type=\"checkbox\" value=\"112\"\n\t\t\t\t\t\t\t\t\taria-label=\"Transpar\u00eancia 2026\"\n\t\t\t\t\t\t\t\t\tname=\"categoryset[]\" checked=\"checked\"\/>\n\t\t\t\t\t\t\t<div class=\"asl_option_checkbox\"><\/div>\n\t\t\t\t\t\t<\/div>\n\t\t\t\t\t\t<div class=\"asl_option_label\">\n\t\t\t\t\t\t\tTranspar\u00eancia 2026\t\t\t\t\t\t<\/div>\n\t\t\t\t\t<\/div>\n\t\t\t\t\t\n\t\t\t<\/div>\n\t\t<\/fieldset>\n\t\t<\/form>\n\t<\/div>\n<\/div>\n<br \/>\n&nbsp;<\/p>\n<table style=\"height: 376px; width: 782px;\" border=\"1\" width=\"495\" cellspacing=\"0\" cellpadding=\"0\" align=\"center\">\n<tbody>\n<tr style=\"height: 60px;\">\n<td style=\"width: 777.552px; height: 60px;\" colspan=\"2\">\n<p style=\"text-align: center;\"><span style=\"color: #000000;\"><strong>PREG\u00c3O ELETR\u00d4NICO<\/strong>\u00a0<strong>N\u00b0 01\/2021<\/strong><\/span><\/p>\n<\/td>\n<\/tr>\n<tr style=\"height: 27px;\">\n<td style=\"width: 49.0104px; height: 27px;\"><strong>Org\u00e3o:<\/strong><\/td>\n<td style=\"width: 726.319px; height: 27px;\"><span style=\"color: #000000;\">Funda\u00e7\u00e3o Municipal de Educa\u00e7\u00e3o de Niter\u00f3i<\/span><\/td>\n<\/tr>\n<tr style=\"height: 169px;\">\n<td style=\"width: 49.0104px; height: 169px;\"><strong>Objeto:<\/strong><\/td>\n<td style=\"width: 726.319px; height: 169px;\">\n<p style=\"text-align: justify;\"><span style=\"color: #000000;\">Aquisi\u00e7\u00e3o, pelo Sistema de Registro de Pre\u00e7os, de TABLETS, para atender o sistema de ensino h\u00edbrido no retorno de volta as aulas, nas unidades escolares da rede da Funda\u00e7\u00e3o Municipal de Educa\u00e7\u00e3o de Niter\u00f3i (FME), conforme especifica\u00e7\u00f5es contidas no Termo Refer\u00eancia &#8211; Anexo III<\/span><\/p>\n<\/td>\n<\/tr>\n<tr style=\"height: 60px;\">\n<td style=\"width: 777.552px; height: 60px;\" colspan=\"2\">\n<p style=\"text-align: center;\"><span style=\"color: #003366;\"><a style=\"color: #003366;\" href=\"https:\/\/educacao.niteroi.rj.gov.br\/wp-content\/uploads\/2021\/05\/Aviso-de-Pregao-Eletronico-DO-24-06-2021.pdf\">Aviso de Preg\u00e3o Eletr\u00f4nico DO &#8211; 24-06-2021<\/a><\/span><\/p>\n<\/td>\n<\/tr>\n<tr style=\"height: 60px;\">\n<td style=\"height: 60px; width: 777.552px;\" colspan=\"2\">\n<p style=\"text-align: center;\"><span style=\"color: #003366;\"><a style=\"color: #003366;\" href=\"https:\/\/educacao.niteroi.rj.gov.br\/wp-content\/uploads\/2021\/05\/EDITAL-FME-PE-001-2021-TABLET.pdf\">Edital e Anexos<\/a><\/span><\/p>\n<\/td>\n<\/tr>\n<tr>\n<td style=\"width: 777.552px;\" colspan=\"2\">\n<p style=\"text-align: center;\"><span style=\"color: #003366;\"><a style=\"color: #003366;\" href=\"https:\/\/educacao.niteroi.rj.gov.br\/wp-content\/uploads\/2021\/08\/Fracassado-2.pdf\">Aviso de Fracassado<\/a><\/span><\/p>\n<\/td>\n<\/tr>\n<tr>\n<td style=\"width: 777.552px;\" colspan=\"2\">\n<p style=\"text-align: center;\"><span style=\"color: #003366;\"><a style=\"color: #003366;\" href=\"https:\/\/educacao.niteroi.rj.gov.br\/wp-content\/uploads\/2021\/07\/31.pdf\">Aviso de Preg\u00e3o D.O &#8211; 31\/07\/2021<\/a><\/span><\/p>\n<\/td>\n<\/tr>\n<tr>\n<td style=\"width: 777.552px;\" colspan=\"2\">\n<p style=\"text-align: center;\"><span style=\"color: #003366;\"><a style=\"color: #003366;\" href=\"https:\/\/educacao.niteroi.rj.gov.br\/wp-content\/uploads\/2021\/07\/EDITAL_PE_001-21_TABLET.pdf\">Edital<\/a><\/span><\/p>\n<\/td>\n<\/tr>\n<tr>\n<td colspan=\"2\">\n<p style=\"text-align: center;\"><span style=\"color: #003366;\"><a style=\"color: #003366;\" href=\"https:\/\/educacao.niteroi.rj.gov.br\/wp-content\/uploads\/2021\/07\/ANEXOS.pdf\">Anexos<\/a><\/span><\/p>\n<\/td>\n<\/tr>\n<tr>\n<td colspan=\"2\">\n<p style=\"text-align: center;\"><span style=\"color: #003366;\"><a style=\"color: #003366;\" href=\"https:\/\/educacao.niteroi.rj.gov.br\/wp-content\/uploads\/2021\/09\/Recurso-Conesul-Comercial-e-Tecnologia-Eireli-07-08-2021.pdf\">Recurso Conesul Comercial e Tecnologia Eireli &#8211; 07-08-2021<\/a><\/span><\/p>\n<\/td>\n<\/tr>\n<tr>\n<td colspan=\"2\">\n<p style=\"text-align: center;\"><span style=\"color: #003366;\"><a style=\"color: #003366;\" href=\"https:\/\/educacao.niteroi.rj.gov.br\/wp-content\/uploads\/2021\/09\/Publicacao-do-resultado-do-Recurso-Conesul-Comercial-e-Tecnologia-Eireli-04-08-2021.pdf\">Publica\u00e7\u00e3o do resultado do Recurso Conesul Comercial e Tecnologia Eireli &#8211; 04-08-2021<\/a><\/span><\/p>\n<\/td>\n<\/tr>\n<tr>\n<td style=\"width: 777.552px;\" colspan=\"2\">\n<p style=\"text-align: center;\"><span style=\"color: #003366;\"><a style=\"color: #003366;\" href=\"https:\/\/educacao.niteroi.rj.gov.br\/wp-content\/uploads\/2021\/09\/Decisao-do-Recurso-Conesul-Comercial-e-Tecnologia-Eireli-04-08-2021-compactado.pdf\">Decis\u00e3o do Recurso Conesul Comercial e Tecnologia Eireli &#8211; 04-08-2021-compactado<\/a><\/span><\/p>\n<\/td>\n<\/tr>\n<tr>\n<td style=\"width: 777.552px;\" colspan=\"2\">\n<p style=\"text-align: center;\"><span style=\"color: #003366;\"><a style=\"color: #003366;\" href=\"https:\/\/educacao.niteroi.rj.gov.br\/wp-content\/uploads\/2021\/08\/Publicacao-04-09-21.pdf\">Publica\u00e7\u00e3o de Indeferimento de Recurso 04-09-21<\/a><\/span><\/p>\n<\/td>\n<\/tr>\n<tr>\n<td style=\"width: 777.552px;\" colspan=\"2\">\n<p style=\"text-align: center;\"><span style=\"color: #003366;\"><a style=\"color: #003366;\" href=\"https:\/\/educacao.niteroi.rj.gov.br\/wp-content\/uploads\/2021\/08\/RESPOSTA-RECURSO-CONESUL-08-09.pdf\">Resposta do Recurso<\/a><\/span><\/p>\n<\/td>\n<\/tr>\n<tr>\n<td style=\"width: 777.552px;\" colspan=\"2\">\n<p style=\"text-align: center;\"><span style=\"color: #003366;\"><a style=\"color: #003366;\" href=\"https:\/\/educacao.niteroi.rj.gov.br\/wp-content\/uploads\/2021\/09\/Publicacao-04-09-21.pdf\">Aviso de Novo Preg\u00e3o &#8211; 04\/09\/2021<\/a><\/span><\/p>\n<\/td>\n<\/tr>\n<tr>\n<td style=\"width: 777.552px;\" colspan=\"2\">\n<p style=\"text-align: center;\"><span style=\"color: #003366;\"><a style=\"color: #003366;\" href=\"https:\/\/educacao.niteroi.rj.gov.br\/wp-content\/uploads\/2021\/09\/EDITALPE00121TABLET.pdf\">Edital<\/a><\/span><\/p>\n<\/td>\n<\/tr>\n<tr>\n<td style=\"width: 777.552px;\" colspan=\"2\">\n<p style=\"text-align: center;\"><span style=\"color: #003366;\"><a style=\"color: #003366;\" href=\"https:\/\/educacao.niteroi.rj.gov.br\/wp-content\/uploads\/2021\/09\/ANEXOS.pdf\">Anexos<\/a><\/span><\/p>\n<\/td>\n<\/tr>\n<tr>\n<td colspan=\"2\">\n<p style=\"text-align: center;\"><span style=\"color: #003366;\"><a style=\"color: #003366;\" href=\"https:\/\/educacao.niteroi.rj.gov.br\/wp-content\/uploads\/2021\/09\/Adiamento-Sine-Die-15-09-2021-1.pdf\">Adiamento-Sine-Die \/15-09-2021<\/a><\/span><\/p>\n<\/td>\n<\/tr>\n<tr>\n<td style=\"width: 777.552px; text-align: center;\" colspan=\"2\"><span style=\"color: #003366;\"><a style=\"color: #003366;\" href=\"https:\/\/educacao.niteroi.rj.gov.br\/wp-content\/uploads\/2021\/09\/RESPOSTA-RECURSO-MASTER-21-09-compactado.pdf\">Resposta do Recurso \/ MASTER INDUSTRIA E COM\u00c9RIO LTDA 21-09- 21<\/a><\/span><\/td>\n<\/tr>\n<\/tbody>\n<\/table>\n<p>&nbsp;<\/p>\n<table border=\"1\" cellspacing=\"0\" cellpadding=\"0\" align=\"center\">\n<tbody>\n<tr style=\"height: 60px;\">\n<td style=\"width: 491px; height: 60px;\" colspan=\"2\">\n<p style=\"text-align: center;\"><span style=\"color: #000000;\"><strong>PREG\u00c3O ELETR\u00d4NICO<\/strong>\u00a0<strong>N\u00b0 02\/2021<\/strong><\/span><\/p>\n<\/td>\n<\/tr>\n<tr style=\"height: 27px;\">\n<td style=\"width: 49.625px; height: 27px;\"><strong>Org\u00e3o:<\/strong><\/td>\n<td style=\"width: 439.375px; height: 27px;\"><span style=\"color: #000000;\">Funda\u00e7\u00e3o Municipal de Educa\u00e7\u00e3o de Niter\u00f3i<\/span><\/td>\n<\/tr>\n<tr style=\"height: 169px;\">\n<td style=\"width: 49.625px; height: 169px;\"><strong>Objeto:<\/strong><\/td>\n<td style=\"width: 439.375px; height: 169px;\">\n<p style=\"text-align: justify;\"><span style=\"color: #000000;\">O presente Preg\u00e3o tem por objeto aquisi\u00e7\u00e3o de g\u00eaneros aliment\u00edcios para serem utilizados na elabora\u00e7\u00e3o do Card\u00e1pio Escolar das Unidades Escolares, Projetos e Institui\u00e7\u00f5es Filantr\u00f3picas da Rede Municipal de Niter\u00f3i, conforme especifica\u00e7\u00f5es constantes do ANEXO III &#8211; Termo de Refer\u00eancia do Objeto, relativo ao Processo n\u00ba210\/0259\/2021.<\/span><\/p>\n<\/td>\n<\/tr>\n<tr style=\"height: 60px;\">\n<td style=\"width: 491px; height: 60px; text-align: center;\" colspan=\"2\"><span style=\"color: #003366;\"><a style=\"color: #003366;\" href=\"https:\/\/fmeniteroi-my.sharepoint.com\/:b:\/g\/personal\/marcosdti_educacao_niteroi_rj_gov_br\/EZkvY49r9qlIvH_dXStGbPkBL8f8U5nsLrWqV-qsfqoa-g?e=YRbQar\">Edital<\/a><\/span><\/td>\n<\/tr>\n<tr style=\"height: 60px;\">\n<td style=\"height: 60px;\" colspan=\"2\">\n<p style=\"text-align: center;\"><span style=\"color: #003366;\"><a style=\"color: #003366;\" href=\"https:\/\/educacao.niteroi.rj.gov.br\/wp-content\/uploads\/2021\/07\/Publicacao-DO-PE002-2021-FME.pdf\">Publica\u00e7\u00e3o D.O &#8211; 23\/07\/2021<\/a><\/span><\/p>\n<\/td>\n<\/tr>\n<tr>\n<td colspan=\"2\">\n<p style=\"text-align: center;\"><span style=\"color: #003366;\"><a style=\"color: #003366;\" href=\"https:\/\/educacao.niteroi.rj.gov.br\/wp-content\/uploads\/2021\/07\/ANEXO-I-PP02-2021-LOTE-O1.pdf\">ANEXO I &#8211; LOTE O1<\/a><\/span><\/p>\n<\/td>\n<\/tr>\n<tr>\n<td colspan=\"2\">\n<p style=\"text-align: center;\"><span style=\"color: #003366;\"><a style=\"color: #003366;\" href=\"https:\/\/educacao.niteroi.rj.gov.br\/wp-content\/uploads\/2021\/07\/ANEXO-I-PP02-2021-LOTE-O2.pdf\">ANEXO I &#8211; LOTE O2<\/a><\/span><\/p>\n<\/td>\n<\/tr>\n<tr>\n<td colspan=\"2\">\n<p style=\"text-align: center;\"><span style=\"color: #003366;\"><a style=\"color: #003366;\" href=\"https:\/\/educacao.niteroi.rj.gov.br\/wp-content\/uploads\/2021\/07\/ANEXO-I-PP02-2021-LOTE-O3.pdf\">ANEXO I &#8211; LOTE O3<\/a><\/span><\/p>\n<\/td>\n<\/tr>\n<tr>\n<td colspan=\"2\">\n<p style=\"text-align: center;\"><span style=\"color: #003366;\"><a style=\"color: #003366;\" href=\"https:\/\/educacao.niteroi.rj.gov.br\/wp-content\/uploads\/2021\/07\/ANEXO-I-PP02-2021-LOTE-O4.pdf\">ANEXO I &#8211; LOTE O4<\/a><\/span><\/p>\n<\/td>\n<\/tr>\n<tr>\n<td colspan=\"2\">\n<p style=\"text-align: center;\"><span style=\"color: #003366;\"><a style=\"color: #003366;\" href=\"https:\/\/educacao.niteroi.rj.gov.br\/wp-content\/uploads\/2021\/07\/ANEXO-I-PP02-2021-LOTE-O5.pdf\">ANEXO I &#8211; LOTE O5<\/a><\/span><\/p>\n<\/td>\n<\/tr>\n<tr>\n<td colspan=\"2\">\n<p style=\"text-align: center;\"><span style=\"color: #003366;\"><a style=\"color: #003366;\" href=\"https:\/\/educacao.niteroi.rj.gov.br\/wp-content\/uploads\/2021\/07\/ANEXO-I-PP02-2021-LOTE-O6.pdf\">ANEXO I &#8211; LOTE O6<\/a><\/span><\/p>\n<\/td>\n<\/tr>\n<tr>\n<td colspan=\"2\">\n<p style=\"text-align: center;\"><span style=\"color: #003366;\"><a style=\"color: #003366;\" href=\"https:\/\/educacao.niteroi.rj.gov.br\/wp-content\/uploads\/2021\/07\/ANEXO-II-PP02-2021-LOTE-O1.pdf\">ANEXO II &#8211; LOTE O1<\/a><\/span><\/p>\n<\/td>\n<\/tr>\n<tr>\n<td colspan=\"2\">\n<p style=\"text-align: center;\"><span style=\"color: #003366;\"><a style=\"color: #003366;\" href=\"https:\/\/educacao.niteroi.rj.gov.br\/wp-content\/uploads\/2021\/07\/ANEXO-II-PP02-2021-LOTE-O2.pdf\">ANEXO II &#8211; LOTE O2<\/a><\/span><\/p>\n<\/td>\n<\/tr>\n<tr>\n<td colspan=\"2\">\n<p style=\"text-align: center;\"><span style=\"color: #003366;\"><a style=\"color: #003366;\" href=\"https:\/\/educacao.niteroi.rj.gov.br\/wp-content\/uploads\/2021\/07\/ANEXO-II-PP02-2021-LOTE-O3.pdf\">ANEXO II &#8211; LOTE O3<\/a><\/span><\/p>\n<\/td>\n<\/tr>\n<tr>\n<td colspan=\"2\">\n<p style=\"text-align: center;\"><span style=\"color: #003366;\"><a style=\"color: #003366;\" href=\"https:\/\/educacao.niteroi.rj.gov.br\/wp-content\/uploads\/2021\/07\/ANEXO-II-PP02-2021-LOTE-O4.pdf\">ANEXO II &#8211; LOTE O4<\/a><\/span><\/p>\n<\/td>\n<\/tr>\n<tr>\n<td colspan=\"2\">\n<p style=\"text-align: center;\"><span style=\"color: #003366;\"><a style=\"color: #003366;\" href=\"https:\/\/educacao.niteroi.rj.gov.br\/wp-content\/uploads\/2021\/07\/ANEXO-II-PP02-2021-LOTE-O5.pdf\">ANEXO II &#8211; LOTE O5<\/a><\/span><\/p>\n<\/td>\n<\/tr>\n<tr>\n<td colspan=\"2\">\n<p style=\"text-align: center;\"><span style=\"color: #003366;\"><a style=\"color: #003366;\" href=\"https:\/\/educacao.niteroi.rj.gov.br\/wp-content\/uploads\/2021\/07\/ANEXO-II-PP02-2021-LOTE-O6.pdf\">ANEXO II &#8211; LOTE O6<\/a><\/span><\/p>\n<\/td>\n<\/tr>\n<tr>\n<td style=\"width: 491px;\" colspan=\"2\">\n<p style=\"text-align: center;\"><span style=\"color: #003366;\"><a style=\"color: #003366;\" href=\"https:\/\/educacao.niteroi.rj.gov.br\/wp-content\/uploads\/2021\/07\/ANEXO-VIII-MINUTA-DE-CONTRATO-PE002-2021-FME_compressed.pdf\">ANEXO VIII &#8211; Minuta de Contrato<\/a><\/span><\/p>\n<\/td>\n<\/tr>\n<tr>\n<td style=\"width: 491px;\" colspan=\"2\">\n<p style=\"text-align: center;\"><span style=\"color: #003366;\"><a style=\"color: #003366;\" href=\"https:\/\/drive.google.com\/file\/d\/1cKODTsW8UEVwxy025SS1lJc-BkmQ2Vcn\/view?usp=sharing\">ATA DA SESS\u00c3O P\u00daBLICA DO PREG\u00c3O<\/a><\/span><\/p>\n<\/td>\n<\/tr>\n<\/tbody>\n<\/table>\n<p>&nbsp;<\/p>\n<table style=\"height: 988px;\" border=\"1\" cellspacing=\"0\" cellpadding=\"0\" align=\"center\">\n<tbody>\n<tr style=\"height: 60px;\">\n<td style=\"width: 495.297px; height: 60px;\" colspan=\"2\">\n<p style=\"text-align: center;\"><span style=\"color: #000000;\"><strong>PREG\u00c3O ELETR\u00d4NICO<\/strong>\u00a0<strong>N\u00b0 02\/2021 &#8211; LOTE 6<\/strong><\/span><\/p>\n<\/td>\n<\/tr>\n<tr style=\"height: 27px;\">\n<td style=\"width: 51.2969px; height: 27px;\"><strong>Org\u00e3o:<\/strong><\/td>\n<td style=\"width: 442px; height: 27px;\"><span style=\"color: #000000;\">Funda\u00e7\u00e3o Municipal de Educa\u00e7\u00e3o de Niter\u00f3i<\/span><\/td>\n<\/tr>\n<tr style=\"height: 169px;\">\n<td style=\"width: 51.2969px; height: 169px;\"><strong>Objeto:<\/strong><\/td>\n<td style=\"width: 442px; height: 169px;\">\n<p style=\"text-align: justify;\"><span style=\"color: #000000;\">O presente Preg\u00e3o tem por objeto aquisi\u00e7\u00e3o de g\u00eaneros aliment\u00edcios \u201cLOTE 06 \u2013 LANCHES FRIOS\u201d para serem utilizadas na elabora\u00e7\u00e3o do card\u00e1pio das Unidades Escolares, Projetos e Institui\u00e7\u00f5es Filantr\u00f3picas da Rede Municipal de Niter\u00f3i, conforme especifica\u00e7\u00f5es constantes do ANEXO III &#8211; Termo de Refer\u00eancia do Objeto, relativo ao Processo n\u00ba210\/0259\/2021.<\/span><\/p>\n<\/td>\n<\/tr>\n<tr style=\"height: 60px;\">\n<td style=\"width: 495.297px; height: 60px; text-align: center;\" colspan=\"2\"><span style=\"color: #003366;\"><a style=\"color: #003366;\" href=\"https:\/\/educacao.niteroi.rj.gov.br\/wp-content\/uploads\/2021\/08\/EDITALPE00221_LOTE6.pdf\">Edital<\/a><\/span><\/td>\n<\/tr>\n<tr style=\"height: 60px;\">\n<td style=\"height: 60px; width: 495.297px;\" colspan=\"2\">\n<p style=\"text-align: center;\"><span style=\"color: #003366;\"><a style=\"color: #003366;\" href=\"https:\/\/educacao.niteroi.rj.gov.br\/wp-content\/uploads\/2021\/08\/ANEXOIPE00221_LOTE6.pdf\">Anexo I &#8211; Lote 6<\/a><\/span><\/p>\n<\/td>\n<\/tr>\n<tr style=\"height: 51px;\">\n<td style=\"height: 51px; width: 495.297px;\" colspan=\"2\">\n<p style=\"text-align: center;\"><span style=\"color: #003366;\"><a style=\"color: #003366;\" href=\"https:\/\/educacao.niteroi.rj.gov.br\/wp-content\/uploads\/2021\/08\/ANEXOIIPE00221_LOTE6.pdf\">Anexo II &#8211; Lote 6<\/a><\/span><\/p>\n<\/td>\n<\/tr>\n<tr style=\"height: 51px;\">\n<td style=\"height: 51px; width: 495.297px;\" colspan=\"2\">\n<p style=\"text-align: center;\"><span style=\"color: #003366;\"><a style=\"color: #003366;\" href=\"https:\/\/educacao.niteroi.rj.gov.br\/wp-content\/uploads\/2021\/08\/ANEXOIIIPE00221_LOTE6.pdf\">Anexo III &#8211; Lote 6<\/a><\/span><\/p>\n<\/td>\n<\/tr>\n<tr style=\"height: 51px;\">\n<td style=\"height: 51px; width: 495.297px;\" colspan=\"2\">\n<p style=\"text-align: center;\"><span style=\"color: #003366;\"><a style=\"color: #003366;\" href=\"https:\/\/educacao.niteroi.rj.gov.br\/wp-content\/uploads\/2021\/08\/ANEXOIVPE00221_LOTE6.pdf\">Anexo IV &#8211; lote 6<\/a><\/span><\/p>\n<\/td>\n<\/tr>\n<tr style=\"height: 51px;\">\n<td style=\"height: 51px; width: 495.297px;\" colspan=\"2\">\n<p style=\"text-align: center;\"><span style=\"color: #003366;\"><a style=\"color: #003366;\" href=\"https:\/\/educacao.niteroi.rj.gov.br\/wp-content\/uploads\/2021\/08\/ANEXOVPE00221_LOTE6.pdf\">Anexo V &#8211; Lote 6<\/a><\/span><\/p>\n<\/td>\n<\/tr>\n<tr style=\"height: 51px;\">\n<td style=\"height: 51px; width: 495.297px;\" colspan=\"2\">\n<p style=\"text-align: center;\"><span style=\"color: #003366;\"><a style=\"color: #003366;\" href=\"https:\/\/educacao.niteroi.rj.gov.br\/wp-content\/uploads\/2021\/08\/ANEXOVIPE00221_LOTE6.pdf\">Anexo VI &#8211; Lote 6\u00a0<\/a><\/span><\/p>\n<\/td>\n<\/tr>\n<tr style=\"height: 51px;\">\n<td style=\"height: 51px; width: 495.297px; text-align: center;\" colspan=\"2\"><span style=\"color: #003366;\"><a style=\"color: #003366;\" href=\"https:\/\/educacao.niteroi.rj.gov.br\/wp-content\/uploads\/2021\/08\/ANEXOVIIPE00221_LOTE6.pdf\">Anexo VII &#8211; Lote 6<\/a><\/span><\/td>\n<\/tr>\n<tr style=\"height: 51px;\">\n<td style=\"height: 51px; width: 495.297px;\" colspan=\"2\">\n<p style=\"text-align: center;\"><span style=\"color: #003366;\"><a style=\"color: #003366;\" href=\"https:\/\/educacao.niteroi.rj.gov.br\/wp-content\/uploads\/2021\/08\/ANEXOVIIIPE00221_LOTE6_PT1.pdf\">Anexo VIII &#8211; Lote 6 &#8211; Parte 1<\/a><\/span><\/p>\n<\/td>\n<\/tr>\n<tr style=\"height: 51px;\">\n<td style=\"height: 51px; width: 495.297px;\" colspan=\"2\">\n<p style=\"text-align: center;\"><span style=\"color: #003366;\"><a style=\"color: #003366;\" href=\"https:\/\/educacao.niteroi.rj.gov.br\/wp-content\/uploads\/2021\/08\/ANEXOVIIIPE00221_LOTE6_PT2.pdf\">Anexo VIII &#8211; lote 6 &#8211; Parte 2<\/a><\/span><\/p>\n<\/td>\n<\/tr>\n<tr style=\"height: 51px;\">\n<td style=\"height: 51px; width: 495.297px;\" colspan=\"2\">\n<p style=\"text-align: center;\"><span style=\"color: #003366;\"><a style=\"color: #003366;\" href=\"https:\/\/educacao.niteroi.rj.gov.br\/wp-content\/uploads\/2021\/08\/ANEXOIXPE00221_LOTE6.pdf\">Anexo IX &#8211; Lote 6<\/a><\/span><\/p>\n<\/td>\n<\/tr>\n<tr>\n<td style=\"width: 495.297px;\" colspan=\"2\">\n<p style=\"text-align: center;\"><span style=\"color: #003366;\"><a style=\"color: #003366;\" href=\"https:\/\/educacao.niteroi.rj.gov.br\/wp-content\/uploads\/2021\/08\/ANEXOXPE00221_LOTE6.pdf\">Anexo X &#8211; Lote 6<\/a><\/span><\/p>\n<\/td>\n<\/tr>\n<tr>\n<td style=\"width: 495.297px;\" colspan=\"2\">\n<p style=\"text-align: center;\"><span style=\"color: #003366;\"><a style=\"color: #003366;\" href=\"https:\/\/educacao.niteroi.rj.gov.br\/wp-content\/uploads\/2021\/08\/ANEXOXIPE00221_LOTE6.pdf\">Anexo XI &#8211; Lote 6<\/a><\/span><\/p>\n<\/td>\n<\/tr>\n<\/tbody>\n<\/table>\n<p>&nbsp;<\/p>\n<table style=\"height: 1388px;\" border=\"1\" cellspacing=\"0\" cellpadding=\"0\" align=\"center\">\n<tbody>\n<tr style=\"height: 60px;\">\n<td style=\"width: 491.215px; height: 60px;\" colspan=\"2\">\n<p style=\"text-align: center;\"><span style=\"color: #000000;\"><strong>PREG\u00c3O ELETR\u00d4NICO<\/strong>\u00a0<strong>N\u00b0 03\/2021<\/strong><\/span><\/p>\n<\/td>\n<\/tr>\n<tr style=\"height: 27px;\">\n<td style=\"width: 49.6181px; height: 27px;\"><strong>Org\u00e3o:<\/strong><\/td>\n<td style=\"width: 439.375px; height: 27px;\"><span style=\"color: #000000;\">Funda\u00e7\u00e3o Municipal de Educa\u00e7\u00e3o de Niter\u00f3i<\/span><\/td>\n<\/tr>\n<tr style=\"height: 169px;\">\n<td style=\"width: 49.6181px; height: 169px;\"><strong>Objeto:<\/strong><\/td>\n<td style=\"width: 439.375px; height: 169px;\">\n<p style=\"text-align: justify;\"><span style=\"color: #000000;\">O presente Preg\u00e3o tem por objeto aquisi\u00e7\u00e3o de g\u00eaneros aliment\u00edcios (CARNES) para complementa\u00e7\u00e3o do Card\u00e1pio Escolar das Unidades Escolares, Projetos e Institui\u00e7\u00f5es Filantr\u00f3picas da Rede Municipal de Niter\u00f3i, conforme especifica\u00e7\u00f5es constantes do ANEXO III &#8211; Termo de Refer\u00eancia do Objeto, relativo ao Processo n\u00ba210\/0206\/2021.<\/span><\/p>\n<\/td>\n<\/tr>\n<tr style=\"height: 60px;\">\n<td style=\"width: 491.215px; height: 60px; text-align: center;\" colspan=\"2\"><span style=\"color: #003366;\"><a style=\"color: #003366;\" href=\"https:\/\/educacao.niteroi.rj.gov.br\/wp-content\/uploads\/2021\/07\/Edital-PE003-2021-CARNES.pdf\">Edital<\/a><\/span><\/td>\n<\/tr>\n<tr style=\"height: 60px;\">\n<td style=\"height: 60px; text-align: center; width: 491.215px;\" colspan=\"2\"><span style=\"color: #003366;\"><a style=\"color: #003366;\" href=\"https:\/\/educacao.niteroi.rj.gov.br\/wp-content\/uploads\/2021\/07\/Publicacao-DO-PE003-2021-FME.pdf\">Publica\u00e7\u00e3o DO &#8211; 23\/07\/2021<\/a><\/span><\/td>\n<\/tr>\n<tr style=\"height: 23px;\">\n<td style=\"text-align: center; height: 23px; width: 491.215px;\" colspan=\"2\"><span style=\"color: #003366;\"><a style=\"color: #003366;\" href=\"https:\/\/educacao.niteroi.rj.gov.br\/wp-content\/uploads\/2021\/07\/ANEXO-I-PE003-2021-CARNE.pdf\">ANEXO I &#8211; CARNE<\/a><\/span><\/td>\n<\/tr>\n<tr style=\"height: 23px;\">\n<td style=\"text-align: center; height: 23px; width: 491.215px;\" colspan=\"2\"><span style=\"color: #003366;\"><a style=\"color: #003366;\" href=\"https:\/\/educacao.niteroi.rj.gov.br\/wp-content\/uploads\/2021\/08\/ANEXOIIPE00321_CARNE.pdf\">ANEXO II &#8211; CARNE<\/a><\/span><\/td>\n<\/tr>\n<tr style=\"height: 23px;\">\n<td style=\"text-align: center; height: 23px; width: 491.215px;\" colspan=\"2\"><span style=\"color: #003366;\"><a style=\"color: #003366;\" href=\"https:\/\/educacao.niteroi.rj.gov.br\/wp-content\/uploads\/2021\/07\/ANEXO-VIII-MINUTA-DE-CONTRATO-PE-003-2021.pdf\">Anexo VIII &#8211; Minuta de Contrato<\/a><\/span><\/td>\n<\/tr>\n<tr style=\"height: 23px;\">\n<td style=\"text-align: center; height: 23px; width: 491.215px;\" colspan=\"2\"><span style=\"color: #003366;\"><a style=\"color: #003366;\" href=\"https:\/\/educacao.niteroi.rj.gov.br\/wp-content\/uploads\/2021\/08\/Aviso-de-Fracassado-07-08-21.pdf\">Aviso de Fracassado D.O 07-08-21<\/a><\/span><\/td>\n<\/tr>\n<tr style=\"height: 23px;\">\n<td style=\"text-align: center; height: 23px; width: 491.215px;\" colspan=\"2\"><span style=\"color: #003366;\"><a style=\"color: #003366;\" href=\"https:\/\/educacao.niteroi.rj.gov.br\/wp-content\/uploads\/2021\/08\/DOPUBLIPE00321_CARNE.pdf\">Aviso de Preg\u00e3o D.O<\/a><\/span><\/td>\n<\/tr>\n<tr style=\"height: 23px;\">\n<td style=\"text-align: center; height: 23px; width: 491.215px;\" colspan=\"2\"><span style=\"color: #003366;\"><a style=\"color: #003366;\" href=\"https:\/\/educacao.niteroi.rj.gov.br\/wp-content\/uploads\/2021\/08\/EDITALPE00321_CARNE-1.pdf\">Segundo Edital<\/a><\/span><\/td>\n<\/tr>\n<tr style=\"height: 23px;\">\n<td style=\"text-align: center; height: 23px; width: 491.215px;\" colspan=\"2\"><span style=\"color: #003366;\"><a style=\"color: #003366;\" href=\"https:\/\/educacao.niteroi.rj.gov.br\/wp-content\/uploads\/2021\/08\/ANEXOIPE00321_CARNE.pdf\">Anexo I<\/a><\/span><\/td>\n<\/tr>\n<tr style=\"height: 23px;\">\n<td style=\"text-align: center; height: 23px; width: 491.215px;\" colspan=\"2\"><span style=\"color: #003366;\"><a style=\"color: #003366;\" href=\"https:\/\/educacao.niteroi.rj.gov.br\/wp-content\/uploads\/2021\/08\/ANEXOIIPE00321_CARNE.pdf\">Anexo II<\/a><\/span><\/td>\n<\/tr>\n<tr style=\"height: 23px;\">\n<td style=\"text-align: center; height: 23px; width: 491.215px;\" colspan=\"2\"><span style=\"color: #003366;\"><a style=\"color: #003366;\" href=\"https:\/\/educacao.niteroi.rj.gov.br\/wp-content\/uploads\/2021\/08\/ANEXOIIIPE00321_CARNE.pdf\">Anexo III<\/a><\/span><\/td>\n<\/tr>\n<tr style=\"height: 23px;\">\n<td style=\"text-align: center; height: 23px; width: 491.215px;\" colspan=\"2\"><span style=\"color: #003366;\"><a style=\"color: #003366;\" href=\"https:\/\/educacao.niteroi.rj.gov.br\/wp-content\/uploads\/2021\/08\/ANEXOIVPE00321_CARNE.pdf\">Anexo IV<\/a><\/span><\/td>\n<\/tr>\n<tr style=\"height: 23px;\">\n<td style=\"text-align: center; height: 23px; width: 491.215px;\" colspan=\"2\"><span style=\"color: #003366;\"><a style=\"color: #003366;\" href=\"https:\/\/educacao.niteroi.rj.gov.br\/wp-content\/uploads\/2021\/08\/ANEXOVPE00321_CARNE.pdf\">Anexo V<\/a><\/span><\/td>\n<\/tr>\n<tr style=\"height: 23px;\">\n<td style=\"text-align: center; height: 23px; width: 491.215px;\" colspan=\"2\"><span style=\"color: #003366;\"><a style=\"color: #003366;\" href=\"https:\/\/educacao.niteroi.rj.gov.br\/wp-content\/uploads\/2021\/08\/ANEXOVIPE00321_CARNE.pdf\">Anexo VI<\/a><\/span><\/td>\n<\/tr>\n<tr style=\"height: 23px;\">\n<td style=\"text-align: center; height: 23px; width: 491.215px;\" colspan=\"2\"><span style=\"color: #003366;\"><a style=\"color: #003366;\" href=\"https:\/\/educacao.niteroi.rj.gov.br\/wp-content\/uploads\/2021\/08\/ANEXOVIIPE00321_CARNE.pdf\">Anexo VII<\/a><\/span><\/td>\n<\/tr>\n<tr style=\"height: 23px;\">\n<td style=\"text-align: center; height: 23px; width: 491.215px;\" colspan=\"2\"><span style=\"color: #003366;\"><a style=\"color: #003366;\" href=\"https:\/\/educacao.niteroi.rj.gov.br\/wp-content\/uploads\/2021\/08\/ANEXOVIIIPE00321_CARNE.pdf\">Anexo VIII<\/a><\/span><\/td>\n<\/tr>\n<tr style=\"height: 23px;\">\n<td style=\"text-align: center; height: 23px; width: 491.215px;\" colspan=\"2\"><span style=\"color: #003366;\"><a style=\"color: #003366;\" href=\"https:\/\/educacao.niteroi.rj.gov.br\/wp-content\/uploads\/2021\/08\/ANEXOIXPE00321_CARNE.pdf\">Anexo IX<\/a><\/span><\/td>\n<\/tr>\n<tr style=\"height: 23px;\">\n<td style=\"text-align: center; height: 23px; width: 491.215px;\" colspan=\"2\"><span style=\"color: #003366;\"><a style=\"color: #003366;\" href=\"https:\/\/educacao.niteroi.rj.gov.br\/wp-content\/uploads\/2021\/08\/ANEXOXPE00321_CARNE.pdf\">Anexo X<\/a><\/span><\/td>\n<\/tr>\n<tr style=\"height: 23px;\">\n<td style=\"text-align: center; height: 23px; width: 491.215px;\" colspan=\"2\"><span style=\"color: #003366;\"><a style=\"color: #003366;\" href=\"https:\/\/educacao.niteroi.rj.gov.br\/wp-content\/uploads\/2021\/08\/ANEXOXIPE00321_CARNE.pdf\">Anexo XI<\/a><\/span><\/td>\n<\/tr>\n<tr style=\"height: 23px;\">\n<td style=\"text-align: center; height: 23px; width: 491.215px;\" colspan=\"2\"><span style=\"color: #003366;\"><a style=\"color: #003366;\" href=\"https:\/\/educacao.niteroi.rj.gov.br\/wp-content\/uploads\/2021\/08\/Publicacao-D.O-Fracassado-24-08-2021.pdf\">Aviso de Fracassado do 2\u00b0 Preg\u00e3o 24-08-2021<\/a><\/span><\/td>\n<\/tr>\n<tr style=\"height: 23px;\">\n<td style=\"text-align: center; height: 23px; width: 491.215px;\" colspan=\"2\"><span style=\"color: #003366;\"><a style=\"color: #003366;\" href=\"https:\/\/educacao.niteroi.rj.gov.br\/wp-content\/uploads\/2021\/08\/PUBLIDOPE00321_CARNE.pdf\">Aviso de Preg\u00e3o D.O<\/a><\/span><\/td>\n<\/tr>\n<tr style=\"height: 23px;\">\n<td style=\"text-align: center; height: 23px; width: 491.215px;\" colspan=\"2\"><span style=\"color: #003366;\"><a style=\"color: #003366;\" href=\"https:\/\/educacao.niteroi.rj.gov.br\/wp-content\/uploads\/2021\/08\/EDITALPE00321_CARNE-2.pdf\">Terceiro Edital<\/a><\/span><\/td>\n<\/tr>\n<tr style=\"height: 23px;\">\n<td style=\"text-align: center; height: 23px; width: 491.215px;\" colspan=\"2\"><span style=\"color: #003366;\"><a style=\"color: #003366;\" href=\"https:\/\/educacao.niteroi.rj.gov.br\/wp-content\/uploads\/2021\/08\/ANEXOIPE00321_CARNE-1.pdf\">Anexo I<\/a><\/span><\/td>\n<\/tr>\n<tr style=\"height: 23px;\">\n<td style=\"text-align: center; height: 23px; width: 491.215px;\" colspan=\"2\"><span style=\"color: #003366;\"><a style=\"color: #003366;\" href=\"https:\/\/educacao.niteroi.rj.gov.br\/wp-content\/uploads\/2021\/08\/ANEXOIIPE00321_CARNE-1.pdf\">Anexo II<\/a><\/span><\/td>\n<\/tr>\n<tr style=\"height: 23px;\">\n<td style=\"text-align: center; height: 23px; width: 491.215px;\" colspan=\"2\"><span style=\"color: #003366;\"><a style=\"color: #003366;\" href=\"https:\/\/educacao.niteroi.rj.gov.br\/wp-content\/uploads\/2021\/08\/ANEXOIIIPE00321_CARNE-1.pdf\">Anexo III<\/a><\/span><\/td>\n<\/tr>\n<tr style=\"height: 23px;\">\n<td style=\"text-align: center; height: 23px; width: 491.215px;\" colspan=\"2\"><span style=\"color: #003366;\"><a style=\"color: #003366;\" href=\"https:\/\/educacao.niteroi.rj.gov.br\/wp-content\/uploads\/2021\/08\/ANEXOIVPE00321_CARNE-1.pdf\">Anexo IV<\/a><\/span><\/td>\n<\/tr>\n<tr style=\"height: 23px;\">\n<td style=\"text-align: center; height: 23px; width: 491.215px;\" colspan=\"2\"><span style=\"color: #003366;\"><a style=\"color: #003366;\" href=\"https:\/\/educacao.niteroi.rj.gov.br\/wp-content\/uploads\/2021\/08\/ANEXOVPE00321_CARNE-1.pdf\">Anexo V<\/a><\/span><\/td>\n<\/tr>\n<tr style=\"height: 23px;\">\n<td style=\"text-align: center; height: 23px; width: 491.215px;\" colspan=\"2\"><span style=\"color: #003366;\"><a style=\"color: #003366;\" href=\"https:\/\/educacao.niteroi.rj.gov.br\/wp-content\/uploads\/2021\/08\/ANEXOVIPE00321_CARNE-1.pdf\">Anexo VI<\/a><\/span><\/td>\n<\/tr>\n<tr style=\"height: 23px;\">\n<td style=\"text-align: center; height: 23px; width: 491.215px;\" colspan=\"2\"><span style=\"color: #003366;\"><a style=\"color: #003366;\" href=\"https:\/\/educacao.niteroi.rj.gov.br\/wp-content\/uploads\/2021\/08\/ANEXOVIIPE00321_CARNE-1.pdf\">Anexo VII<\/a><\/span><\/td>\n<\/tr>\n<tr style=\"height: 23px;\">\n<td style=\"text-align: center; height: 23px; width: 491.215px;\" colspan=\"2\"><span style=\"color: #003366;\"><a style=\"color: #003366;\" href=\"https:\/\/educacao.niteroi.rj.gov.br\/wp-content\/uploads\/2021\/08\/ANEXOVIIIPE00321_CARNE-1.pdf\">Anexo VIII<\/a><\/span><\/td>\n<\/tr>\n<tr style=\"height: 23px;\">\n<td style=\"text-align: center; height: 23px; width: 491.215px;\" colspan=\"2\"><span style=\"color: #003366;\"><a style=\"color: #003366;\" href=\"https:\/\/educacao.niteroi.rj.gov.br\/wp-content\/uploads\/2021\/08\/ANEXOIXPE00321_CARNE-2.pdf\">Anexo IX<\/a><\/span><\/td>\n<\/tr>\n<tr style=\"height: 23px;\">\n<td style=\"text-align: center; height: 23px; width: 491.215px;\" colspan=\"2\"><span style=\"color: #003366;\"><a style=\"color: #003366;\" href=\"https:\/\/educacao.niteroi.rj.gov.br\/wp-content\/uploads\/2021\/08\/ANEXOXPE00321_CARNE-1.pdf\">Anexo X<\/a><\/span><\/td>\n<\/tr>\n<tr style=\"height: 23px;\">\n<td style=\"text-align: center; height: 23px; width: 491.215px;\" colspan=\"2\"><span style=\"color: #003366;\"><a style=\"color: #003366;\" href=\"https:\/\/educacao.niteroi.rj.gov.br\/wp-content\/uploads\/2021\/08\/ANEXOXIPE00321_CARNE-1.pdf\">Anexo XI<\/a><\/span><\/td>\n<\/tr>\n<tr style=\"height: 23px;\">\n<td style=\"text-align: center; height: 23px; width: 491.215px;\" colspan=\"2\"><span style=\"color: #003366;\"><a style=\"color: #003366;\" href=\"https:\/\/educacao.niteroi.rj.gov.br\/wp-content\/uploads\/2021\/09\/PUBLIDO00321_CARNE.pdf\">Aviso Preg\u00e3o de Novo Preg\u00e3o &#8211; 21\/09\/21<\/a><\/span><\/td>\n<\/tr>\n<tr style=\"height: 23px;\">\n<td style=\"text-align: center; height: 23px; width: 491.215px;\" colspan=\"2\"><span style=\"color: #003366;\"><a style=\"color: #003366;\" href=\"https:\/\/educacao.niteroi.rj.gov.br\/wp-content\/uploads\/2021\/09\/EDITALPE00321_CARNE.pdf\">Edital<\/a><\/span><\/td>\n<\/tr>\n<tr style=\"height: 23px;\">\n<td style=\"text-align: center; height: 23px; width: 491.215px;\" colspan=\"2\"><span style=\"color: #003366;\"><a style=\"color: #003366;\" href=\"https:\/\/educacao.niteroi.rj.gov.br\/wp-content\/uploads\/2021\/09\/ANEXOIPE00321_CARNE.pdf\">Anexo I<\/a><\/span><\/td>\n<\/tr>\n<tr style=\"height: 23px;\">\n<td style=\"text-align: center; height: 23px; width: 491.215px;\" colspan=\"2\"><span style=\"color: #003366;\"><a style=\"color: #003366;\" href=\"https:\/\/educacao.niteroi.rj.gov.br\/wp-content\/uploads\/2021\/09\/ANEXOIIPE00321_CARNE.pdf\">Anexo II<\/a><\/span><\/td>\n<\/tr>\n<tr style=\"height: 23px;\">\n<td style=\"text-align: center; height: 23px; width: 491.215px;\" colspan=\"2\"><span style=\"color: #003366;\"><a style=\"color: #003366;\" href=\"https:\/\/educacao.niteroi.rj.gov.br\/wp-content\/uploads\/2021\/09\/ANEXOIIIPE00321_CARNE.pdf\">Anexo III<\/a><\/span><\/td>\n<\/tr>\n<tr style=\"height: 23px;\">\n<td style=\"text-align: center; height: 23px; width: 491.215px;\" colspan=\"2\"><span style=\"color: #003366;\"><a style=\"color: #003366;\" href=\"https:\/\/educacao.niteroi.rj.gov.br\/wp-content\/uploads\/2021\/09\/ANEXOIVPE00321_CARNE.pdf\">Anexo IV<\/a><\/span><\/td>\n<\/tr>\n<tr style=\"height: 23px;\">\n<td style=\"text-align: center; height: 23px; width: 491.215px;\" colspan=\"2\"><span style=\"color: #003366;\"><a style=\"color: #003366;\" href=\"https:\/\/educacao.niteroi.rj.gov.br\/wp-content\/uploads\/2021\/09\/ANEXOVPE00321_CARNE.pdf\">Anexo V<\/a><\/span><\/td>\n<\/tr>\n<tr style=\"height: 23px;\">\n<td style=\"text-align: center; height: 23px; width: 491.215px;\" colspan=\"2\"><span style=\"color: #003366;\"><a style=\"color: #003366;\" href=\"https:\/\/educacao.niteroi.rj.gov.br\/wp-content\/uploads\/2021\/09\/ANEXOVIPE00321_CARNE.pdf\">Anexo VI<\/a><\/span><\/td>\n<\/tr>\n<tr style=\"height: 23px;\">\n<td style=\"text-align: center; height: 23px; width: 491.215px;\" colspan=\"2\"><span style=\"color: #003366;\"><a style=\"color: #003366;\" href=\"https:\/\/educacao.niteroi.rj.gov.br\/wp-content\/uploads\/2021\/09\/ANEXOVIIPE00321_CARNE.pdf\">Anexo VII<\/a><\/span><\/td>\n<\/tr>\n<tr style=\"height: 23px;\">\n<td style=\"text-align: center; height: 23px; width: 491.215px;\" colspan=\"2\"><span style=\"color: #003366;\"><a style=\"color: #003366;\" href=\"https:\/\/educacao.niteroi.rj.gov.br\/wp-content\/uploads\/2021\/09\/ANEXOVIIIPE00321_CARNE.pdf\">Anexo VIII<\/a><\/span><\/td>\n<\/tr>\n<tr style=\"height: 23px;\">\n<td style=\"text-align: center; height: 23px; width: 491.215px;\" colspan=\"2\"><span style=\"color: #003366;\"><a style=\"color: #003366;\" href=\"https:\/\/educacao.niteroi.rj.gov.br\/wp-content\/uploads\/2021\/09\/ANEXOIXPE00321_CARNE.pdf\">Anexo IX<\/a><\/span><\/td>\n<\/tr>\n<tr style=\"height: 23px;\">\n<td style=\"text-align: center; height: 23px; width: 491.215px;\" colspan=\"2\"><span style=\"color: #003366;\"><a style=\"color: #003366;\" href=\"https:\/\/educacao.niteroi.rj.gov.br\/wp-content\/uploads\/2021\/09\/ANEXOXPE00321_CARNE.pdf\">Anexo X<\/a><\/span><\/td>\n<\/tr>\n<tr style=\"height: 23px;\">\n<td style=\"text-align: center; height: 23px;\" colspan=\"2\"><span style=\"color: #003366;\"><a style=\"color: #003366;\" href=\"https:\/\/educacao.niteroi.rj.gov.br\/wp-content\/uploads\/2021\/09\/ANEXOXIPE00321_CARNE.pdf\">Anexo XI<\/a><\/span><\/td>\n<\/tr>\n<tr>\n<td style=\"text-align: center;\" colspan=\"2\"><a href=\"https:\/\/educacao.niteroi.rj.gov.br\/wp-content\/uploads\/2022\/03\/HOMOLOGACAO-E-EXTRATO-CARNE.pdf\"><span style=\"color: #003366;\">Homologa\u00e7\u00e3o<\/span><\/a><\/td>\n<\/tr>\n<tr>\n<td style=\"width: 491px;\" colspan=\"2\">\n<p style=\"text-align: center;\"><span style=\"color: #003366;\"><a style=\"color: #003366;\" href=\"https:\/\/drive.google.com\/file\/d\/1A78ipGs9954jEGayWyrjZCHSVX1N4Hkv\/view?usp=sharing\">ATA DA SESS\u00c3O P\u00daBLICA DO PREG\u00c3O<\/a><\/span><\/p>\n<\/td>\n<\/tr>\n<\/tbody>\n<\/table>\n<p>&nbsp;<\/p>\n<table style=\"height: 422px;\" border=\"1\" cellspacing=\"0\" cellpadding=\"0\" align=\"center\">\n<tbody>\n<tr style=\"height: 60px;\">\n<td style=\"width: 492.672px; height: 60px;\" colspan=\"2\">\n<p style=\"text-align: center;\"><span style=\"color: #000000;\"><strong>PREG\u00c3O ELETR\u00d4NICO<\/strong>\u00a0<strong>N\u00b0 04\/2021<\/strong><\/span><\/p>\n<\/td>\n<\/tr>\n<tr style=\"height: 27px;\">\n<td style=\"width: 51.2969px; height: 27px;\"><strong>Org\u00e3o:<\/strong><\/td>\n<td style=\"width: 439.375px; height: 27px;\"><span style=\"color: #000000;\">Funda\u00e7\u00e3o Municipal de Educa\u00e7\u00e3o de Niter\u00f3i<\/span><\/td>\n<\/tr>\n<tr style=\"height: 169px;\">\n<td style=\"width: 51.2969px; height: 169px;\"><strong>Objeto:<\/strong><\/td>\n<td style=\"width: 439.375px; height: 169px;\">\n<p style=\"text-align: justify;\"><span style=\"color: #000000;\">O presente Preg\u00e3o tem por objeto aquisi\u00e7\u00e3o de g\u00eaneros aliment\u00edcios (PEIXE) para complementa\u00e7\u00e3o do Card\u00e1pio Escolar das Unidades Escolares, Projetos e Institui\u00e7\u00f5es Filantr\u00f3picas da Rede Municipal de Niter\u00f3i, conforme especifica\u00e7\u00f5es constantes do ANEXO III &#8211; Termo de<\/span><br \/>\n<span style=\"color: #000000;\">Refer\u00eancia do Objeto, relativo ao Processo n\u00ba210\/0218\/2021.<\/span><\/p>\n<\/td>\n<\/tr>\n<tr style=\"height: 60px;\">\n<td style=\"width: 492.672px; height: 60px; text-align: center;\" colspan=\"2\"><span style=\"color: #003366;\"><a style=\"color: #003366;\" href=\"https:\/\/educacao.niteroi.rj.gov.br\/wp-content\/uploads\/2021\/07\/Edital-PE004-2021-PEIXE.pdf\">Edital<\/a><\/span><\/td>\n<\/tr>\n<tr style=\"height: 60px;\">\n<td style=\"height: 60px; text-align: center; width: 492.672px;\" colspan=\"2\"><span style=\"color: #003366;\"><a style=\"color: #003366;\" href=\"https:\/\/educacao.niteroi.rj.gov.br\/wp-content\/uploads\/2021\/07\/Publicacao-DO-PE004-2021-FME.pdf\">Publica\u00e7\u00e3o D.O &#8211; 23\/07\/2021<\/a><\/span><\/td>\n<\/tr>\n<tr style=\"height: 23px;\">\n<td style=\"text-align: center; height: 23px; width: 492.672px;\" colspan=\"2\"><span style=\"color: #003366;\"><a style=\"color: #003366;\" href=\"https:\/\/educacao.niteroi.rj.gov.br\/wp-content\/uploads\/2021\/07\/ANEXO-I-PE004-2021-PEIXE.pdf\">ANEXO I &#8211;\u00a0 PEIXE<\/a><\/span><\/td>\n<\/tr>\n<tr style=\"height: 23px;\">\n<td style=\"text-align: center; height: 23px;\" colspan=\"2\"><span style=\"color: #003366;\"><a style=\"color: #003366;\" href=\"https:\/\/educacao.niteroi.rj.gov.br\/wp-content\/uploads\/2021\/07\/ANEXO-II-PE004-2021-PEIXE.pdf\">ANEXO II &#8211; PEIXE<\/a><\/span><\/td>\n<\/tr>\n<tr>\n<td style=\"text-align: center;\" colspan=\"2\"><span style=\"color: #003366;\"><a style=\"color: #003366;\" href=\"https:\/\/educacao.niteroi.rj.gov.br\/wp-content\/uploads\/2021\/08\/DOPUBLIPE00421_PEIXE.pdf\">Aviso de Fracassado D.O<\/a><\/span><\/td>\n<\/tr>\n<tr>\n<td style=\"text-align: center;\" colspan=\"2\"><span style=\"color: #003366;\"><a style=\"color: #003366;\" href=\"https:\/\/educacao.niteroi.rj.gov.br\/wp-content\/uploads\/2021\/08\/EDITALPE00421_PEIXE.pdf\">Novo Edital<\/a><\/span><\/td>\n<\/tr>\n<tr>\n<td style=\"text-align: center;\" colspan=\"2\"><span style=\"color: #003366;\"><a style=\"color: #003366;\" href=\"https:\/\/educacao.niteroi.rj.gov.br\/wp-content\/uploads\/2021\/08\/ANEXOIPE00421_PEIXE.pdf\">Anexo I<\/a><\/span><\/td>\n<\/tr>\n<tr>\n<td style=\"text-align: center;\" colspan=\"2\"><span style=\"color: #003366;\"><a style=\"color: #003366;\" href=\"https:\/\/educacao.niteroi.rj.gov.br\/wp-content\/uploads\/2021\/08\/ANEXOIIPE00421_PEIXE.pdf\">Anexo II<\/a><\/span><\/td>\n<\/tr>\n<tr>\n<td style=\"text-align: center;\" colspan=\"2\"><span style=\"color: #003366;\"><a style=\"color: #003366;\" href=\"https:\/\/educacao.niteroi.rj.gov.br\/wp-content\/uploads\/2021\/08\/ANEXOIIIPE00421_PEIXE.pdf\">Anexo III<\/a><\/span><\/td>\n<\/tr>\n<tr>\n<td style=\"text-align: center;\" colspan=\"2\"><span style=\"color: #003366;\"><a style=\"color: #003366;\" href=\"https:\/\/educacao.niteroi.rj.gov.br\/wp-content\/uploads\/2021\/08\/ANEXOIVPE00421_PEIXE.pdf\">Anexo IV<\/a><\/span><\/td>\n<\/tr>\n<tr>\n<td style=\"text-align: center;\" colspan=\"2\"><span style=\"color: #003366;\"><a style=\"color: #003366;\" href=\"https:\/\/educacao.niteroi.rj.gov.br\/wp-content\/uploads\/2021\/08\/ANEXOVPE00421_PEIXE.pdf\">Anexo V<\/a><\/span><\/td>\n<\/tr>\n<tr>\n<td style=\"text-align: center;\" colspan=\"2\"><span style=\"color: #003366;\"><a style=\"color: #003366;\" href=\"https:\/\/educacao.niteroi.rj.gov.br\/wp-content\/uploads\/2021\/08\/ANEXOVIPE00421_PEIXE.pdf\">Anexo VI<\/a><\/span><\/td>\n<\/tr>\n<tr>\n<td style=\"text-align: center;\" colspan=\"2\"><span style=\"color: #003366;\"><a style=\"color: #003366;\" href=\"https:\/\/educacao.niteroi.rj.gov.br\/wp-content\/uploads\/2021\/08\/ANEXOVIIPE00421_PEIXE.pdf\">Anexo VII<\/a><\/span><\/td>\n<\/tr>\n<tr>\n<td style=\"text-align: center;\" colspan=\"2\"><span style=\"color: #003366;\"><a style=\"color: #003366;\" href=\"https:\/\/educacao.niteroi.rj.gov.br\/wp-content\/uploads\/2021\/08\/ANEXOVIIIPE00421_PEIXE.pdf\">Anexo VIII<\/a><\/span><\/td>\n<\/tr>\n<tr>\n<td style=\"text-align: center;\" colspan=\"2\"><span style=\"color: #003366;\"><a style=\"color: #003366;\" href=\"https:\/\/educacao.niteroi.rj.gov.br\/wp-content\/uploads\/2021\/08\/ANEXOIXPE00421_PEIXE.pdf\">Anexo IX<\/a><\/span><\/td>\n<\/tr>\n<tr>\n<td style=\"text-align: center;\" colspan=\"2\"><span style=\"color: #003366;\"><a style=\"color: #003366;\" href=\"https:\/\/educacao.niteroi.rj.gov.br\/wp-content\/uploads\/2021\/08\/ANEXOXPE00421_PEIXE.pdf\">Anexo X<\/a><\/span><\/td>\n<\/tr>\n<tr>\n<td style=\"text-align: center;\" colspan=\"2\"><span style=\"color: #003366;\"><a style=\"color: #003366;\" href=\"https:\/\/educacao.niteroi.rj.gov.br\/wp-content\/uploads\/2021\/08\/ANEXOXIPE00421_PEIXE.pdf\">Anexo XI<\/a><\/span><\/td>\n<\/tr>\n<\/tbody>\n<\/table>\n<p>&nbsp;<\/p>\n<table border=\"1\" cellspacing=\"0\" cellpadding=\"0\" align=\"center\">\n<tbody>\n<tr style=\"height: 60px;\">\n<td style=\"width: 495px; height: 60px;\" colspan=\"2\">\n<p style=\"text-align: center;\"><span style=\"color: #000000;\"><strong>PREG\u00c3O ELETR\u00d4NICO<\/strong>\u00a0<strong>N\u00b0 08\/2021<\/strong><\/span><\/p>\n<\/td>\n<\/tr>\n<tr style=\"height: 27px;\">\n<td style=\"width: 50px; height: 27px;\"><strong>Org\u00e3o:<\/strong><\/td>\n<td style=\"width: 443px; height: 27px;\"><span style=\"color: #000000;\">Funda\u00e7\u00e3o Municipal de Educa\u00e7\u00e3o de Niter\u00f3i<\/span><\/td>\n<\/tr>\n<tr style=\"height: 169px;\">\n<td style=\"width: 50px; height: 169px;\"><strong>Objeto:<\/strong><\/td>\n<td style=\"width: 443px; height: 169px;\">\n<p style=\"text-align: justify;\"><span style=\"color: #000000;\">Contrata\u00e7\u00e3o de empresa especializada na presta\u00e7\u00e3o de servi\u00e7os de Desratiza\u00e7\u00e3o, Descupiniza\u00e7\u00e3o, Dedetiza\u00e7\u00e3o, Limpeza de Caixas d\u2019\u00e1gua, Cisternas, Caixas de Esgoto, Caixas de Gordura (Caminh\u00e3o Vacall \u2013 Hidrojato \/ Auto V\u00e1cuo \u2013 com conjunto de equipamentos de suc\u00e7\u00e3o e aspira\u00e7\u00e3o) com utiliza\u00e7\u00e3o de m\u00e9todos autorizados pela Ag\u00eancia Nacional de Vigil\u00e2ncia Sanit\u00e1ria \u2013 ANVISA, em todas as Unidades Escolares, Pr\u00e9dio Sede, Pr\u00e9dios anexos, Bibliotecas Populares e Telecentros Municipais da Funda\u00e7\u00e3o Municipal de Educa\u00e7\u00e3o de Niter\u00f3i, conforme as especifica\u00e7\u00f5es constantes do ANEXO III \u2013 Termo de Refer\u00eancia do Objeto.<\/span><\/p>\n<\/td>\n<\/tr>\n<tr style=\"height: 60px;\">\n<td style=\"width: 495px; height: 60px; text-align: center;\" colspan=\"2\"><span style=\"color: #003366;\"><a style=\"color: #003366;\" href=\"https:\/\/educacao.niteroi.rj.gov.br\/wp-content\/uploads\/2021\/12\/0-EDITAL_PE00821.pdf\">Edital<\/a><\/span><\/td>\n<\/tr>\n<tr style=\"height: 60px;\">\n<td style=\"height: 60px; width: 495px; text-align: center;\" colspan=\"2\"><span style=\"color: #003366;\"><a style=\"color: #003366;\" href=\"https:\/\/educacao.niteroi.rj.gov.br\/wp-content\/uploads\/2021\/12\/12-PUBLIC_PE00821.pdf\">Aviso de Publica\u00e7\u00e3o D.O<\/a><\/span><\/td>\n<\/tr>\n<tr style=\"height: 51px;\">\n<td style=\"height: 51px; text-align: center; width: 495px;\" colspan=\"2\"><span style=\"color: #003366;\"><a style=\"color: #003366;\" href=\"https:\/\/educacao.niteroi.rj.gov.br\/wp-content\/uploads\/2021\/12\/1-ANEXOI_PE00821.pdf\">Anexo I<\/a><\/span><\/td>\n<\/tr>\n<tr style=\"height: 51px;\">\n<td style=\"text-align: center; height: 51px; width: 495px;\" colspan=\"2\"><span style=\"color: #003366;\"><a style=\"color: #003366;\" href=\"https:\/\/educacao.niteroi.rj.gov.br\/wp-content\/uploads\/2021\/12\/2-ANEXOII_PE00821.pdf\">Anexo II<\/a><\/span><\/td>\n<\/tr>\n<tr style=\"height: 23px;\">\n<td style=\"text-align: center; height: 23px; width: 495px;\" colspan=\"2\"><span style=\"color: #003366;\"><a style=\"color: #003366;\" href=\"https:\/\/educacao.niteroi.rj.gov.br\/wp-content\/uploads\/2021\/12\/3-ANEXOIII_PE00821-1.pdf\">Anexo III<\/a><\/span><\/td>\n<\/tr>\n<tr style=\"height: 23px;\">\n<td style=\"text-align: center; height: 23px; width: 495px;\" colspan=\"2\"><span style=\"color: #003366;\"><a style=\"color: #003366;\" href=\"https:\/\/educacao.niteroi.rj.gov.br\/wp-content\/uploads\/2021\/12\/4-ANEXOIV_PE00821.pdf\">Anexo IV<\/a><\/span><\/td>\n<\/tr>\n<tr style=\"height: 23px;\">\n<td style=\"text-align: center; height: 23px; width: 495px;\" colspan=\"2\"><span style=\"color: #003366;\"><a style=\"color: #003366;\" href=\"https:\/\/educacao.niteroi.rj.gov.br\/wp-content\/uploads\/2021\/12\/5-ANEXOV_PE00821.pdf\">Anexo V<\/a><\/span><\/td>\n<\/tr>\n<tr style=\"height: 23px;\">\n<td style=\"text-align: center; height: 23px; width: 495px;\" colspan=\"2\"><span style=\"color: #003366;\"><a style=\"color: #003366;\" href=\"https:\/\/educacao.niteroi.rj.gov.br\/wp-content\/uploads\/2021\/12\/6-ANEXOVI_PE00821.pdf\">Anexo VI<\/a><\/span><\/td>\n<\/tr>\n<tr style=\"height: 23px;\">\n<td style=\"text-align: center; height: 23px; width: 495px;\" colspan=\"2\"><span style=\"color: #003366;\"><a style=\"color: #003366;\" href=\"https:\/\/educacao.niteroi.rj.gov.br\/wp-content\/uploads\/2021\/12\/7-ANEXOVII_PE00821.pdf\">Anexo VII<\/a><\/span><\/td>\n<\/tr>\n<tr style=\"height: 23px;\">\n<td style=\"width: 495px; text-align: center; height: 23px;\" colspan=\"2\"><span style=\"color: #003366;\"><a style=\"color: #003366;\" href=\"https:\/\/educacao.niteroi.rj.gov.br\/wp-content\/uploads\/2021\/12\/8-ANEXOVIII_PE00821.pdf\">Anexo VIII<\/a><\/span><\/td>\n<\/tr>\n<tr style=\"height: 51px;\">\n<td style=\"height: 51px; text-align: center;\" colspan=\"2\"><span style=\"color: #003366;\"><a style=\"color: #003366;\" href=\"https:\/\/educacao.niteroi.rj.gov.br\/wp-content\/uploads\/2021\/12\/9-ANEXOIX_PE00821.pdf\">Anexo IX<\/a><\/span><\/td>\n<\/tr>\n<tr>\n<td style=\"text-align: center;\" colspan=\"2\"><span style=\"color: #003366;\"><a style=\"color: #003366;\" href=\"https:\/\/educacao.niteroi.rj.gov.br\/wp-content\/uploads\/2021\/12\/10-ANEXOX_PE00821.pdf\">Anexo X<\/a><\/span><\/td>\n<\/tr>\n<tr>\n<td style=\"text-align: center;\" colspan=\"2\"><span style=\"color: #003366;\"><a style=\"color: #003366;\" href=\"https:\/\/educacao.niteroi.rj.gov.br\/wp-content\/uploads\/2021\/12\/11-ANEXOXI_PE00821.pdf\">Anexo XI<\/a><\/span><\/td>\n<\/tr>\n<tr>\n<td style=\"text-align: center;\" colspan=\"2\"><span style=\"color: #003366;\"><a style=\"color: #003366;\" href=\"https:\/\/educacao.niteroi.rj.gov.br\/wp-content\/uploads\/2022\/03\/Publicacao-D.O-28-12-2021.pdf\">Publica\u00e7\u00e3o D.O 28-12-2021 &#8211; Sine Die<\/a><br \/>\n<\/span><\/td>\n<\/tr>\n<tr>\n<td style=\"text-align: center;\" colspan=\"2\"><span style=\"color: #003366;\"><a style=\"color: #003366;\" href=\"https:\/\/educacao.niteroi.rj.gov.br\/wp-content\/uploads\/2022\/03\/Aviso.pdf\">Aviso &#8211; Preg\u00e3o Eletr\u00f4nico<\/a><\/span><\/td>\n<\/tr>\n<tr>\n<td style=\"text-align: center;\" colspan=\"2\"><span style=\"color: #003366;\"><a style=\"color: #003366;\" href=\"https:\/\/educacao.niteroi.rj.gov.br\/wp-content\/uploads\/2022\/03\/EDITAL-SRP1.pdf\">Novo Edital<\/a><\/span><\/td>\n<\/tr>\n<tr>\n<td style=\"text-align: center;\" colspan=\"2\"><span style=\"color: #003366;\"><a style=\"color: #003366;\" href=\"https:\/\/educacao.niteroi.rj.gov.br\/wp-content\/uploads\/2022\/03\/ANEXOS.pdf\">Anexo I<\/a><\/span><\/td>\n<\/tr>\n<tr>\n<td style=\"text-align: center;\" colspan=\"2\"><span style=\"color: #003366;\"><a style=\"color: #003366;\" href=\"https:\/\/educacao.niteroi.rj.gov.br\/wp-content\/uploads\/2022\/03\/ANEXO-II.pdf\">Anexo II<\/a><\/span><\/td>\n<\/tr>\n<tr>\n<td style=\"text-align: center;\" colspan=\"2\"><span style=\"color: #003366;\"><a style=\"color: #003366;\" href=\"https:\/\/educacao.niteroi.rj.gov.br\/wp-content\/uploads\/2022\/03\/MINUTA-DE-CONTRATO-ANEXO-III.pdf\">Anexo III<\/a><\/span><\/td>\n<\/tr>\n<tr>\n<td style=\"text-align: center;\" colspan=\"2\"><span style=\"color: #003366;\"><a style=\"color: #003366;\" href=\"https:\/\/educacao.niteroi.rj.gov.br\/wp-content\/uploads\/2022\/03\/ANEXO-V.pdf\">Anexo V<\/a><\/span><\/td>\n<\/tr>\n<tr>\n<td style=\"text-align: center;\" colspan=\"2\"><a href=\"https:\/\/educacao.niteroi.rj.gov.br\/wp-content\/uploads\/2022\/03\/HOMOLOGACAO-E-EXTRATO-DE-DEDETIZACAO.pdf\"><span style=\"color: #003366;\">Homologa\u00e7\u00e3o<\/span><\/a><\/td>\n<\/tr>\n<tr>\n<td style=\"width: 491px;\" colspan=\"2\">\n<p style=\"text-align: center;\"><span style=\"color: #003366;\"><a style=\"color: #003366;\" href=\"https:\/\/drive.google.com\/file\/d\/1bCSgajLtcDWJeZv5QE9qTF6Z8hguXQ2t\/view?usp=sharing\">ATA DA SESS\u00c3O P\u00daBLICA DO PREG\u00c3O<\/a><\/span><\/p>\n<\/td>\n<\/tr>\n<\/tbody>\n<\/table>\n<p>&nbsp;<\/p>\n<table style=\"height: 598px;\" border=\"1\" cellspacing=\"0\" cellpadding=\"0\" align=\"center\">\n<tbody>\n<tr style=\"height: 60px;\">\n<td style=\"width: 494.201px; height: 60px;\" colspan=\"2\">\n<p style=\"text-align: center;\"><span style=\"color: #000000;\"><strong>PREG\u00c3O ELETR\u00d4NICO<\/strong>\u00a0<strong>N\u00b0 09\/2021<\/strong><\/span><\/p>\n<\/td>\n<\/tr>\n<tr style=\"height: 27px;\">\n<td style=\"width: 50.9896px; height: 27px;\"><strong>Org\u00e3o:<\/strong><\/td>\n<td style=\"width: 440.99px; height: 27px;\"><span style=\"color: #000000;\">Funda\u00e7\u00e3o Municipal de Educa\u00e7\u00e3o de Niter\u00f3i<\/span><\/td>\n<\/tr>\n<tr style=\"height: 169px;\">\n<td style=\"width: 50.9896px; height: 169px;\"><strong>Objeto:<\/strong><\/td>\n<td style=\"width: 440.99px; height: 169px;\">\n<p style=\"text-align: justify;\"><span style=\"color: #000000;\">Aquisi\u00e7\u00e3o de roupeiro de a\u00e7o com 12 portas, para atender as necessidades das Unidades Escolares, Bibliotecas, Telecentros, Sede e Anexos da Funda\u00e7\u00e3o Municipal de Educa\u00e7\u00e3o de Niter\u00f3i, conforme as especifica\u00e7\u00f5es constantes do ANEXO III \u2013 Termo de Refer\u00eancia do Objeto.<\/span><\/p>\n<\/td>\n<\/tr>\n<tr style=\"height: 60px;\">\n<td style=\"width: 494.201px; height: 60px; text-align: center;\" colspan=\"2\"><span style=\"color: #003366;\"><a style=\"color: #003366;\" href=\"https:\/\/educacao.niteroi.rj.gov.br\/wp-content\/uploads\/2021\/11\/1-EDITAL_PE00921.pdf\">Edital<\/a><\/span><\/td>\n<\/tr>\n<tr style=\"height: 60px;\">\n<td style=\"height: 60px; width: 494.201px; text-align: center;\" colspan=\"2\"><span style=\"color: #003366;\"><a style=\"color: #003366;\" href=\"https:\/\/educacao.niteroi.rj.gov.br\/wp-content\/uploads\/2021\/11\/12-PUBLI_DO_11-12-21.pdf\">Publica\u00e7\u00e3o D.O &#8211; 11-12-21<\/a><\/span><\/td>\n<\/tr>\n<tr style=\"height: 51px;\">\n<td style=\"height: 51px; text-align: center; width: 494.201px;\" colspan=\"2\"><span style=\"color: #003366;\"><a style=\"color: #003366;\" href=\"https:\/\/educacao.niteroi.rj.gov.br\/wp-content\/uploads\/2021\/11\/2-ANEXOI_PE00921.pdf\">Anexo I<\/a><\/span><\/td>\n<\/tr>\n<tr style=\"height: 23px;\">\n<td style=\"text-align: center; height: 23px; width: 494.201px;\" colspan=\"2\"><span style=\"color: #003366;\"><a style=\"color: #003366;\" href=\"https:\/\/educacao.niteroi.rj.gov.br\/wp-content\/uploads\/2021\/11\/3-ANEXOII_PE00921.pdf\">Anexo II<\/a><\/span><\/td>\n<\/tr>\n<tr style=\"height: 23px;\">\n<td style=\"text-align: center; height: 23px; width: 494.201px;\" colspan=\"2\"><span style=\"color: #003366;\"><a style=\"color: #003366;\" href=\"https:\/\/educacao.niteroi.rj.gov.br\/wp-content\/uploads\/2021\/11\/4-ANEXOIII_PE00921.pdf\">Anexo III<\/a><\/span><\/td>\n<\/tr>\n<tr style=\"height: 23px;\">\n<td style=\"width: 494.201px; text-align: center; height: 23px;\" colspan=\"2\"><span style=\"color: #003366;\"><a style=\"color: #003366;\" href=\"https:\/\/educacao.niteroi.rj.gov.br\/wp-content\/uploads\/2021\/11\/5-ANEXOIV_PE00921.pdf\">Anexo IV<\/a><\/span><\/td>\n<\/tr>\n<tr style=\"height: 51px;\">\n<td style=\"height: 51px; width: 494.201px; text-align: center;\" colspan=\"2\"><span style=\"color: #003366;\"><a style=\"color: #003366;\" href=\"https:\/\/educacao.niteroi.rj.gov.br\/wp-content\/uploads\/2021\/11\/6-ANEXOV_PE00921.pdf\">Anexo V<\/a><\/span><\/td>\n<\/tr>\n<tr style=\"height: 51px;\">\n<td style=\"height: 51px; text-align: center; width: 494.201px;\" colspan=\"2\"><span style=\"color: #003366;\"><a style=\"color: #003366;\" href=\"https:\/\/educacao.niteroi.rj.gov.br\/wp-content\/uploads\/2021\/11\/7-ANEXOVI_PE00921.pdf\">Anexo VI<\/a><\/span><\/td>\n<\/tr>\n<tr>\n<td style=\"text-align: center; width: 494.201px;\" colspan=\"2\"><span style=\"color: #003366;\"><a style=\"color: #003366;\" href=\"https:\/\/educacao.niteroi.rj.gov.br\/wp-content\/uploads\/2021\/11\/8-ANEXOVII_PE00921.pdf\">Anexo VII<\/a><\/span><\/td>\n<\/tr>\n<tr>\n<td style=\"text-align: center; width: 494.201px;\" colspan=\"2\"><span style=\"color: #003366;\"><a style=\"color: #003366;\" href=\"https:\/\/educacao.niteroi.rj.gov.br\/wp-content\/uploads\/2021\/11\/9-ANEXOVIII_PE00921.pdf\">Anexo VIII<\/a><\/span><\/td>\n<\/tr>\n<tr>\n<td style=\"text-align: center; width: 494.201px;\" colspan=\"2\"><span style=\"color: #003366;\"><a style=\"color: #003366;\" href=\"https:\/\/educacao.niteroi.rj.gov.br\/wp-content\/uploads\/2021\/11\/10-ANEXOIX_PE00921.pdf\">Anexo IX<\/a><\/span><\/td>\n<\/tr>\n<tr>\n<td style=\"text-align: center;\" colspan=\"2\"><span style=\"color: #003366;\"><a style=\"color: #003366;\" href=\"https:\/\/educacao.niteroi.rj.gov.br\/wp-content\/uploads\/2021\/11\/11-ANEXOX_PE00921.pdf\">Anexo X<\/a><\/span><\/td>\n<\/tr>\n<tr>\n<td style=\"width: 494.201px; text-align: center;\" colspan=\"2\"><span style=\"color: #003366;\"><a style=\"color: #003366;\" href=\"https:\/\/educacao.niteroi.rj.gov.br\/wp-content\/uploads\/2021\/12\/Publicacao-D.O-16-03-22.pdf\">Homologa\u00e7\u00e3o<\/a><br \/>\n<\/span><\/td>\n<\/tr>\n<tr>\n<td colspan=\"2\">\n<p style=\"text-align: center;\"><span style=\"color: #003366;\"><a style=\"color: #003366;\" href=\"https:\/\/drive.google.com\/file\/d\/10bNUxxv4ucW_6Tj7GzwaAx315sZIWWtM\/view?usp=sharing\">ATA DA SESS\u00c3O P\u00daBLICA DO PREG\u00c3O<\/a><\/span><\/p>\n<\/td>\n<\/tr>\n<tr>\n<td style=\"width: 491px; text-align: center;\" colspan=\"2\"><a href=\"https:\/\/www.educacao.niteroi.rj.gov.br\/wp-content\/uploads\/2022\/06\/Homologacao-009-2021-Publicacao-D.O-16-05-2022.pdf\"><span style=\"color: #003366;\">Homologa\u00e7\u00e3o 009-2021 &#8211; Publica\u00e7\u00e3o D.O 16-05-2022<\/span><\/a><\/td>\n<\/tr>\n<\/tbody>\n<\/table>\n<p>&nbsp;<\/p>\n<table border=\"1\" cellspacing=\"0\" cellpadding=\"0\" align=\"center\">\n<tbody>\n<tr style=\"height: 60px;\">\n<td style=\"width: 495.297px; height: 60px;\" colspan=\"2\">\n<p style=\"text-align: center;\"><span style=\"color: #000000;\"><strong>PREG\u00c3O ELETR\u00d4NICO<\/strong>\u00a0<strong>N\u00b0 10\/2021<\/strong><\/span><\/p>\n<\/td>\n<\/tr>\n<tr style=\"height: 27px;\">\n<td style=\"width: 51.2969px; height: 27px;\"><strong>Org\u00e3o:<\/strong><\/td>\n<td style=\"width: 442px; height: 27px;\"><span style=\"color: #000000;\">Funda\u00e7\u00e3o Municipal de Educa\u00e7\u00e3o de Niter\u00f3i<\/span><\/td>\n<\/tr>\n<tr style=\"height: 169px;\">\n<td style=\"width: 51.2969px; height: 169px;\"><strong>Objeto:<\/strong><\/td>\n<td style=\"width: 442px; height: 169px;\">\n<p style=\"text-align: justify;\">A<span style=\"color: #000000;\">quisi\u00e7\u00e3o de VENTILADORES DE PAREDE, pelo Sistema de Registro de Pre\u00e7os, para atender a demanda das Unidades Escolares da Funda\u00e7\u00e3o Municipal de Educa\u00e7\u00e3o de Niter\u00f3i (FME), conforme condi\u00e7\u00f5es, quantidades e exig\u00eancias estabelecidas no Termo Refer\u00eancia &#8211; Anexo III.<\/span><\/p>\n<\/td>\n<\/tr>\n<tr style=\"height: 60px;\">\n<td style=\"width: 495.297px; height: 60px; text-align: center;\" colspan=\"2\"><span style=\"color: #003366;\"><a style=\"color: #003366;\" href=\"https:\/\/educacao.niteroi.rj.gov.br\/wp-content\/uploads\/2021\/09\/EDITAL-010-21.pdf\">Edital<\/a><\/span><\/td>\n<\/tr>\n<tr style=\"height: 60px;\">\n<td style=\"height: 60px; width: 495.297px; text-align: center;\" colspan=\"2\"><span style=\"color: #003366;\"><a style=\"color: #003366;\" href=\"https:\/\/educacao.niteroi.rj.gov.br\/wp-content\/uploads\/2021\/09\/ANEXO-I.pdf\">ANEXO I<\/a><\/span><\/td>\n<\/tr>\n<tr style=\"height: 51px;\">\n<td style=\"height: 51px; width: 495.297px; text-align: center;\" colspan=\"2\"><span style=\"color: #003366;\"><a style=\"color: #003366;\" href=\"https:\/\/educacao.niteroi.rj.gov.br\/wp-content\/uploads\/2021\/09\/ANEXO-II.pdf\">ANEXO II<\/a><\/span><\/td>\n<\/tr>\n<tr style=\"height: 51px;\">\n<td style=\"height: 51px; width: 495.297px; text-align: center;\" colspan=\"2\"><span style=\"color: #003366;\"><a style=\"color: #003366;\" href=\"https:\/\/educacao.niteroi.rj.gov.br\/wp-content\/uploads\/2021\/09\/ANEXOS-1.pdf\">ANEXOS<\/a><\/span><\/td>\n<\/tr>\n<tr style=\"height: 51px;\">\n<td style=\"height: 51px; text-align: center;\" colspan=\"2\"><span style=\"color: #003366;\"><a style=\"color: #003366;\" href=\"https:\/\/educacao.niteroi.rj.gov.br\/wp-content\/uploads\/2021\/09\/ANEXO-VIII.pdf\">ANEXO VIII<\/a><\/span><\/td>\n<\/tr>\n<tr>\n<td style=\"width: 495.297px; text-align: center;\" colspan=\"2\"><a href=\"https:\/\/educacao.niteroi.rj.gov.br\/wp-content\/uploads\/2022\/03\/HOMOLOGACAO-E-EXTRATO-VENTILADOR.pdf\"><span style=\"color: #003366;\">Homologa\u00e7\u00e3o<\/span><\/a><\/td>\n<\/tr>\n<tr>\n<td style=\"width: 491px;\" colspan=\"2\">\n<p style=\"text-align: center;\"><span style=\"color: #003366;\"><a style=\"color: #003366;\" href=\"https:\/\/drive.google.com\/file\/d\/1ZNvnabiTL3R6lPJY-VnpXh3PwzczGabC\/view?usp=sharing\">ATA DA SESS\u00c3O P\u00daBLICA DO PREG\u00c3O<\/a><\/span><\/p>\n<\/td>\n<\/tr>\n<\/tbody>\n<\/table>\n<p>&nbsp;<\/p>\n<table style=\"height: 690px;\" border=\"1\" cellspacing=\"0\" cellpadding=\"0\" align=\"center\">\n<tbody>\n<tr style=\"height: 60px;\">\n<td style=\"width: 494.201px; height: 60px;\" colspan=\"2\">\n<p style=\"text-align: center;\"><span style=\"color: #000000;\"><strong>PREG\u00c3O ELETR\u00d4NICO<\/strong>\u00a0<strong>N\u00b0 13\/2021<\/strong><\/span><\/p>\n<\/td>\n<\/tr>\n<tr style=\"height: 27px;\">\n<td style=\"width: 50.9896px; height: 27px;\"><strong>Org\u00e3o:<\/strong><\/td>\n<td style=\"width: 440.99px; height: 27px;\"><span style=\"color: #000000;\">Funda\u00e7\u00e3o Municipal de Educa\u00e7\u00e3o de Niter\u00f3i<\/span><\/td>\n<\/tr>\n<tr style=\"height: 169px;\">\n<td style=\"width: 50.9896px; height: 169px;\"><strong>Objeto:<\/strong><\/td>\n<td style=\"width: 440.99px; height: 169px;\">\n<p style=\"text-align: justify;\"><span style=\"color: #000000;\">Aquisi\u00e7\u00e3o de g\u00eaneros aliment\u00edcios (PEIXE FIL\u00c9 DE LINGUADO) para serem utilizadas na elabora\u00e7\u00e3o do card\u00e1pio das Unidades Escolares Da Rede Municipal de Niter\u00f3i.<\/span><\/p>\n<\/td>\n<\/tr>\n<tr style=\"height: 60px;\">\n<td style=\"width: 494.201px; height: 60px; text-align: center;\" colspan=\"2\"><span style=\"color: #003366;\"><a style=\"color: #003366;\" href=\"https:\/\/educacao.niteroi.rj.gov.br\/wp-content\/uploads\/2021\/12\/1-EDITAL_PE01321.pdf\">Edital<\/a><\/span><\/td>\n<\/tr>\n<tr style=\"height: 60px;\">\n<td style=\"height: 60px; width: 494.201px; text-align: center;\" colspan=\"2\"><span style=\"color: #003366;\"><a style=\"color: #003366;\" href=\"https:\/\/educacao.niteroi.rj.gov.br\/wp-content\/uploads\/2021\/12\/13-PUBLI_DO.pdf\">Publica\u00e7\u00e3o D.O<\/a><\/span><\/td>\n<\/tr>\n<tr style=\"height: 51px;\">\n<td style=\"height: 51px; text-align: center; width: 494.201px;\" colspan=\"2\"><span style=\"color: #003366;\"><a style=\"color: #003366;\" href=\"https:\/\/educacao.niteroi.rj.gov.br\/wp-content\/uploads\/2021\/12\/2-ANEXOI_PE01321.pdf\">Anexo I<\/a><\/span><\/td>\n<\/tr>\n<tr style=\"height: 23px;\">\n<td style=\"text-align: center; height: 23px; width: 494.201px;\" colspan=\"2\"><span style=\"color: #003366;\"><a style=\"color: #003366;\" href=\"https:\/\/educacao.niteroi.rj.gov.br\/wp-content\/uploads\/2021\/12\/3-ANEXOII_PE01321.pdf\">Anexo II<\/a><\/span><\/td>\n<\/tr>\n<tr style=\"height: 23px;\">\n<td style=\"text-align: center; height: 23px; width: 494.201px;\" colspan=\"2\"><span style=\"color: #003366;\"><a style=\"color: #003366;\" href=\"https:\/\/educacao.niteroi.rj.gov.br\/wp-content\/uploads\/2021\/12\/4-ANEXOIII_PE01321.pdf\">Anexo III<\/a><\/span><\/td>\n<\/tr>\n<tr style=\"height: 23px;\">\n<td style=\"width: 494.201px; text-align: center; height: 23px;\" colspan=\"2\"><span style=\"color: #003366;\"><a style=\"color: #003366;\" href=\"https:\/\/educacao.niteroi.rj.gov.br\/wp-content\/uploads\/2021\/12\/5-ANEXOIV_PE01321.pdf\">Anexo IV<\/a><\/span><\/td>\n<\/tr>\n<tr style=\"height: 51px;\">\n<td style=\"height: 51px; width: 494.201px; text-align: center;\" colspan=\"2\"><span style=\"color: #003366;\"><a style=\"color: #003366;\" href=\"https:\/\/educacao.niteroi.rj.gov.br\/wp-content\/uploads\/2021\/12\/6-ANEXOV_PE01321.pdf\">Anexo V<\/a><\/span><\/td>\n<\/tr>\n<tr style=\"height: 51px;\">\n<td style=\"height: 51px; text-align: center; width: 494.201px;\" colspan=\"2\"><span style=\"color: #003366;\"><a style=\"color: #003366;\" href=\"https:\/\/educacao.niteroi.rj.gov.br\/wp-content\/uploads\/2021\/12\/7-ANEXOVI_PE01321.pdf\">Anexo IV<\/a><\/span><\/td>\n<\/tr>\n<tr style=\"height: 23px;\">\n<td style=\"text-align: center; width: 494.201px; height: 23px;\" colspan=\"2\"><span style=\"color: #003366;\"><a style=\"color: #003366;\" href=\"https:\/\/educacao.niteroi.rj.gov.br\/wp-content\/uploads\/2021\/12\/8-ANEXOVII_PE01321.pdf\">Anexo VII<\/a><\/span><\/td>\n<\/tr>\n<tr style=\"height: 23px;\">\n<td style=\"text-align: center; width: 494.201px; height: 23px;\" colspan=\"2\"><span style=\"color: #003366;\"><a style=\"color: #003366;\" href=\"https:\/\/educacao.niteroi.rj.gov.br\/wp-content\/uploads\/2021\/12\/9-ANEXOVIII_PE01321.pdf\">Anexo VIII<\/a><\/span><\/td>\n<\/tr>\n<tr style=\"height: 23px;\">\n<td style=\"text-align: center; width: 494.201px; height: 23px;\" colspan=\"2\"><span style=\"color: #003366;\"><a style=\"color: #003366;\" href=\"https:\/\/educacao.niteroi.rj.gov.br\/wp-content\/uploads\/2021\/12\/10-ANEXOIX_PE01321.pdf\">Anexo IX<\/a><\/span><\/td>\n<\/tr>\n<tr style=\"height: 23px;\">\n<td style=\"text-align: center; height: 23px;\" colspan=\"2\"><span style=\"color: #003366;\"><a style=\"color: #003366;\" href=\"https:\/\/educacao.niteroi.rj.gov.br\/wp-content\/uploads\/2021\/12\/11-ANEXOX_PE01321.pdf\">Anexo X<\/a><\/span><\/td>\n<\/tr>\n<tr>\n<td style=\"text-align: center;\" colspan=\"2\"><span style=\"color: #003366;\"><a style=\"color: #003366;\" href=\"https:\/\/educacao.niteroi.rj.gov.br\/wp-content\/uploads\/2021\/12\/12-ANEXOXI_PE01321.pdf\">Anexo XI<\/a><\/span><\/td>\n<\/tr>\n<tr>\n<td style=\"width: 494.201px; text-align: center;\" colspan=\"2\"><a href=\"https:\/\/educacao.niteroi.rj.gov.br\/wp-content\/uploads\/2022\/03\/HOMOLOGACAO-E-EXTRATO-DE-PEIXE.pdf\"><span style=\"color: #003366;\">Homologa\u00e7\u00e3o<\/span><\/a><\/td>\n<\/tr>\n<tr>\n<td style=\"width: 491px;\" colspan=\"2\">\n<p style=\"text-align: center;\"><span style=\"color: #003366;\"><a style=\"color: #003366;\" href=\"https:\/\/drive.google.com\/file\/d\/1kyvIefSjpnYybQrOtI0s3BkDALJzht9e\/view?usp=sharing\">ATA DA SESS\u00c3O P\u00daBLICA DO PREG\u00c3O<\/a><\/span><\/p>\n<\/td>\n<\/tr>\n<\/tbody>\n<\/table>\n<p>&nbsp;<\/p>\n<table border=\"1\" cellspacing=\"0\" cellpadding=\"0\" align=\"center\">\n<tbody>\n<tr style=\"height: 60px;\">\n<td style=\"width: 495px; height: 60px;\" colspan=\"2\">\n<p style=\"text-align: center;\"><span style=\"color: #000000;\"><strong>TOMADA DE PRE\u00c7OS<\/strong> <strong>N\u00b0 01\/2021<\/strong><\/span><\/p>\n<\/td>\n<\/tr>\n<tr style=\"height: 27px;\">\n<td style=\"width: 54px; height: 27px;\"><strong>Org\u00e3o:<\/strong><\/td>\n<td style=\"width: 439px; height: 27px;\"><span style=\"color: #000000;\">Funda\u00e7\u00e3o Municipal de Educa\u00e7\u00e3o de Niter\u00f3i<\/span><\/td>\n<\/tr>\n<tr style=\"height: 169px;\">\n<td style=\"width: 54px; height: 169px;\"><strong>Objeto:<\/strong><\/td>\n<td style=\"width: 439px; height: 169px;\">\n<p style=\"text-align: justify;\"><span style=\"color: #000000;\">O Objeto da Presente Tomada de Pre\u00e7os \u00e9 a Contrata\u00e7\u00e3o de servi\u00e7os de Engenharia para elabora\u00e7\u00e3o e aprova\u00e7\u00e3o de projeto de seguran\u00e7a contra inc\u00eandio e p\u00e2nico no CBMERJ (Corpo de Bombeiros Militar do Estado do Rio de Janeiro), de 95 (noventa e cinco) Unidades Escolares, 05 (cinco) pr\u00e9dios Administrativos e 06 (seis) Bibliotecas, totalizando 106 (cento e seis) Unidades, pertencentes e administradas \u2013 pela Funda\u00e7\u00e3o Municipal de Educa\u00e7\u00e3o de Niter\u00f3i- FME. Conforme as Especifica\u00e7\u00f5es e Quantidades estabelecidas no Projeto B\u00e1sico, o qual comp\u00f5e o ANEXO III &#8211; Projeto B\u00e1sico, neste Edital e seus Anexos.<\/span><\/p>\n<\/td>\n<\/tr>\n<tr style=\"height: 60px;\">\n<td style=\"width: 495px; height: 60px; text-align: center;\" colspan=\"2\"><span style=\"color: #003366;\"><a style=\"color: #003366;\" href=\"https:\/\/educacao.niteroi.rj.gov.br\/wp-content\/uploads\/2021\/11\/Edital-TP-01-2021-Projeto-de-incendio-FINAL.pdf\">Edital<\/a><\/span><\/td>\n<\/tr>\n<tr style=\"height: 60px;\">\n<td style=\"height: 60px; width: 495px; text-align: center;\" colspan=\"2\"><span style=\"color: #003366;\"><a style=\"color: #003366;\" href=\"https:\/\/educacao.niteroi.rj.gov.br\/wp-content\/uploads\/2021\/11\/ANEXO-I-TP-01-2021.pdf\">ANEXO I<\/a><\/span><\/td>\n<\/tr>\n<tr style=\"height: 51px;\">\n<td style=\"height: 51px; width: 495px; text-align: center;\" colspan=\"2\"><span style=\"color: #003366;\"><a style=\"color: #003366;\" href=\"https:\/\/educacao.niteroi.rj.gov.br\/wp-content\/uploads\/2021\/11\/ANEXO-II-TP-01-2021.pdf\">ANEXO II<\/a><\/span><\/td>\n<\/tr>\n<tr style=\"height: 51px;\">\n<td style=\"height: 51px; width: 495px; text-align: center;\" colspan=\"2\"><span style=\"color: #003366;\"><a style=\"color: #003366;\" href=\"https:\/\/educacao.niteroi.rj.gov.br\/wp-content\/uploads\/2021\/11\/TP-01-2021-Listagem-das-Unidades-da-FME.pdf\">Listagem das Unidades da FME<\/a><\/span><\/td>\n<\/tr>\n<tr style=\"height: 51px;\">\n<td style=\"height: 51px; text-align: center;\" colspan=\"2\"><span style=\"color: #003366;\"><a style=\"color: #003366;\" href=\"https:\/\/educacao.niteroi.rj.gov.br\/wp-content\/uploads\/2021\/11\/TP-01-2021-CRONOGRAMA.pdf\">Cronograma<\/a><\/span><\/td>\n<\/tr>\n<tr>\n<td style=\"text-align: center;\" colspan=\"2\"><span style=\"color: #003366;\"><a style=\"color: #003366;\" href=\"https:\/\/educacao.niteroi.rj.gov.br\/wp-content\/uploads\/2021\/11\/TP-01-2021-PLANILHA-ORCAMENTARIA.pdf\">\u00a0Planilha Or\u00e7ament\u00e1ria<\/a><\/span><\/td>\n<\/tr>\n<tr>\n<td style=\"text-align: center;\" colspan=\"2\"><span style=\"color: #003366;\"><a style=\"color: #003366;\" href=\"https:\/\/educacao.niteroi.rj.gov.br\/wp-content\/uploads\/2021\/11\/TP-01-2021-MEMORIA-DE-CALCULO.pdf\">\u00a0Mem\u00f3ria de C\u00e1culo<\/a><\/span><\/td>\n<\/tr>\n<tr>\n<td style=\"text-align: center;\" colspan=\"2\"><span style=\"color: #003366;\"><a style=\"color: #003366;\" href=\"https:\/\/educacao.niteroi.rj.gov.br\/wp-content\/uploads\/2021\/11\/TP-01-2021-TABELA-EMPO.pdf\">Tabela<\/a><\/span><\/td>\n<\/tr>\n<tr>\n<td style=\"text-align: center;\" colspan=\"2\"><a href=\"https:\/\/educacao.niteroi.rj.gov.br\/wp-content\/uploads\/2021\/03\/Publicacao-D.O-16-03-22.pdf\"><span style=\"color: #003366;\">Publica\u00e7\u00e3o D.O 16-03-22 &#8211; Aviso de Sine Die<\/span><\/a><span style=\"color: #003366;\"><br \/>\n<\/span><\/td>\n<\/tr>\n<\/tbody>\n<\/table>\n<p>&nbsp;<\/p>\n<table style=\"height: 525px; width: 796px;\" border=\"1\" cellspacing=\"0\" cellpadding=\"0\" align=\"center\">\n<tbody>\n<tr style=\"height: 60px;\">\n<td style=\"width: 792px; height: 60px;\" colspan=\"2\">\n<p style=\"text-align: center;\"><strong><span style=\"color: #000000;\">CHAMADA PUBLICA \/ AGRICULTURA FAMILIAR N. \u00ba 01\/2021 <\/span><\/strong><\/p>\n<\/td>\n<\/tr>\n<tr style=\"height: 27px;\">\n<td style=\"width: 49px; height: 27px;\"><strong>Org\u00e3o:<\/strong><\/td>\n<td style=\"width: 741px; height: 27px;\"><span style=\"color: #000000;\">Funda\u00e7\u00e3o Municipal de Educa\u00e7\u00e3o de Niter\u00f3i<\/span><\/td>\n<\/tr>\n<tr style=\"height: 169px;\">\n<td style=\"width: 49px; height: 169px;\"><strong>Objeto:<\/strong><\/td>\n<td style=\"width: 741px; height: 169px;\">\n<p style=\"text-align: justify;\"><span style=\"color: #000000;\">A presente Chamada Publica tem por objeto a aquisi\u00e7\u00e3o de g\u00eaneros aliment\u00edcios da Agricultura Familiar e do empreendedor familiar rural para alimenta\u00e7\u00e3o escolar das Unidades da Rede Municipal de Ensino\/FME, conforme especifica\u00e7\u00f5es constantes da Proposta Detalhe e do Termo de Refer\u00eancia.<\/span><\/p>\n<\/td>\n<\/tr>\n<tr style=\"height: 60px;\">\n<td style=\"width: 792px; height: 60px;\" colspan=\"2\">\n<p style=\"text-align: center;\"><span style=\"color: #003366;\"><a style=\"color: #003366;\" href=\"https:\/\/educacao.niteroi.rj.gov.br\/wp-content\/uploads\/2021\/07\/Edital-CHAM.-PUBLICA-01-2021AF-PCJ.pdf\">Edital<\/a><\/span><\/p>\n<\/td>\n<\/tr>\n<tr style=\"height: 60px;\">\n<td style=\"height: 60px; width: 792px; text-align: center;\" colspan=\"2\"><span style=\"color: #003366;\"><a style=\"color: #003366;\" href=\"https:\/\/educacao.niteroi.rj.gov.br\/wp-content\/uploads\/2021\/07\/23.pdf\">Publica\u00e7\u00e3o D.O &#8211; 23\/07\/2021<\/a><\/span><\/td>\n<\/tr>\n<tr style=\"height: 60px;\">\n<td style=\"height: 60px; width: 792px;\" colspan=\"2\">\n<p style=\"text-align: center;\"><span style=\"color: #003366;\"><a style=\"color: #003366;\" href=\"https:\/\/educacao.niteroi.rj.gov.br\/wp-content\/uploads\/2021\/07\/ANEXO-I-CCP-01-2021-AF.pdf\">ANEXO I<\/a><\/span><\/p>\n<\/td>\n<\/tr>\n<tr style=\"height: 38px;\">\n<td style=\"width: 792px; height: 38px;\" colspan=\"2\">\n<p style=\"text-align: center;\"><span style=\"color: #003366;\"><a style=\"color: #003366;\" href=\"https:\/\/educacao.niteroi.rj.gov.br\/wp-content\/uploads\/2021\/07\/ANEXO-II-CCP-01-2021-AF.pdf\">ANEXO II<\/a><\/span><\/p>\n<\/td>\n<\/tr>\n<tr style=\"height: 51px;\">\n<td style=\"height: 51px; width: 792px;\" colspan=\"2\">\n<p style=\"text-align: center;\"><span style=\"color: #003366;\"><a style=\"color: #003366;\" href=\"https:\/\/fmeniteroi-my.sharepoint.com\/:b:\/g\/personal\/pregao_educacao_niteroi_rj_gov_br\/EamN3qpXobxNhgiA8bLHRtMBvpcvgIthzuewAjBSoGkm5w?e=V9JID8\">Documentos Extras<\/a><\/span><\/p>\n<\/td>\n<\/tr>\n<tr>\n<td style=\"width: 792px;\" colspan=\"2\">\n<p style=\"text-align: center;\"><span style=\"color: #003366;\"><a style=\"color: #003366;\" href=\"https:\/\/educacao.niteroi.rj.gov.br\/wp-content\/uploads\/2021\/09\/Homologacao-Agricultura-Familiar-18-09-21.pdf\">Homologa\u00e7\u00e3o D.O &#8211;\u00a0 8-09-21<\/a><\/span><\/p>\n<\/td>\n<\/tr>\n<\/tbody>\n<\/table>\n<p>&nbsp;<\/p>\n<table style=\"height: 832px;\" border=\"1\" width=\"490\" cellspacing=\"0\" cellpadding=\"0\" align=\"center\">\n<tbody>\n<tr style=\"height: 51px;\">\n<td style=\"height: 51px; width: 486px;\" colspan=\"2\">\n<p style=\"text-align: center;\"><strong>CREDENCIAMENTO<\/strong>\u00a0<strong>N\u00b0 03\/2021<\/strong><\/p>\n<\/td>\n<\/tr>\n<tr style=\"height: 23px;\">\n<td style=\"height: 23px; width: 49px;\"><strong>Org\u00e3o:<\/strong><\/td>\n<td style=\"height: 23px; width: 435px;\"><span style=\"color: #000000;\">Funda\u00e7\u00e3o Municipal de Educa\u00e7\u00e3o de Niter\u00f3i<\/span><\/td>\n<\/tr>\n<tr style=\"height: 146px;\">\n<td style=\"height: 146px; width: 49px;\"><strong>Objeto:<\/strong><\/td>\n<td style=\"height: 146px; width: 435px;\">\n<p style=\"text-align: justify;\"><span style=\"color: #000000;\">Contrata\u00e7\u00e3o de empresas autorizadas pela ANATEL para a presta\u00e7\u00e3o de servi\u00e7os t\u00e9cnicos especializados para provimento patrocinado de acesso de dados \u00e0 internet em servi\u00e7o m\u00f3vel pessoal (processamento de cobran\u00e7a reversa), para os alunos e profissionais da Rede Municipal de Educa\u00e7\u00e3o de Niter\u00f3i\/FME.<\/span><\/p>\n<\/td>\n<\/tr>\n<tr style=\"height: 51px;\">\n<td style=\"height: 51px; width: 486px;\" colspan=\"2\">\n<p style=\"text-align: center;\"><span style=\"color: #003366;\"><a style=\"color: #003366;\" href=\"https:\/\/educacao.niteroi.rj.gov.br\/wp-content\/uploads\/2021\/05\/EDITAL-FINAL-DE-CREDENCIAMENTO-N\u00ba-001-1.pdf\">Edital de Credenciamento<\/a><\/span><\/p>\n<\/td>\n<\/tr>\n<tr style=\"height: 51px;\">\n<td style=\"height: 51px; width: 486px;\" colspan=\"2\">\n<p style=\"text-align: center;\"><span style=\"color: #003366;\"><a style=\"color: #003366;\" href=\"https:\/\/educacao.niteroi.rj.gov.br\/wp-content\/uploads\/2021\/05\/ANEXO-I-TERMO-DE-REFER\u00caNCIA.pdf\">Anexo I &#8211; Termo de Refer\u00eancia<\/a><\/span><\/p>\n<\/td>\n<\/tr>\n<tr style=\"height: 51px;\">\n<td style=\"height: 51px; width: 486px;\" colspan=\"2\">\n<p style=\"text-align: center;\"><span style=\"color: #003366;\"><a style=\"color: #003366;\" href=\"https:\/\/educacao.niteroi.rj.gov.br\/wp-content\/uploads\/2021\/05\/ANEXO-I-A-ACORDO-DE-N\u00cdVEL-DE-SERVI\u00c7O.pdf\">Anexo I &#8211; A &#8211; Acordo de N\u00edvel de Servi\u00e7o<\/a><\/span><\/p>\n<\/td>\n<\/tr>\n<tr style=\"height: 51px;\">\n<td style=\"height: 51px; width: 486px;\" colspan=\"2\">\n<p style=\"text-align: center;\"><span style=\"color: #003366;\"><a style=\"color: #003366;\" href=\"https:\/\/educacao.niteroi.rj.gov.br\/wp-content\/uploads\/2021\/05\/ANEXO-I-B-Modelo-de-Proposta-Comercial.pdf\">Anexo I &#8211; B\u00a0&#8211;\u00a0Modelo de Proposta Comercial<\/a><\/span><\/p>\n<\/td>\n<\/tr>\n<tr style=\"height: 51px;\">\n<td style=\"height: 51px; width: 486px;\" colspan=\"2\">\n<p style=\"text-align: center;\"><span style=\"color: #003366;\"><a style=\"color: #003366;\" href=\"https:\/\/educacao.niteroi.rj.gov.br\/wp-content\/uploads\/2021\/05\/ANEXO-I-C-Modelo-de-Ordem-de-Servico.pdf\">Anexo I &#8211; C &#8211; \u00a0Modelo de Ordem de Servico<\/a><\/span><\/p>\n<\/td>\n<\/tr>\n<tr style=\"height: 51px;\">\n<td style=\"height: 51px; width: 486px;\" colspan=\"2\">\n<p style=\"text-align: center;\"><span style=\"color: #003366;\"><a style=\"color: #003366;\" href=\"https:\/\/educacao.niteroi.rj.gov.br\/wp-content\/uploads\/2021\/05\/ANEXO-I-D-TERMO-SIGILO-CONFIDENCIALIDADE.pdf\">Anexo I &#8211; D\u00a0&#8211; TERMO SIGILO CONFIDENCIALIDADE<\/a><\/span><\/p>\n<\/td>\n<\/tr>\n<tr style=\"height: 51px;\">\n<td style=\"height: 51px; width: 486px;\" colspan=\"2\">\n<p style=\"text-align: center;\"><span style=\"color: #003366;\"><a style=\"color: #003366;\" href=\"https:\/\/educacao.niteroi.rj.gov.br\/wp-content\/uploads\/2021\/05\/ANEXO-I-E-CRONOGRAMA-FISICO-FINANCEIRO-TROCAR.pdf\">Anexo\u00a0I- E &#8211; Cronograma F\u00edsico Financeiro<\/a><\/span><\/p>\n<\/td>\n<\/tr>\n<tr style=\"height: 51px;\">\n<td style=\"height: 51px; width: 486px;\" colspan=\"2\">\n<p style=\"text-align: center;\"><span style=\"color: #003366;\"><a style=\"color: #003366;\" href=\"https:\/\/educacao.niteroi.rj.gov.br\/wp-content\/uploads\/2021\/05\/ANEXO-II-MINUTA-DE-CONTRATO.pdf\">ANEXO II &#8211; Minuta de Contrato<\/a><\/span><\/p>\n<\/td>\n<\/tr>\n<tr style=\"height: 51px;\">\n<td style=\"height: 51px; width: 486px;\" colspan=\"2\">\n<p style=\"text-align: center;\"><span style=\"color: #003366;\"><a style=\"color: #003366;\" href=\"https:\/\/educacao.niteroi.rj.gov.br\/wp-content\/uploads\/2021\/05\/ANEXO-III-REQUERIMENTO-CREDENCIAMENTO.pdf\">ANEXO III &#8211;\u00a0 Requerimento de Credenciameto<\/a><\/span><\/p>\n<\/td>\n<\/tr>\n<tr style=\"height: 51px;\">\n<td style=\"height: 51px; width: 486px;\" colspan=\"2\">\n<p style=\"text-align: center;\"><span style=\"color: #003366;\"><a style=\"color: #003366;\" href=\"https:\/\/educacao.niteroi.rj.gov.br\/wp-content\/uploads\/2021\/05\/ANEXO-V-DECLARACAO-INEXISTENCIA-PENALIDADE.pdf\">Anexo V &#8211;\u00a0Declara\u00e7\u00e3o Inexist\u00eancia de Penalidade<\/a><\/span><\/p>\n<\/td>\n<\/tr>\n<tr style=\"height: 51px;\">\n<td style=\"height: 51px; width: 486px;\" colspan=\"2\">\n<p style=\"text-align: center;\"><span style=\"color: #003366;\"><a style=\"color: #003366;\" href=\"https:\/\/educacao.niteroi.rj.gov.br\/wp-content\/uploads\/2021\/05\/DO-Comiss\u00e3o-de-Credenciamento.pdf\">Comiss\u00e3o Especial\u00a0 de Credenciamento &#8211; D.O<\/a><\/span><\/p>\n<\/td>\n<\/tr>\n<tr style=\"height: 51px;\">\n<td style=\"height: 51px; width: 486px;\" colspan=\"2\">\n<p style=\"text-align: center;\"><span style=\"color: #003366;\"><a style=\"color: #003366;\" href=\"https:\/\/educacao.niteroi.rj.gov.br\/wp-content\/uploads\/2021\/05\/DO-Aviso-de-Credenciamento.pdf\">Aviso de Credenciamento &#8211; DO<\/a><\/span><\/p>\n<\/td>\n<\/tr>\n<\/tbody>\n<\/table>\n<p>&nbsp;<\/p>\n<table border=\"1\" width=\"490\" cellspacing=\"0\" cellpadding=\"0\" align=\"center\">\n<tbody>\n<tr>\n<td colspan=\"2\">\n<p style=\"text-align: center;\"><strong>PREG\u00c3O PRESENCIAL<\/strong>\u00a0<strong>N\u00b0 02\/2021<\/strong><\/p>\n<\/td>\n<\/tr>\n<tr>\n<td><strong>Org\u00e3o:<\/strong><\/td>\n<td><span style=\"color: #000000;\">Funda\u00e7\u00e3o Municipal de Educa\u00e7\u00e3o de Niter\u00f3i<\/span><\/td>\n<\/tr>\n<tr>\n<td><strong>Objeto:<\/strong><\/td>\n<td>\n<p style=\"text-align: justify;\"><span style=\"color: #000000;\">O presente Preg\u00e3o tem por objeto contrata\u00e7\u00e3o de empresa especializada em servi\u00e7os gr\u00e1ficos para reprodu\u00e7\u00e3o de material did\u00e1tico (Cadernos Pedag\u00f3gicos) a serem utilizados pelos alunos da Rede Municipal de Educa\u00e7\u00e3o de Niter\u00f3i, em raz\u00e3o do ensino h\u00edbrido, conforme especifica\u00e7\u00f5es constantes da Proposta Detalhe e do Termo de Refer\u00eancia.<\/span><\/p>\n<\/td>\n<\/tr>\n<tr>\n<td colspan=\"2\">\n<p style=\"text-align: center;\"><a href=\"https:\/\/educacao.niteroi.rj.gov.br\/wp-content\/uploads\/2021\/02\/Edital-PP-02-2021-Caderno-Pedagogico-2021_compressed.pdf\"><span style=\"color: #000080;\">Edital<\/span><\/a><\/p>\n<\/td>\n<\/tr>\n<tr>\n<td colspan=\"2\">\n<p style=\"text-align: center;\"><a href=\"https:\/\/educacao.niteroi.rj.gov.br\/wp-content\/uploads\/2021\/02\/ANEXO-I-E-II-PREG\u00c3O-02-2021-CADERNO-PEDAGOGICO-2_compressed.pdf\"><span style=\"color: #000080;\">Anexo I e II<\/span><\/a><\/p>\n<\/td>\n<\/tr>\n<tr>\n<td colspan=\"2\">\n<p style=\"text-align: center;\"><a href=\"https:\/\/educacao.niteroi.rj.gov.br\/wp-content\/uploads\/2021\/02\/ANEXO-VIII-minuta-contratual_compressed.pdf\"><span style=\"color: #000080;\">Minuta de Contrato<\/span><\/a><\/p>\n<\/td>\n<\/tr>\n<tr>\n<td colspan=\"2\">\n<p style=\"text-align: center;\"><a href=\"https:\/\/educacao.niteroi.rj.gov.br\/wp-content\/uploads\/2021\/02\/D.O-PP-02-2021-CADERNO-PEDAGOGICO.pdf\"><span style=\"color: #000080;\">Aviso de Preg\u00e3o<\/span><\/a><\/p>\n<\/td>\n<\/tr>\n<tr>\n<td colspan=\"2\">\n<p style=\"text-align: center;\"><a href=\"https:\/\/educacao.niteroi.rj.gov.br\/wp-content\/uploads\/2022\/03\/HOMOLOGACAO-SERVICOS-GRAFICOS.pdf\"><span style=\"color: #000080;\">Homologa\u00e7\u00e3o<\/span><\/a><\/p>\n<\/td>\n<\/tr>\n<\/tbody>\n<\/table>\n<p>&nbsp;<\/p>\n<table style=\"width: 778px; height: 876px;\" border=\"1\" width=\"490\" cellspacing=\"0\" cellpadding=\"0\" align=\"center\">\n<tbody>\n<tr>\n<td style=\"width: 774px;\" colspan=\"2\">\n<p style=\"text-align: center;\"><strong>PREG\u00c3O PRESENCIAL<\/strong>\u00a0<strong>N\u00b0 03\/2021<\/strong><\/p>\n<\/td>\n<\/tr>\n<tr>\n<td style=\"width: 66.8125px;\"><strong>Org\u00e3o:<\/strong><\/td>\n<td style=\"width: 705.188px;\"><span style=\"color: #000000;\">Funda\u00e7\u00e3o Municipal de Educa\u00e7\u00e3o de Niter\u00f3i<\/span><\/td>\n<\/tr>\n<tr>\n<td style=\"width: 66.8125px;\"><strong>Objeto:<\/strong><\/td>\n<td style=\"width: 705.188px;\">\n<p style=\"text-align: justify;\"><span style=\"color: #000000;\">Aquisi\u00e7\u00e3o de botij\u00f5es de g\u00e1s para uso cozinha das Unidade Escolares de Educa\u00e7\u00e3o Fundamental das Creches Comunit\u00e1rias e das Unidade Municipais de Educa\u00e7\u00e3o Infantil da Rede Municipal de Educa\u00e7\u00e3o, para atender o Departamento de Alimenta\u00e7\u00e3o Escolar da FME, especificados e quantificados na forma da Planilha de Quantitativos e Pre\u00e7os Unit\u00e1rios (Anexo II) e no Termo de Refer\u00eancia (Anexo III).<\/span><\/p>\n<\/td>\n<\/tr>\n<tr>\n<td style=\"width: 774px;\" colspan=\"2\">\n<p style=\"text-align: center;\"><a href=\"https:\/\/educacao.niteroi.rj.gov.br\/wp-content\/uploads\/2021\/05\/PP03-2021-EDITAL-G\u00c1S.pdf\"><span style=\"color: #000080;\">Edital<\/span><\/a><\/p>\n<\/td>\n<\/tr>\n<tr>\n<td style=\"width: 774px;\" colspan=\"2\">\n<p style=\"text-align: center;\"><a href=\"https:\/\/educacao.niteroi.rj.gov.br\/wp-content\/uploads\/2021\/05\/ANEXO-I-PP-03-2021-G\u00c1S.pdf\"><span style=\"color: #000080;\">Anexo I<\/span><\/a><\/p>\n<\/td>\n<\/tr>\n<tr>\n<td style=\"width: 774px;\" colspan=\"2\">\n<p style=\"text-align: center;\"><a href=\"https:\/\/educacao.niteroi.rj.gov.br\/wp-content\/uploads\/2021\/05\/ANEXO-II-PP-03-2021-G\u00c1S.pdf\"><span style=\"color: #000080;\">Anexo II<\/span><\/a><\/p>\n<\/td>\n<\/tr>\n<tr>\n<td style=\"width: 774px;\" colspan=\"2\">\n<p style=\"text-align: center;\"><a href=\"https:\/\/educacao.niteroi.rj.gov.br\/wp-content\/uploads\/2021\/05\/contrato-G\u00e1s_compressed.pdf\"><span style=\"color: #000080;\">Minuta de Contrato<\/span><\/a><\/p>\n<\/td>\n<\/tr>\n<tr>\n<td style=\"width: 774px;\" colspan=\"2\">\n<p style=\"text-align: center;\"><a href=\"https:\/\/educacao.niteroi.rj.gov.br\/wp-content\/uploads\/2021\/05\/Publica\u00e7\u00e3o-Aviso-PP-03-2021.pdf\"><span style=\"color: #000080;\">Aviso de Preg\u00e3o D.O<\/span><\/a><\/p>\n<\/td>\n<\/tr>\n<tr>\n<td style=\"width: 774px;\" colspan=\"2\">\n<p style=\"text-align: center;\"><span style=\"color: #003366;\"> <a style=\"color: #003366;\" href=\"https:\/\/educacao.niteroi.rj.gov.br\/wp-content\/uploads\/2021\/07\/Adiamento-Sine-Die.pdf\">Adiamento Sine Die<\/a><\/span><\/p>\n<\/td>\n<\/tr>\n<tr style=\"height: 51px;\">\n<td style=\"width: 774px; height: 51px;\" colspan=\"2\">\n<p style=\"text-align: center;\"><span style=\"color: #003366;\"><a style=\"color: #003366;\" href=\"https:\/\/educacao.niteroi.rj.gov.br\/wp-content\/uploads\/2021\/06\/TapScanner-01-07-2021-15.41.pdf\">Aviso de Preg\u00e3o DO- 01\/07\/2021<\/a><\/span><\/p>\n<\/td>\n<\/tr>\n<tr style=\"height: 51px;\">\n<td style=\"width: 774px; height: 51px;\" colspan=\"2\">\n<p style=\"text-align: center;\"><span style=\"color: #003366;\"><a style=\"color: #003366;\" href=\"https:\/\/educacao.niteroi.rj.gov.br\/wp-content\/uploads\/2021\/06\/PP03-2021-GAS-EDITAL-FINAL.pdf\">Edital<\/a><\/span><\/p>\n<\/td>\n<\/tr>\n<tr style=\"height: 51px;\">\n<td style=\"height: 51px; width: 774px;\" colspan=\"2\">\n<p style=\"text-align: center;\"><span style=\"color: #003366;\"><a style=\"color: #003366;\" href=\"https:\/\/educacao.niteroi.rj.gov.br\/wp-content\/uploads\/2021\/06\/ANEXO-I-PP-03-2021-GAS.pdf\">Anexo I<\/a><\/span><\/p>\n<\/td>\n<\/tr>\n<tr>\n<td style=\"width: 774px;\" colspan=\"2\">\n<p style=\"text-align: center;\"><span style=\"color: #003366;\"><a style=\"color: #003366;\" href=\"https:\/\/educacao.niteroi.rj.gov.br\/wp-content\/uploads\/2021\/06\/ANEXO-II-PP-03-2021-GAS.pdf\">Anexo II<\/a><\/span><\/p>\n<\/td>\n<\/tr>\n<tr>\n<td style=\"width: 774px;\" colspan=\"2\">\n<p style=\"text-align: center;\"><span style=\"color: #003366;\"><a style=\"color: #003366;\" href=\"https:\/\/educacao.niteroi.rj.gov.br\/wp-content\/uploads\/2021\/06\/minuta-contrato-Gas.pdf\">Minuta Contrato<\/a><\/span><\/p>\n<\/td>\n<\/tr>\n<tr>\n<td style=\"width: 774px;\" colspan=\"2\">\n<p style=\"text-align: center;\"><a href=\"https:\/\/educacao.niteroi.rj.gov.br\/wp-content\/uploads\/2022\/03\/Homologacao-e-extrato-de-gas.pdf\"><span style=\"color: #003366;\">Homologa\u00e7\u00e3o<\/span><\/a><\/p>\n<\/td>\n<\/tr>\n<\/tbody>\n<\/table>\n<p>&nbsp;<\/p>\n<table border=\"1\" width=\"490\" cellspacing=\"0\" cellpadding=\"0\" align=\"center\">\n<tbody>\n<tr>\n<td colspan=\"2\">\n<p style=\"text-align: center;\"><strong>PREG\u00c3O PRESENCIAL<\/strong>\u00a0<strong>N\u00b0 06\/2021<\/strong><\/p>\n<\/td>\n<\/tr>\n<tr>\n<td><strong>Org\u00e3o:<\/strong><\/td>\n<td><span style=\"color: #000000;\">Funda\u00e7\u00e3o Municipal de Educa\u00e7\u00e3o de Niter\u00f3i<\/span><\/td>\n<\/tr>\n<tr>\n<td><strong>Objeto:<\/strong><\/td>\n<td><span style=\"color: #000000;\">Aquisi\u00e7\u00e3o de Gal\u00e3o de 20 litros de \u00e1gua mineral, afim de atender as necessidades dos setores da Funda\u00e7\u00e3o Municipal de Educa\u00e7\u00e3o, pr\u00e9dios, anexos, Unidades de Educa\u00e7\u00e3o, Telecentros e Bibliotecas, para atender o Departamento Administrativo da FME, especificados e quantificados na forma da Planilha de Quantitativos e Pre\u00e7os Unit\u00e1rios (Anexo II) e no Termo de Refer\u00eancia (Anexo III).\u00a0<\/span><\/td>\n<\/tr>\n<tr>\n<td colspan=\"2\">\n<p style=\"text-align: center;\"><span style=\"color: #003366;\"><a style=\"color: #003366;\" href=\"https:\/\/educacao.niteroi.rj.gov.br\/wp-content\/uploads\/2021\/02\/Edital-PP-06-2021-GAL\u00c3O-DE-\u00c1GUA-1.pdf\">Edital<\/a><\/span><\/p>\n<\/td>\n<\/tr>\n<tr>\n<td colspan=\"2\">\n<p style=\"text-align: center;\"><span style=\"color: #003366;\"><a style=\"color: #003366;\" href=\"https:\/\/educacao.niteroi.rj.gov.br\/wp-content\/uploads\/2021\/02\/ANEXO-I-e-II-PP-06-2021-GAL\u00c3O-DE-AGUA.pdf\">Anexo I e II<\/a><\/span><\/p>\n<\/td>\n<\/tr>\n<tr>\n<td colspan=\"2\">\n<p style=\"text-align: center;\"><span style=\"color: #003366;\"><a style=\"color: #003366;\" href=\"https:\/\/educacao.niteroi.rj.gov.br\/wp-content\/uploads\/2021\/02\/Minuta-de-contrato-de-gal\u00e3o_compressed.pdf\">Minuta de Contrato<\/a><\/span><\/p>\n<\/td>\n<\/tr>\n<tr>\n<td colspan=\"2\">\n<p style=\"text-align: center;\"><span style=\"color: #003366;\"><a style=\"color: #003366;\" href=\"https:\/\/educacao.niteroi.rj.gov.br\/wp-content\/uploads\/2021\/02\/publica\u00e7\u00e3o-em-DO-gal\u00e3o-de-\u00e1gua.pdf\">Aviso de Preg\u00e3o DO<\/a><\/span><\/p>\n<\/td>\n<\/tr>\n<tr>\n<td style=\"text-align: center;\" colspan=\"2\"><span style=\"color: #003366;\"><a style=\"color: #003366;\" href=\"https:\/\/educacao.niteroi.rj.gov.br\/wp-content\/uploads\/2022\/05\/HOMOLOGACAO-PP-06-2021-ATO-DO-DIA-12-04-2021.pdf\">Homologa\u00e7\u00e3o<\/a><\/span><\/td>\n<\/tr>\n<\/tbody>\n<\/table>\n<p>&nbsp;<\/p>\n<table border=\"1\" width=\"490\" cellspacing=\"0\" cellpadding=\"0\" align=\"center\">\n<tbody>\n<tr>\n<td colspan=\"2\">\n<p style=\"text-align: center;\"><strong>PREG\u00c3O PRESENCIAL<\/strong>\u00a0<strong>N\u00b0 09\/2021<\/strong><\/p>\n<\/td>\n<\/tr>\n<tr>\n<td><strong>Org\u00e3o:<\/strong><\/td>\n<td><span style=\"color: #000000;\">Funda\u00e7\u00e3o Municipal de Educa\u00e7\u00e3o de Niter\u00f3i<\/span><\/td>\n<\/tr>\n<tr>\n<td>\n<p style=\"text-align: justify;\"><strong>Objeto:<\/strong><\/p>\n<\/td>\n<td>\n<p style=\"text-align: justify;\">A<span style=\"color: #000000;\">quisi\u00e7\u00e3o, pelo Sistema de Registro de Pre\u00e7os, de TABLETS, para atender o sistema de ensino h\u00edbrido no retorno de volta as aulas, nas unidades escolares da rede da Funda\u00e7\u00e3o Municipal de Educa\u00e7\u00e3o de Niter\u00f3i (FME), especificados e quantificados na forma da Planilha de Quantitativos e Pre\u00e7os Unit\u00e1rios (Anexo II) e no Termo de Refer\u00eancia (Anexo III).<\/span><\/p>\n<\/td>\n<\/tr>\n<tr>\n<td colspan=\"2\">\n<p style=\"text-align: center;\"><a href=\"https:\/\/educacao.niteroi.rj.gov.br\/wp-content\/uploads\/2021\/02\/PP09-2021-EDITAL-tablets.pdf\"><span style=\"color: #000080;\">Edital<\/span><\/a><\/p>\n<\/td>\n<\/tr>\n<tr>\n<td colspan=\"2\">\n<p style=\"text-align: center;\"><a href=\"https:\/\/educacao.niteroi.rj.gov.br\/wp-content\/uploads\/2021\/02\/ANEXO-I-E-II-PREG\u00c3O-09-2021-TABLET-FIM_compressed.pdf\"><span style=\"color: #000080;\">Anexo I e II<\/span><\/a><\/p>\n<\/td>\n<\/tr>\n<tr>\n<td colspan=\"2\">\n<p style=\"text-align: center;\"><a href=\"https:\/\/educacao.niteroi.rj.gov.br\/wp-content\/uploads\/2021\/02\/Anexo-VIII-Minuta-de-contrato_compressed.pdf\"><span style=\"color: #000080;\">Minuta de contrato<\/span><\/a><\/p>\n<\/td>\n<\/tr>\n<tr>\n<td colspan=\"2\">\n<p style=\"text-align: center;\"><a href=\"https:\/\/educacao.niteroi.rj.gov.br\/wp-content\/uploads\/2021\/02\/Publica\u00e7\u00e3o-do-aviso-no-D.O.pdf\"><span style=\"color: #000080;\">Aviso de Preg\u00e3o D.O<\/span><\/a><\/p>\n<\/td>\n<\/tr>\n<tr>\n<td colspan=\"2\">\n<p style=\"text-align: center;\"><a href=\"https:\/\/educacao.niteroi.rj.gov.br\/wp-content\/uploads\/2021\/04\/Publica\u00e7\u00e3o-de-preg\u00e3o-Fracassado-no-DO.pdf\"><span style=\"color: #000080;\">Publica\u00e7\u00e3o de Preg\u00e3o Fracassado no D.O<\/span><\/a><\/p>\n<\/td>\n<\/tr>\n<tr>\n<td colspan=\"2\">\n<p style=\"text-align: center;\"><a href=\"https:\/\/educacao.niteroi.rj.gov.br\/wp-content\/uploads\/2021\/04\/Publica\u00e7\u00e3o-do-segundo-aviso-no-DO.pdf\"><span style=\"color: #000080;\">Publica\u00e7\u00e3o do Segundo Aviso no D.O<\/span><\/a><\/p>\n<\/td>\n<\/tr>\n<tr>\n<td colspan=\"2\">\n<p style=\"text-align: center;\"><a href=\"https:\/\/educacao.niteroi.rj.gov.br\/wp-content\/uploads\/2021\/04\/PP09-2021-EDITAL-tablets-nova-data.pdf\"><span style=\"color: #000080;\">EDITAL &#8211; Nova Publica\u00e7\u00e3o<\/span><\/a><\/p>\n<\/td>\n<\/tr>\n<tr>\n<td colspan=\"2\">\n<p style=\"text-align: center;\"><span style=\"color: #000080;\">Publica\u00e7\u00e3o de Peg\u00e3o Fracassado &#8211; 2\u00ba aviso no D.O<\/span><\/p>\n<\/td>\n<\/tr>\n<tr>\n<td colspan=\"2\">\n<p style=\"text-align: center;\"><span style=\"color: #000080;\"><a style=\"color: #000080;\" href=\"https:\/\/educacao.niteroi.rj.gov.br\/wp-content\/uploads\/2021\/05\/Publicacao-do-aviso-no-D.O-1.pdf\">Publica\u00e7\u00e3o do Terceiro aviso no D.O<\/a><\/span><\/p>\n<\/td>\n<\/tr>\n<tr>\n<td colspan=\"2\">\n<p style=\"text-align: center;\"><span style=\"color: #000080;\"><a style=\"color: #000080;\" href=\"https:\/\/educacao.niteroi.rj.gov.br\/wp-content\/uploads\/2021\/05\/PP09-2021-EDITAL-tablets-28-05-21_compressed.pdf\">EDITAL &#8211; Nova Publica\u00e7\u00e3o<\/a><\/span><\/p>\n<\/td>\n<\/tr>\n<tr>\n<td colspan=\"2\">\n<p style=\"text-align: center;\"><span style=\"color: #000080;\"><a style=\"color: #000080;\" href=\"https:\/\/educacao.niteroi.rj.gov.br\/wp-content\/uploads\/2021\/05\/ANEXO-I-E-II-PREGAO-09-2021-TABLET_compressed.pdf\">Anexo I e II<\/a><\/span><\/p>\n<\/td>\n<\/tr>\n<\/tbody>\n<\/table>\n","protected":false},"excerpt":{"rendered":"<p>\u00daltima Atualiza\u00e7\u00e3o: 20\/03\/2025 &nbsp; &nbsp; PREG\u00c3O ELETR\u00d4NICO\u00a0N\u00b0 01\/2021 Org\u00e3o: Funda\u00e7\u00e3o Municipal de Educa\u00e7\u00e3o de Niter\u00f3i Objeto: Aquisi\u00e7\u00e3o, pelo Sistema de Registro de Pre\u00e7os, de TABLETS, para atender o sistema de ensino h\u00edbrido no retorno de volta as aulas, nas unidades escolares da rede da Funda\u00e7\u00e3o Municipal de Educa\u00e7\u00e3o de Niter\u00f3i (FME), conforme especifica\u00e7\u00f5es contidas no [&hellip;]<\/p>\n","protected":false},"author":7,"featured_media":0,"comment_status":"closed","ping_status":"closed","sticky":false,"template":"","format":"standard","meta":{"_et_pb_use_builder":"","_et_pb_old_content":"","_et_gb_content_width":"","footnotes":""},"categories":[31],"tags":[],"class_list":["post-32553","post","type-post","status-publish","format-standard","hentry","category-licitacoes"],"_links":{"self":[{"href":"https:\/\/www.educacao.niteroi.rj.gov.br\/index.php?rest_route=\/wp\/v2\/posts\/32553","targetHints":{"allow":["GET"]}}],"collection":[{"href":"https:\/\/www.educacao.niteroi.rj.gov.br\/index.php?rest_route=\/wp\/v2\/posts"}],"about":[{"href":"https:\/\/www.educacao.niteroi.rj.gov.br\/index.php?rest_route=\/wp\/v2\/types\/post"}],"author":[{"embeddable":true,"href":"https:\/\/www.educacao.niteroi.rj.gov.br\/index.php?rest_route=\/wp\/v2\/users\/7"}],"replies":[{"embeddable":true,"href":"https:\/\/www.educacao.niteroi.rj.gov.br\/index.php?rest_route=%2Fwp%2Fv2%2Fcomments&post=32553"}],"version-history":[{"count":62,"href":"https:\/\/www.educacao.niteroi.rj.gov.br\/index.php?rest_route=\/wp\/v2\/posts\/32553\/revisions"}],"predecessor-version":[{"id":46226,"href":"https:\/\/www.educacao.niteroi.rj.gov.br\/index.php?rest_route=\/wp\/v2\/posts\/32553\/revisions\/46226"}],"wp:attachment":[{"href":"https:\/\/www.educacao.niteroi.rj.gov.br\/index.php?rest_route=%2Fwp%2Fv2%2Fmedia&parent=32553"}],"wp:term":[{"taxonomy":"category","embeddable":true,"href":"https:\/\/www.educacao.niteroi.rj.gov.br\/index.php?rest_route=%2Fwp%2Fv2%2Fcategories&post=32553"},{"taxonomy":"post_tag","embeddable":true,"href":"https:\/\/www.educacao.niteroi.rj.gov.br\/index.php?rest_route=%2Fwp%2Fv2%2Ftags&post=32553"}],"curies":[{"name":"wp","href":"https:\/\/api.w.org\/{rel}","templated":true}]}}