{"id":41934,"date":"2023-04-24T10:20:33","date_gmt":"2023-04-24T13:20:33","guid":{"rendered":"http:\/\/localhost\/wordpress\/?p=41406"},"modified":"2025-11-18T11:26:40","modified_gmt":"2025-11-18T14:26:40","slug":"2023-2","status":"publish","type":"post","link":"https:\/\/www.educacao.niteroi.rj.gov.br\/?p=41934","title":{"rendered":"2023"},"content":{"rendered":"<h6><strong>\u00daltima Atualiza\u00e7\u00e3o:<\/strong><i> 18\/11\/2025<\/i><\/h6>\n<div class=\"asl_w_container asl_w_container_1\" data-id=\"1\" data-instance=\"1\">\n\t<div id='ajaxsearchlite1'\n\t\tdata-id=\"1\"\n\t\tdata-instance=\"1\"\n\t\tclass=\"asl_w asl_m asl_m_1 asl_m_1_1\">\n\t\t<div class=\"probox\">\n\n\t\n\t<div class='prosettings'  data-opened=0>\n\t\t\t\t<div class='innericon'>\n\t\t\t<svg version=\"1.1\" xmlns=\"http:\/\/www.w3.org\/2000\/svg\" xmlns:xlink=\"http:\/\/www.w3.org\/1999\/xlink\" x=\"0px\" y=\"0px\" width=\"22\" height=\"22\" viewBox=\"0 0 512 512\" enable-background=\"new 0 0 512 512\" xml:space=\"preserve\">\n\t\t\t\t\t<polygon transform = \"rotate(90 256 256)\" points=\"142.332,104.886 197.48,50 402.5,256 197.48,462 142.332,407.113 292.727,256 \"\/>\n\t\t\t\t<\/svg>\n\t\t<\/div>\n\t<\/div>\n\n\t\n\t\n\t<div class='proinput'>\n\t\t<form role=\"search\" action='#' autocomplete=\"off\"\n\t\t\t\taria-label=\"Search form\">\n\t\t\t<input aria-label=\"Search input\"\n\t\t\t\t\ttype='search' class='orig'\n\t\t\t\t\ttabindex=\"0\"\n\t\t\t\t\tname='phrase'\n\t\t\t\t\tplaceholder='Busque aqui...'\n\t\t\t\t\tvalue=''\n\t\t\t\t\tautocomplete=\"off\"\/>\n\t\t\t<input aria-label=\"Search autocomplete\"\n\t\t\t\t\ttype='text'\n\t\t\t\t\tclass='autocomplete'\n\t\t\t\t\ttabindex=\"-1\"\n\t\t\t\t\tname='phrase'\n\t\t\t\t\tvalue=''\n\t\t\t\t\tautocomplete=\"off\" disabled\/>\n\t\t\t<input type='submit' value=\"Start search\" style='width:0; height: 0; visibility: hidden;'>\n\t\t<\/form>\n\t<\/div>\n\n\t\n\t\n\t<button class='promagnifier' tabindex=\"0\" aria-label=\"Search magnifier\">\n\t\t\t\t<span class='innericon' style=\"display:block;\">\n\t\t\t<svg version=\"1.1\" xmlns=\"http:\/\/www.w3.org\/2000\/svg\" xmlns:xlink=\"http:\/\/www.w3.org\/1999\/xlink\" x=\"0px\" y=\"0px\" width=\"22\" height=\"22\" viewBox=\"0 0 512 512\" enable-background=\"new 0 0 512 512\" xml:space=\"preserve\">\n\t\t\t\t\t<path d=\"M460.355,421.59L353.844,315.078c20.041-27.553,31.885-61.437,31.885-98.037\n\t\t\t\t\t\tC385.729,124.934,310.793,50,218.686,50C126.58,50,51.645,124.934,51.645,217.041c0,92.106,74.936,167.041,167.041,167.041\n\t\t\t\t\t\tc34.912,0,67.352-10.773,94.184-29.158L419.945,462L460.355,421.59z M100.631,217.041c0-65.096,52.959-118.056,118.055-118.056\n\t\t\t\t\t\tc65.098,0,118.057,52.959,118.057,118.056c0,65.096-52.959,118.056-118.057,118.056C153.59,335.097,100.631,282.137,100.631,217.041\n\t\t\t\t\t\tz\"\/>\n\t\t\t\t<\/svg>\n\t\t<\/span>\n\t<\/button>\n\n\t\n\t\n\t<div class='proloading'>\n\n\t\t<div class=\"asl_loader\"><div class=\"asl_loader-inner asl_simple-circle\"><\/div><\/div>\n\n\t\t\t<\/div>\n\n\t\t\t<div class='proclose'>\n\t\t\t<svg version=\"1.1\" xmlns=\"http:\/\/www.w3.org\/2000\/svg\" xmlns:xlink=\"http:\/\/www.w3.org\/1999\/xlink\" x=\"0px\"\n\t\t\t\ty=\"0px\"\n\t\t\t\twidth=\"12\" height=\"12\" viewBox=\"0 0 512 512\" enable-background=\"new 0 0 512 512\"\n\t\t\t\txml:space=\"preserve\">\n\t\t\t\t<polygon points=\"438.393,374.595 319.757,255.977 438.378,137.348 374.595,73.607 255.995,192.225 137.375,73.622 73.607,137.352 192.246,255.983 73.622,374.625 137.352,438.393 256.002,319.734 374.652,438.378 \"\/>\n\t\t\t<\/svg>\n\t\t<\/div>\n\t\n\t\n<\/div>\t<\/div>\n\t<div class='asl_data_container' style=\"display:none !important;\">\n\t\t<div class=\"asl_init_data wpdreams_asl_data_ct\"\n\tstyle=\"display:none !important;\"\n\tid=\"asl_init_id_1\"\n\tdata-asl-id=\"1\"\n\tdata-asl-instance=\"1\"\n\tdata-settings=\"{&quot;homeurl&quot;:&quot;https:\\\/\\\/www.educacao.niteroi.rj.gov.br\\\/&quot;,&quot;resultstype&quot;:&quot;vertical&quot;,&quot;resultsposition&quot;:&quot;hover&quot;,&quot;itemscount&quot;:4,&quot;charcount&quot;:0,&quot;highlight&quot;:false,&quot;highlightWholewords&quot;:true,&quot;singleHighlight&quot;:false,&quot;scrollToResults&quot;:{&quot;enabled&quot;:true,&quot;offset&quot;:0},&quot;resultareaclickable&quot;:1,&quot;autocomplete&quot;:{&quot;enabled&quot;:true,&quot;lang&quot;:&quot;pt&quot;,&quot;trigger_charcount&quot;:0},&quot;mobile&quot;:{&quot;menu_selector&quot;:&quot;#menu-toggle&quot;},&quot;trigger&quot;:{&quot;click&quot;:&quot;results_page&quot;,&quot;click_location&quot;:&quot;same&quot;,&quot;update_href&quot;:false,&quot;return&quot;:&quot;results_page&quot;,&quot;return_location&quot;:&quot;same&quot;,&quot;facet&quot;:true,&quot;type&quot;:true,&quot;redirect_url&quot;:&quot;?s={phrase}&quot;,&quot;delay&quot;:300},&quot;animations&quot;:{&quot;pc&quot;:{&quot;settings&quot;:{&quot;anim&quot;:&quot;fadedrop&quot;,&quot;dur&quot;:300},&quot;results&quot;:{&quot;anim&quot;:&quot;fadedrop&quot;,&quot;dur&quot;:300},&quot;items&quot;:&quot;voidanim&quot;},&quot;mob&quot;:{&quot;settings&quot;:{&quot;anim&quot;:&quot;fadedrop&quot;,&quot;dur&quot;:300},&quot;results&quot;:{&quot;anim&quot;:&quot;fadedrop&quot;,&quot;dur&quot;:300},&quot;items&quot;:&quot;voidanim&quot;}},&quot;autop&quot;:{&quot;state&quot;:true,&quot;phrase&quot;:&quot;&quot;,&quot;count&quot;:&quot;1&quot;},&quot;resPage&quot;:{&quot;useAjax&quot;:false,&quot;selector&quot;:&quot;#main&quot;,&quot;trigger_type&quot;:true,&quot;trigger_facet&quot;:true,&quot;trigger_magnifier&quot;:false,&quot;trigger_return&quot;:false},&quot;resultsSnapTo&quot;:&quot;left&quot;,&quot;results&quot;:{&quot;width&quot;:&quot;auto&quot;,&quot;width_tablet&quot;:&quot;auto&quot;,&quot;width_phone&quot;:&quot;auto&quot;},&quot;settingsimagepos&quot;:&quot;right&quot;,&quot;closeOnDocClick&quot;:true,&quot;overridewpdefault&quot;:true,&quot;override_method&quot;:&quot;get&quot;}\"><\/div>\n\t<div id=\"asl_hidden_data\">\n\t\t<svg style=\"position:absolute\" height=\"0\" width=\"0\">\n\t\t\t<filter id=\"aslblur\">\n\t\t\t\t<feGaussianBlur in=\"SourceGraphic\" stdDeviation=\"4\"\/>\n\t\t\t<\/filter>\n\t\t<\/svg>\n\t\t<svg style=\"position:absolute\" height=\"0\" width=\"0\">\n\t\t\t<filter id=\"no_aslblur\"><\/filter>\n\t\t<\/svg>\n\t<\/div>\n\t<\/div>\n\n\t<div id='ajaxsearchliteres1'\n\tclass='vertical wpdreams_asl_results asl_w asl_r asl_r_1 asl_r_1_1'>\n\n\t\n\t<div class=\"results\">\n\n\t\t\n\t\t<div class=\"resdrg\">\n\t\t<\/div>\n\n\t\t\n\t<\/div>\n\n\t\n\t\t\t\t\t<p class='showmore'>\n\t\t\t<span>Mais resultados...<\/span>\n\t\t<\/p>\n\t\t\t\n<\/div>\n\n\t<div id='__original__ajaxsearchlitesettings1'\n\t\tdata-id=\"1\"\n\t\tclass=\"searchsettings wpdreams_asl_settings asl_w asl_s asl_s_1\">\n\t\t<form name='options'\n\t\taria-label=\"Search settings form\"\n\t\tautocomplete = 'off'>\n\n\t\n\t\n\t<input type=\"hidden\" name=\"filters_changed\" style=\"display:none;\" value=\"0\">\n\t<input type=\"hidden\" name=\"filters_initial\" style=\"display:none;\" value=\"1\">\n\n\t<div class=\"asl_option_inner hiddend\">\n\t\t<input type='hidden' name='qtranslate_lang' id='qtranslate_lang'\n\t\t\t\tvalue='0'\/>\n\t<\/div>\n\n\t\n\t\n\t<fieldset class=\"asl_sett_scroll\">\n\t\t<legend style=\"display: none;\">Generic selectors<\/legend>\n\t\t<div class=\"asl_option\" tabindex=\"0\">\n\t\t\t<div class=\"asl_option_inner\">\n\t\t\t\t<input type=\"checkbox\" value=\"exact\"\n\t\t\t\t\t\taria-label=\"Palavra exata\"\n\t\t\t\t\t\tname=\"asl_gen[]\"  checked=\"checked\"\/>\n\t\t\t\t<div class=\"asl_option_checkbox\"><\/div>\n\t\t\t<\/div>\n\t\t\t<div class=\"asl_option_label\">\n\t\t\t\tPalavra exata\t\t\t<\/div>\n\t\t<\/div>\n\t\t<div class=\"asl_option\" tabindex=\"0\">\n\t\t\t<div class=\"asl_option_inner\">\n\t\t\t\t<input type=\"checkbox\" value=\"title\"\n\t\t\t\t\t\taria-label=\"Buscando pelo t\u00edtulo\"\n\t\t\t\t\t\tname=\"asl_gen[]\"  checked=\"checked\"\/>\n\t\t\t\t<div class=\"asl_option_checkbox\"><\/div>\n\t\t\t<\/div>\n\t\t\t<div class=\"asl_option_label\">\n\t\t\t\tBuscando pelo t\u00edtulo\t\t\t<\/div>\n\t\t<\/div>\n\t\t<div class=\"asl_option\" tabindex=\"0\">\n\t\t\t<div class=\"asl_option_inner\">\n\t\t\t\t<input type=\"checkbox\" value=\"content\"\n\t\t\t\t\t\taria-label=\"Buscando pelo conte\u00fado\"\n\t\t\t\t\t\tname=\"asl_gen[]\"  checked=\"checked\"\/>\n\t\t\t\t<div class=\"asl_option_checkbox\"><\/div>\n\t\t\t<\/div>\n\t\t\t<div class=\"asl_option_label\">\n\t\t\t\tBuscando pelo conte\u00fado\t\t\t<\/div>\n\t\t<\/div>\n\t\t<div class=\"asl_option_inner hiddend\">\n\t\t\t<input type=\"checkbox\" value=\"excerpt\"\n\t\t\t\t\taria-label=\"Search in excerpt\"\n\t\t\t\t\tname=\"asl_gen[]\" \/>\n\t\t\t<div class=\"asl_option_checkbox\"><\/div>\n\t\t<\/div>\n\t<\/fieldset>\n\t<fieldset class=\"asl_sett_scroll\">\n\t\t<legend style=\"display: none;\">Post Type Selectors<\/legend>\n\t\t\t\t\t<div class=\"asl_option\" tabindex=\"0\">\n\t\t\t\t<div class=\"asl_option_inner\">\n\t\t\t\t\t<input type=\"checkbox\" value=\"post\"\n\t\t\t\t\t\t\taria-label=\"publica\u00e7\u00e3o\"\n\t\t\t\t\t\t\tname=\"customset[]\" checked=\"checked\"\/>\n\t\t\t\t\t<div class=\"asl_option_checkbox\"><\/div>\n\t\t\t\t<\/div>\n\t\t\t\t<div class=\"asl_option_label\">\n\t\t\t\t\tpublica\u00e7\u00e3o\t\t\t\t<\/div>\n\t\t\t<\/div>\n\t\t\t\t\t\t<div class=\"asl_option\" tabindex=\"0\">\n\t\t\t\t<div class=\"asl_option_inner\">\n\t\t\t\t\t<input type=\"checkbox\" value=\"page\"\n\t\t\t\t\t\t\taria-label=\"p\u00e1gina\"\n\t\t\t\t\t\t\tname=\"customset[]\" \/>\n\t\t\t\t\t<div class=\"asl_option_checkbox\"><\/div>\n\t\t\t\t<\/div>\n\t\t\t\t<div class=\"asl_option_label\">\n\t\t\t\t\tp\u00e1gina\t\t\t\t<\/div>\n\t\t\t<\/div>\n\t\t\t\t<\/fieldset>\n\t\n\t\t<fieldset>\n\t\t\t\t\t\t\t<legend>Filtrando por categoria<\/legend>\n\t\t\t\t\t\t<div class='categoryfilter asl_sett_scroll'>\n\t\t\t\t\t\t\t\t\t<div class=\"asl_option\" tabindex=\"0\">\n\t\t\t\t\t\t<div class=\"asl_option_inner\">\n\t\t\t\t\t\t\t<input type=\"checkbox\" value=\"107\"\n\t\t\t\t\t\t\t\t\taria-label=\"Cota\u00e7\u00f5es\"\n\t\t\t\t\t\t\t\t\tname=\"categoryset[]\" checked=\"checked\"\/>\n\t\t\t\t\t\t\t<div class=\"asl_option_checkbox\"><\/div>\n\t\t\t\t\t\t<\/div>\n\t\t\t\t\t\t<div class=\"asl_option_label\">\n\t\t\t\t\t\t\tCota\u00e7\u00f5es\t\t\t\t\t\t<\/div>\n\t\t\t\t\t<\/div>\n\t\t\t\t\t\t\t\t\t\t<div class=\"asl_option\" tabindex=\"0\">\n\t\t\t\t\t\t<div class=\"asl_option_inner\">\n\t\t\t\t\t\t\t<input type=\"checkbox\" value=\"111\"\n\t\t\t\t\t\t\t\t\taria-label=\"LIbras\"\n\t\t\t\t\t\t\t\t\tname=\"categoryset[]\" checked=\"checked\"\/>\n\t\t\t\t\t\t\t<div class=\"asl_option_checkbox\"><\/div>\n\t\t\t\t\t\t<\/div>\n\t\t\t\t\t\t<div class=\"asl_option_label\">\n\t\t\t\t\t\t\tLIbras\t\t\t\t\t\t<\/div>\n\t\t\t\t\t<\/div>\n\t\t\t\t\t\t\t\t\t\t<div class=\"asl_option\" tabindex=\"0\">\n\t\t\t\t\t\t<div class=\"asl_option_inner\">\n\t\t\t\t\t\t\t<input type=\"checkbox\" value=\"31\"\n\t\t\t\t\t\t\t\t\taria-label=\"Licita\u00e7\u00f5es\"\n\t\t\t\t\t\t\t\t\tname=\"categoryset[]\" checked=\"checked\"\/>\n\t\t\t\t\t\t\t<div class=\"asl_option_checkbox\"><\/div>\n\t\t\t\t\t\t<\/div>\n\t\t\t\t\t\t<div class=\"asl_option_label\">\n\t\t\t\t\t\t\tLicita\u00e7\u00f5es\t\t\t\t\t\t<\/div>\n\t\t\t\t\t<\/div>\n\t\t\t\t\t\t\t\t\t\t<div class=\"asl_option\" tabindex=\"0\">\n\t\t\t\t\t\t<div class=\"asl_option_inner\">\n\t\t\t\t\t\t\t<input type=\"checkbox\" value=\"110\"\n\t\t\t\t\t\t\t\t\taria-label=\"Requerimentos e processos\"\n\t\t\t\t\t\t\t\t\tname=\"categoryset[]\" checked=\"checked\"\/>\n\t\t\t\t\t\t\t<div class=\"asl_option_checkbox\"><\/div>\n\t\t\t\t\t\t<\/div>\n\t\t\t\t\t\t<div class=\"asl_option_label\">\n\t\t\t\t\t\t\tRequerimentos e processos\t\t\t\t\t\t<\/div>\n\t\t\t\t\t<\/div>\n\t\t\t\t\t\t\t\t\t\t<div class=\"asl_option\" tabindex=\"0\">\n\t\t\t\t\t\t<div class=\"asl_option_inner\">\n\t\t\t\t\t\t\t<input type=\"checkbox\" value=\"56\"\n\t\t\t\t\t\t\t\t\taria-label=\"Transpar\u00eancia 2017\"\n\t\t\t\t\t\t\t\t\tname=\"categoryset[]\" checked=\"checked\"\/>\n\t\t\t\t\t\t\t<div class=\"asl_option_checkbox\"><\/div>\n\t\t\t\t\t\t<\/div>\n\t\t\t\t\t\t<div class=\"asl_option_label\">\n\t\t\t\t\t\t\tTranspar\u00eancia 2017\t\t\t\t\t\t<\/div>\n\t\t\t\t\t<\/div>\n\t\t\t\t\t\t\t\t\t\t<div class=\"asl_option\" tabindex=\"0\">\n\t\t\t\t\t\t<div class=\"asl_option_inner\">\n\t\t\t\t\t\t\t<input type=\"checkbox\" value=\"60\"\n\t\t\t\t\t\t\t\t\taria-label=\"Transpar\u00eancia 2018\"\n\t\t\t\t\t\t\t\t\tname=\"categoryset[]\" checked=\"checked\"\/>\n\t\t\t\t\t\t\t<div class=\"asl_option_checkbox\"><\/div>\n\t\t\t\t\t\t<\/div>\n\t\t\t\t\t\t<div class=\"asl_option_label\">\n\t\t\t\t\t\t\tTranspar\u00eancia 2018\t\t\t\t\t\t<\/div>\n\t\t\t\t\t<\/div>\n\t\t\t\t\t\t\t\t\t\t<div class=\"asl_option\" tabindex=\"0\">\n\t\t\t\t\t\t<div class=\"asl_option_inner\">\n\t\t\t\t\t\t\t<input type=\"checkbox\" value=\"57\"\n\t\t\t\t\t\t\t\t\taria-label=\"Transpar\u00eancia 2019\"\n\t\t\t\t\t\t\t\t\tname=\"categoryset[]\" checked=\"checked\"\/>\n\t\t\t\t\t\t\t<div class=\"asl_option_checkbox\"><\/div>\n\t\t\t\t\t\t<\/div>\n\t\t\t\t\t\t<div class=\"asl_option_label\">\n\t\t\t\t\t\t\tTranspar\u00eancia 2019\t\t\t\t\t\t<\/div>\n\t\t\t\t\t<\/div>\n\t\t\t\t\t\t\t\t\t\t<div class=\"asl_option\" tabindex=\"0\">\n\t\t\t\t\t\t<div class=\"asl_option_inner\">\n\t\t\t\t\t\t\t<input type=\"checkbox\" value=\"58\"\n\t\t\t\t\t\t\t\t\taria-label=\"Transpar\u00eancia 2020\"\n\t\t\t\t\t\t\t\t\tname=\"categoryset[]\" checked=\"checked\"\/>\n\t\t\t\t\t\t\t<div class=\"asl_option_checkbox\"><\/div>\n\t\t\t\t\t\t<\/div>\n\t\t\t\t\t\t<div class=\"asl_option_label\">\n\t\t\t\t\t\t\tTranspar\u00eancia 2020\t\t\t\t\t\t<\/div>\n\t\t\t\t\t<\/div>\n\t\t\t\t\t\t\t\t\t\t<div class=\"asl_option\" tabindex=\"0\">\n\t\t\t\t\t\t<div class=\"asl_option_inner\">\n\t\t\t\t\t\t\t<input type=\"checkbox\" value=\"59\"\n\t\t\t\t\t\t\t\t\taria-label=\"Transpar\u00eancia 2021\"\n\t\t\t\t\t\t\t\t\tname=\"categoryset[]\" checked=\"checked\"\/>\n\t\t\t\t\t\t\t<div class=\"asl_option_checkbox\"><\/div>\n\t\t\t\t\t\t<\/div>\n\t\t\t\t\t\t<div class=\"asl_option_label\">\n\t\t\t\t\t\t\tTranspar\u00eancia 2021\t\t\t\t\t\t<\/div>\n\t\t\t\t\t<\/div>\n\t\t\t\t\t\t\t\t\t\t<div class=\"asl_option\" tabindex=\"0\">\n\t\t\t\t\t\t<div class=\"asl_option_inner\">\n\t\t\t\t\t\t\t<input type=\"checkbox\" value=\"98\"\n\t\t\t\t\t\t\t\t\taria-label=\"Transpar\u00eancia 2022\"\n\t\t\t\t\t\t\t\t\tname=\"categoryset[]\" checked=\"checked\"\/>\n\t\t\t\t\t\t\t<div class=\"asl_option_checkbox\"><\/div>\n\t\t\t\t\t\t<\/div>\n\t\t\t\t\t\t<div class=\"asl_option_label\">\n\t\t\t\t\t\t\tTranspar\u00eancia 2022\t\t\t\t\t\t<\/div>\n\t\t\t\t\t<\/div>\n\t\t\t\t\t\t\t\t\t\t<div class=\"asl_option\" tabindex=\"0\">\n\t\t\t\t\t\t<div class=\"asl_option_inner\">\n\t\t\t\t\t\t\t<input type=\"checkbox\" value=\"106\"\n\t\t\t\t\t\t\t\t\taria-label=\"Transpar\u00eancia 2023\"\n\t\t\t\t\t\t\t\t\tname=\"categoryset[]\" checked=\"checked\"\/>\n\t\t\t\t\t\t\t<div class=\"asl_option_checkbox\"><\/div>\n\t\t\t\t\t\t<\/div>\n\t\t\t\t\t\t<div class=\"asl_option_label\">\n\t\t\t\t\t\t\tTranspar\u00eancia 2023\t\t\t\t\t\t<\/div>\n\t\t\t\t\t<\/div>\n\t\t\t\t\t\t\t\t\t\t<div class=\"asl_option\" tabindex=\"0\">\n\t\t\t\t\t\t<div class=\"asl_option_inner\">\n\t\t\t\t\t\t\t<input type=\"checkbox\" value=\"108\"\n\t\t\t\t\t\t\t\t\taria-label=\"Transpar\u00eancia 2024\"\n\t\t\t\t\t\t\t\t\tname=\"categoryset[]\" checked=\"checked\"\/>\n\t\t\t\t\t\t\t<div class=\"asl_option_checkbox\"><\/div>\n\t\t\t\t\t\t<\/div>\n\t\t\t\t\t\t<div class=\"asl_option_label\">\n\t\t\t\t\t\t\tTranspar\u00eancia 2024\t\t\t\t\t\t<\/div>\n\t\t\t\t\t<\/div>\n\t\t\t\t\t\t\t\t\t\t<div class=\"asl_option\" tabindex=\"0\">\n\t\t\t\t\t\t<div class=\"asl_option_inner\">\n\t\t\t\t\t\t\t<input type=\"checkbox\" value=\"109\"\n\t\t\t\t\t\t\t\t\taria-label=\"Transpar\u00eancia 2025\"\n\t\t\t\t\t\t\t\t\tname=\"categoryset[]\" checked=\"checked\"\/>\n\t\t\t\t\t\t\t<div class=\"asl_option_checkbox\"><\/div>\n\t\t\t\t\t\t<\/div>\n\t\t\t\t\t\t<div class=\"asl_option_label\">\n\t\t\t\t\t\t\tTranspar\u00eancia 2025\t\t\t\t\t\t<\/div>\n\t\t\t\t\t<\/div>\n\t\t\t\t\t\t\t\t\t\t<div class=\"asl_option\" tabindex=\"0\">\n\t\t\t\t\t\t<div class=\"asl_option_inner\">\n\t\t\t\t\t\t\t<input type=\"checkbox\" value=\"112\"\n\t\t\t\t\t\t\t\t\taria-label=\"Transpar\u00eancia 2026\"\n\t\t\t\t\t\t\t\t\tname=\"categoryset[]\" checked=\"checked\"\/>\n\t\t\t\t\t\t\t<div class=\"asl_option_checkbox\"><\/div>\n\t\t\t\t\t\t<\/div>\n\t\t\t\t\t\t<div class=\"asl_option_label\">\n\t\t\t\t\t\t\tTranspar\u00eancia 2026\t\t\t\t\t\t<\/div>\n\t\t\t\t\t<\/div>\n\t\t\t\t\t\n\t\t\t<\/div>\n\t\t<\/fieldset>\n\t\t<\/form>\n\t<\/div>\n<\/div>\n\n<table style=\"height: 777px;\" border=\"1\" cellspacing=\"0\" cellpadding=\"0\" align=\"center\">\n<tbody>\n<tr style=\"height: 60px;\">\n<td style=\"width: 495px; height: 60px;\" colspan=\"2\">\n<p style=\"text-align: center;\"><strong><span style=\"color: #000000;\">EDITAL DE CONCORR\u00caNCIA P\u00daBLICA N\u00ba 01\/2023<\/span><\/strong><\/p>\n<\/td>\n<\/tr>\n<tr style=\"height: 27px;\">\n<td style=\"width: 50px; height: 27px;\"><strong>Org\u00e3o:<\/strong><\/td>\n<td style=\"width: 443px; height: 27px;\"><span style=\"color: #000000;\">Funda\u00e7\u00e3o Municipal de Educa\u00e7\u00e3o de Niter\u00f3i<\/span><\/td>\n<\/tr>\n<tr style=\"height: 169px;\">\n<td style=\"width: 50px; height: 169px;\"><strong>Objeto:<\/strong><\/td>\n<td style=\"width: 443px; height: 169px;\">\n<p style=\"text-align: justify;\"><span style=\"color: #000000;\">Contrata\u00e7\u00e3o de servi\u00e7os Especializados para obras de engenharia para reforma total de Unidade Escolar Municipalizada e constru\u00e7\u00e3o de rampas de acessibilidade, quadra poliesportiva coberta e acessos cobertos, sito \u00e0 Travessa Capit\u00e3o Mario Tinoco, s\/n\u00ba, Barreto, Niter\u00f3i, RJ, pertencente \u00e0 FME (Funda\u00e7\u00e3o Municipal de Educa\u00e7\u00e3o de Niter\u00f3i). Conforme as Especifica\u00e7\u00f5es e Quantidades estabelecidas e quantificados na forma da Planilha de Quantitativos e Pre\u00e7os Unit\u00e1rios (Anexo II) e no Termo de Refer\u00eancia (Anexo III).<\/span><\/p>\n<\/td>\n<\/tr>\n<tr style=\"height: 60px;\">\n<td style=\"width: 495px; height: 60px; text-align: center;\" colspan=\"2\"><span style=\"color: #003366;\"><a style=\"color: #003366;\" href=\"http:\/\/localhost\/wordpress\/wp-content\/uploads\/2023\/02\/Aviso-Publicacao-D.O-24-03-2023.pdf\">Aviso &#8211; Publica\u00e7\u00e3o D.O &#8211; 24-03-2023<\/a><\/span><\/td>\n<\/tr>\n<tr style=\"height: 60px;\">\n<td style=\"height: 60px; width: 495px; text-align: center;\" colspan=\"2\"><span style=\"color: #003366;\"><a style=\"color: #003366;\" href=\"http:\/\/localhost\/wordpress\/wp-content\/uploads\/2023\/02\/Extra_24-03-2023_Primeiro-Caderno_1-Nacional_p9-1.pdf\">Aviso de Publica\u00e7\u00e3o &#8211; Jornal Extra_24-03-2023<\/a><\/span><\/td>\n<\/tr>\n<tr style=\"height: 51px;\">\n<td style=\"height: 51px; text-align: center; width: 495px;\" colspan=\"2\"><span style=\"color: #003366;\"><a style=\"color: #003366;\" href=\"http:\/\/localhost\/wordpress\/wp-content\/uploads\/2023\/02\/EDITAL-CONCORRENCIA-OBRAS-CO-01-2023.pdf\">Edital<\/a><\/span><\/td>\n<\/tr>\n<tr style=\"height: 51px;\">\n<td style=\"text-align: center; height: 51px; width: 495px;\" colspan=\"2\"><span style=\"color: #003366;\"><a style=\"color: #003366;\" href=\"http:\/\/localhost\/wordpress\/wp-content\/uploads\/2023\/02\/ANEXO-I-Proposta.pdf\">Anexo I &#8211; Proposta<\/a><\/span><\/td>\n<\/tr>\n<tr style=\"height: 23px;\">\n<td style=\"text-align: center; width: 495px; height: 23px;\" colspan=\"2\"><span style=\"color: #003366;\"><a style=\"color: #003366;\" href=\"http:\/\/localhost\/wordpress\/wp-content\/uploads\/2023\/02\/ANEXO-II-Precos-Estimados-CO-01-2023.pdf\">ANEXO II &#8211; Pre\u00e7os Estimados<\/a><\/span><\/td>\n<\/tr>\n<tr style=\"height: 23px;\">\n<td style=\"text-align: center; width: 495px; height: 23px;\" colspan=\"2\"><span style=\"color: #003366;\"><a style=\"color: #003366;\" href=\"http:\/\/localhost\/wordpress\/wp-content\/uploads\/2023\/02\/EM-Benjamin-Constant_Cronograma.pdf\">Cronograma<\/a><\/span><\/td>\n<\/tr>\n<tr style=\"height: 23px;\">\n<td style=\"text-align: center; width: 495px; height: 23px;\" colspan=\"2\"><span style=\"color: #003366;\"><a style=\"color: #003366;\" href=\"http:\/\/localhost\/wordpress\/wp-content\/uploads\/2023\/02\/EM-Benjamin-Constant_Memoria-de-calculo.pdf\">Mem\u00f3ria de C\u00e1lculo<\/a><\/span><\/td>\n<\/tr>\n<tr style=\"height: 23px;\">\n<td style=\"text-align: center; width: 495px; height: 23px;\" colspan=\"2\"><span style=\"color: #003366;\"><a style=\"color: #003366;\" href=\"http:\/\/localhost\/wordpress\/wp-content\/uploads\/2023\/02\/EM-Benjamin-Constant_Planilha-PLANILHA-ORCAMENTARIA.pdf\">Planilha Or\u00e7ament\u00e1ria<\/a><\/span><\/td>\n<\/tr>\n<tr style=\"height: 23px;\">\n<td style=\"text-align: center; height: 23px;\" colspan=\"2\"><span style=\"color: #003366;\"><a style=\"color: #003366;\" href=\"http:\/\/localhost\/wordpress\/wp-content\/uploads\/2023\/02\/EM-Benjamin-Constant_Resumo-PLANILHA-RESUMO.pdf\">Planilha Resumo<\/a><\/span><\/td>\n<\/tr>\n<tr>\n<td style=\"text-align: center; width: 495px;\" colspan=\"2\"><a href=\"http:\/\/localhost\/wordpress\/wp-content\/uploads\/2023\/03\/ANEXO-VIII-MINUTA-DE-CONTRATO-CO01-2023.pdf\"><span style=\"color: #003366;\">ANEXO VIII &#8211; Minuta de Contrato<\/span><\/a><span style=\"color: #003366;\"><br \/>\n<\/span><\/td>\n<\/tr>\n<tr style=\"height: 23px;\">\n<td style=\"text-align: center; height: 23px; width: 495px;\" colspan=\"2\"><span style=\"color: #003366;\"><a style=\"color: #003366;\" href=\"http:\/\/localhost\/wordpress\/wp-content\/uploads\/2023\/02\/IMAGEM-01-CO-01-2023.pdf\">Imagem 01<\/a><\/span><\/td>\n<\/tr>\n<tr style=\"height: 23px;\">\n<td style=\"text-align: center; height: 23px; width: 495px;\" colspan=\"2\"><span style=\"color: #003366;\"><a style=\"color: #003366;\" href=\"http:\/\/localhost\/wordpress\/wp-content\/uploads\/2023\/02\/IMAGEM-02-CO-01-2023.pdf\">Imagem 02<\/a><\/span><\/td>\n<\/tr>\n<tr style=\"height: 23px;\">\n<td style=\"text-align: center; height: 23px; width: 495px;\" colspan=\"2\"><span style=\"color: #003366;\"><a style=\"color: #003366;\" href=\"http:\/\/localhost\/wordpress\/wp-content\/uploads\/2023\/02\/IMAGEM-03-CO-01-2023.pdf\">Imagem 03<\/a><\/span><\/td>\n<\/tr>\n<tr style=\"height: 23px;\">\n<td style=\"text-align: center; height: 23px; width: 495px;\" colspan=\"2\"><span style=\"color: #003366;\"><a style=\"color: #003366;\" href=\"http:\/\/localhost\/wordpress\/wp-content\/uploads\/2023\/02\/IMAGEM-04-CO-01-2023.pdf\">Imagem 04<\/a><\/span><\/td>\n<\/tr>\n<tr style=\"height: 23px;\">\n<td style=\"text-align: center; height: 23px; width: 495px;\" colspan=\"2\"><span style=\"color: #003366;\"><a style=\"color: #003366;\" href=\"http:\/\/localhost\/wordpress\/wp-content\/uploads\/2023\/02\/IMAGEM-05-CO-01-2023.pdf\">Imagem 05<\/a><\/span><\/td>\n<\/tr>\n<tr style=\"height: 23px;\">\n<td style=\"text-align: center; height: 23px; width: 495px;\" colspan=\"2\"><span style=\"color: #003366;\"><a style=\"color: #003366;\" href=\"http:\/\/localhost\/wordpress\/wp-content\/uploads\/2023\/02\/IMAGEM-06-CO-01-2023.pdf\">Imagem 06<\/a><\/span><\/td>\n<\/tr>\n<tr style=\"height: 23px;\">\n<td style=\"text-align: center; height: 23px; width: 495px;\" colspan=\"2\"><span style=\"color: #003366;\"><a style=\"color: #003366;\" href=\"http:\/\/localhost\/wordpress\/wp-content\/uploads\/2023\/02\/IMAGEM-07-CO-01-2023.pdf\">Imagem 07<\/a><\/span><\/td>\n<\/tr>\n<tr style=\"height: 23px;\">\n<td style=\"text-align: center; height: 23px;\" colspan=\"2\"><span style=\"color: #003366;\"><a style=\"color: #003366;\" href=\"http:\/\/localhost\/wordpress\/wp-content\/uploads\/2023\/02\/IMAGEM-08-CO-01-2023.pdf\">Imagem 08<\/a><\/span><\/td>\n<\/tr>\n<tr>\n<td style=\"text-align: center;\" colspan=\"2\"><span style=\"color: #003366;\"><a style=\"color: #003366;\" href=\"http:\/\/localhost\/wordpress\/wp-content\/uploads\/2023\/02\/IMAGEM-09-CO-01-2023.pdf\">Imagem 09<\/a><\/span><\/td>\n<\/tr>\n<tr>\n<td style=\"text-align: center; width: 495px;\" colspan=\"2\"><span style=\"color: #003366;\"><a style=\"color: #003366;\" href=\"http:\/\/localhost\/wordpress\/wp-content\/uploads\/2023\/04\/Publicacao-D.O-20-04-2023.pdf\">Aviso de Sine Die Publica\u00e7\u00e3o D.O 20-04-2023<\/a><br \/>\n<\/span><\/td>\n<\/tr>\n<\/tbody>\n<\/table>\n<p>&nbsp;<\/p>\n<table border=\"1\" cellspacing=\"0\" cellpadding=\"0\" align=\"center\">\n<tbody>\n<tr style=\"height: 60px;\">\n<td style=\"width: 495px; height: 60px;\" colspan=\"2\">\n<p style=\"text-align: center;\"><strong><span style=\"color: #000000;\">PREG\u00c3O ELETR\u00d4NICO N\u00b0 01\/2023<\/span><\/strong><\/p>\n<\/td>\n<\/tr>\n<tr style=\"height: 27px;\">\n<td style=\"width: 50px; height: 27px;\"><strong>Org\u00e3o:<\/strong><\/td>\n<td style=\"width: 443px; height: 27px;\"><span style=\"color: #000000;\">Funda\u00e7\u00e3o Municipal de Educa\u00e7\u00e3o de Niter\u00f3i<\/span><\/td>\n<\/tr>\n<tr style=\"height: 169px;\">\n<td style=\"width: 50px; height: 169px;\"><strong>Objeto:<\/strong><\/td>\n<td style=\"width: 643px; height: 169px;\">\n<p style=\"text-align: justify;\"><span style=\"color: #000000;\">O objeto deste preg\u00e3o \u00e9 o registro de pre\u00e7os para aquisi\u00e7\u00e3o de Livros MAJOG \u2013 Matem\u00e1tica em Jogo, para professorese alunos do Ensino Fundamental do 1o ao 5o dos Anos Iniciais da Rede Municipal de Ensino de Niter\u00f3i,conforme as especifica\u00e7\u00f5es constantes do ANEXO I \u2013 TERMO DE REFER\u00caNCIA.<\/span><\/p>\n<\/td>\n<\/tr>\n<tr style=\"height: 60px;\">\n<td style=\"height: 60px; width: 495px; text-align: center;\" colspan=\"2\"><span style=\"color: #003366;\"><a style=\"color: #003366;\" href=\"https:\/\/drive.google.com\/file\/d\/1JVFenagoChrhD2Yh4RHeoT_04Hb49Rj9\/view?usp=sharing\">Aviso &#8211; Publica\u00e7\u00e3o D.O. &#8211; 06-12-2023<\/a><\/span><\/td>\n<\/tr>\n<tr style=\"height: 60px;\">\n<td style=\"height: 60px; text-align: center;\" colspan=\"2\"><span style=\"color: #003366;\"><a style=\"color: #003366;\" href=\"https:\/\/drive.google.com\/file\/d\/19CZQZPrRNP_y5QibHZTtyBi1KORL2aeM\/view?usp=sharing\">Edital<\/a><\/span><\/td>\n<\/tr>\n<tr>\n<td style=\"width: 495px; text-align: center;\" colspan=\"2\"><span style=\"color: #003366;\"><a style=\"color: #003366;\" href=\"https:\/\/www.educacao.niteroi.rj.gov.br\/wp-content\/uploads\/2023\/04\/Inpugnacao-Empresa-LJS-NEGOCIOS-LTDA-Publicacao-D.O-16-12-2023.pdf\">Impugna\u00e7\u00e3o Empresa LJS NEG\u00d3CIOS LTDA &#8211; Publica\u00e7\u00e3o D.O 16-12-2023<\/a><br \/>\n<\/span><\/td>\n<\/tr>\n<tr>\n<td style=\"text-align: center; width: 495px;\" colspan=\"2\"><span style=\"color: #003366;\"><a style=\"color: #003366;\" href=\"https:\/\/drive.google.com\/file\/d\/1DJvCKbdx169a4NPijbgXf8iFHjnA-vCp\/view?usp=sharing\">HOMOLOGA\u00c7\u00c2O e o EXTRATO DA ATA<\/a><br \/>\n<\/span><\/td>\n<\/tr>\n<\/tbody>\n<\/table>\n<p>&nbsp;<\/p>\n<table border=\"1\" cellspacing=\"0\" cellpadding=\"0\" align=\"center\">\n<tbody>\n<tr style=\"height: 60px;\">\n<td style=\"width: 495px; height: 60px;\" colspan=\"2\">\n<p style=\"text-align: center;\"><strong><span style=\"color: #000000;\">PREG\u00c3O ELETR\u00d4NICO N\u00b0 03\/2023<\/span><\/strong><\/p>\n<\/td>\n<\/tr>\n<tr style=\"height: 27px;\">\n<td style=\"width: 50px; height: 27px;\"><strong>Org\u00e3o:<\/strong><\/td>\n<td style=\"width: 443px; height: 27px;\"><span style=\"color: #000000;\">Funda\u00e7\u00e3o Municipal de Educa\u00e7\u00e3o de Niter\u00f3i<\/span><\/td>\n<\/tr>\n<tr style=\"height: 169px;\">\n<td style=\"width: 50px; height: 169px;\"><strong>Objeto:<\/strong><\/td>\n<td style=\"width: 643px; height: 169px;\">\n<p style=\"text-align: justify;\"><span style=\"color: #000000;\">O objeto deste preg\u00e3o \u00e9 o registro de pre\u00e7os para aquisi\u00e7\u00e3o de BRINQUEDOS DE P\u00c1TIO para todas as Unidades Municipais de Educa\u00e7\u00e3o Infantil, conforme as especifica\u00e7\u00f5es constantes do ANEXO I \u2013 TERMO DE REFER\u00caNCIA.<\/span><\/p>\n<\/td>\n<\/tr>\n<tr style=\"height: 60px;\">\n<td style=\"height: 60px; width: 495px; text-align: center;\" colspan=\"2\"><span style=\"color: #003366;\"><a style=\"color: #003366;\" href=\"https:\/\/drive.google.com\/file\/d\/1HdTFubWXj_GMDZa6AudZ-t4BRMsB4nbf\/view?usp=sharing\">Aviso &#8211; Publica\u00e7\u00e3o D.O. &#8211; 02-12-2023<\/a><\/span><\/td>\n<\/tr>\n<tr style=\"height: 60px;\">\n<td style=\"height: 60px; width: 495px; text-align: center;\" colspan=\"2\"><span style=\"color: #003366;\"><a style=\"color: #003366;\" href=\"https:\/\/drive.google.com\/file\/d\/1s4kvKL702ckVTJEkmhk4GBzTo8INFu-h\/view?usp=sharing\">Edital<\/a><\/span><\/td>\n<\/tr>\n<tr>\n<td style=\"text-align: center; width: 495px;\" colspan=\"2\"><span style=\"color: #003366;\"><a style=\"color: #003366;\" href=\"https:\/\/drive.google.com\/file\/d\/1rfkj6WVycw-u4IB1ny5sVkvsVed7Tgob\/view?usp=sharing\">HOMOLOGA\u00c7\u00c2O e o EXTRATO DA ATA<\/a><br \/>\n<\/span><\/td>\n<\/tr>\n<\/tbody>\n<\/table>\n<p>&nbsp;<\/p>\n<table border=\"1\" cellspacing=\"0\" cellpadding=\"0\" align=\"center\">\n<tbody>\n<tr style=\"height: 60px;\">\n<td style=\"width: 495px; height: 60px;\" colspan=\"2\">\n<p style=\"text-align: center;\"><strong><span style=\"color: #000000;\">PREG\u00c3O ELETR\u00d4NICO N\u00b0 04\/2023<\/span><\/strong><\/p>\n<\/td>\n<\/tr>\n<tr style=\"height: 27px;\">\n<td style=\"width: 50px; height: 27px;\"><strong>Org\u00e3o:<\/strong><\/td>\n<td style=\"width: 443px; height: 27px;\"><span style=\"color: #000000;\">Funda\u00e7\u00e3o Municipal de Educa\u00e7\u00e3o de Niter\u00f3i<\/span><\/td>\n<\/tr>\n<tr style=\"height: 169px;\">\n<td style=\"width: 50px; height: 169px;\"><strong>Objeto:<\/strong><\/td>\n<td style=\"width: 643px; height: 169px;\">\n<p style=\"text-align: justify;\"><span style=\"color: #000000;\">O objeto deste preg\u00e3o \u00e9 o registro de pre\u00e7os para a Aquisi\u00e7\u00e3o de fog\u00f5es industriais de 4 e 6 bocas com forno, pelo sistema registro de pre\u00e7os, para atender as necessidades das Unidades de Educa\u00e7\u00e3o Munic\u00edpio, conforme o mapa de distribui\u00e7\u00e3o, anexo, elaborado pelo Departamento de Alimenta\u00e7\u00e3o Escolar. da Funda\u00e7\u00e3o Municipal de Educa\u00e7\u00e3o de Niter\u00f3i, conforme as especifica\u00e7\u00f5es constantes do ANEXO I \u2013 TERMO DE REFER\u00caNCIA.<\/span><\/p>\n<\/td>\n<\/tr>\n<tr style=\"height: 60px;\">\n<td style=\"height: 60px; width: 495px; text-align: center;\" colspan=\"2\"><span style=\"color: #003366;\"><a style=\"color: #003366;\" href=\"https:\/\/drive.google.com\/file\/d\/1ULYWbxnKeH3jJDBa_Eq58x7Z2rBAnIWN\/view?usp=sharing\">Aviso &#8211; Publica\u00e7\u00e3o D.O. &#8211; 22-11-2023<\/a><\/span><\/td>\n<\/tr>\n<tr style=\"height: 60px;\">\n<td style=\"height: 60px; text-align: center;\" colspan=\"2\"><span style=\"color: #003366;\"><a style=\"color: #003366;\" href=\"https:\/\/drive.google.com\/file\/d\/1bNBm9E8F7lzyNlSfujq-qRlTTYIHl79i\/view?usp=sharing\">Edital<\/a><\/span><\/td>\n<\/tr>\n<tr>\n<td style=\"text-align: center;\" colspan=\"2\"><span style=\"color: #003366;\"><a style=\"color: #003366;\" href=\"https:\/\/www.educacao.niteroi.rj.gov.br\/wp-content\/uploads\/2023\/04\/Homologacao-Publicacao-D.O-23-01-2024-1.pdf\">Homologa\u00e7\u00e3o &#8211; Publica\u00e7\u00e3o D.O 23-01-2024<\/a><\/span><\/td>\n<\/tr>\n<tr>\n<td style=\"width: 495px; text-align: center;\" colspan=\"2\"><span style=\"color: #003366;\"><a style=\"color: #003366;\" href=\"https:\/\/www.educacao.niteroi.rj.gov.br\/wp-content\/uploads\/2023\/04\/Extrato-da-Ata-de-SRP-Publicacao-D.O-23-01-2024-1.pdf\">Extrato da Ata de SRP &#8211; Publica\u00e7\u00e3o D.O 23-01-2024<\/a><\/span><\/td>\n<\/tr>\n<\/tbody>\n<\/table>\n<p>&nbsp;<\/p>\n<p>&nbsp;<\/p>\n<table border=\"1\" cellspacing=\"0\" cellpadding=\"0\" align=\"center\">\n<tbody>\n<tr style=\"height: 60px;\">\n<td style=\"width: 495px; height: 60px;\" colspan=\"2\">\n<p style=\"text-align: center;\"><strong><span style=\"color: #000000;\">PREG\u00c3O ELETR\u00d4NICO N\u00b0 05\/2023<\/span><\/strong><\/p>\n<\/td>\n<\/tr>\n<tr style=\"height: 27px;\">\n<td style=\"width: 50px; height: 27px;\"><strong>Org\u00e3o:<\/strong><\/td>\n<td style=\"width: 443px; height: 27px;\"><span style=\"color: #000000;\">Funda\u00e7\u00e3o Municipal de Educa\u00e7\u00e3o de Niter\u00f3i<\/span><\/td>\n<\/tr>\n<tr style=\"height: 169px;\">\n<td style=\"width: 50px; height: 169px;\"><strong>Objeto:<\/strong><\/td>\n<td style=\"width: 643px; height: 169px;\">\n<p style=\"text-align: justify;\"><span style=\"color: #000000;\">O objeto deste preg\u00e3o \u00e9 o registro de pre\u00e7os para Aquisi\u00e7\u00e3o de G\u00e1s Liquefeito de Petr\u00f3leo &#8211; GLP (g\u00e1s de cozinha), acondicionado em botij\u00f5es\/cilindros de 13 (treze) e 45 (quarenta e cinco) kg (P13 e P45) em regime de comodato, para uso em cozinhas das Unidades Municipais de Ensino Fundamental, das Creches Comunit\u00e1rias e das Unidades Municipais de Educa\u00e7\u00e3o Infantil da Rede Municipal de Educa\u00e7\u00e3o, conforme as especifica\u00e7\u00f5es constantes do ANEXO I \u2013 TERMO DE REFER\u00caNCIA.<\/span><\/p>\n<\/td>\n<\/tr>\n<tr style=\"height: 60px;\">\n<td style=\"width: 495px; height: 60px; text-align: center;\" colspan=\"2\"><span style=\"color: #003366;\"><a style=\"color: #003366;\" href=\"https:\/\/drive.google.com\/file\/d\/14SaZAoqwNHIXwoWmO9iC2VqZJVNamvtg\/view?usp=sharing\">Aviso \u2013 Publica\u00e7\u00e3o D.O \u2013 28-10-2023<\/a><\/span><\/td>\n<\/tr>\n<tr style=\"height: 60px;\">\n<td style=\"height: 60px; width: 495px; text-align: center;\" colspan=\"2\"><span style=\"color: #003366;\"><a style=\"color: #003366;\" href=\"https:\/\/drive.google.com\/file\/d\/1yy6weGE7lGZ7Mp75lLBgW51TwskdQR7_\/view?usp=sharing\">Edital I<\/a><\/span><\/td>\n<\/tr>\n<tr style=\"height: 60px;\">\n<td style=\"height: 60px; width: 495px; text-align: center;\" colspan=\"2\"><span style=\"color: #003366;\"><a style=\"color: #003366;\" href=\"https:\/\/drive.google.com\/file\/d\/1LfIwEoIs5JxoleS-GKNcolBe_7nwPyUJ\/view?usp=sharing\">Aviso &#8211; Publica\u00e7\u00e3o D.O. &#8211; 11-112023<\/a><\/span><\/td>\n<\/tr>\n<tr style=\"height: 60px;\">\n<td style=\"height: 60px; text-align: center;\" colspan=\"2\"><span style=\"color: #003366;\"><a style=\"color: #003366;\" href=\"https:\/\/www.educacao.niteroi.rj.gov.br\/wp-content\/uploads\/2023\/04\/EDITAL_005-ATUAL.pdf\">Edital II<\/a><\/span><\/td>\n<\/tr>\n<tr>\n<td style=\"text-align: center;\" colspan=\"2\"><span style=\"color: #003366;\"><a style=\"color: #003366;\" href=\"https:\/\/www.educacao.niteroi.rj.gov.br\/wp-content\/uploads\/2023\/04\/Aviso-de-Pregao-e-Fracassado-Publicacao-D.O-13-12-202313.pdf\">Aviso de Preg\u00e3o e Fracassado &#8211; Publica\u00e7\u00e3o D.O 13-12-202313<\/a><br \/>\n<\/span><\/td>\n<\/tr>\n<tr>\n<td style=\"text-align: center;\" colspan=\"2\"><span style=\"color: #003366;\"><a style=\"color: #003366;\" href=\"https:\/\/www.educacao.niteroi.rj.gov.br\/wp-content\/uploads\/2023\/04\/III-EDITAL_005-1.pdf\">Edital III<\/a><\/span><\/td>\n<\/tr>\n<tr>\n<td style=\"text-align: center;\" colspan=\"2\"><span style=\"color: #003366;\"><a style=\"color: #003366;\" href=\"https:\/\/www.educacao.niteroi.rj.gov.br\/wp-content\/uploads\/2023\/04\/Homologacao-Publicacao-D.O-28-12-2023.pdf\">Homologa\u00e7\u00e3o &#8211; Publica\u00e7\u00e3o D.O 28-12-2023<\/a><\/span><\/td>\n<\/tr>\n<tr>\n<td style=\"width: 495px; text-align: center;\" colspan=\"2\"><span style=\"color: #003366;\"><a style=\"color: #003366;\" href=\"https:\/\/www.educacao.niteroi.rj.gov.br\/wp-content\/uploads\/2023\/04\/Extrato-da-Ata-de-SRP-005-2023-Publicacao-D.O-28-12-2023.pdf\">Extrato da Ata de SRP 005-2023 &#8211; Publica\u00e7\u00e3o D.O 28-12-2023<\/a><\/span><\/td>\n<\/tr>\n<tr style=\"height: 60px;\">\n<td style=\"height: 60px; width: 495px; text-align: center;\" colspan=\"2\"><span style=\"color: #003366;\"><a style=\"color: #003366;\" href=\"https:\/\/drive.google.com\/file\/d\/1LNyolpXUH_ceV4p_L8WjV0W9iovEezfI\/view?usp=sharing\">IMPUGNA\u00c7\u00c3O &#8211; PST GAZ COM\u00c9RCIO E TRANSPORTE LTDA<\/a><\/span><\/td>\n<\/tr>\n<tr style=\"height: 60px;\">\n<td style=\"height: 60px; width: 495px; text-align: center;\" colspan=\"2\"><span style=\"color: #003366;\"><a style=\"color: #003366;\" href=\"https:\/\/drive.google.com\/file\/d\/192BOquBjWsHGeHvzBilmIv6QGmZYwc23\/view?usp=sharing\">RESPOSTA &#8211; IMPUGNA\u00c7\u00c3O<\/a><\/span><\/td>\n<\/tr>\n<tr style=\"height: 60px;\">\n<td style=\"height: 60px; width: 495px; text-align: center;\" colspan=\"2\"><span style=\"color: #003366;\"><a style=\"color: #003366;\" href=\"https:\/\/drive.google.com\/file\/d\/1mGqrlojlSXvFq0E_MSVQaeqZ_iMnjbLP\/view?usp=sharing\">Aviso de Preg\u00e3o \u2013 Publica\u00e7\u00e3o D.O. 11-11-2023<\/a><\/span><\/td>\n<\/tr>\n<\/tbody>\n<\/table>\n<p>&nbsp;<\/p>\n<table border=\"1\" cellspacing=\"0\" cellpadding=\"0\" align=\"center\">\n<tbody>\n<tr style=\"height: 60px;\">\n<td style=\"width: 495px; height: 60px;\" colspan=\"2\">\n<p style=\"text-align: center;\"><strong><span style=\"color: #000000;\">PREG\u00c3O ELETR\u00d4NICO N\u00b0 06\/2023<\/span><\/strong><\/p>\n<\/td>\n<\/tr>\n<tr style=\"height: 27px;\">\n<td style=\"width: 50px; height: 27px;\"><strong>Org\u00e3o:<\/strong><\/td>\n<td style=\"width: 443px; height: 27px;\"><span style=\"color: #000000;\">Funda\u00e7\u00e3o Municipal de Educa\u00e7\u00e3o de Niter\u00f3i<\/span><\/td>\n<\/tr>\n<tr style=\"height: 169px;\">\n<td style=\"width: 50px; height: 169px;\"><strong>Objeto:<\/strong><\/td>\n<td style=\"width: 643px; height: 169px;\">\n<p style=\"text-align: justify;\"><span style=\"color: #000000;\">O objeto deste preg\u00e3o \u00e9 o registro de pre\u00e7os para a Aquisi\u00e7\u00e3o de G\u00eaneros Aliment\u00edcios (PEIXE FIL\u00c9 DE LINGUADO), pelo sistema registro de pre\u00e7os, para complementa\u00e7\u00e3o do card\u00e1pio escolar das Unidades Escolares da Rede Municipal de Niter\u00f3i, conforme o mapa de distribui\u00e7\u00e3o, anexo, elaborado pelo Departamento de Alimenta\u00e7\u00e3o Escolar da Funda\u00e7\u00e3o Municipal de Educa\u00e7\u00e3o de Niter\u00f3i, conforme as especifica\u00e7\u00f5es constantes do ANEXO I \u2013 TERMO DE REFER\u00caNCIA. <\/span><\/p>\n<\/td>\n<\/tr>\n<tr style=\"height: 60px;\">\n<td style=\"width: 495px; height: 60px; text-align: center;\" colspan=\"2\"><span style=\"color: #003366;\"><a style=\"color: #003366;\" href=\"https:\/\/drive.google.com\/file\/d\/1gOSCVYwJvpd_6kSH2Mr9yQIxJ-IsjfJY\/view?usp=sharing\">Aviso \u2013 Publica\u00e7\u00e3o D.O \u2013 08-12-2023<\/a><\/span><\/td>\n<\/tr>\n<tr style=\"height: 60px;\">\n<td style=\"height: 60px; width: 495px; text-align: center;\" colspan=\"2\"><span style=\"color: #003366;\"><a style=\"color: #003366;\" href=\"https:\/\/drive.google.com\/file\/d\/1VZSxcFd4pyt5kLG_pUnPo1QCdtPqRL7o\/view?usp=sharing\">Edital<\/a><\/span><\/td>\n<\/tr>\n<tr style=\"height: 60px;\">\n<td style=\"height: 60px; text-align: center;\" colspan=\"2\"><span style=\"color: #003366;\"><a style=\"color: #003366;\" href=\"https:\/\/drive.google.com\/file\/d\/1bfxnuOpfiNAhOFausaANlif2QIsZZJcv\/view?usp=sharing\">Corrigenda \u2013 Publica\u00e7\u00e3o D.O 09-12-2023<\/a><\/span><\/td>\n<\/tr>\n<tr>\n<td style=\"text-align: center;\" colspan=\"2\"><span style=\"color: #003366;\"><a style=\"color: #003366;\" href=\"https:\/\/www.educacao.niteroi.rj.gov.br\/wp-content\/uploads\/2023\/04\/Corrigenda-006-2023-Publicacao-D.O-14-12-2023.pdf\">Corrigenda &#8211; Publica\u00e7\u00e3o D.O 14-12-2023<\/a><br \/>\n<\/span><\/td>\n<\/tr>\n<tr>\n<td style=\"text-align: center;\" colspan=\"2\"><span style=\"color: #003366;\"><a style=\"color: #003366;\" href=\"https:\/\/www.educacao.niteroi.rj.gov.br\/wp-content\/uploads\/2023\/04\/Homologacao-Publicacao-D.O-02-03-2024.pdf\">Homologa\u00e7\u00e3o &#8211; Publica\u00e7\u00e3o D.O 02-03-2024<\/a><\/span><\/td>\n<\/tr>\n<tr>\n<td style=\"width: 495px; text-align: center;\" colspan=\"2\"><span style=\"color: #003366;\"><a style=\"color: #003366;\" href=\"https:\/\/www.educacao.niteroi.rj.gov.br\/wp-content\/uploads\/2023\/04\/Extrato-da-Ata-006-2023-Publicacao-D.O-02-03-2024.pdf\">Extrato da Ata 006 &#8211; 2023 &#8211; Publica\u00e7\u00e3o D.O 02-03-2024<\/a><\/span><\/td>\n<\/tr>\n<\/tbody>\n<\/table>\n<p>&nbsp;<\/p>\n<table border=\"1\" cellspacing=\"0\" cellpadding=\"0\" align=\"center\">\n<tbody>\n<tr style=\"height: 60px;\">\n<td style=\"width: 495px; height: 60px;\" colspan=\"2\">\n<p style=\"text-align: center;\"><strong><span style=\"color: #000000;\">PREG\u00c3O ELETR\u00d4NICO N\u00b0 08\/2023<\/span><\/strong><\/p>\n<\/td>\n<\/tr>\n<tr style=\"height: 27px;\">\n<td style=\"width: 50px; height: 27px;\"><strong>Org\u00e3o:<\/strong><\/td>\n<td style=\"width: 443px; height: 27px;\"><span style=\"color: #000000;\">Funda\u00e7\u00e3o Municipal de Educa\u00e7\u00e3o de Niter\u00f3i<\/span><\/td>\n<\/tr>\n<tr style=\"height: 169px;\">\n<td style=\"width: 50px; height: 169px;\"><strong>Objeto:<\/strong><\/td>\n<td style=\"width: 643px; height: 169px;\">\n<p style=\"text-align: justify;\"><span style=\"color: #000000;\">O objeto deste preg\u00e3o \u00e9 aquisi\u00e7\u00e3o de CAIXA DE SOM AMPLIFICADA, a fim de atender as necessidades das Unidades Escolares e a Secret\u00e1ria Municipal de Educa\u00e7\u00e3o e a Funda\u00e7\u00e3o Municipal de Educa\u00e7\u00e3o de Niter\u00f3i, conforme as especifica\u00e7\u00f5es constantes do ANEXO I \u2013 TERMO DE REFER\u00caNCIA. <\/span><\/p>\n<\/td>\n<\/tr>\n<tr style=\"height: 60px;\">\n<td style=\"width: 495px; height: 60px; text-align: center;\" colspan=\"2\"><span style=\"color: #003366;\"><a style=\"color: #003366;\" href=\"https:\/\/drive.google.com\/file\/d\/1IgrQg2hTXtXcJ746AAEp2Lhptn_Dc5Zt\/view?usp=sharing\">Aviso \u2013 Publica\u00e7\u00e3o D.O \u2013 04-07-2023<\/a><\/span><\/td>\n<\/tr>\n<tr style=\"height: 60px;\">\n<td style=\"height: 60px; width: 495px; text-align: center;\" colspan=\"2\"><span style=\"color: #003366;\"><a style=\"color: #003366;\" href=\"https:\/\/drive.google.com\/file\/d\/1Q21GpXdEDQwkZPHg-FYSIvTuZ7EdBFTI\/view?usp=sharing\">Edital<\/a><\/span><\/td>\n<\/tr>\n<tr style=\"height: 60px;\">\n<td style=\"height: 60px; width: 495px; text-align: center;\" colspan=\"2\"><span style=\"color: #003366;\"><a style=\"color: #003366;\" href=\"https:\/\/drive.google.com\/file\/d\/16gXvdhfpvM3mI9TgW-mzKoFraQi4EfW_\/view?usp=sharing\">Anexo I &#8211; TR<\/a><\/span><\/td>\n<\/tr>\n<tr style=\"height: 60px;\">\n<td style=\"height: 60px; width: 495px; text-align: center;\" colspan=\"2\"><span style=\"color: #003366;\"><a style=\"color: #003366;\" href=\"https:\/\/drive.google.com\/file\/d\/1KiMyHqvSaKjQtJld9rqf60LYVBjfnyR2\/view?usp=sharing\">Anexo II<\/a><\/span><\/td>\n<\/tr>\n<tr style=\"height: 60px;\">\n<td style=\"height: 60px; width: 495px; text-align: center;\" colspan=\"2\"><span style=\"color: #003366;\"><a style=\"color: #003366;\" href=\"https:\/\/drive.google.com\/file\/d\/1XWBkj_Z_UBdvNciPBN1X5dYNT2ChG031\/view?usp=sharing\">Anexo III<\/a><\/span><\/td>\n<\/tr>\n<tr style=\"height: 60px;\">\n<td style=\"height: 60px; width: 495px; text-align: center;\" colspan=\"2\"><span style=\"color: #003366;\"><a style=\"color: #003366;\" href=\"https:\/\/drive.google.com\/file\/d\/1O68y9ncEpC1SJ0aNMWRxyPmC8Cf4LKgw\/view?usp=sharing\">Anexo IV<\/a><\/span><\/td>\n<\/tr>\n<tr style=\"height: 60px;\">\n<td style=\"height: 60px; width: 495px; text-align: center;\" colspan=\"2\"><span style=\"color: #003366;\"><a style=\"color: #003366;\" href=\"https:\/\/drive.google.com\/file\/d\/1Y4MqTjvzeA6D17VjP63h6sMww6Zbs4_X\/view?usp=sharing\">Anexo v<\/a><\/span><\/td>\n<\/tr>\n<tr style=\"height: 60px;\">\n<td style=\"height: 60px; width: 495px; text-align: center;\" colspan=\"2\"><span style=\"color: #003366;\"><a style=\"color: #003366;\" href=\"https:\/\/drive.google.com\/file\/d\/1qIdBCcItHAeRW4brXiH6sLl3ZUV_kyls\/view?usp=sharing\">Publica\u00e7\u00e3o D.O 15-07-2023 \u2013 Sine Die<\/a><\/span><\/td>\n<\/tr>\n<tr style=\"height: 60px;\">\n<td style=\"height: 60px; width: 495px; text-align: center;\" colspan=\"2\"><span style=\"color: #003366;\"><a style=\"color: #003366;\" href=\"https:\/\/drive.google.com\/file\/d\/1tBBNvXHdbLrtXPd1DYmeDc7ip9pQraqO\/view?usp=sharing\">Impugna\u00e7\u00e3o &#8211; 3A SOLU\u00c7\u00d5ES EM<br \/>\nTECNOLOGIA<\/a><\/span><\/td>\n<\/tr>\n<tr style=\"height: 60px;\">\n<td style=\"height: 60px; width: 495px; text-align: center;\" colspan=\"2\"><span style=\"color: #003366;\"><a style=\"color: #003366;\" href=\"https:\/\/drive.google.com\/file\/d\/1VAZZZCOnerVPZ2afx_gHlywqW_kqYtyL\/view?usp=sharing\">Aviso Preg\u00e3o &#8211; 21-07-2023<\/a><\/span><\/td>\n<\/tr>\n<tr style=\"height: 60px;\">\n<td style=\"height: 60px; width: 495px; text-align: center;\" colspan=\"2\"><span style=\"color: #003366;\"><a style=\"color: #003366;\" href=\"https:\/\/drive.google.com\/file\/d\/1nnG-Urm_RE6_QaV0416z_HARJZrPGltH\/view?usp=sharing\">Edital<\/a><\/span><\/td>\n<\/tr>\n<tr style=\"height: 60px;\">\n<td style=\"height: 60px; width: 495px; text-align: center;\" colspan=\"2\"><span style=\"color: #003366;\"><a style=\"color: #003366;\" href=\"https:\/\/drive.google.com\/file\/d\/1YYhLMsjutpQfc4wq-UmqWWpmuh3XWNZp\/view?usp=sharing\">Anexo I &#8211; TR<\/a><\/span><\/td>\n<\/tr>\n<tr style=\"height: 60px;\">\n<td style=\"height: 60px; width: 495px; text-align: center;\" colspan=\"2\"><span style=\"color: #003366;\"><a style=\"color: #003366;\" href=\"https:\/\/drive.google.com\/file\/d\/141wUm2xVlFuzvdc0sgZJF_mObsfoFEqx\/view?usp=sharing\">Anexo II<\/a><\/span><\/td>\n<\/tr>\n<tr style=\"height: 60px;\">\n<td style=\"height: 60px; width: 495px; text-align: center;\" colspan=\"2\"><span style=\"color: #003366;\"><a style=\"color: #003366;\" href=\"https:\/\/drive.google.com\/file\/d\/1WbfLCBdQ07RBfiVmfdO6qDSJU7FPKMEh\/view?usp=sharing\">Anexo III<\/a><\/span><\/td>\n<\/tr>\n<tr style=\"height: 60px;\">\n<td style=\"height: 60px; width: 495px; text-align: center;\" colspan=\"2\"><span style=\"color: #003366;\"><a style=\"color: #003366;\" href=\"https:\/\/drive.google.com\/file\/d\/1MKbuy1lmH89tM-6LVeupQB0IEzfq5lO5\/view?usp=sharing\">Anexo IV<\/a><\/span><\/td>\n<\/tr>\n<tr style=\"height: 60px;\">\n<td style=\"height: 60px; width: 495px; text-align: center;\" colspan=\"2\"><span style=\"color: #003366;\"><a style=\"color: #003366;\" href=\"https:\/\/drive.google.com\/file\/d\/1nXJ8b4XKZ0EBnqeGbmOwX5PQ7DjTecyJ\/view?usp=sharing\">Anexo V<\/a><\/span><\/td>\n<\/tr>\n<tr style=\"height: 60px;\">\n<td style=\"height: 60px; width: 495px; text-align: center;\" colspan=\"2\"><span style=\"color: #003366;\"><a style=\"color: #003366;\" href=\"https:\/\/drive.google.com\/file\/d\/1SOUnwbQf0dJRDhFjJrGJVOHg882SdqWO\/view?usp=sharing\">Publica\u00e7\u00e3o D.O 05-08-2023 \u2013 Homologa\u00e7\u00e3o<\/a><\/span><\/td>\n<\/tr>\n<tr style=\"height: 60px;\">\n<td style=\"height: 60px; width: 495px; text-align: center;\" colspan=\"2\"><span style=\"color: #003366;\"><a style=\"color: #003366;\" href=\"https:\/\/drive.google.com\/file\/d\/1hmXYos2qr4c--XS0lvgW33YFmK7c3Ivf\/view?usp=sharing\">ATA DA SESS\u00c3O P\u00daBLICA<\/a><\/span><\/td>\n<\/tr>\n<\/tbody>\n<\/table>\n<p>&nbsp;<\/p>\n<table border=\"1\" cellspacing=\"0\" cellpadding=\"0\" align=\"center\">\n<tbody>\n<tr style=\"height: 60px;\">\n<td style=\"width: 495px; height: 60px;\" colspan=\"2\">\n<p style=\"text-align: center;\"><strong><span style=\"color: #000000;\">PREG\u00c3O ELETR\u00d4NICO N\u00b0 09\/2023<\/span><\/strong><\/p>\n<\/td>\n<\/tr>\n<tr style=\"height: 27px;\">\n<td style=\"width: 50px; height: 27px;\"><strong>Org\u00e3o:<\/strong><\/td>\n<td style=\"width: 443px; height: 27px;\"><span style=\"color: #000000;\">Funda\u00e7\u00e3o Municipal de Educa\u00e7\u00e3o de Niter\u00f3i<\/span><\/td>\n<\/tr>\n<tr style=\"height: 169px;\">\n<td style=\"width: 50px; height: 169px;\"><strong>Objeto:<\/strong><\/td>\n<td style=\"width: 643px; height: 169px;\">\n<p style=\"text-align: justify;\"><span style=\"color: #000000;\">O objeto deste preg\u00e3o \u00e9 a aquisi\u00e7\u00e3o de Mobili\u00e1rio para a implanta\u00e7\u00e3o de 34 (trinta e quatro) Bibliotecas Escolares em Unidades de Educa\u00e7\u00e3o de Rede Municipal de Ensino, conforme as especifica\u00e7\u00f5es constantes do ANEXO I \u2013 TERMO DE REFER\u00caNCIA.<\/span><\/p>\n<\/td>\n<\/tr>\n<tr style=\"height: 60px;\">\n<td style=\"height: 60px; text-align: center;\" colspan=\"2\"><span style=\"color: #003366;\"><a style=\"color: #003366;\" href=\"https:\/\/drive.google.com\/file\/d\/1cmHbb4C7FNM3LP0p0O_b66OTMc1EsIJ4\/view?usp=sharing\">Edital<\/a><\/span><\/td>\n<\/tr>\n<tr>\n<td style=\"text-align: center;\" colspan=\"2\"><span style=\"color: #003366;\"><a style=\"color: #003366;\" href=\"https:\/\/www.educacao.niteroi.rj.gov.br\/wp-content\/uploads\/2023\/04\/Homologacao-Publicacao-D.O-18-01-2024.pdf\">Homologa\u00e7\u00e3o &#8211; Publica\u00e7\u00e3o D.O 18-01-2024<\/a><br \/>\n<\/span><\/td>\n<\/tr>\n<tr>\n<td style=\"width: 495px; text-align: center;\" colspan=\"2\"><span style=\"color: #003366;\"><a style=\"color: #003366;\" href=\"https:\/\/www.educacao.niteroi.rj.gov.br\/wp-content\/uploads\/2023\/04\/Extrato-da-Ata-de-SRP-Publicacao-D.O-18-01-2024.pdf\">Extrato da Ata de SRP &#8211; Publica\u00e7\u00e3o D.O 18-01-2024<\/a><\/span><\/td>\n<\/tr>\n<\/tbody>\n<\/table>\n<p>&nbsp;<\/p>\n<table border=\"1\" cellspacing=\"0\" cellpadding=\"0\" align=\"center\">\n<tbody>\n<tr style=\"height: 60px;\">\n<td style=\"width: 495px; height: 60px;\" colspan=\"2\">\n<p style=\"text-align: center;\"><strong><span style=\"color: #000000;\">PREG\u00c3O ELETR\u00d4NICO N\u00b0 10\/2023<\/span><\/strong><\/p>\n<\/td>\n<\/tr>\n<tr style=\"height: 27px;\">\n<td style=\"width: 50px; height: 27px;\"><strong>Org\u00e3o:<\/strong><\/td>\n<td style=\"width: 443px; height: 27px;\"><span style=\"color: #000000;\">Funda\u00e7\u00e3o Municipal de Educa\u00e7\u00e3o de Niter\u00f3i<\/span><\/td>\n<\/tr>\n<tr style=\"height: 169px;\">\n<td style=\"width: 50px; height: 169px;\"><strong>Objeto:<\/strong><\/td>\n<td style=\"width: 643px; height: 169px;\">\n<p style=\"text-align: justify;\"><span style=\"color: #000000;\">O objeto deste preg\u00e3o \u00e9 a aquisi\u00e7\u00e3o de UTENS\u00cdLIOS DE COZINHA: pratos, talheres, panelas, assadeiras e outros, para suprir a necessidade de reposi\u00e7\u00e3o do equipamento nas cozinhas das Unidades Escolares da Rede Municipal de Educa\u00e7\u00e3o, conforme as especifica\u00e7\u00f5es constantes do ANEXO I \u2013 TERMO DE REFER\u00caNCIA.<\/span><\/p>\n<\/td>\n<\/tr>\n<tr style=\"height: 60px;\">\n<td style=\"height: 60px; width: 495px; text-align: center;\" colspan=\"2\"><span style=\"color: #003366;\"><a style=\"color: #003366;\" href=\"https:\/\/drive.google.com\/file\/d\/1AyKVGiLv9oO6xgV9Cu5HeQSGzFYN9rqq\/view?usp=sharing\">Edital<\/a><\/span><\/td>\n<\/tr>\n<tr style=\"height: 60px;\">\n<td style=\"height: 60px; width: 495px; text-align: center;\" colspan=\"2\"><span style=\"color: #003366;\"><a style=\"color: #003366;\" href=\"https:\/\/drive.google.com\/file\/d\/1o0VMEANjmMalLUniTxXsNVD-hm88MDkH\/view?usp=sharing\">Publica\u00e7\u00e3o D.O. &#8211; 10-11-2023 &#8211; Sine Die<\/a><\/span><\/td>\n<\/tr>\n<tr style=\"height: 60px;\">\n<td style=\"height: 60px; width: 495px; text-align: center;\" colspan=\"2\"><span style=\"color: #003366;\"><a style=\"color: #003366;\" href=\"https:\/\/drive.google.com\/file\/d\/1-swXbhaBMBqpfjYplqH_3TLOZurL90e_\/view?usp=sharing\">Publica\u00e7\u00e3o D.O. &#8211; 01-12-2023<\/a><\/span><\/td>\n<\/tr>\n<tr style=\"height: 60px;\">\n<td style=\"height: 60px; width: 495px; text-align: center;\" colspan=\"2\"><span style=\"color: #003366;\"><a style=\"color: #003366;\" href=\"https:\/\/drive.google.com\/file\/d\/15lbxP5FxwwbH6PM-5h4mi7DgHGF8WDmD\/view?usp=sharing\">Novo Edital<\/a><\/span><\/td>\n<\/tr>\n<tr>\n<td style=\"text-align: center; width: 495px;\" colspan=\"2\"><span style=\"color: #003366;\"><a style=\"color: #003366;\" href=\"https:\/\/drive.google.com\/file\/d\/1MatZkcTWtOQvNsOx2rST1PQSpACQdkok\/view?usp=sharing\">HOMOLOGA\u00c7\u00c2O e o EXTRATO DA ATA<\/a><br \/>\n<\/span><\/td>\n<\/tr>\n<\/tbody>\n<\/table>\n<p>&nbsp;<\/p>\n<table border=\"1\" cellspacing=\"0\" cellpadding=\"0\" align=\"center\">\n<tbody>\n<tr style=\"height: 60px;\">\n<td style=\"width: 495px; height: 60px;\" colspan=\"2\">\n<p style=\"text-align: center;\"><strong><span style=\"color: #000000;\">PREG\u00c3O ELETR\u00d4NICO N\u00b0 11\/2023<\/span><\/strong><\/p>\n<\/td>\n<\/tr>\n<tr style=\"height: 27px;\">\n<td style=\"width: 50px; height: 27px;\"><strong>Org\u00e3o:<\/strong><\/td>\n<td style=\"width: 443px; height: 27px;\"><span style=\"color: #000000;\">Funda\u00e7\u00e3o Municipal de Educa\u00e7\u00e3o de Niter\u00f3i<\/span><\/td>\n<\/tr>\n<tr style=\"height: 169px;\">\n<td style=\"width: 50px; height: 169px;\"><strong>Objeto:<\/strong><\/td>\n<td style=\"width: 643px; height: 169px;\">\n<p style=\"text-align: justify;\"><span style=\"color: #000000;\">O objeto deste preg\u00e3o \u00e9 Contrata\u00e7\u00e3o de Empresa especializada na presta\u00e7\u00e3o de servi\u00e7os de LOCA\u00c7\u00c3O DE VE\u00cdCULOS, incluindo combust\u00edvel e motoristas devidamente habilitados, a fim de atender as necessidades da Secret\u00e1ria Municipal de Educa\u00e7\u00e3o e da Funda\u00e7\u00e3o Municipal de Educa\u00e7\u00e3o de Niter\u00f3i, conforme as especifica\u00e7\u00f5es constantes do ANEXO I \u2013 TERMO DE REFER\u00caNCIA.<\/span><\/p>\n<\/td>\n<\/tr>\n<tr style=\"height: 60px;\">\n<td style=\"height: 60px; width: 495px; text-align: center;\" colspan=\"2\"><span style=\"color: #003366;\"><a style=\"color: #003366;\" href=\"https:\/\/drive.google.com\/file\/d\/1l10TtKPoJwNwlxlHf6l-pktczhOOKxCW\/view?usp=sharing\">Aviso &#8211; Publica\u00e7\u00e3o D.O. &#8211; 09-12-2023<\/a><\/span><\/td>\n<\/tr>\n<tr style=\"height: 60px;\">\n<td style=\"height: 60px; text-align: center;\" colspan=\"2\"><span style=\"color: #003366;\"><a style=\"color: #003366;\" href=\"https:\/\/drive.google.com\/file\/d\/12mzJ00_ovsPKU9DohIqsqA9zpnQxUHqh\/view?usp=sharing\">Edital<\/a><\/span><\/td>\n<\/tr>\n<tr>\n<td style=\"width: 495px; text-align: center;\" colspan=\"2\"><span style=\"color: #003366;\"><a style=\"color: #003366;\" href=\"https:\/\/www.educacao.niteroi.rj.gov.br\/wp-content\/uploads\/2023\/04\/Impugnacao-Empresa-LOCALIZA-VEICULOS-ESPECIAIS-LTDA.-Publicacao-D.O-21-12-2023-1.pdf\">Impugna\u00e7\u00e3o Empresa LOCALIZA VE\u00cdCULOS ESPECIAIS LTDA. &#8211; Publica\u00e7\u00e3o D.O 21-12-2023<\/a><br \/>\n<\/span><\/td>\n<\/tr>\n<tr style=\"height: 60px;\">\n<td style=\"height: 60px; width: 495px; text-align: center;\" colspan=\"2\"><span style=\"color: #003366;\"><a style=\"color: #003366;\" href=\"https:\/\/drive.google.com\/file\/d\/1dGYl_U4K1J_Vvd9DYk7OvzQkiXvYrBu1\/view?usp=sharing\">Homologa\u00e7\u00e3o \u2013 Publica\u00e7\u00e3o D.O 29-11-2023<\/a><\/span><\/td>\n<\/tr>\n<\/tbody>\n<\/table>\n<p>&nbsp;<\/p>\n<table border=\"1\" cellspacing=\"0\" cellpadding=\"0\" align=\"center\">\n<tbody>\n<tr style=\"height: 60px;\">\n<td style=\"width: 495px; height: 60px;\" colspan=\"2\">\n<p style=\"text-align: center;\"><strong><span style=\"color: #000000;\">PREG\u00c3O ELETR\u00d4NICO N\u00b0 12\/2023<\/span><\/strong><\/p>\n<\/td>\n<\/tr>\n<tr style=\"height: 27px;\">\n<td style=\"width: 50px; height: 27px;\"><strong>Org\u00e3o:<\/strong><\/td>\n<td style=\"width: 443px; height: 27px;\"><span style=\"color: #000000;\">Funda\u00e7\u00e3o Municipal de Educa\u00e7\u00e3o de Niter\u00f3i<\/span><\/td>\n<\/tr>\n<tr style=\"height: 169px;\">\n<td style=\"width: 50px; height: 169px;\"><strong>Objeto:<\/strong><\/td>\n<td style=\"width: 643px; height: 169px;\">\n<p style=\"text-align: justify;\"><span style=\"color: #000000;\">O objeto deste preg\u00e3o \u00e9 o registro de pre\u00e7os para a Aquisi\u00e7\u00e3o de CONTENTORES DE RES\u00cdDUOS RECICL\u00c1VEIS (240 litros) com a finalidade de atender todas as Unidades de Educa\u00e7\u00e3o P\u00fablica do munic\u00edpio de Niter\u00f3i \u2013 RJ, elaborado pelo Departamento de Alimenta\u00e7\u00e3o Escolar. da Funda\u00e7\u00e3o Municipal de Educa\u00e7\u00e3o de Niter\u00f3i, conforme as especifica\u00e7\u00f5es constantes do ANEXO I \u2013 TERMO DE REFER\u00caNCIA. <\/span><\/p>\n<\/td>\n<\/tr>\n<tr style=\"height: 60px;\">\n<td style=\"width: 495px; height: 60px; text-align: center;\" colspan=\"2\"><span style=\"color: #003366;\"><a style=\"color: #003366;\" href=\"https:\/\/drive.google.com\/file\/d\/1SEKFiQxzY4inEVXpTbUu3v9lOmQAerjB\/view?usp=sharing\">Aviso \u2013 Publica\u00e7\u00e3o D.O \u2013 27-07-2023<\/a><\/span><\/td>\n<\/tr>\n<tr style=\"height: 60px;\">\n<td style=\"height: 60px; width: 495px; text-align: center;\" colspan=\"2\"><span style=\"color: #003366;\"><a style=\"color: #003366;\" href=\"https:\/\/drive.google.com\/file\/d\/12inhQka4HnwJFCyHN3pmDkqZ9JL6O4NI\/view?usp=sharing\">Anexo I<\/a><\/span><\/td>\n<\/tr>\n<tr style=\"height: 60px;\">\n<td style=\"height: 60px; width: 495px; text-align: center;\" colspan=\"2\"><span style=\"color: #003366;\"><a style=\"color: #003366;\" href=\"https:\/\/drive.google.com\/file\/d\/1jnR41v9Rc1FvE9mxDxUjVfu5WjIaZQFa\/view?usp=sharing\">Anexo II<\/a><\/span><\/td>\n<\/tr>\n<tr style=\"height: 60px;\">\n<td style=\"height: 60px; width: 495px; text-align: center;\" colspan=\"2\"><span style=\"color: #003366;\"><a style=\"color: #003366;\" href=\"https:\/\/drive.google.com\/file\/d\/1RLxxBKAVlV3M2Je7-FtacBEtwdgqfTvR\/view?usp=sharing\">Anexo III<\/a><\/span><\/td>\n<\/tr>\n<tr style=\"height: 60px;\">\n<td style=\"height: 60px; width: 495px; text-align: center;\" colspan=\"2\"><span style=\"color: #003366;\"><a style=\"color: #003366;\" href=\"https:\/\/drive.google.com\/file\/d\/1R2Sw04Im6ixyfARSmR8BW8PGUdD97o9V\/view?usp=sharing\">Anexo IV<\/a><\/span><\/td>\n<\/tr>\n<tr style=\"height: 60px;\">\n<td style=\"height: 60px; width: 495px; text-align: center;\" colspan=\"2\"><span style=\"color: #003366;\"><a style=\"color: #003366;\" href=\"https:\/\/drive.google.com\/file\/d\/1geyrKa8SBraqgqsTXXgSWKyiqjLSF8UQ\/view?usp=sharing\">Anexo V<\/a><\/span><\/td>\n<\/tr>\n<tr style=\"height: 60px;\">\n<td style=\"height: 60px; width: 495px; text-align: center;\" colspan=\"2\"><span style=\"color: #003366;\"><a style=\"color: #003366;\" href=\"https:\/\/drive.google.com\/file\/d\/1ELP-1zh2TY3nivtUYPjo0m9vIOPaH8YE\/view?usp=sharing\">Anexo VI<\/a><\/span><\/td>\n<\/tr>\n<tr style=\"height: 60px;\">\n<td style=\"height: 60px; width: 495px; text-align: center;\" colspan=\"2\"><span style=\"color: #003366;\"><a style=\"color: #003366;\" href=\"https:\/\/drive.google.com\/file\/d\/1GlzLnSBUssqtiSuOvuy0s0Urw12RLjuB\/view?usp=sharing\">ATA DA SESS\u00c3O P\u00daBLICA<\/a><\/span><\/td>\n<\/tr>\n<tr style=\"height: 60px;\">\n<td style=\"height: 60px; width: 495px; text-align: center;\" colspan=\"2\"><span style=\"color: #003366;\"><a style=\"color: #003366;\" href=\"https:\/\/drive.google.com\/file\/d\/16ujbHFwKYbC7H7_XwcNguj2dyT2Bn_H5\/view?usp=sharing\">Publica\u00e7\u00e3o D.O 18-08-2023 \u2013 Homologa\u00e7\u00e3o<\/a><\/span><\/td>\n<\/tr>\n<\/tbody>\n<\/table>\n<p>&nbsp;<\/p>\n<table border=\"1\" cellspacing=\"0\" cellpadding=\"0\" align=\"center\">\n<tbody>\n<tr style=\"height: 60px;\">\n<td style=\"width: 495px; height: 60px;\" colspan=\"2\">\n<p style=\"text-align: center;\"><strong><span style=\"color: #000000;\">PREG\u00c3O ELETR\u00d4NICO N\u00b0 13\/2023<\/span><\/strong><\/p>\n<\/td>\n<\/tr>\n<tr style=\"height: 27px;\">\n<td style=\"width: 50px; height: 27px;\"><strong>Org\u00e3o:<\/strong><\/td>\n<td style=\"width: 443px; height: 27px;\"><span style=\"color: #000000;\">Funda\u00e7\u00e3o Municipal de Educa\u00e7\u00e3o de Niter\u00f3i<\/span><\/td>\n<\/tr>\n<tr style=\"height: 169px;\">\n<td style=\"width: 50px; height: 169px;\"><strong>Objeto:<\/strong><\/td>\n<td style=\"width: 643px; height: 169px;\">\n<p style=\"text-align: justify;\"><span style=\"color: #000000;\">O objeto deste preg\u00e3o \u00e9 para a Aquisi\u00e7\u00e3o de Equipamentos de Prote\u00e7\u00e3o Individual para merendeiras, pelo sistema registro de pre\u00e7os, para uso exclusivo nas cozinhas das unidades escolares da Rede Municipal de Educa\u00e7\u00e3o de Niter\u00f3i, atendendo a legisla\u00e7\u00e3o sanit\u00e1ria vigente, conforme as especifica\u00e7\u00f5es constantes do ANEXO I \u2013 TERMO DE REFER\u00caNCIA. <\/span><\/p>\n<\/td>\n<\/tr>\n<tr style=\"height: 60px;\">\n<td style=\"width: 495px; height: 60px; text-align: center;\" colspan=\"2\"><span style=\"color: #003366;\"><a style=\"color: #003366;\" href=\"https:\/\/drive.google.com\/file\/d\/1L4fV4REleQiuLE5Eq1I5UUsVVMXzEg-U\/view?usp=sharing\">Aviso \u2013 Publica\u00e7\u00e3o D.O \u2013 29-07-2023<\/a><\/span><\/td>\n<\/tr>\n<tr style=\"height: 60px;\">\n<td style=\"height: 60px; width: 495px; text-align: center;\" colspan=\"2\"><span style=\"color: #003366;\"><a style=\"color: #003366;\" href=\"https:\/\/drive.google.com\/file\/d\/1Xp3OvZMGKVHT5VpDUSEQ3hXev6t5HNoH\/view?usp=sharing\">Edital<\/a><\/span><\/td>\n<\/tr>\n<tr style=\"height: 60px;\">\n<td style=\"height: 60px; width: 495px; text-align: center;\" colspan=\"2\"><span style=\"color: #003366;\"><a style=\"color: #003366;\" href=\"https:\/\/drive.google.com\/file\/d\/1UymHWwZ_BPw2HRp7Da1kRVaobG9zJx3G\/view?usp=sharing\">Anexo I<\/a><\/span><\/td>\n<\/tr>\n<tr style=\"height: 60px;\">\n<td style=\"height: 60px; width: 495px; text-align: center;\" colspan=\"2\"><span style=\"color: #003366;\"><a style=\"color: #003366;\" href=\"https:\/\/drive.google.com\/file\/d\/18HA4zOVGoJAG-Zku9OlpSC2PVv_hOm0j\/view?usp=sharing\">Anexo II<\/a><\/span><\/td>\n<\/tr>\n<tr style=\"height: 60px;\">\n<td style=\"height: 60px; width: 495px; text-align: center;\" colspan=\"2\"><span style=\"color: #003366;\"><a style=\"color: #003366;\" href=\"https:\/\/drive.google.com\/file\/d\/16XzTCuyj8yBbibTsibRZyC-RYC_bri5z\/view?usp=sharing\">Anexo III<\/a><\/span><\/td>\n<\/tr>\n<tr style=\"height: 60px;\">\n<td style=\"height: 60px; width: 495px; text-align: center;\" colspan=\"2\"><span style=\"color: #003366;\"><a style=\"color: #003366;\" href=\"https:\/\/drive.google.com\/file\/d\/1vDNMgAKc1noznnYrE_a7dyDiRuKJutDo\/view?usp=sharing\">Anexo IV<\/a><\/span><\/td>\n<\/tr>\n<tr style=\"height: 60px;\">\n<td style=\"height: 60px; width: 495px; text-align: center;\" colspan=\"2\"><span style=\"color: #003366;\"><a style=\"color: #003366;\" href=\"https:\/\/drive.google.com\/file\/d\/1n-fyBO69q7DAk1hya69_MmDVlKBEgiOf\/view?usp=sharing\">Anexo V<\/a><\/span><\/td>\n<\/tr>\n<tr style=\"height: 60px;\">\n<td style=\"height: 60px; width: 495px; text-align: center;\" colspan=\"2\"><span style=\"color: #003366;\"><a style=\"color: #003366;\" href=\"https:\/\/drive.google.com\/file\/d\/1NtrF0Ck0w3cT_dmPwytWNe4MvlwY39iA\/view?usp=sharing\">Anexo VI<\/a><\/span><\/td>\n<\/tr>\n<tr style=\"height: 60px;\">\n<td style=\"height: 60px; width: 495px; text-align: center;\" colspan=\"2\"><span style=\"color: #003366;\"><a style=\"color: #003366;\" href=\"https:\/\/drive.google.com\/file\/d\/1yvZWAoR3NwkGTq5WRYBNZdgcJg-Y5kci\/view?usp=sharing\">Publica\u00e7\u00e3o D.O 06-09-2023 \u2013 Homologa\u00e7\u00e3o<\/a><\/span><\/td>\n<\/tr>\n<tr style=\"height: 60px;\">\n<td style=\"height: 60px; width: 495px; text-align: center;\" colspan=\"2\"><span style=\"color: #003366;\"><a style=\"color: #003366;\" href=\"https:\/\/drive.google.com\/file\/d\/1h2-Fy93zNlEHIFW21opdIgKgKoEgjOBu\/view?usp=sharing\">ATA DA SESS\u00c3O P\u00daBLICA<\/a><\/span><\/td>\n<\/tr>\n<\/tbody>\n<\/table>\n<p>&nbsp;<\/p>\n<table border=\"1\" cellspacing=\"0\" cellpadding=\"0\" align=\"center\">\n<tbody>\n<tr style=\"height: 60px;\">\n<td style=\"width: 495px; height: 60px;\" colspan=\"2\">\n<p style=\"text-align: center;\"><strong><span style=\"color: #000000;\">PREG\u00c3O ELETR\u00d4NICO N\u00b0 14\/2023<\/span><\/strong><\/p>\n<\/td>\n<\/tr>\n<tr style=\"height: 27px;\">\n<td style=\"width: 50px; height: 27px;\"><strong>Org\u00e3o:<\/strong><\/td>\n<td style=\"width: 443px; height: 27px;\"><span style=\"color: #000000;\">Funda\u00e7\u00e3o Municipal de Educa\u00e7\u00e3o de Niter\u00f3i<\/span><\/td>\n<\/tr>\n<tr style=\"height: 169px;\">\n<td style=\"width: 50px; height: 169px;\"><strong>Objeto:<\/strong><\/td>\n<td style=\"width: 643px; height: 169px;\">\n<p style=\"text-align: justify;\"><span style=\"color: #000000;\">O objeto deste preg\u00e3o \u00e9 a Aquisi\u00e7\u00e3o de 98 M\u00c1QUINAS DE LAVAR LOU\u00c7A INDUSTRIAL, para atender ao projeto de moderniza\u00e7\u00e3o das cozinhas, nas unidades escolares da rede municipal de Niter\u00f3i, PROcozinha, conforme as especifica\u00e7\u00f5es constantes do ANEXO I \u2013 TERMO DE REFER\u00caNCIA.<\/span><\/p>\n<\/td>\n<\/tr>\n<tr style=\"height: 60px;\">\n<td style=\"width: 495px; height: 60px; text-align: center;\" colspan=\"2\"><span style=\"color: #003366;\"><a style=\"color: #003366;\" href=\"https:\/\/drive.google.com\/file\/d\/1lwv0sVh_l3OjpjLe2Dg343LbB-N8Ywk3\/view?usp=sharing\">Aviso \u2013 Publica\u00e7\u00e3o D.O \u2013 01-12-2023<\/a><\/span><\/td>\n<\/tr>\n<tr style=\"height: 60px;\">\n<td style=\"height: 60px; text-align: center;\" colspan=\"2\"><span style=\"color: #003366;\"><a style=\"color: #003366;\" href=\"https:\/\/drive.google.com\/file\/d\/1yuntJrooGqrPC1F-7vsvtQ5RyjXf5NFJ\/view?usp=sharing\">Edital<\/a><\/span><\/td>\n<\/tr>\n<tr>\n<td style=\"width: 495px; text-align: center;\" colspan=\"2\"><span style=\"color: #003366;\"> <a style=\"color: #003366;\" href=\"https:\/\/www.educacao.niteroi.rj.gov.br\/wp-content\/uploads\/2023\/04\/Homologacao-Publicacao-D.O-04-01-2024.pdf\">Homologa\u00e7\u00e3o &#8211; Publica\u00e7\u00e3o D.O 04-01-2024<\/a><\/span><\/td>\n<\/tr>\n<\/tbody>\n<\/table>\n<p>&nbsp;<\/p>\n<table border=\"1\" cellspacing=\"0\" cellpadding=\"0\" align=\"center\">\n<tbody>\n<tr style=\"height: 60px;\">\n<td style=\"width: 495px; height: 60px;\" colspan=\"2\">\n<p style=\"text-align: center;\"><strong><span style=\"color: #000000;\">PREG\u00c3O ELETR\u00d4NICO N\u00b0 15\/2023<\/span><\/strong><\/p>\n<\/td>\n<\/tr>\n<tr style=\"height: 27px;\">\n<td style=\"width: 50px; height: 27px;\"><strong>Org\u00e3o:<\/strong><\/td>\n<td style=\"width: 443px; height: 27px;\"><span style=\"color: #000000;\">Funda\u00e7\u00e3o Municipal de Educa\u00e7\u00e3o de Niter\u00f3i<\/span><\/td>\n<\/tr>\n<tr style=\"height: 169px;\">\n<td style=\"width: 50px; height: 169px;\"><strong>Objeto:<\/strong><\/td>\n<td style=\"width: 643px; height: 169px;\">\n<p style=\"text-align: justify;\"><span style=\"color: #000000;\">O objeto deste preg\u00e3o \u00e9 o registro de pre\u00e7os para a Aquisi\u00e7\u00e3o de pneus tamanhos: aro 15, aro 17,5, aro 20, aro 22,5 e rodas de aro 15 para reposi\u00e7\u00e3o nos 2 carros de passeio, micro \u00f4nibus, \u00f4nibus e nos caminh\u00f5es de propriedade da Funda\u00e7\u00e3o Municipal de Educa\u00e7\u00e3o de Niter\u00f3i., conforme as especifica\u00e7\u00f5es constantes do ANEXO I \u2013 TERMO DE REFER\u00caNCIA.<\/span><\/p>\n<\/td>\n<\/tr>\n<tr style=\"height: 60px;\">\n<td style=\"width: 495px; height: 60px; text-align: center;\" colspan=\"2\"><span style=\"color: #003366;\"><a style=\"color: #003366;\" href=\"https:\/\/drive.google.com\/file\/d\/1IvQLhCREx4TVhFONlLn3YJXfu_28hG7n\/view?usp=sharing\">Aviso \u2013 Publica\u00e7\u00e3o D.O \u2013 19-09-2023<\/a><\/span><\/td>\n<\/tr>\n<tr style=\"height: 60px;\">\n<td style=\"height: 60px; width: 495px; text-align: center;\" colspan=\"2\"><span style=\"color: #003366;\"><a style=\"color: #003366;\" href=\"https:\/\/drive.google.com\/file\/d\/1jOQAq3HFs9yf8hiOo0nlUCt1sd0oRVdK\/view?usp=sharing\">Edital<\/a><\/span><\/td>\n<\/tr>\n<tr style=\"height: 60px;\">\n<td style=\"height: 60px; width: 495px; text-align: center;\" colspan=\"2\"><span style=\"color: #003366;\"><a style=\"color: #003366;\" href=\"https:\/\/drive.google.com\/file\/d\/1UMbPeftaivz32Dh_yfw29SZdO777eLwv\/view?usp=sharing\">Anexos<\/a><\/span><\/td>\n<\/tr>\n<tr style=\"height: 60px;\">\n<td style=\"height: 60px; width: 495px; text-align: center;\" colspan=\"2\"><span style=\"color: #003366;\"><a style=\"color: #003366;\" href=\"https:\/\/drive.google.com\/file\/d\/1O00SGDLSeHpnj_st4X4jSPbl7uE-tTbY\/view?usp=sharing\">Homologa\u00e7\u00e3o \u2013 Publica\u00e7\u00e3o D.O 07-10-2023<\/a><\/span><\/td>\n<\/tr>\n<tr style=\"height: 60px;\">\n<td style=\"height: 60px; width: 495px; text-align: center;\" colspan=\"2\"><span style=\"color: #003366;\"><a style=\"color: #003366;\" href=\"https:\/\/drive.google.com\/file\/d\/1O00SGDLSeHpnj_st4X4jSPbl7uE-tTbY\/view?usp=sharing\">Extrato da Ata de SRP \u2013 Publica\u00e7\u00e3o D.O 07-10-2023<\/a><\/span><\/td>\n<\/tr>\n<\/tbody>\n<\/table>\n<p>&nbsp;<\/p>\n<table border=\"1\" cellspacing=\"0\" cellpadding=\"0\" align=\"center\">\n<tbody>\n<tr style=\"height: 60px;\">\n<td style=\"width: 495px; height: 60px;\" colspan=\"2\">\n<p style=\"text-align: center;\"><strong><span style=\"color: #000000;\">PREG\u00c3O ELETR\u00d4NICO N\u00b0 16\/2023<\/span><\/strong><\/p>\n<\/td>\n<\/tr>\n<tr style=\"height: 27px;\">\n<td style=\"width: 50px; height: 27px;\"><strong>Org\u00e3o:<\/strong><\/td>\n<td style=\"width: 443px; height: 27px;\"><span style=\"color: #000000;\">Funda\u00e7\u00e3o Municipal de Educa\u00e7\u00e3o de Niter\u00f3i<\/span><\/td>\n<\/tr>\n<tr style=\"height: 169px;\">\n<td style=\"width: 50px; height: 169px;\"><strong>Objeto:<\/strong><\/td>\n<td style=\"width: 643px; height: 169px;\">\n<p style=\"text-align: justify;\"><span style=\"color: #000000;\">O objeto deste preg\u00e3o \u00e9 a Contrata\u00e7\u00e3o de empresa especializada para presta\u00e7\u00e3o de servi\u00e7os de Dedetiza\u00e7\u00e3o (contra baratas, formigas, lacraias, e outros insetos), Desratiza\u00e7\u00e3o, Descupiniza\u00e7\u00e3o, e contra pulgas (de pombos, gatos, cachorros, etc&#8230;,), para manter a higiene sanit\u00e1ria em todas as Unidades Escolares (EMs, UMEIs e NAEIs), Pr\u00e9dio SEDE e Anexos da FME e Bibliotecas Populares Municipais (BPMs) pertencentes \u00e0 Funda\u00e7\u00e3o Municipal de Educa\u00e7\u00e3o \u2013 FME, conforme as especifica\u00e7\u00f5es constantes do ANEXO I \u2013 TERMO DE REFER\u00caNCIA.<\/span><\/p>\n<\/td>\n<\/tr>\n<tr style=\"height: 60px;\">\n<td style=\"width: 495px; height: 60px; text-align: center;\" colspan=\"2\"><span style=\"color: #003366;\"><a style=\"color: #003366;\" href=\"https:\/\/drive.google.com\/file\/d\/111AN37b06RVHr0FsG2XuvkF_c86F1m7D\/view?usp=sharing\">Aviso de Preg\u00e3o \u2013 Publica\u00e7\u00e3o D.O \u2013 23-11-2023<\/a><\/span><\/td>\n<\/tr>\n<tr style=\"height: 60px;\">\n<td style=\"height: 60px; width: 495px; text-align: center;\" colspan=\"2\"><span style=\"color: #003366;\"><a style=\"color: #003366;\" href=\"https:\/\/drive.google.com\/file\/d\/1QzQFWw6-njK41S8K4SKzyyiRnNRGnDsd\/view?usp=sharing\">Edital<\/a><\/span><\/td>\n<\/tr>\n<tr style=\"height: 60px;\">\n<td style=\"height: 60px; width: 495px; text-align: center;\" colspan=\"2\"><span style=\"color: #003366;\"><a style=\"color: #003366;\" href=\"https:\/\/drive.google.com\/file\/d\/1nhbuTobimkbPE_Nc5duE-ci487VupqM6\/view?usp=sharing\">Homologa\u00e7\u00e3o \u2013 Publica\u00e7\u00e3o D.O 15-12-2023<\/a><\/span><\/td>\n<\/tr>\n<tr style=\"height: 60px;\">\n<td style=\"height: 60px; width: 495px; text-align: center;\" colspan=\"2\"><span style=\"color: #003366;\"><a href=\"https:\/\/drive.google.com\/file\/d\/1nhbuTobimkbPE_Nc5duE-ci487VupqM6\/view?usp=sharing\"><span style=\"color: #003366;\">Extrato da Ata de SRP &#8211; Publica\u00e7\u00e3o D.O 15-12-2023<\/span><\/a><br \/>\n<\/span><\/td>\n<\/tr>\n<\/tbody>\n<\/table>\n<p>&nbsp;<\/p>\n<table border=\"1\" cellspacing=\"0\" cellpadding=\"0\" align=\"center\">\n<tbody>\n<tr style=\"height: 60px;\">\n<td style=\"width: 495px; height: 60px;\" colspan=\"2\">\n<p style=\"text-align: center;\"><strong><span style=\"color: #000000;\">PREG\u00c3O ELETR\u00d4NICO N\u00b0 17\/2023<\/span><\/strong><\/p>\n<\/td>\n<\/tr>\n<tr style=\"height: 27px;\">\n<td style=\"width: 50px; height: 27px;\"><strong>Org\u00e3o:<\/strong><\/td>\n<td style=\"width: 443px; height: 27px;\"><span style=\"color: #000000;\">Funda\u00e7\u00e3o Municipal de Educa\u00e7\u00e3o de Niter\u00f3i<\/span><\/td>\n<\/tr>\n<tr style=\"height: 169px;\">\n<td style=\"width: 50px; height: 169px;\"><strong>Objeto:<\/strong><\/td>\n<td style=\"width: 643px; height: 169px;\">\n<p style=\"text-align: justify;\"><span style=\"color: #000000;\">O objeto deste preg\u00e3o \u00e9 a aquisi\u00e7\u00e3o de KITS DE MATERIAL PEDAG\u00d3GICO \u2013 MOCHILAS, ESTOJOS E GARRAFAS, visando atender as Unidades de Educa\u00e7\u00e3o P\u00fablica do Munic\u00edpio de Niter\u00f3i \u2013 FME, conforme as especifica\u00e7\u00f5es constantes do ANEXO I \u2013 TERMO DE REFER\u00caNCIA.<\/span><\/p>\n<\/td>\n<\/tr>\n<tr style=\"height: 60px;\">\n<td style=\"width: 495px; height: 60px; text-align: center;\" colspan=\"2\"><span style=\"color: #003366;\"><a style=\"color: #003366;\" href=\"https:\/\/drive.google.com\/file\/d\/111AN37b06RVHr0FsG2XuvkF_c86F1m7D\/view?usp=sharing\">Aviso \u2013 Publica\u00e7\u00e3o D.O 23-11-2023<\/a><\/span><\/td>\n<\/tr>\n<tr style=\"height: 60px;\">\n<td style=\"height: 60px; text-align: center;\" colspan=\"2\"><span style=\"color: #003366;\"><a style=\"color: #003366;\" href=\"https:\/\/drive.google.com\/file\/d\/1gDmpb4WqvDjKzkML3xLcopjh0_T9AzM0\/view?usp=sharing\">Edital<\/a><\/span><\/td>\n<\/tr>\n<tr>\n<td style=\"text-align: center;\" colspan=\"2\"><span style=\"color: #003366;\"><a style=\"color: #003366;\" href=\"https:\/\/www.educacao.niteroi.rj.gov.br\/wp-content\/uploads\/2023\/04\/Homologacao-Publicacao-D.O-11-01-2024.pdf\">Homologa\u00e7\u00e3o &#8211; Publica\u00e7\u00e3o D.O 11-01-2024<\/a><br \/>\n<\/span><\/td>\n<\/tr>\n<tr>\n<td style=\"width: 495px; text-align: center;\" colspan=\"2\"><a href=\"https:\/\/www.educacao.niteroi.rj.gov.br\/wp-content\/uploads\/2023\/04\/Extrato-da-Ata-de-SRP-Publicacao-D.O-11-01-2024.pdf\"><span style=\"color: #003366;\">Extrato da Ata de SRP &#8211; Publica\u00e7\u00e3o D.O 11-01-2024<\/span><\/a><span style=\"color: #003366;\"><br \/>\n<\/span><\/td>\n<\/tr>\n<\/tbody>\n<\/table>\n<p>&nbsp;<\/p>\n<table border=\"1\" cellspacing=\"0\" cellpadding=\"0\" align=\"center\">\n<tbody>\n<tr style=\"height: 60px;\">\n<td style=\"width: 495px; height: 60px;\" colspan=\"2\">\n<p style=\"text-align: center;\"><strong><span style=\"color: #000000;\">PREG\u00c3O ELETR\u00d4NICO N\u00b0 18\/2023<\/span><\/strong><\/p>\n<\/td>\n<\/tr>\n<tr style=\"height: 27px;\">\n<td style=\"width: 50px; height: 27px;\"><strong>Org\u00e3o:<\/strong><\/td>\n<td style=\"width: 443px; height: 27px;\"><span style=\"color: #000000;\">Funda\u00e7\u00e3o Municipal de Educa\u00e7\u00e3o de Niter\u00f3i<\/span><\/td>\n<\/tr>\n<tr style=\"height: 169px;\">\n<td style=\"width: 50px; height: 169px;\"><strong>Objeto:<\/strong><\/td>\n<td style=\"width: 643px; height: 169px;\">\n<p style=\"text-align: justify;\"><span style=\"color: #000000;\">OO objeto deste preg\u00e3o \u00e9 o registro de pre\u00e7os para a Aquisi\u00e7\u00e3o de LIVROS<br \/>\nLITER\u00c1RIOS E ACAD\u00caMICOS para amplia\u00e7\u00e3o do acervo das bibliotecas escolares da Rede Municipal de Educa\u00e7\u00e3o do munic\u00edpio de Niter\u00f3i \u2013 RJ, elaborado pela Subsecretaria de Pol\u00edticas Educacionais Transversais da Secretaria Municipal de Educa\u00e7\u00e3o de Niter\u00f3i, conforme as especifica\u00e7\u00f5es constantes do ANEXO I \u2013 TERMO DE REFER\u00caNCIA.<\/span><\/p>\n<\/td>\n<\/tr>\n<tr style=\"height: 60px;\">\n<td style=\"width: 495px; height: 60px; text-align: center;\" colspan=\"2\"><span style=\"color: #003366;\"><a style=\"color: #003366;\" href=\"https:\/\/drive.google.com\/file\/d\/1Qs5c6zle1Ig0mMy3Xkw7bUABpSz7diZC\/view?usp=sharing\">Aviso \u2013 Publica\u00e7\u00e3o D.O \u2013 06-12-2023<\/a><\/span><\/td>\n<\/tr>\n<tr style=\"height: 60px;\">\n<td style=\"height: 60px; text-align: center;\" colspan=\"2\"><span style=\"color: #003366;\"><a style=\"color: #003366;\" href=\"https:\/\/drive.google.com\/file\/d\/1RXuQLBAlYhBP_jw4Nhl8VeiGz_rGg-zU\/view?usp=sharing\">Edital<\/a><\/span><\/td>\n<\/tr>\n<tr>\n<td style=\"text-align: center;\" colspan=\"2\"><span style=\"color: #003366;\"><a style=\"color: #003366;\" href=\"https:\/\/www.educacao.niteroi.rj.gov.br\/wp-content\/uploads\/2023\/04\/Homologacao-Publicacao-D.O-24-01-2024.pdf\">Homologa\u00e7\u00e3o &#8211; Publica\u00e7\u00e3o D.O 24-01-2024<\/a><\/span><\/td>\n<\/tr>\n<tr>\n<td style=\"width: 495px; text-align: center;\" colspan=\"2\"><span style=\"color: #003366;\"><a style=\"color: #003366;\" href=\"https:\/\/www.educacao.niteroi.rj.gov.br\/wp-content\/uploads\/2023\/04\/Extrato-da-Ata-de-SRP-Publicacao-D.O-24-01-2024.pdf\">Extrato da Ata de SRP &#8211; Publica\u00e7\u00e3o D.O 24-01-2024<\/a><\/span><\/td>\n<\/tr>\n<\/tbody>\n<\/table>\n<p>&nbsp;<\/p>\n<table border=\"1\" cellspacing=\"0\" cellpadding=\"0\" align=\"center\">\n<tbody>\n<tr style=\"height: 60px;\">\n<td style=\"width: 495px; height: 60px;\" colspan=\"2\">\n<p style=\"text-align: center;\"><strong><span style=\"color: #000000;\">PREG\u00c3O ELETR\u00d4NICO N\u00b0 20\/2023<\/span><\/strong><\/p>\n<\/td>\n<\/tr>\n<tr style=\"height: 27px;\">\n<td style=\"width: 50px; height: 27px;\"><strong>Org\u00e3o:<\/strong><\/td>\n<td style=\"width: 443px; height: 27px;\"><span style=\"color: #000000;\">Funda\u00e7\u00e3o Municipal de Educa\u00e7\u00e3o de Niter\u00f3i<\/span><\/td>\n<\/tr>\n<tr style=\"height: 169px;\">\n<td style=\"width: 50px; height: 169px;\"><strong>Objeto:<\/strong><\/td>\n<td style=\"width: 643px; height: 169px;\">\n<p style=\"text-align: justify;\"><span style=\"color: #000000;\">O objeto deste preg\u00e3o \u00e9 a Aquisi\u00e7\u00e3o de Forno el\u00e9trico, Batedeira industrial, Triturador de alimentos para pia, Torneira t\u00e9rmica, Carrinho de transporte de alimentos, Lixeira de pedal 100L, Liquidificador Dom\u00e9stico, Espremedor de frutas, para atender ao projeto de moderniza\u00e7\u00e3o das cozinhas, nas unidades escolares da rede municipal de Niter\u00f3i, PROCOZINHA, conforme as especifica\u00e7\u00f5es constantes do ANEXO I \u2013 TERMO DE REFER\u00caNCIA. <\/span><\/p>\n<\/td>\n<\/tr>\n<tr style=\"height: 60px;\">\n<td style=\"width: 495px; height: 60px; text-align: center;\" colspan=\"2\"><span style=\"color: #003366;\"><a style=\"color: #003366;\" href=\"https:\/\/drive.google.com\/file\/d\/1CziQwvBd0-rp25TGO7acmo1F0vo8l6gU\/view?usp=sharing\">Aviso \u2013 Publica\u00e7\u00e3o D.O \u2013 01-12-2023<\/a><\/span><\/td>\n<\/tr>\n<tr style=\"height: 60px;\">\n<td style=\"height: 60px; width: 495px; text-align: center;\" colspan=\"2\"><span style=\"color: #003366;\"><a style=\"color: #003366;\" href=\"https:\/\/drive.google.com\/file\/d\/1l9zlRkmHs-9tdDEsPPp2cw-z79F6BqGf\/view?usp=sharing\">Edital<\/a><\/span><\/td>\n<\/tr>\n<tr style=\"height: 60px;\">\n<td style=\"height: 60px; width: 495px; text-align: center;\" colspan=\"2\"><span style=\"color: #003366;\"><a style=\"color: #003366;\" href=\"https:\/\/drive.google.com\/file\/d\/1-SIAD9JyWkkIkS9bhKaVyNNEfD3j_VbV\/view?usp=sharing\">CORRIGENDA<\/a><\/span><\/td>\n<\/tr>\n<tr>\n<td style=\"text-align: center; width: 495px;\" colspan=\"2\"><span style=\"color: #003366;\"><a style=\"color: #003366;\" href=\"https:\/\/drive.google.com\/file\/d\/1Gy-3Ex4af9qwxLlUEKfXlsKl1kLZYya3\/view?usp=sharing\">HOMOLOGA\u00c7\u00c2O e o EXTRATO DA ATA<\/a><br \/>\n<\/span><\/td>\n<\/tr>\n<\/tbody>\n<\/table>\n<p>&nbsp;<\/p>\n<table border=\"1\" cellspacing=\"0\" cellpadding=\"0\" align=\"center\">\n<tbody>\n<tr style=\"height: 60px;\">\n<td style=\"width: 495px; height: 60px;\" colspan=\"2\">\n<p style=\"text-align: center;\"><strong><span style=\"color: #000000;\">PREG\u00c3O ELETR\u00d4NICO N\u00b0 22\/2023<\/span><\/strong><\/p>\n<\/td>\n<\/tr>\n<tr style=\"height: 27px;\">\n<td style=\"width: 50px; height: 27px;\"><strong>Org\u00e3o:<\/strong><\/td>\n<td style=\"width: 443px; height: 27px;\"><span style=\"color: #000000;\">Funda\u00e7\u00e3o Municipal de Educa\u00e7\u00e3o de Niter\u00f3i<\/span><\/td>\n<\/tr>\n<tr style=\"height: 169px;\">\n<td style=\"width: 50px; height: 169px;\"><strong>Objeto:<\/strong><\/td>\n<td style=\"width: 643px; height: 169px;\">\n<p style=\"text-align: justify;\"><span style=\"color: #000000;\">O objeto deste preg\u00e3o \u00e9 Contrata\u00e7\u00e3o de Empresa especializada em confec\u00e7\u00e3o e fornecimento de UNIFORMES ESCOLARES E CAL\u00c7ADOS para estudantes da Rede Municipal de Educa\u00e7\u00e3o de Niter\u00f3i para o ano letivo de 2024, conforme as especifica\u00e7\u00f5es constantes do ANEXO I \u2013 TERMO DE REFER\u00caNCIA.<\/span><\/p>\n<\/td>\n<\/tr>\n<tr style=\"height: 60px;\">\n<td style=\"width: 495px; height: 60px; text-align: center;\" colspan=\"2\"><span style=\"color: #003366;\"><a style=\"color: #003366;\" href=\"https:\/\/drive.google.com\/file\/d\/1jBeL58cHQ4njoYoVHHYEEqYUwaKbCSFf\/view?usp=sharing\">Aviso \u2013 Publica\u00e7\u00e3o D.O \u2013 09-12-2023<\/a><\/span><\/td>\n<\/tr>\n<tr style=\"height: 60px;\">\n<td style=\"height: 60px; text-align: center;\" colspan=\"2\"><span style=\"color: #003366;\"><a style=\"color: #003366;\" href=\"https:\/\/drive.google.com\/file\/d\/1R2rbmfKVkaQgvldI8hEdA4-t0D4IH68O\/view?usp=sharing\">Edital<\/a><\/span><\/td>\n<\/tr>\n<tr>\n<td style=\"text-align: center;\" colspan=\"2\"><a href=\"https:\/\/www.educacao.niteroi.rj.gov.br\/wp-content\/uploads\/2023\/04\/Impugnacao-da-Empresa-RG-SHOES-INDUSTRIA-E-COMERCIO-Publicacao-D.O-19-01-2024.pdf\">I<span style=\"color: #003366;\">mpugna\u00e7\u00e3o da Empresa RG SHOES INDUSTRIA E COMERCIO &#8211; Publica\u00e7\u00e3o D.O 19-01-2024<\/span><\/a><span style=\"color: #003366;\"><br \/>\n<\/span><\/td>\n<\/tr>\n<tr>\n<td style=\"text-align: center;\" colspan=\"2\"><span style=\"color: #003366;\"><a style=\"color: #003366;\" href=\"https:\/\/www.educacao.niteroi.rj.gov.br\/wp-content\/uploads\/2023\/04\/Homologacao-Publicacao-D.O-20-01-2024.pdf\">Homologa\u00e7\u00e3o &#8211; Publica\u00e7\u00e3o D.O 20-01-2024<\/a><\/span><\/td>\n<\/tr>\n<tr>\n<td style=\"width: 495px; text-align: center;\" colspan=\"2\"><span style=\"color: #003366;\"><a style=\"color: #003366;\" href=\"https:\/\/www.educacao.niteroi.rj.gov.br\/wp-content\/uploads\/2023\/04\/Extrato-da-Ata-de-SRP-Publicacao-D.O-20-01-2024.pdf\">Extrato da Ata de SRP &#8211; Publica\u00e7\u00e3o D.O 20-01-2024<\/a><\/span><\/td>\n<\/tr>\n<tr>\n<td style=\"width: 495px; text-align: center;\" colspan=\"2\"><span style=\"color: #003366;\"><a style=\"color: #003366;\" href=\"https:\/\/drive.google.com\/file\/d\/1LmEkfClQQrf1vcWkAASON0JHb1NhKmAi\/view?usp=sharing\">Suspens\u00e3o &#8211; Publica\u00e7\u00e3o D.O 22-02-2024<\/a><\/span><\/td>\n<\/tr>\n<tr>\n<td style=\"width: 495px; text-align: center;\" colspan=\"2\"><span style=\"color: #003366;\"><a style=\"color: #003366;\" href=\"https:\/\/drive.google.com\/file\/d\/1HJGOrcT2ftZJK3FuglZXhoshmsZeiYtc\/view?usp=sharing\">Retomada Lote 1- Publica\u00e7\u00e3o D.O 01-03-2024<\/a><\/span><\/td>\n<\/tr>\n<tr>\n<td style=\"width: 495px; text-align: center;\" colspan=\"2\"><span style=\"color: #003366;\"><a style=\"color: #003366;\" href=\"https:\/\/drive.google.com\/file\/d\/1FTjgmKXDUW2uNQc6PqxoALEnnt97-5Yj\/view?usp=sharing\">Homolog\u00e7\u00e3o &#8211; Publica\u00e7\u00e3o D.O 24-07-2024<\/a><\/span><\/td>\n<\/tr>\n<\/tbody>\n<\/table>\n<p>&nbsp;<\/p>\n<table border=\"1\" cellspacing=\"0\" cellpadding=\"0\" align=\"center\">\n<tbody>\n<tr style=\"height: 60px;\">\n<td style=\"width: 495px; height: 60px;\" colspan=\"2\">\n<p style=\"text-align: center;\"><strong><span style=\"color: #000000;\">PREG\u00c3O ELETR\u00d4NICO N\u00b0 23\/2023<\/span><\/strong><\/p>\n<\/td>\n<\/tr>\n<tr style=\"height: 27px;\">\n<td style=\"width: 50px; height: 27px;\"><strong>Org\u00e3o:<\/strong><\/td>\n<td style=\"width: 443px; height: 27px;\"><span style=\"color: #000000;\">Funda\u00e7\u00e3o Municipal de Educa\u00e7\u00e3o de Niter\u00f3i<\/span><\/td>\n<\/tr>\n<tr style=\"height: 169px;\">\n<td style=\"width: 50px; height: 169px;\"><strong>Objeto:<\/strong><\/td>\n<td style=\"width: 643px; height: 169px;\">\n<p style=\"text-align: justify;\"><span style=\"color: #000000;\">O objeto deste preg\u00e3o \u00e9 o registro de pre\u00e7os para a Aquisi\u00e7\u00e3o de MATERIAL ESPORTIVO E UNIFORMES para envolvimento dos estudantes do Ensino Fundamental II nas modalidades regular e EJA das Unidades de Educa\u00e7\u00e3o P\u00fablica do Munic\u00edpio de Niter\u00f3i no Programa de Inicia\u00e7\u00e3o Esportiva, conforme as especifica\u00e7\u00f5es constantes do ANEXO I \u2013 TERMO DE REFER\u00caNCIA.<\/span><\/p>\n<\/td>\n<\/tr>\n<tr style=\"height: 60px;\">\n<td style=\"height: 60px; width: 495px; text-align: center;\" colspan=\"2\"><span style=\"color: #003366;\"><a style=\"color: #003366;\" href=\"https:\/\/drive.google.com\/file\/d\/1ULYWbxnKeH3jJDBa_Eq58x7Z2rBAnIWN\/view?usp=sharing\">Aviso &#8211; Publica\u00e7\u00e3o D.O. &#8211; 22-11-2023<\/a><\/span><\/td>\n<\/tr>\n<tr style=\"height: 60px;\">\n<td style=\"height: 60px; width: 495px; text-align: center;\" colspan=\"2\"><span style=\"color: #003366;\"><a style=\"color: #003366;\" href=\"https:\/\/drive.google.com\/file\/d\/1BIPZp8vR1A8vleyHmGnb97pVPdcWMPVG\/view?usp=sharing\">Edital<\/a><\/span><\/td>\n<\/tr>\n<tr style=\"height: 60px;\">\n<td style=\"height: 60px; width: 495px; text-align: center;\" colspan=\"2\"><span style=\"color: #003366;\"><a style=\"color: #003366;\" href=\"https:\/\/drive.google.com\/file\/d\/1Sl5hhtdm2qJJqxBvw2eAYig1JWcT7gAb\/view?usp=sharing\">Homologa\u00e7\u00e3o \u2013 Publica\u00e7\u00e3o D.O 23-01-2024<\/a><\/span><\/td>\n<\/tr>\n<\/tbody>\n<\/table>\n<p>&nbsp;<\/p>\n<table border=\"1\" cellspacing=\"0\" cellpadding=\"0\" align=\"center\">\n<tbody>\n<tr style=\"height: 60px;\">\n<td style=\"width: 495px; height: 60px;\" colspan=\"2\">\n<p style=\"text-align: center;\"><strong><span style=\"color: #000000;\">PREG\u00c3O ELETR\u00d4NICO N\u00b0 24\/2023<\/span><\/strong><\/p>\n<\/td>\n<\/tr>\n<tr style=\"height: 27px;\">\n<td style=\"width: 50px; height: 27px;\"><strong>Org\u00e3o:<\/strong><\/td>\n<td style=\"width: 443px; height: 27px;\"><span style=\"color: #000000;\">Funda\u00e7\u00e3o Municipal de Educa\u00e7\u00e3o de Niter\u00f3i<\/span><\/td>\n<\/tr>\n<tr style=\"height: 169px;\">\n<td style=\"width: 50px; height: 169px;\"><strong>Objeto:<\/strong><\/td>\n<td style=\"width: 643px; height: 169px;\">\n<p style=\"text-align: justify;\"><span style=\"color: #000000;\">O objeto deste preg\u00e3o \u00e9 o registro de pre\u00e7os para a Aquisi\u00e7\u00e3o de MATERIAL DE EXPEDIENTE para atender as demandas da Funda\u00e7\u00e3o Municipal de Educa\u00e7\u00e3o de Niter\u00f3i, Sede e Anexos, conforme as especifica\u00e7\u00f5es constantes do ANEXO I \u2013 TERMO DE REFER\u00caNCIA. <\/span><\/p>\n<\/td>\n<\/tr>\n<tr style=\"height: 60px;\">\n<td style=\"width: 495px; height: 60px; text-align: center;\" colspan=\"2\"><span style=\"color: #003366;\"><a style=\"color: #003366;\" href=\"https:\/\/drive.google.com\/file\/d\/1IvQLhCREx4TVhFONlLn3YJXfu_28hG7n\/view?usp=sharing\">Aviso \u2013 Publica\u00e7\u00e3o D.O \u2013 19-09-2023<\/a><\/span><\/td>\n<\/tr>\n<tr style=\"height: 60px;\">\n<td style=\"height: 60px; width: 495px; text-align: center;\" colspan=\"2\"><span style=\"color: #003366;\"><a style=\"color: #003366;\" href=\"https:\/\/drive.google.com\/file\/d\/1sp0yBQIB_AxtdO9k6sAWvnRcyDeVqvaA\/view?usp=sharing\">Edital<\/a><\/span><\/td>\n<\/tr>\n<tr style=\"height: 60px;\">\n<td style=\"height: 60px; width: 495px; text-align: center;\" colspan=\"2\"><span style=\"color: #003366;\"><a style=\"color: #003366;\" href=\"https:\/\/drive.google.com\/file\/d\/1cf5iZ2JIsAxKJY7zRfhEp3yPF5T_NRZR\/view?usp=sharing\">Anexos<\/a><\/span><\/td>\n<\/tr>\n<tr style=\"height: 60px;\">\n<td style=\"height: 60px; width: 495px; text-align: center;\" colspan=\"2\"><span style=\"color: #003366;\"><a style=\"color: #003366;\" href=\"https:\/\/drive.google.com\/file\/d\/164tJ6LtPBGPQddKzmNZf4tR4jRBA8t8_\/view?usp=sharing\">CORRIGENDA<\/a><\/span><\/td>\n<\/tr>\n<tr style=\"height: 60px;\">\n<td style=\"height: 60px; width: 495px; text-align: center;\" colspan=\"2\"><span style=\"color: #003366;\"><a style=\"color: #003366;\" href=\"https:\/\/drive.google.com\/file\/d\/1_c8dgXr02nGqFj664Pe9i_J8GzILYw_i\/view?usp=sharing\">Homologa\u00e7\u00e3o \u2013 Publica\u00e7\u00e3o D.O 25-11-2023<\/a><\/span><\/td>\n<\/tr>\n<tr style=\"height: 60px;\">\n<td style=\"height: 60px; width: 495px; text-align: center;\" colspan=\"2\"><span style=\"color: #003366;\"><a style=\"color: #003366;\" href=\"https:\/\/drive.google.com\/file\/d\/1_c8dgXr02nGqFj664Pe9i_J8GzILYw_i\/view?usp=sharing\">Extrato da Ata de SRP &#8211; Publica\u00e7\u00e3o D.O 25-11-2023<\/a><\/span><\/td>\n<\/tr>\n<\/tbody>\n<\/table>\n<p>&nbsp;<\/p>\n<table border=\"1\" cellspacing=\"0\" cellpadding=\"0\" align=\"center\">\n<tbody>\n<tr style=\"height: 60px;\">\n<td style=\"width: 495px; height: 60px;\" colspan=\"2\">\n<p style=\"text-align: center;\"><strong><span style=\"color: #000000;\">PREG\u00c3O ELETR\u00d4NICO N\u00b0 25\/2023<\/span><\/strong><\/p>\n<\/td>\n<\/tr>\n<tr style=\"height: 27px;\">\n<td style=\"width: 50px; height: 27px;\"><strong>Org\u00e3o:<\/strong><\/td>\n<td style=\"width: 443px; height: 27px;\"><span style=\"color: #000000;\">Funda\u00e7\u00e3o Municipal de Educa\u00e7\u00e3o de Niter\u00f3i<\/span><\/td>\n<\/tr>\n<tr style=\"height: 169px;\">\n<td style=\"width: 50px; height: 169px;\"><strong>Objeto:<\/strong><\/td>\n<td style=\"width: 643px; height: 169px;\">\n<p style=\"text-align: justify;\"><span style=\"color: #000000;\">O objeto deste preg\u00e3o \u00e9 a Aquisi\u00e7\u00e3o de LIQUIDIFICADOR INDUSTRIAL 6 LITROS, para atender as demandas das Unidades Escolares da Funda\u00e7\u00e3o Municipal de Educa\u00e7\u00e3o de Niter\u00f3i, conforme as especifica\u00e7\u00f5es constantes do ANEXO I \u2013 TERMO DE REFER\u00caNCIA. <\/span><\/p>\n<\/td>\n<\/tr>\n<tr style=\"height: 60px;\">\n<td style=\"width: 495px; height: 60px; text-align: center;\" colspan=\"2\"><span style=\"color: #003366;\"><a style=\"color: #003366;\" href=\"https:\/\/drive.google.com\/file\/d\/1IvQLhCREx4TVhFONlLn3YJXfu_28hG7n\/view?usp=sharing\">Aviso \u2013 Publica\u00e7\u00e3o D.O \u2013 19-09-2023<\/a><\/span><\/td>\n<\/tr>\n<tr style=\"height: 60px;\">\n<td style=\"height: 60px; width: 495px; text-align: center;\" colspan=\"2\"><span style=\"color: #003366;\"><a style=\"color: #003366;\" href=\"https:\/\/drive.google.com\/file\/d\/1STogDMluUCeUZetrDmGaHQdvpBVeakvg\/view?usp=sharing\">Edital<\/a><\/span><\/td>\n<\/tr>\n<tr style=\"height: 60px;\">\n<td style=\"height: 60px; width: 495px; text-align: center;\" colspan=\"2\"><span style=\"color: #003366;\"><a style=\"color: #003366;\" href=\"https:\/\/drive.google.com\/file\/d\/11iY9UruIQ6QD4mfG-SMKGFpszs9dch9D\/view?usp=sharing\">Anexos<\/a><\/span><\/td>\n<\/tr>\n<tr style=\"height: 60px;\">\n<td style=\"height: 60px; width: 495px; text-align: center;\" colspan=\"2\"><span style=\"color: #003366;\"><a style=\"color: #003366;\" href=\"https:\/\/drive.google.com\/file\/d\/164tJ6LtPBGPQddKzmNZf4tR4jRBA8t8_\/view?usp=sharing\">CORRIGENDA<\/a><\/span><\/td>\n<\/tr>\n<tr style=\"height: 60px;\">\n<td style=\"height: 60px; width: 495px; text-align: center;\" colspan=\"2\"><span style=\"color: #003366;\"><a style=\"color: #003366;\" href=\"https:\/\/drive.google.com\/file\/d\/1YDO_97bVqlJvtKQnfZGqZRBMZK-s88XK\/view?usp=sharing\">Homologa\u00e7\u00e3o \u2013 Publica\u00e7\u00e3o D.O 11-10-2023<\/a><\/span><\/td>\n<\/tr>\n<tr style=\"height: 60px;\">\n<td style=\"height: 60px; width: 495px; text-align: center;\" colspan=\"2\"><span style=\"color: #003366;\"><a style=\"color: #003366;\" href=\"https:\/\/drive.google.com\/file\/d\/1YDO_97bVqlJvtKQnfZGqZRBMZK-s88XK\/view?usp=sharing\">Extrato da Ata de SRP \u2013 Publica\u00e7\u00e3o D.O 11-10-2023<\/a><\/span><\/td>\n<\/tr>\n<\/tbody>\n<\/table>\n<p>&nbsp;<\/p>\n<table style=\"height: 477px;\" border=\"1\" cellspacing=\"0\" cellpadding=\"0\" align=\"center\">\n<tbody>\n<tr style=\"height: 60px;\">\n<td style=\"width: 695px; height: 60px;\" colspan=\"2\">\n<p style=\"text-align: center;\"><strong><span style=\"color: #000000;\">PREG\u00c3O ELETR\u00d4NICO N\u00b0 26\/2023<\/span><\/strong><\/p>\n<\/td>\n<\/tr>\n<tr style=\"height: 27px;\">\n<td style=\"width: 50px; height: 27px;\"><strong>Org\u00e3o:<\/strong><\/td>\n<td style=\"width: 643px; height: 27px;\"><span style=\"color: #000000;\">Funda\u00e7\u00e3o Municipal de Educa\u00e7\u00e3o de Niter\u00f3i<\/span><\/td>\n<\/tr>\n<tr style=\"height: 169px;\">\n<td style=\"width: 50px; height: 169px;\"><strong>Objeto:<\/strong><\/td>\n<td style=\"width: 643px; height: 169px;\">\n<p style=\"text-align: justify;\"><span style=\"color: #000000;\">O objeto deste preg\u00e3o \u00e9 o registro de pre\u00e7os para a Aquisi\u00e7\u00e3o de KITs DE MATERIAL ESCOLAR (formados em 7 kits), visando atender todas as Unidades de Educa\u00e7\u00e3o P\u00fablica do munic\u00edpio deNiter\u00f3i \u2013 RJ, conforme as especifica\u00e7\u00f5es constantes do ANEXO I \u2013 TERMO DE REFER\u00caNCIA. <\/span><\/p>\n<\/td>\n<\/tr>\n<tr style=\"height: 60px;\">\n<td style=\"height: 60px; text-align: center; width: 695px;\" colspan=\"2\"><span style=\"color: #003366;\"><a style=\"color: #003366;\" href=\"https:\/\/drive.google.com\/file\/d\/1ZZQFKbNMZlyjxjdMlUkTARLfC3I0cs_Z\/view?usp=sharing\">Aviso \u2013 Publica\u00e7\u00e3o D.O \u2013 01-12-2023<\/a><\/span><\/td>\n<\/tr>\n<tr style=\"height: 23px;\">\n<td style=\"width: 695px; text-align: center; height: 23px;\" colspan=\"2\"><span style=\"color: #003366;\"><a style=\"color: #003366;\" href=\"https:\/\/www.educacao.niteroi.rj.gov.br\/wp-content\/uploads\/2023\/04\/EDITAL-026-COMPLETO.pdf\">Edital I<\/a><br \/>\n<\/span><\/td>\n<\/tr>\n<tr style=\"height: 23px;\">\n<td style=\"text-align: center; height: 23px; width: 695px;\" colspan=\"2\"><span style=\"color: #003366;\"><a style=\"color: #003366;\" href=\"https:\/\/www.educacao.niteroi.rj.gov.br\/wp-content\/uploads\/2023\/04\/Impugnacao-Empresa-DUOLIMP-COMERCIAL-LTDA-Publicacao-D.O-15-12-2023.pdf\">Impugna\u00e7\u00e3o &#8211; Empresa DUOLIMP COMERCIAL LTDA &#8211; Publica\u00e7\u00e3o D.O 15-12-2023<\/a><\/span><\/td>\n<\/tr>\n<tr style=\"height: 23px;\">\n<td style=\"text-align: center; height: 23px; width: 695px;\" colspan=\"2\"><span style=\"color: #003366;\"><a style=\"color: #003366;\" href=\"https:\/\/www.educacao.niteroi.rj.gov.br\/wp-content\/uploads\/2023\/04\/Impugnacao-Empresa-FORTERM-REPRESENTACOES-E-COMERCIO-LTDA-Publicacao-D.O-15-12-2023.pdf\">Impugna\u00e7\u00e3o &#8211; Empresa FORTERM REPRESENTA\u00c7\u00d5ES E COM\u00c9RCIO LTDA &#8211; Publica\u00e7\u00e3o D.O 15-12-2023<\/a><\/span><\/td>\n<\/tr>\n<tr style=\"height: 23px;\">\n<td style=\"text-align: center; height: 23px; width: 695px;\" colspan=\"2\"><span style=\"color: #003366;\"><a style=\"color: #003366;\" href=\"https:\/\/www.educacao.niteroi.rj.gov.br\/wp-content\/uploads\/2023\/04\/Aviso-de-Pregao-Publicacao-D.O-15-12-2023-2.pdf\">Aviso de Preg\u00e3o &#8211; Publica\u00e7\u00e3o D.O 15-12-2023<\/a><\/span><\/td>\n<\/tr>\n<tr style=\"height: 23px;\">\n<td style=\"text-align: center; height: 23px;\" colspan=\"2\"><span style=\"color: #003366;\"><a style=\"color: #003366;\" href=\"https:\/\/www.educacao.niteroi.rj.gov.br\/wp-content\/uploads\/2023\/04\/EDITAL-COMPLETO-1-1.pdf\">Edital II<\/a><\/span><\/td>\n<\/tr>\n<tr>\n<td style=\"text-align: center; width: 695px;\" colspan=\"2\"><span style=\"color: #003366;\"><a style=\"color: #003366;\" href=\"https:\/\/www.educacao.niteroi.rj.gov.br\/wp-content\/uploads\/2023\/04\/Impugnacao-Empresa-FORTERM-REPRESENTACOES-E-COMERCIO-LTDA.-Publicacao-D.O-28-12-2023.pdf\">Impugna\u00e7\u00e3o Empresa FORTERM REPRESENTA\u00c7\u00d5ES E COM\u00c9RCIO LTDA. &#8211; Publica\u00e7\u00e3o D.O 28-12-2023<\/a><br \/>\n<\/span><\/td>\n<\/tr>\n<tr style=\"height: 23px;\">\n<td style=\"text-align: center; height: 23px; width: 695px;\" colspan=\"2\"><span style=\"color: #003366;\"><a style=\"color: #003366;\" href=\"https:\/\/www.educacao.niteroi.rj.gov.br\/wp-content\/uploads\/2023\/04\/Aviso-de-Pregao-Publicacao-D.O-28-12-2023.pdf\">Aviso de Preg\u00e3o &#8211; Publica\u00e7\u00e3o D.O 28-12-2023<\/a><\/span><\/td>\n<\/tr>\n<tr style=\"height: 23px;\">\n<td style=\"text-align: center; height: 23px;\" colspan=\"2\"><span style=\"color: #003366;\"><a style=\"color: #003366;\" href=\"https:\/\/www.educacao.niteroi.rj.gov.br\/wp-content\/uploads\/2023\/04\/III-Edital-Completo.pdf\">Edital III<\/a><\/span><\/td>\n<\/tr>\n<tr>\n<td style=\"width: 695px; text-align: center;\" colspan=\"2\"><span style=\"color: #003366;\"><a style=\"color: #003366;\" href=\"https:\/\/www.educacao.niteroi.rj.gov.br\/wp-content\/uploads\/2023\/04\/Impugnacao-da-Empresa-FORTERM-REPRESENTACOES-E-COMERCIO-LTDA-Publicacao-D.O-11-01-2024.pdf\">Impugna\u00e7\u00e3o &#8211; Empresa FORTERM REPRESENTA\u00c7\u00d5ES E COM\u00c9RCIO LTDA &#8211; Publica\u00e7\u00e3o D.O 11-01-2024<\/a><br \/>\n<\/span><\/td>\n<\/tr>\n<tr>\n<td style=\"text-align: center; width: 495px;\" colspan=\"2\"><span style=\"color: #003366;\"><a style=\"color: #003366;\" href=\"https:\/\/drive.google.com\/file\/d\/1Iu2PPI_unkZeDBEp3zWrMiyDPwALqRJ1\/view?usp=sharing\">HOMOLOGA\u00c7\u00c2O e o EXTRATO DA ATA<\/a><br \/>\n<\/span><\/td>\n<\/tr>\n<\/tbody>\n<\/table>\n<p>&nbsp;<\/p>\n<table border=\"1\" cellspacing=\"0\" cellpadding=\"0\" align=\"center\">\n<tbody>\n<tr style=\"height: 60px;\">\n<td style=\"width: 495px; height: 60px;\" colspan=\"2\">\n<p style=\"text-align: center;\"><strong><span style=\"color: #000000;\">PREG\u00c3O ELETR\u00d4NICO N\u00b0 27\/2023<\/span><\/strong><\/p>\n<\/td>\n<\/tr>\n<tr style=\"height: 27px;\">\n<td style=\"width: 50px; height: 27px;\"><strong>Org\u00e3o:<\/strong><\/td>\n<td style=\"width: 443px; height: 27px;\"><span style=\"color: #000000;\">Funda\u00e7\u00e3o Municipal de Educa\u00e7\u00e3o de Niter\u00f3i<\/span><\/td>\n<\/tr>\n<tr style=\"height: 169px;\">\n<td style=\"width: 50px; height: 169px;\"><strong>Objeto:<\/strong><\/td>\n<td style=\"width: 643px; height: 169px;\">\n<p style=\"text-align: justify;\"><span style=\"color: #000000;\">O objeto deste preg\u00e3o \u00e9 a Aquisi\u00e7\u00e3o de M\u00c1QUINA DE LAVAR ROUPA 15kg, para atender as demandas das Unidades Escolares da Educa\u00e7\u00e3o Infantil da Rede Municipal de Educa\u00e7\u00e3o de Niter\u00f3i, conforme as especifica\u00e7\u00f5es constantes do ANEXO I \u2013 TERMO DE REFER\u00caNCIA.<\/span><\/p>\n<\/td>\n<\/tr>\n<tr style=\"height: 60px;\">\n<td style=\"height: 60px; width: 495px; text-align: center;\" colspan=\"2\"><span style=\"color: #003366;\"><a style=\"color: #003366;\" href=\"https:\/\/drive.google.com\/file\/d\/1UZhYWpet74iqL7VdZbZhFfxUPmBMGwvw\/view?usp=sharing\">Edital<\/a><\/span><\/td>\n<\/tr>\n<tr style=\"height: 60px;\">\n<td style=\"height: 60px; text-align: center;\" colspan=\"2\"><span style=\"color: #003366;\"><a style=\"color: #003366;\" href=\"https:\/\/drive.google.com\/file\/d\/10iMKzd78ctre1bcyk8ayrr5W4NK_PAxA\/view?usp=sharing\">Anexos<\/a><\/span><\/td>\n<\/tr>\n<tr>\n<td style=\"text-align: center;\" colspan=\"2\"><span style=\"color: #003366;\"><a style=\"color: #003366;\" href=\"https:\/\/www.educacao.niteroi.rj.gov.br\/wp-content\/uploads\/2023\/04\/AVISO-FRACASSADO-NOVO-027.pdf\">Aviso Fracassado &#8211; Publica\u00e7\u00e3o D.O\u00a0<\/a><\/span><\/td>\n<\/tr>\n<tr>\n<td style=\"text-align: center;\" colspan=\"2\"><span style=\"color: #003366;\"><a style=\"color: #003366;\" href=\"https:\/\/www.educacao.niteroi.rj.gov.br\/wp-content\/uploads\/2023\/04\/Aviso-de-Pregao-Publicacao-D.O-26-10-2023.pdf\">Aviso de Preg\u00e3o &#8211; Publica\u00e7\u00e3o D.O 26-10-2023<\/a><\/span><\/td>\n<\/tr>\n<tr>\n<td style=\"width: 495px; text-align: center;\" colspan=\"2\"><span style=\"color: #003366;\"><a style=\"color: #003366;\" href=\"https:\/\/www.educacao.niteroi.rj.gov.br\/wp-content\/uploads\/2023\/04\/Novo-Edital.pdf\">Novo Edital<\/a><\/span><\/td>\n<\/tr>\n<tr>\n<td style=\"width: 495px; text-align: center;\" colspan=\"2\"><span style=\"color: #003366;\"><a style=\"color: #003366;\" href=\"https:\/\/drive.google.com\/file\/d\/1LdziPk6qTlor_dN22LEzHzwYIcpJpmUc\/view?usp=sharing\">Homologa\u00e7\u00e3o \u2013 Publica\u00e7\u00e3o D.O 11-10-2023<\/a><\/span><\/td>\n<\/tr>\n<tr>\n<td style=\"width: 495px; text-align: center;\" colspan=\"2\"><span style=\"color: #003366;\"><a style=\"color: #003366;\" href=\"https:\/\/drive.google.com\/file\/d\/1LdziPk6qTlor_dN22LEzHzwYIcpJpmUc\/view?usp=sharing\">Extrato da Ata de SRP \u2013 Publica\u00e7\u00e3o D.O 11-10-2023<\/a><\/span><\/td>\n<\/tr>\n<\/tbody>\n<\/table>\n<p>&nbsp;<\/p>\n<p>&nbsp;<\/p>\n<table border=\"1\" cellspacing=\"0\" cellpadding=\"0\" align=\"center\">\n<tbody>\n<tr style=\"height: 60px;\">\n<td style=\"width: 495px; height: 60px;\" colspan=\"2\">\n<p style=\"text-align: center;\"><strong><span style=\"color: #000000;\">PREG\u00c3O ELETR\u00d4NICO N\u00b0 28\/2023<\/span><\/strong><\/p>\n<\/td>\n<\/tr>\n<tr style=\"height: 27px;\">\n<td style=\"width: 50px; height: 27px;\"><strong>Org\u00e3o:<\/strong><\/td>\n<td style=\"width: 443px; height: 27px;\"><span style=\"color: #000000;\">Funda\u00e7\u00e3o Municipal de Educa\u00e7\u00e3o de Niter\u00f3i<\/span><\/td>\n<\/tr>\n<tr style=\"height: 169px;\">\n<td style=\"width: 50px; height: 169px;\"><strong>Objeto:<\/strong><\/td>\n<td style=\"width: 643px; height: 169px;\">\n<p style=\"text-align: justify;\"><span style=\"color: #000000;\">O objeto deste preg\u00e3o \u00e9 a Aquisi\u00e7\u00e3o de GELADEIRA DOM\u00c9STICA FROST FREE DE 310 A 340 LITROS, para atender as demandas das Unidades Escolares da Rede Municipal de Educa\u00e7\u00e3o de Niter\u00f3i, conforme as especifica\u00e7\u00f5es constantes do ANEXO I \u2013 TERMO DE REFER\u00caNCIA.<\/span><\/p>\n<\/td>\n<\/tr>\n<tr style=\"height: 60px;\">\n<td style=\"height: 60px; width: 495px; text-align: center;\" colspan=\"2\"><span style=\"color: #003366;\"><a style=\"color: #003366;\" href=\"https:\/\/www.educacao.niteroi.rj.gov.br\/wp-content\/uploads\/2023\/04\/AVISO-DIARIO-OFICIAL-PE-028-2023.pdf\">Aviso de Preg\u00e3o &#8211; D.O 10\/10\/023<\/a><\/span><\/td>\n<\/tr>\n<tr style=\"height: 60px;\">\n<td style=\"height: 60px; width: 495px; text-align: center;\" colspan=\"2\"><span style=\"color: #003366;\"><a style=\"color: #003366;\" href=\"https:\/\/www.educacao.niteroi.rj.gov.br\/wp-content\/uploads\/2023\/04\/Edital-1.pdf\">Edital<\/a><\/span><\/td>\n<\/tr>\n<tr style=\"height: 60px;\">\n<td style=\"height: 60px; width: 495px; text-align: center;\" colspan=\"2\"><span style=\"color: #003366;\"><a style=\"color: #003366;\" href=\"https:\/\/www.educacao.niteroi.rj.gov.br\/wp-content\/uploads\/2023\/04\/TODOS-ANEXOS_.pdf\">\u00a0Anexos<\/a><\/span><\/td>\n<\/tr>\n<tr>\n<td style=\"width: 495px; text-align: center;\" colspan=\"2\"><span style=\"color: #003366;\"><a style=\"color: #003366;\" href=\"https:\/\/drive.google.com\/file\/d\/13PqcfFpGEbitNeOvvDphTeBZO2T8TKKs\/view?usp=sharing\">Homologa\u00e7\u00e3o \u2013 Publica\u00e7\u00e3o D.O 30-11-2023<\/a><\/span><\/td>\n<\/tr>\n<tr>\n<td style=\"width: 495px; text-align: center;\" colspan=\"2\"><span style=\"color: #003366;\"><a style=\"color: #003366;\" href=\"https:\/\/drive.google.com\/file\/d\/13PqcfFpGEbitNeOvvDphTeBZO2T8TKKs\/view?usp=sharing\">Extrato da Ata de SRP \u2013 Publica\u00e7\u00e3o D.O 30-11-2023<\/a><\/span><\/td>\n<\/tr>\n<\/tbody>\n<\/table>\n<p>&nbsp;<\/p>\n<table border=\"1\" cellspacing=\"0\" cellpadding=\"0\" align=\"center\">\n<tbody>\n<tr style=\"height: 60px;\">\n<td style=\"width: 495px; height: 60px;\" colspan=\"2\">\n<p style=\"text-align: center;\"><strong><span style=\"color: #000000;\">PREG\u00c3O ELETR\u00d4NICO N\u00b0 29\/2023<\/span><\/strong><\/p>\n<\/td>\n<\/tr>\n<tr style=\"height: 27px;\">\n<td style=\"width: 50px; height: 27px;\"><strong>Org\u00e3o:<\/strong><\/td>\n<td style=\"width: 443px; height: 27px;\"><span style=\"color: #000000;\">Funda\u00e7\u00e3o Municipal de Educa\u00e7\u00e3o de Niter\u00f3i<\/span><\/td>\n<\/tr>\n<tr style=\"height: 169px;\">\n<td style=\"width: 50px; height: 169px;\"><strong>Objeto:<\/strong><\/td>\n<td style=\"width: 643px; height: 169px;\">\n<p style=\"text-align: justify;\"><span style=\"color: #000000;\">O objeto deste preg\u00e3o \u00e9 a Aquisi\u00e7\u00e3o de BALAN\u00c7A PLATAFORMA DIGITAL, para atender as demandas das Unidades Escolares da Rede Municipal de Educa\u00e7\u00e3o de FUNDA\u00c7\u00c3O MUNICIPAL DE EDUCA\u00c7\u00c3O DE NITER\u00d3I COMISS\u00c3O DE AN\u00c1LISE E ELABORA\u00c7\u00c3O DE EDITAIS Portaria FME n\u00ba 710\/2023 \u2013 Publicada em 23\/09\/2023 Niter\u00f3i, conforme as especifica\u00e7\u00f5es constantes do ANEXO I \u2013 TERMO DE REFER\u00caNCIA.<\/span><\/p>\n<\/td>\n<\/tr>\n<tr style=\"height: 60px;\">\n<td style=\"height: 60px; width: 495px; text-align: center;\" colspan=\"2\"><span style=\"color: #003366;\"><a style=\"color: #003366;\" href=\"https:\/\/drive.google.com\/file\/d\/1DfYpiVli7yvo6ctPPazECLJvDJfG3Gr5\/view?usp=sharing\">Edital<\/a><\/span><\/td>\n<\/tr>\n<tr style=\"height: 60px;\">\n<td style=\"height: 60px; width: 495px; text-align: center;\" colspan=\"2\"><span style=\"color: #003366;\"><a style=\"color: #003366;\" href=\"https:\/\/drive.google.com\/file\/d\/1g0_ljsqKVLKa_BpO2gkMu9YPL6xBCyOt\/view?usp=sharing\">Anexos<\/a><\/span><\/td>\n<\/tr>\n<tr style=\"height: 60px;\">\n<td style=\"height: 60px; width: 495px; text-align: center;\" colspan=\"2\"><span style=\"color: #003366;\"><a style=\"color: #003366;\" href=\"https:\/\/drive.google.com\/file\/d\/1wrmhr8vSX_-Qu9DNTwC4HmM76V6D-k3m\/view?usp=sharing\">Aviso &#8211; Publica\u00e7\u00e3o D.O &#8211; 11-10-2023<\/a><\/span><\/td>\n<\/tr>\n<tr>\n<td style=\"width: 495px; text-align: center;\" colspan=\"2\"><span style=\"color: #003366;\"><a style=\"color: #003366;\" href=\"https:\/\/drive.google.com\/file\/d\/1rjbHT4oJARJ-4SNt3njShfQ9qzsw4R8H\/view?usp=sharing\">Homologa\u00e7\u00e3o \u2013 Publica\u00e7\u00e3o D.O 30-11-2023<\/a><\/span><\/td>\n<\/tr>\n<tr>\n<td style=\"width: 495px; text-align: center;\" colspan=\"2\"><span style=\"color: #003366;\"><a style=\"color: #003366;\" href=\"https:\/\/drive.google.com\/file\/d\/1rjbHT4oJARJ-4SNt3njShfQ9qzsw4R8H\/view?usp=sharing\">Extrato da Ata de SRP \u2013 Publica\u00e7\u00e3o D.O 30-11-2023<\/a><\/span><\/td>\n<\/tr>\n<\/tbody>\n<\/table>\n<p>&nbsp;<\/p>\n<table border=\"1\" cellspacing=\"0\" cellpadding=\"0\" align=\"center\">\n<tbody>\n<tr style=\"height: 60px;\">\n<td style=\"width: 495px; height: 60px;\" colspan=\"2\">\n<p style=\"text-align: center;\"><strong><span style=\"color: #000000;\">PREG\u00c3O ELETR\u00d4NICO N\u00b0 30\/2023<\/span><\/strong><\/p>\n<\/td>\n<\/tr>\n<tr style=\"height: 27px;\">\n<td style=\"width: 50px; height: 27px;\"><strong>Org\u00e3o:<\/strong><\/td>\n<td style=\"width: 443px; height: 27px;\"><span style=\"color: #000000;\">Funda\u00e7\u00e3o Municipal de Educa\u00e7\u00e3o de Niter\u00f3i<\/span><\/td>\n<\/tr>\n<tr style=\"height: 169px;\">\n<td style=\"width: 50px; height: 169px;\"><strong>Objeto:<\/strong><\/td>\n<td style=\"width: 643px; height: 169px;\">\n<p style=\"text-align: justify;\"><span style=\"color: #000000;\">O objeto deste preg\u00e3o \u00e9 a Aquisi\u00e7\u00e3o de BRINQUEDOS DE MADEIRA , para realiza\u00e7\u00e3o das atividades recreativas e pedag\u00f3gicas nas Unidades Escolares da Rede Municipal de Educa\u00e7\u00e3o de Niter\u00f3i, conforme as especifica\u00e7\u00f5es constantes do ANEXO I \u2013 TERMO DE REFER\u00caNCIA.\u00a0<\/span><\/p>\n<\/td>\n<\/tr>\n<tr style=\"height: 60px;\">\n<td style=\"height: 60px; width: 495px; text-align: center;\" colspan=\"2\"><span style=\"color: #003366;\"><a style=\"color: #003366;\" href=\"https:\/\/www.educacao.niteroi.rj.gov.br\/wp-content\/uploads\/2023\/04\/21-pregao-30-e-34.pdf\">Aviso de Preg\u00e3o &#8211; Publica\u00e7\u00e3o D.O 21-12-2023<\/a><\/span><\/td>\n<\/tr>\n<tr style=\"height: 60px;\">\n<td style=\"height: 60px; text-align: center;\" colspan=\"2\"><span style=\"color: #003366;\"><a style=\"color: #003366;\" href=\"https:\/\/www.educacao.niteroi.rj.gov.br\/wp-content\/uploads\/2023\/04\/Edital.pdf\">Edital<\/a><\/span><\/td>\n<\/tr>\n<tr>\n<td style=\"text-align: center;\" colspan=\"2\"><span style=\"color: #003366;\"><a style=\"color: #003366;\" href=\"https:\/\/www.educacao.niteroi.rj.gov.br\/wp-content\/uploads\/2023\/04\/Homologacao-Publicacao-D.O-07-03-2024.pdf\">Homologa\u00e7\u00e3o &#8211; Publica\u00e7\u00e3o D.O 07-03-2024<\/a><\/span><\/td>\n<\/tr>\n<tr>\n<td style=\"width: 495px; text-align: center;\" colspan=\"2\"><span style=\"color: #003366;\"><a style=\"color: #003366;\" href=\"https:\/\/www.educacao.niteroi.rj.gov.br\/wp-content\/uploads\/2023\/04\/Extrato-da-Ata-030-2023-Publicacao-D.O-07-03-2024.pdf\">Extrato da Ata 030-2023 &#8211; Publica\u00e7\u00e3o D.O 07-03-2024<\/a><\/span><\/td>\n<\/tr>\n<\/tbody>\n<\/table>\n<p>&#8211;<\/p>\n<table border=\"1\" cellspacing=\"0\" cellpadding=\"0\" align=\"center\">\n<tbody>\n<tr style=\"height: 60px;\">\n<td style=\"width: 495px; height: 60px;\" colspan=\"2\">\n<p style=\"text-align: center;\"><strong><span style=\"color: #000000;\">PREG\u00c3O ELETR\u00d4NICO N\u00b0 32\/2023<\/span><\/strong><\/p>\n<\/td>\n<\/tr>\n<tr style=\"height: 27px;\">\n<td style=\"width: 50px; height: 27px;\"><strong>Org\u00e3o:<\/strong><\/td>\n<td style=\"width: 443px; height: 27px;\"><span style=\"color: #000000;\">Funda\u00e7\u00e3o Municipal de Educa\u00e7\u00e3o de Niter\u00f3i<\/span><\/td>\n<\/tr>\n<tr style=\"height: 169px;\">\n<td style=\"width: 50px; height: 169px;\"><strong>Objeto:<\/strong><\/td>\n<td style=\"width: 643px; height: 169px;\">\n<p style=\"text-align: justify;\"><span style=\"color: #000000;\">O objeto deste preg\u00e3o \u00e9 a Aquisi\u00e7\u00e3o de PANELA DE PRESS\u00c3O INDUSTRIAL COM CAPACIDADE DE 10L E 20L, para atender as demandas das Unidades Escolares da Rede Municipal de Educa\u00e7\u00e3o de Niter\u00f3i, conforme as especifica\u00e7\u00f5es constantes do ANEXO I \u2013 TERMO DE REFER\u00caNCIA.<\/span><\/p>\n<\/td>\n<\/tr>\n<tr style=\"height: 60px;\">\n<td style=\"height: 60px; width: 495px; text-align: center;\" colspan=\"2\"><span style=\"color: #003366;\"><a style=\"color: #003366;\" href=\"https:\/\/drive.google.com\/file\/d\/1R6XhMg6kFyhoE71ipgmL3NBry7wfSpmW\/view?usp=sharing\">Edital<\/a><\/span><\/td>\n<\/tr>\n<tr style=\"height: 60px;\">\n<td style=\"height: 60px; text-align: center;\" colspan=\"2\"><span style=\"color: #003366;\"><a style=\"color: #003366;\" href=\"https:\/\/drive.google.com\/file\/d\/1wrmhr8vSX_-Qu9DNTwC4HmM76V6D-k3m\/view?usp=sharing\">Aviso &#8211; Publica\u00e7\u00e3o D.O &#8211; 11-10-2023<\/a><\/span><\/td>\n<\/tr>\n<tr>\n<td style=\"width: 495px; text-align: center;\" colspan=\"2\"><span style=\"color: #003366;\"><a style=\"color: #003366;\" href=\"https:\/\/www.educacao.niteroi.rj.gov.br\/wp-content\/uploads\/2023\/04\/Aviso-de-Fracassado-Publicacao-D.O-11-01-2024.pdf\">Aviso de Fracassado &#8211; Publica\u00e7\u00e3o D.O 11-01-2024<\/a><br \/>\n<\/span><\/td>\n<\/tr>\n<\/tbody>\n<\/table>\n<p>&nbsp;<\/p>\n<table border=\"1\" cellspacing=\"0\" cellpadding=\"0\" align=\"center\">\n<tbody>\n<tr style=\"height: 60px;\">\n<td style=\"width: 495px; height: 60px;\" colspan=\"2\">\n<p style=\"text-align: center;\"><strong><span style=\"color: #000000;\">PREG\u00c3O ELETR\u00d4NICO N\u00b0 34\/2023<\/span><\/strong><\/p>\n<\/td>\n<\/tr>\n<tr style=\"height: 27px;\">\n<td style=\"width: 50px; height: 27px;\"><strong>Org\u00e3o:<\/strong><\/td>\n<td style=\"width: 443px; height: 27px;\"><span style=\"color: #000000;\">Funda\u00e7\u00e3o Municipal de Educa\u00e7\u00e3o de Niter\u00f3i<\/span><\/td>\n<\/tr>\n<tr style=\"height: 169px;\">\n<td style=\"width: 50px; height: 169px;\"><strong>Objeto:<\/strong><\/td>\n<td style=\"width: 643px; height: 169px;\">\n<p style=\"text-align: justify;\"><span style=\"color: #000000;\">O objeto deste preg\u00e3o \u00e9 a aquisi\u00e7\u00e3o de MOBILI\u00c1RIO INFANTIL-ESCOLAR, com intuito de prover, as Unidades de Educa\u00e7\u00e3o da Rede P\u00fablica do Munic\u00edpio de Niter\u00f3i (UMEIS, NAEIS, E.M com grupos infantis e o Programa Pedagogia Hospitalar), conforme as especifica\u00e7\u00f5es constantes do ANEXO I \u2013 TERMO DE REFER\u00caNCIA.<\/span><\/p>\n<\/td>\n<\/tr>\n<tr style=\"height: 60px;\">\n<td style=\"height: 60px; width: 495px; text-align: center;\" colspan=\"2\"><span style=\"color: #003366;\"><a style=\"color: #003366;\" href=\"https:\/\/www.educacao.niteroi.rj.gov.br\/wp-content\/uploads\/2023\/04\/21-pregao-30-e-34-1.pdf\">Aviso de Preg\u00e3o &#8211; Publica\u00e7\u00e3o D.O 21-12-2023<\/a><\/span><\/td>\n<\/tr>\n<tr style=\"height: 60px;\">\n<td style=\"height: 60px; text-align: center;\" colspan=\"2\"><span style=\"color: #003366;\"><a style=\"color: #003366;\" href=\"https:\/\/www.educacao.niteroi.rj.gov.br\/wp-content\/uploads\/2023\/04\/Edital-COMPLETO-1.pdf\">Edital<\/a><\/span><\/td>\n<\/tr>\n<tr>\n<td style=\"text-align: center;\" colspan=\"2\"><span style=\"color: #003366;\"><a style=\"color: #003366;\" href=\"https:\/\/www.educacao.niteroi.rj.gov.br\/wp-content\/uploads\/2023\/04\/Homologacao-Publicacao-D.O-23-01-2024.pdf\">Homologa\u00e7\u00e3o &#8211; Publica\u00e7\u00e3o D.O 23-01-2024<\/a><\/span><\/td>\n<\/tr>\n<tr>\n<td style=\"width: 495px; text-align: center;\" colspan=\"2\"><span style=\"color: #003366;\"><a style=\"color: #003366;\" href=\"https:\/\/www.educacao.niteroi.rj.gov.br\/wp-content\/uploads\/2023\/04\/Extrato-da-Ata-de-SRP-Publicacao-D.O-23-01-2024.pdf\">Extrato da Ata de SRP &#8211; Publica\u00e7\u00e3o D.O 23-01-2024<\/a><\/span><\/td>\n<\/tr>\n<\/tbody>\n<\/table>\n<p>&#8211;<\/p>\n<table style=\"height: 422px;\" border=\"1\" cellspacing=\"0\" cellpadding=\"0\" align=\"center\">\n<tbody>\n<tr style=\"height: 60px;\">\n<td style=\"width: 695px; height: 60px;\" colspan=\"2\">\n<p style=\"text-align: center;\"><strong><span style=\"color: #000000;\">PREG\u00c3O ELETR\u00d4NICO N\u00b0 35\/2023<\/span><\/strong><\/p>\n<\/td>\n<\/tr>\n<tr style=\"height: 27px;\">\n<td style=\"width: 50px; height: 27px;\"><strong>Org\u00e3o:<\/strong><\/td>\n<td style=\"width: 643px; height: 27px;\"><span style=\"color: #000000;\">Funda\u00e7\u00e3o Municipal de Educa\u00e7\u00e3o de Niter\u00f3i<\/span><\/td>\n<\/tr>\n<tr style=\"height: 169px;\">\n<td style=\"width: 50px; height: 169px;\"><strong>Objeto:<\/strong><\/td>\n<td style=\"width: 643px; height: 169px;\">\n<p style=\"text-align: justify;\"><span style=\"color: #000000;\">O objeto deste preg\u00e3o \u00e9 a Contrata\u00e7\u00e3o de Empresa especializada em fornecimento de PASTA DE ALUNO, visando atender \u00e0 demanda das Unidades Escolares da Rede Municipal de Niter\u00f3i conforme as especifica\u00e7\u00f5es constantes do ANEXO I \u2013 TERMO DE REFER\u00caNCIA.<\/span><\/p>\n<\/td>\n<\/tr>\n<tr style=\"height: 60px;\">\n<td style=\"height: 60px; width: 695px; text-align: center;\" colspan=\"2\"><span style=\"color: #003366;\"><a style=\"color: #003366;\" href=\"https:\/\/drive.google.com\/file\/d\/1bgRPoGbi6Lx5-iTPqk-9vRym3rPloyP3\/view?usp=sharing\">Edital<\/a><\/span><\/td>\n<\/tr>\n<tr style=\"height: 60px;\">\n<td style=\"height: 60px; text-align: center; width: 695px;\" colspan=\"2\"><span style=\"color: #003366;\"><a style=\"color: #003366;\" href=\"https:\/\/drive.google.com\/file\/d\/1SOCfYhT-pQP0Z0leMW1EkvOsFoWrLQ9X\/view?usp=sharing\">Aviso &#8211; Publica\u00e7\u00e3o D.O &#8211; 09-12-2023<\/a><\/span><\/td>\n<\/tr>\n<tr style=\"height: 23px;\">\n<td style=\"text-align: center; height: 23px; width: 695px;\" colspan=\"2\"><span style=\"color: #003366;\"><a style=\"color: #003366;\" href=\"https:\/\/www.educacao.niteroi.rj.gov.br\/wp-content\/uploads\/2023\/04\/Homologacao-Publicacao-D.O-18-01-2024-1.pdf\">Homologa\u00e7\u00e3o &#8211; Publica\u00e7\u00e3o D.O 18-01-2024<\/a><\/span><\/td>\n<\/tr>\n<tr style=\"height: 23px;\">\n<td style=\"width: 695px; text-align: center; height: 23px;\" colspan=\"2\"><span style=\"color: #003366;\"><a style=\"color: #003366;\" href=\"https:\/\/www.educacao.niteroi.rj.gov.br\/wp-content\/uploads\/2023\/04\/Extrato-da-Ata-de-SRP-Publicacao-D.O-18-01-2024-1.pdf\">Extrato da Ata de SRP &#8211; Publica\u00e7\u00e3o D.O 18-01-2024<\/a><\/span><\/td>\n<\/tr>\n<\/tbody>\n<\/table>\n<p>&nbsp;<\/p>\n<table border=\"1\" cellspacing=\"0\" cellpadding=\"0\" align=\"center\">\n<tbody>\n<tr style=\"height: 60px;\">\n<td style=\"width: 495px; height: 60px;\" colspan=\"2\">\n<p style=\"text-align: center;\"><strong><span style=\"color: #000000;\">EDITAL DE CHAMADA P\u00daBLICA &#8211; JOGOS ESCOLARES DE NITER\u00d3I 2023 \u2013 JEN N\u00ba 01\/2023<\/span><\/strong><\/p>\n<\/td>\n<\/tr>\n<tr style=\"height: 27px;\">\n<td style=\"width: 50px; height: 27px;\"><strong>Org\u00e3o:<\/strong><\/td>\n<td style=\"width: 443px; height: 27px;\"><span style=\"color: #000000;\">Funda\u00e7\u00e3o Municipal de Educa\u00e7\u00e3o de Niter\u00f3i<\/span><\/td>\n<\/tr>\n<tr style=\"height: 169px;\">\n<td style=\"width: 50px; height: 169px;\"><strong>Objeto:<\/strong><\/td>\n<td style=\"width: 443px; height: 169px;\">\n<p style=\"text-align: justify;\"><span style=\"color: #000000;\">O objeto da parceria consiste na gest\u00e3o e operacionaliza\u00e7\u00e3o dos JOGOS ESCOLARES DE NITER\u00d3I 2023 \u2013 JEN, com a finalidade de promover ampla mobiliza\u00e7\u00e3o do segmento escolar, atrav\u00e9s de eventos de competi\u00e7\u00f5es das mais variadas modalidades esportivas, entre os meses de outubro \u00e0 dezembro de 2023, com estudantes de ensino p\u00fablico, privado e\/ou federal, incentivando o esporte como forma de inclus\u00e3o social e estimulando a participa\u00e7\u00e3o do aluno em atividades esportivas dentro da escola al\u00e9m de identificar e desenvolver novos talentos esportivos. Al\u00e9m disso, o projeto far\u00e1 a integra\u00e7\u00e3o e o interc\u00e2mbio entre os alunos das unidades escolares de rede de ensino fundamental e m\u00e9dio em todo o munic\u00edpio. <\/span><\/p>\n<\/td>\n<\/tr>\n<tr style=\"height: 60px;\">\n<td style=\"width: 495px; height: 60px; text-align: center;\" colspan=\"2\"><span style=\"color: #003366;\"><a style=\"color: #003366;\" href=\"https:\/\/drive.google.com\/file\/d\/1D-z72FVTpVIN5a8qj7gUjPa_ndiGftZl\/view?usp=sharing\">Edital<\/a><\/span><\/td>\n<\/tr>\n<tr>\n<td style=\"text-align: center; width: 495px;\" colspan=\"2\"><span style=\"color: #003366;\"><a style=\"color: #003366;\" href=\"https:\/\/drive.google.com\/file\/d\/1Lz7KljDY8NO5Ux-7AD2pNXLa-_YnjG55\/view?usp=sharing\">Publica\u00e7\u00e3o D.O 06-09-2023<\/a><\/span><\/td>\n<\/tr>\n<tr>\n<td style=\"text-align: center; width: 495px;\" colspan=\"2\"><span style=\"color: #003366;\"><a style=\"color: #003366;\" href=\"https:\/\/drive.google.com\/file\/d\/1daz1eDaMd9wmTMKbuAvippaRKNVZc7zf\/view?usp=sharing\" target=\"blank\" rel=\"noopener\">Errata do EDITAL DE CHAMADA P\u00daBLICA<\/a><\/span><\/td>\n<\/tr>\n<tr>\n<td style=\"text-align: center; width: 495px;\" colspan=\"2\"><span style=\"color: #003366;\"><a style=\"color: #003366;\" href=\"https:\/\/www.educacao.niteroi.rj.gov.br\/wp-content\/uploads\/2023\/04\/1-JULGAMENTO-DO-JEN-2023-PLANO-DE-TRABALHO_compressed.pdf\">Julgamento &#8211; Plano de Trabalho<\/a><\/span><\/td>\n<\/tr>\n<tr>\n<td style=\"text-align: center;\" colspan=\"2\"><span style=\"color: #003366;\"><a style=\"color: #003366;\" href=\"https:\/\/fmeniteroi-my.sharepoint.com\/:b:\/g\/personal\/marcosdti_educacao_niteroi_rj_gov_br\/EeyIZjzfjVBFueDZLDULay4Bd620o2Lfso91KiR2aTBBpg?e=vwS9ZP\">Habilita\u00e7\u00e3o Vencedora<\/a>\u00a0<\/span><\/td>\n<\/tr>\n<tr>\n<td style=\"text-align: center; width: 495px;\" colspan=\"2\"><span style=\"color: #003366;\"><a style=\"color: #003366;\" href=\"https:\/\/www.educacao.niteroi.rj.gov.br\/wp-content\/uploads\/2023\/04\/3-D-O-11-10-2023-HOMOLOGACAO-JEN-2023.pdf\">Homologa\u00e7\u00e3o D.O 11-10-2023\u00a0<\/a><\/span><\/td>\n<\/tr>\n<\/tbody>\n<\/table>\n<p>&nbsp;<\/p>\n<table border=\"1\" cellspacing=\"0\" cellpadding=\"0\" align=\"center\">\n<tbody>\n<tr style=\"height: 60px;\">\n<td style=\"width: 495px; height: 60px;\" colspan=\"2\">\n<p style=\"text-align: center;\"><strong><span style=\"color: #000000;\">EDITAL DE CHAMADA P\u00daBLICA- AGRICULTURA FAMILIAR N\u00ba 01\/2023<\/span><\/strong><\/p>\n<\/td>\n<\/tr>\n<tr style=\"height: 27px;\">\n<td style=\"width: 50px; height: 27px;\"><strong>Org\u00e3o:<\/strong><\/td>\n<td style=\"width: 443px; height: 27px;\"><span style=\"color: #000000;\">Funda\u00e7\u00e3o Municipal de Educa\u00e7\u00e3o de Niter\u00f3i<\/span><\/td>\n<\/tr>\n<tr style=\"height: 169px;\">\n<td style=\"width: 50px; height: 169px;\"><strong>Objeto:<\/strong><\/td>\n<td style=\"width: 443px; height: 169px;\">\n<p style=\"text-align: justify;\"><span style=\"color: #000000;\">O presente edital de Chamamento P\u00fablico tem por objetivo a aquisi\u00e7\u00e3o de g\u00eaneros aliment\u00edcios diretamente da agricultura familiar e do empreendedor familiar rural ou de suas organiza\u00e7\u00f5es, priorizando-se os assentamentos da reforma agr\u00e1ria, as comunidades tradicionais ind\u00edgenas, as comunidades quilombolas e os grupos formais e informais de mulheres, no m\u00ednimo 30% da verba da alimenta\u00e7\u00e3o escolar com dispensa de licita\u00e7\u00e3o, de acordo com o disposto na Lei no 11.947\/2009 e as resolu\u00e7\u00f5es FNDE\/CD no06\/2020 e Altera\u00e7\u00e3o da Resolu\u00e7\u00e3o\/CD\/FNDE no 20 de 02 de Dezembro de 2020 e Resolu\u00e7\u00e3o CD\/FNDE-PNAE No 21, de 16 de Novembro de 2021, e lei no14660, 23\/08\/2023 para atender os alunos matriculados na Rede Municipal de Educa\u00e7\u00e3o de Niter\u00f3i, conforme especifica\u00e7\u00e3o no item 03 (tr\u00eas) e Anexo III \u2013 Termo de Refer\u00eancia- Cronograma de Entrega de produtos desta Chamada P\u00fablica.<\/span><\/p>\n<\/td>\n<\/tr>\n<tr style=\"height: 60px;\">\n<td style=\"width: 495px; height: 60px; text-align: center;\" colspan=\"2\"><span style=\"color: #003366;\"><a style=\"color: #003366;\" href=\"https:\/\/drive.google.com\/file\/d\/1UpxHTBKAtx3jcO0A1WwYqCFQ26tHrUTP\/view?usp=sharing\">Edital<\/a><\/span><\/td>\n<\/tr>\n<tr>\n<td style=\"text-align: center; width: 495px;\" colspan=\"2\"><span style=\"color: #003366;\"><a style=\"color: #003366;\" href=\"https:\/\/drive.google.com\/file\/d\/1ZYbBgmWa0Js7zCZjvgiT006z9ebFR6ln\/view?usp=sharing\">Publica\u00e7\u00e3o D.O 02-11-2023<\/a><\/span><\/td>\n<\/tr>\n<\/tbody>\n<\/table>\n<p>&nbsp;<\/p>\n<table border=\"1\" cellspacing=\"0\" cellpadding=\"0\" align=\"center\">\n<tbody>\n<tr style=\"height: 60px;\">\n<td style=\"width: 495px; height: 60px;\" colspan=\"2\">\n<p style=\"text-align: center;\"><strong><span style=\"color: #000000;\">PREG\u00c3O PRESENCIAL N\u00b0 01\/2023<\/span><\/strong><\/p>\n<\/td>\n<\/tr>\n<tr style=\"height: 27px;\">\n<td style=\"width: 50px; height: 27px;\"><strong>Org\u00e3o:<\/strong><\/td>\n<td style=\"width: 443px; height: 27px;\"><span style=\"color: #000000;\">Funda\u00e7\u00e3o Municipal de Educa\u00e7\u00e3o de Niter\u00f3i<\/span><\/td>\n<\/tr>\n<tr style=\"height: 169px;\">\n<td style=\"width: 50px; height: 169px;\"><strong>Objeto:<\/strong><\/td>\n<td style=\"width: 643px; height: 169px;\">\n<p style=\"text-align: justify;\"><span style=\"color: #000000;\">OO presente Edital tem como objeto a contrata\u00e7\u00e3o de empresa especializada para a execu\u00e7\u00e3o cont\u00ednua de servi\u00e7os de manunten\u00e7\u00e3o corretiva e preventiva de telhados, coberturas, quadras esportivas e estruturas et\u00e1licas das Unidades Escolares de ensino fundamental e infantil da FME, bem como os pr\u00e9dios administrativos, conforme especifica\u00e7\u00f5es contidas no Termo Refer\u00eancia &#8211; Anexo I; <\/span><\/p>\n<\/td>\n<\/tr>\n<tr style=\"height: 60px;\">\n<td style=\"width: 495px; height: 60px; text-align: center;\" colspan=\"2\"><span style=\"color: #003366;\"><a style=\"color: #003366;\" href=\"https:\/\/drive.google.com\/file\/d\/11AMYNQdN6FDSMISP_ap-1yS1ASIZEcYI\/view?usp=sharing\">Aviso \u2013 Publica\u00e7\u00e3o D.O \u2013 12-09-2023<\/a><\/span><\/td>\n<\/tr>\n<tr style=\"height: 60px;\">\n<td style=\"height: 60px; width: 495px; text-align: center;\" colspan=\"2\"><span style=\"color: #003366;\"><a style=\"color: #003366;\" href=\"https:\/\/drive.google.com\/file\/d\/1K5aIIOHz6Z5-mdOpvv1vVIRBrHSdX6y_\/view?usp=sharing\">Edital<\/a><\/span><\/td>\n<\/tr>\n<tr style=\"height: 60px;\">\n<td style=\"height: 60px; width: 495px; text-align: center;\" colspan=\"2\"><span style=\"color: #003366;\"><a style=\"color: #003366;\" href=\"https:\/\/www.educacao.niteroi.rj.gov.br\/wp-content\/uploads\/2023\/09\/Parecer-juridico.pdf\">Indeferimento<\/a><\/span><\/td>\n<\/tr>\n<tr style=\"height: 60px;\">\n<td style=\"height: 60px; width: 495px; text-align: center;\" colspan=\"2\"><span style=\"color: #003366;\"><a style=\"color: #003366;\" href=\"https:\/\/www.educacao.niteroi.rj.gov.br\/wp-content\/uploads\/2023\/09\/D.O.-telhado-indef.jpeg\">Recurso Indeferido \u2013 Publica\u00e7\u00e3o D.O 23-09-2023<\/a><\/span><\/td>\n<\/tr>\n<tr style=\"height: 60px;\">\n<td style=\"height: 60px; width: 495px; text-align: center;\" colspan=\"2\"><span style=\"color: #003366;\"><a style=\"color: #003366;\" href=\"https:\/\/drive.google.com\/file\/d\/1RrHHo2p--ikrbqCsBt9I4OyZIuWprD75\/view?usp=sharing\">Homologa\u00e7\u00e3o \u2013 Publica\u00e7\u00e3o D.O 27-09-2023<\/a><\/span><\/td>\n<\/tr>\n<\/tbody>\n<\/table>\n<p>&nbsp;<\/p>\n","protected":false},"excerpt":{"rendered":"<p>\u00daltima Atualiza\u00e7\u00e3o: 18\/11\/2025 EDITAL DE CONCORR\u00caNCIA P\u00daBLICA N\u00ba 01\/2023 Org\u00e3o: Funda\u00e7\u00e3o Municipal de Educa\u00e7\u00e3o de Niter\u00f3i Objeto: Contrata\u00e7\u00e3o de servi\u00e7os Especializados para obras de engenharia para reforma total de Unidade Escolar Municipalizada e constru\u00e7\u00e3o de rampas de acessibilidade, quadra poliesportiva coberta e acessos cobertos, sito \u00e0 Travessa Capit\u00e3o Mario Tinoco, s\/n\u00ba, Barreto, Niter\u00f3i, RJ, pertencente [&hellip;]<\/p>\n","protected":false},"author":7,"featured_media":0,"comment_status":"closed","ping_status":"closed","sticky":false,"template":"","format":"standard","meta":{"_et_pb_use_builder":"off","_et_pb_old_content":"","_et_gb_content_width":"","footnotes":""},"categories":[31],"tags":[],"class_list":["post-41934","post","type-post","status-publish","format-standard","hentry","category-licitacoes"],"_links":{"self":[{"href":"https:\/\/www.educacao.niteroi.rj.gov.br\/index.php?rest_route=\/wp\/v2\/posts\/41934","targetHints":{"allow":["GET"]}}],"collection":[{"href":"https:\/\/www.educacao.niteroi.rj.gov.br\/index.php?rest_route=\/wp\/v2\/posts"}],"about":[{"href":"https:\/\/www.educacao.niteroi.rj.gov.br\/index.php?rest_route=\/wp\/v2\/types\/post"}],"author":[{"embeddable":true,"href":"https:\/\/www.educacao.niteroi.rj.gov.br\/index.php?rest_route=\/wp\/v2\/users\/7"}],"replies":[{"embeddable":true,"href":"https:\/\/www.educacao.niteroi.rj.gov.br\/index.php?rest_route=%2Fwp%2Fv2%2Fcomments&post=41934"}],"version-history":[{"count":113,"href":"https:\/\/www.educacao.niteroi.rj.gov.br\/index.php?rest_route=\/wp\/v2\/posts\/41934\/revisions"}],"predecessor-version":[{"id":47225,"href":"https:\/\/www.educacao.niteroi.rj.gov.br\/index.php?rest_route=\/wp\/v2\/posts\/41934\/revisions\/47225"}],"wp:attachment":[{"href":"https:\/\/www.educacao.niteroi.rj.gov.br\/index.php?rest_route=%2Fwp%2Fv2%2Fmedia&parent=41934"}],"wp:term":[{"taxonomy":"category","embeddable":true,"href":"https:\/\/www.educacao.niteroi.rj.gov.br\/index.php?rest_route=%2Fwp%2Fv2%2Fcategories&post=41934"},{"taxonomy":"post_tag","embeddable":true,"href":"https:\/\/www.educacao.niteroi.rj.gov.br\/index.php?rest_route=%2Fwp%2Fv2%2Ftags&post=41934"}],"curies":[{"name":"wp","href":"https:\/\/api.w.org\/{rel}","templated":true}]}}